{"id":12780,"date":"2022-05-26T20:07:45","date_gmt":"2022-05-27T03:07:45","guid":{"rendered":"https:\/\/www.vuosiamaailmalla.fi\/blog\/?p=12780"},"modified":"2022-09-25T18:43:12","modified_gmt":"2022-09-26T01:43:12","slug":"salainen-kavelytie-west-vancouverissa","status":"publish","type":"post","link":"https:\/\/www.vuosiamaailmalla.fi\/blog\/2022\/salainen-kavelytie-west-vancouverissa\/","title":{"rendered":"Salainen k\u00e4velytie West Vancouverissa"},"content":{"rendered":"<p style=\"text-align: justify;\">Vaikka paikallisia uutisia tuleekin seurattua sangen tarkalla silm\u00e4ll\u00e4, j\u00e4\u00e4 joskus\u00a0 silti huomiotta uutisia kiintoisista tapahtumista. V\u00e4h\u00e4n n\u00e4in meille k\u00e4vi West Vancouveriin avautuneen upouuden k\u00e4velytien kanssa, josta kuulimme sattumoisin yst\u00e4v\u00e4pariskunnaltamme, joka oli puolestaan sattunut n\u00e4kem\u00e4\u00e4n sen mainoksen <a title=\"Kenk\u00e4\u00e4 tykk\u00e4\u00e4-napille\" href=\"https:\/\/www.vuosiamaailmalla.fi\/blog\/2011\/kenkaa-tykkaa-napille\/\"><em>Facebookissa<\/em><\/a>. Paikka n\u00e4ytti kuvissa mielenkiintoiselta, joten uusi k\u00e4velytie piti tietenkin k\u00e4yd\u00e4 koetallaamassa.<\/p>\n<p><!--more--><\/p>\n<p style=\"text-align: justify;\">West Vancouver on metropolialueen hiljaisempia kaupunkeja. 44,100 asukkaan kaupunki levitt\u00e4ytyy Cypress Mountainin juurelle sek\u00e4 yl\u00f6s sen rinnett\u00e4, tarjoten monin paikoin upeita maisemia. Alue on erityisen kallis asua ja suurin osa rinteeseen rakennetuista kartanoista hinnoitellaan <a title=\"Kalliin hulppeat huvilat\" href=\"https:\/\/www.vuosiamaailmalla.fi\/blog\/2019\/kalliin-hulppeat-huvilat\/\">kymmenen miljoonan dollarin<\/a> yl\u00e4puolella.<\/p>\n<p style=\"text-align: center;\"><a href=\"\/blog\/wp-content\/uploads\/2022\/west_vancouverin_uusi_asuinalue2.jpg\"><img decoding=\"async\" src=\"\/blog\/wp-content\/uploads\/2022\/thumbs\/thumbs_west_vancouverin_uusi_asuinalue2.jpg\" \/><\/a><a href=\"\/blog\/wp-content\/uploads\/2022\/west_vancouverin_uusi_asuinalue1.jpg\"><img decoding=\"async\" src=\"\/blog\/wp-content\/uploads\/2022\/thumbs\/thumbs_west_vancouverin_uusi_asuinalue1.jpg\" \/><\/a><\/p>\n<p style=\"text-align: center;\"><em>West Vancouverin uusia asuinalueita<\/em><\/p>\n<p style=\"text-align: justify;\">Upeista maisemistaan huolimatta asuinalueet ovat hiljaisia ja ilman varsinaista n\u00e4ht\u00e4v\u00e4\u00e4. Siksi olikin yll\u00e4tt\u00e4v\u00e4\u00e4 lukea, ett\u00e4 rakenteilla olevan Uplandsin asuinalueelle on avautunut kaikessa hiljaisuudessaan kahden kilometrin mittainen k\u00e4velyreitti, joka yhdist\u00e4\u00e4 uuden asuinalueen sen alapuolella rakentuvaan Cypress Villagen uudiskyl\u00e4\u00e4n.<\/p>\n<p style=\"text-align: center;\"><a href=\"\/blog\/wp-content\/uploads\/2022\/west_vancouverin_uusi_asuinalue3.jpg\"><img decoding=\"async\" src=\"\/blog\/wp-content\/uploads\/2022\/west_vancouverin_uusi_asuinalue3.jpg\" \/><\/a><\/p>\n<p style=\"text-align: center;\"><em>Uusia ulkoilureittej\u00e4<\/em><\/p>\n<p style=\"text-align: justify;\">Alue on osa <em>British Pacific Properties<\/em> -yhti\u00f6n valtavaa 2,000 hehtaarin maa-aluetta, jonka kauppa lienee Vancouverin kaikkien aikojen paras maakauppa. Irlantilaisen Guinness-panimon omistajan Walter Guinnessin organisoima ryhmittym\u00e4 osti vuonna 1931 konkurssin partaalla olleelta pienelt\u00e4 taajamalta tuolloin pelkk\u00e4\u00e4 mets\u00e4\u00e4 kasvaneen suuren maa-alueen\u00a0 vaivaisella $75,000 dollarilla. Ajatuksena oli rakentaa vancouverilaiselle ylimyst\u00f6lle asuntoja Burrard Inletin pohjoisrannalta, mik\u00e4 vaati nykyisen <em>Lions Gate Bridgen<\/em> rakentamista yhti\u00f6n rahoilla.<\/p>\n<p style=\"text-align: center;\"><a href=\"\/blog\/wp-content\/uploads\/2022\/british_pacific_properties.jpg\"><img decoding=\"async\" src=\"\/blog\/wp-content\/uploads\/2022\/british_pacific_properties.jpg\" \/><\/a><\/p>\n<p style=\"text-align: center;\"><em>Uusia asuinalueita 1940-luvulla<\/em><\/p>\n<p style=\"text-align: justify;\">Investointi on kuitenkin kannattanut ja vuosikymmenien aikana BPP on rakentanut rinteeseen huikeita asuinalueita sek\u00e4 tuhansia koteja, joiden arvo lasketaan <a title=\"Karannut kanadalainen unelma\" href=\"https:\/\/www.vuosiamaailmalla.fi\/blog\/2015\/karannut-kanadalainen-unelma\/\">nykyisill\u00e4 asuntojen hinnoilla<\/a> muutamissa miljardeissa.<\/p>\n<p style=\"text-align: center;\"><a href=\"\/blog\/wp-content\/uploads\/2022\/uusi_ulkoilureitti_west_vancouverissa1.jpg\"><img decoding=\"async\" src=\"\/blog\/wp-content\/uploads\/2022\/thumbs\/thumbs_uusi_ulkoilureitti_west_vancouverissa1.jpg\" \/><\/a><a href=\"\/blog\/wp-content\/uploads\/2022\/uusi_ulkoilureitti_west_vancouverissa2.jpg\"><img decoding=\"async\" src=\"\/blog\/wp-content\/uploads\/2022\/thumbs\/thumbs_uusi_ulkoilureitti_west_vancouverissa2.jpg\" \/><\/a><a href=\"\/blog\/wp-content\/uploads\/2022\/uusi_ulkoilureitti_west_vancouverissa3.jpg\"><img decoding=\"async\" src=\"\/blog\/wp-content\/uploads\/2022\/thumbs\/thumbs_uusi_ulkoilureitti_west_vancouverissa3.jpg\" \/><\/a><\/p>\n<p style=\"text-align: center;\"><em>Salainen k\u00e4velytie<\/em><\/p>\n<p style=\"text-align: center;\"><a href=\"\/blog\/wp-content\/uploads\/2022\/trestles_on_the_mountain5.jpg\"><img decoding=\"async\" src=\"\/blog\/wp-content\/uploads\/2022\/thumbs\/thumbs_trestles_on_the_mountain5.jpg\" \/><\/a><a href=\"\/blog\/wp-content\/uploads\/2022\/trestles_on_the_mountain6.jpg\"><img decoding=\"async\" src=\"\/blog\/wp-content\/uploads\/2022\/thumbs\/thumbs_trestles_on_the_mountain6.jpg\" \/><\/a><a href=\"\/blog\/wp-content\/uploads\/2022\/cypress_pop-up_village3.jpg\"><img decoding=\"async\" src=\"\/blog\/wp-content\/uploads\/2022\/thumbs\/thumbs_cypress_pop-up_village3.jpg\" \/><\/a><\/p>\n<p style=\"text-align: center;\"><em>Maisema Vancouverin suuntaan<\/em><\/p>\n<p style=\"text-align: justify;\">Onneksi <a title=\"Rikosaalto hienostoalueilla\" href=\"https:\/\/www.vuosiamaailmalla.fi\/blog\/2017\/rikosaalto-hienostoalueilla\/\">arvoalueen kadut<\/a> eiv\u00e4t ole kuitenkaan porttien takana, mik\u00e4 on Kanadassa viel\u00e4 kohtuu harvinaista. Siksi uuden k\u00e4velyreitin kaltaiset julkiset ulkoilutilat ovatkin ilahduttava lahja koko kaupungin asukkaille. Reitin ehdoton erikoisuus on mets\u00e4n keskell\u00e4 kulkeva noin 200 metri\u00e4 pitk\u00e4 puinen silta <em>Trestle Bridge<\/em>, joka on saanut vaikutteita Kelownan vanhoilta puisilta junasilloilta. Silta on valaistu ja joulun aikaan sit\u00e4 koristavat juhlavat jouluvalot.<\/p>\n<p style=\"text-align: center;\"><a href=\"\/blog\/wp-content\/uploads\/2022\/uusi_ulkoilureitti_west_vancouverissa4.jpg\"><img decoding=\"async\" src=\"\/blog\/wp-content\/uploads\/2022\/thumbs\/thumbs_uusi_ulkoilureitti_west_vancouverissa4.jpg\" \/><\/a><a href=\"\/blog\/wp-content\/uploads\/2022\/trestles_on_the_mountain4.jpg\"><img decoding=\"async\" src=\"\/blog\/wp-content\/uploads\/2022\/thumbs\/thumbs_trestles_on_the_mountain4.jpg\" \/><\/a><a href=\"\/blog\/wp-content\/uploads\/2022\/trestles_on_the_mountain3.jpg\"><img decoding=\"async\" src=\"\/blog\/wp-content\/uploads\/2022\/thumbs\/thumbs_trestles_on_the_mountain3.jpg\" \/><\/a><br \/>\n<a href=\"\/blog\/wp-content\/uploads\/2022\/trestles_on_the_mountain2.jpg\"><img decoding=\"async\" src=\"\/blog\/wp-content\/uploads\/2022\/thumbs\/thumbs_trestles_on_the_mountain2.jpg\" \/><\/a><a href=\"\/blog\/wp-content\/uploads\/2022\/trestles_on_the_mountain1.jpg\"><img decoding=\"async\" src=\"\/blog\/wp-content\/uploads\/2022\/thumbs\/thumbs_trestles_on_the_mountain1.jpg\" \/><\/a><\/p>\n<p style=\"text-align: center;\"><em>Uusi puusilta on pieni n\u00e4ht\u00e4vyys<\/em><\/p>\n<p style=\"text-align: justify;\">Reitti onkin mukava pieni reippailu, johon sis\u00e4ltyy noin satametri\u00e4 korkeuseroa. Sen alap\u00e4\u00e4ss\u00e4 sijaitsee <em>Cypress Pop-Up Village<\/em>, joka on asuntoesittelyn ja tilap\u00e4isen ravintolan yhdist\u00e4v\u00e4 pieni tapahtumakeskus. Paikalle tulee my\u00f6hemm\u00e4ss\u00e4 vaiheessa nousemaan noin 7,000 asukkaan Cypress Village, jossa tulee sijaitsemaan kymmenkunta tornitaloa, korkeuksiltaan 15-25 kerrosta. N\u00e4m\u00e4 tulevat n\u00e4ytt\u00e4m\u00e4\u00e4n aavistuksen oudolta vuoren rinteess\u00e4, mutta niist\u00e4 tulee aukeamaan mahdottoman upeat, mutta takuulla kalliit maisemat.<\/p>\n<p style=\"text-align: center;\"><a href=\"\/blog\/wp-content\/uploads\/2022\/tuleva_cypress_village.jpg\"><img decoding=\"async\" src=\"\/blog\/wp-content\/uploads\/2022\/tuleva_cypress_village.jpg\" \/><\/a><\/p>\n<p style=\"text-align: center;\"><em>Tuleva Cypress Village<\/em><\/p>\n<p style=\"text-align: justify;\">Lyhyt iltap\u00e4iv\u00e4k\u00e4velymme olikin sangen kiintoisa ja meist\u00e4 tuntui kuin olisimme l\u00f6yt\u00e4neet uuden salaisen n\u00e4ht\u00e4vyyden. Moni jolle paikasta kerroimme ei ollut siit\u00e4 koskaan kuullutkaan, joten k\u00e4velytien avautuminen puolisen vuotta sitten on mennyt monilta ohitse. Paikkaa voi silti suositella l\u00e4mm\u00f6ll\u00e4 ja pop-up kyl\u00e4n pizzeria oli kerrassaan erinomainen.<\/p>\n<p style=\"text-align: center;\"><a href=\"\/blog\/wp-content\/uploads\/2022\/cypress_pop-up_village1.jpg\"><img decoding=\"async\" src=\"\/blog\/wp-content\/uploads\/2022\/thumbs\/thumbs_cypress_pop-up_village1.jpg\" \/><\/a><a href=\"\/blog\/wp-content\/uploads\/2022\/cypress_pop-up_village2.jpg\"><img decoding=\"async\" src=\"\/blog\/wp-content\/uploads\/2022\/thumbs\/thumbs_cypress_pop-up_village2.jpg\" \/><\/a><\/p>\n<p style=\"text-align: center;\"><em>Pop-Up Villagen vilin\u00e4\u00e4<\/em><\/p>\n<p style=\"text-align: center;\"><a href=\"\/blog\/wp-content\/uploads\/2022\/cypress_pop-up_village_panoraama.jpg\"><img decoding=\"async\" src=\"\/blog\/wp-content\/uploads\/2022\/cypress_pop-up_village_panoraama_pieni.jpg\" \/><\/a><\/p>\n<p style=\"text-align: center;\"><em>Letke\u00e4 paikka viett\u00e4\u00e4 iltap\u00e4iv\u00e4\u00e4<\/em><\/p>\n","protected":false},"excerpt":{"rendered":"<p>Vaikka paikallisia uutisia tuleekin seurattua sangen tarkalla silm\u00e4ll\u00e4, j\u00e4\u00e4 joskus\u00a0 silti huomiotta uutisia kiintoisista tapahtumista. V\u00e4h\u00e4n n\u00e4in meille k\u00e4vi West Vancouveriin avautuneen upouuden k\u00e4velytien kanssa, josta kuulimme sattumoisin yst\u00e4v\u00e4pariskunnaltamme, joka oli puolestaan sattunut n\u00e4kem\u00e4\u00e4n sen mainoksen Facebookissa. Paikka n\u00e4ytti kuvissa mielenkiintoiselta, joten uusi k\u00e4velytie piti tietenkin k\u00e4yd\u00e4 koetallaamassa.<\/p>\n","protected":false},"author":1,"featured_media":12781,"comment_status":"open","ping_status":"closed","sticky":false,"template":"","format":"standard","meta":{"_jetpack_memberships_contains_paid_content":false,"footnotes":""},"categories":[17,3,777,774],"tags":[34,1726,933,1725,139,935,1727,943],"class_list":["post-12780","post","type-post","status-publish","format-standard","has-post-thumbnail","hentry","category-arki-kanadassa","category-arki-ulkomailla","category-kavely","category-ulkoilu","tag-arki","tag-british-pacific-properties","tag-cypress-mountain","tag-cypress-village","tag-historiaa-2","tag-kanada","tag-trestle-bridge","tag-west-vancouver"],"jetpack_featured_media_url":"https:\/\/www.vuosiamaailmalla.fi\/blog\/wp-content\/uploads\/trestles_on_the_mountain_banner.jpg","jetpack_sharing_enabled":true,"_links":{"self":[{"href":"https:\/\/www.vuosiamaailmalla.fi\/blog\/wp-json\/wp\/v2\/posts\/12780","targetHints":{"allow":["GET"]}}],"collection":[{"href":"https:\/\/www.vuosiamaailmalla.fi\/blog\/wp-json\/wp\/v2\/posts"}],"about":[{"href":"https:\/\/www.vuosiamaailmalla.fi\/blog\/wp-json\/wp\/v2\/types\/post"}],"author":[{"embeddable":true,"href":"https:\/\/www.vuosiamaailmalla.fi\/blog\/wp-json\/wp\/v2\/users\/1"}],"replies":[{"embeddable":true,"href":"https:\/\/www.vuosiamaailmalla.fi\/blog\/wp-json\/wp\/v2\/comments?post=12780"}],"version-history":[{"count":3,"href":"https:\/\/www.vuosiamaailmalla.fi\/blog\/wp-json\/wp\/v2\/posts\/12780\/revisions"}],"predecessor-version":[{"id":12853,"href":"https:\/\/www.vuosiamaailmalla.fi\/blog\/wp-json\/wp\/v2\/posts\/12780\/revisions\/12853"}],"wp:featuredmedia":[{"embeddable":true,"href":"https:\/\/www.vuosiamaailmalla.fi\/blog\/wp-json\/wp\/v2\/media\/12781"}],"wp:attachment":[{"href":"https:\/\/www.vuosiamaailmalla.fi\/blog\/wp-json\/wp\/v2\/media?parent=12780"}],"wp:term":[{"taxonomy":"category","embeddable":true,"href":"https:\/\/www.vuosiamaailmalla.fi\/blog\/wp-json\/wp\/v2\/categories?post=12780"},{"taxonomy":"post_tag","embeddable":true,"href":"https:\/\/www.vuosiamaailmalla.fi\/blog\/wp-json\/wp\/v2\/tags?post=12780"}],"curies":[{"name":"wp","href":"https:\/\/api.w.org\/{rel}","templated":true}]}}