{"id":12784,"date":"2022-06-14T15:00:11","date_gmt":"2022-06-14T22:00:11","guid":{"rendered":"https:\/\/www.vuosiamaailmalla.fi\/blog\/?p=12784"},"modified":"2026-01-19T23:05:22","modified_gmt":"2026-01-20T07:05:22","slug":"892-paivaa-poissa-suomesta","status":"publish","type":"post","link":"https:\/\/www.vuosiamaailmalla.fi\/blog\/2022\/892-paivaa-poissa-suomesta\/","title":{"rendered":"892 p\u00e4iv\u00e4\u00e4 poissa Suomesta"},"content":{"rendered":"<p style=\"text-align: justify;\">Huomenna tulee noustua lentokoneeseen ensimm\u00e4ist\u00e4 kertaa <a title=\"T\u00e4ydellinen lasketteluloma Coloradossa\" href=\"https:\/\/www.vuosiamaailmalla.fi\/blog\/2020\/taydellinen-lasketteluloma-coloradossa\/\">yli kahteen vuoteen<\/a>, suunnatessamme odotetulle kes\u00e4lomamatkalle Suomeen! Viel\u00e4 lent\u00e4mist\u00e4kin pidempi aika on kulunut edellisest\u00e4 kerrastamme Suomen kamaralla tammikuussa 2020, mist\u00e4 on kulunut tarkalleen 892 p\u00e4iv\u00e4\u00e4.<\/p>\n<p><!--more--><\/p>\n<p style=\"text-align: justify;\">Tuona aikana koko maailma on ehtinyt muuttua, sill\u00e4 edellinen kertamme Suomessa oli <a title=\"Joululoma nostalgisissa merkeiss\u00e4\" href=\"https:\/\/www.vuosiamaailmalla.fi\/blog\/2020\/joululoma-nostalgisissa-merkeissa\/\">joululomalla<\/a> juuri ennen koronaepidemiaa. Onkin uskomatonta, ett\u00e4 olen tuon j\u00e4lkeen ehtinyt olla uudessa ty\u00f6ss\u00e4 kahden vuoden ajan ja meill\u00e4 on my\u00f6s 10-kuukautinen vauva! <a title=\"Uuden el\u00e4m\u00e4n alku\" href=\"https:\/\/www.vuosiamaailmalla.fi\/blog\/2021\/uuden-elaman-alku\/\">Tytt\u00e4remme syntym\u00e4<\/a> on ollut valtava muutos el\u00e4m\u00e4\u00e4mme, mink\u00e4 vuoksi lentomatkailemaan ei ole kaivannutkaan. <a title=\"Ty\u00f6matka aavikolle\" href=\"https:\/\/www.vuosiamaailmalla.fi\/blog\/2022\/tyomatka-aavikolle\/\">Muutama ty\u00f6matkakin<\/a> on tullut j\u00e4tetty\u00e4 v\u00e4liin ihan vain siksi, ett\u00e4 kotona on ollut niin mukava olla.<\/p>\n<p style=\"text-align: justify;\">Tulevaa matkaamme v\u00e4ritt\u00e4\u00e4 pieni j\u00e4nnitys siit\u00e4, miten helposti pitk\u00e4 lentomatka sujuu pienelt\u00e4 matkustajalta. Olemme varanneet suorimmat lennot Islannin kautta ja Helsingist\u00e4 matkaamme junalla Joensuuhun. Olemmekin perill\u00e4 aivan juhannuksen alla ja edess\u00e4 on per\u00e4ti <strong>viiden ja puolen viikon<\/strong> loma, Niinan ollessa viel\u00e4 <a title=\"\u00c4itiysvapaan korkea hinta\" href=\"https:\/\/www.vuosiamaailmalla.fi\/blog\/2026\/vanhempainvapaan-loppu\/\">\u00e4itiysvapaalla<\/a> ja minun pantattua vanhempainvapaatani aina t\u00e4nne saakka.<\/p>\n<p style=\"text-align: justify;\">Tiedossa on ainakin runsaasti kes\u00e4m\u00f6kkeily\u00e4 sek\u00e4 yst\u00e4vien ja sukulaisten n\u00e4kemist\u00e4 t\u00e4m\u00e4n pitk\u00e4n ajan j\u00e4lkeen. Isovanhemmat n\u00e4imme onneksi <a title=\"Isovanhemmat vierailulla\" href=\"https:\/\/www.vuosiamaailmalla.fi\/blog\/2021\/isovanhemmat-vierailulla\/\">viime vuoden viisitill\u00e4<\/a>, mutta tulevaa reissua on silti odotettu ja toivottavasti <a title=\"Kes\u00e4matkailua Suomessa\" href=\"https:\/\/www.vuosiamaailmalla.fi\/blog\/2018\/kesamatkailua-suomessa\/\">Suomen kes\u00e4kelit<\/a> eiv\u00e4t pet\u00e4.<\/p>\n<p style=\"text-align: justify;\">Blogin puolella poikkeuksellisen pitk\u00e4 loma tarkoittanee <a title=\"Pitk\u00e4ll\u00e4 kes\u00e4lomalla Suomessa\" href=\"https:\/\/www.vuosiamaailmalla.fi\/blog\/2022\/pitkalla-kesalomalla-suomessa\/\">pidemp\u00e4\u00e4 kirjoitustaukoa<\/a> ja <a title=\"Kes\u00e4ist\u00e4 lentely\u00e4 kotiseudun taivaalla\" href=\"https:\/\/www.vuosiamaailmalla.fi\/blog\/2022\/kesaista-lentelya-kotiseudun-taivaalla\/\">seuraavat kirjoitukset<\/a> saattavat ilmesty\u00e4 vasta hein\u00e4kuun lopussa. Jos n\u00e4in k\u00e4y, toivotan jo n\u00e4in hyviss\u00e4 ajoin lukijoilleni hyv\u00e4\u00e4 juhannusta ja kaunista kes\u00e4\u00e4!<\/p>\n","protected":false},"excerpt":{"rendered":"<p>Huomenna tulee noustua lentokoneeseen ensimm\u00e4ist\u00e4 kertaa yli kahteen vuoteen, suunnatessamme odotetulle kes\u00e4lomamatkalle Suomeen! Viel\u00e4 lent\u00e4mist\u00e4kin pidempi aika on kulunut edellisest\u00e4 kerrastamme Suomen kamaralla tammikuussa 2020, mist\u00e4 on kulunut tarkalleen 892 p\u00e4iv\u00e4\u00e4.<\/p>\n","protected":false},"author":1,"featured_media":0,"comment_status":"open","ping_status":"closed","sticky":false,"template":"","format":"standard","meta":{"_jetpack_memberships_contains_paid_content":false,"footnotes":""},"categories":[7,885],"tags":[25,159,198],"class_list":["post-12784","post","type-post","status-publish","format-standard","hentry","category-matkakertomukset","category-suomi","tag-ajankohtaista","tag-kesa","tag-suomi"],"jetpack_featured_media_url":"","jetpack_sharing_enabled":true,"_links":{"self":[{"href":"https:\/\/www.vuosiamaailmalla.fi\/blog\/wp-json\/wp\/v2\/posts\/12784","targetHints":{"allow":["GET"]}}],"collection":[{"href":"https:\/\/www.vuosiamaailmalla.fi\/blog\/wp-json\/wp\/v2\/posts"}],"about":[{"href":"https:\/\/www.vuosiamaailmalla.fi\/blog\/wp-json\/wp\/v2\/types\/post"}],"author":[{"embeddable":true,"href":"https:\/\/www.vuosiamaailmalla.fi\/blog\/wp-json\/wp\/v2\/users\/1"}],"replies":[{"embeddable":true,"href":"https:\/\/www.vuosiamaailmalla.fi\/blog\/wp-json\/wp\/v2\/comments?post=12784"}],"version-history":[{"count":7,"href":"https:\/\/www.vuosiamaailmalla.fi\/blog\/wp-json\/wp\/v2\/posts\/12784\/revisions"}],"predecessor-version":[{"id":14224,"href":"https:\/\/www.vuosiamaailmalla.fi\/blog\/wp-json\/wp\/v2\/posts\/12784\/revisions\/14224"}],"wp:attachment":[{"href":"https:\/\/www.vuosiamaailmalla.fi\/blog\/wp-json\/wp\/v2\/media?parent=12784"}],"wp:term":[{"taxonomy":"category","embeddable":true,"href":"https:\/\/www.vuosiamaailmalla.fi\/blog\/wp-json\/wp\/v2\/categories?post=12784"},{"taxonomy":"post_tag","embeddable":true,"href":"https:\/\/www.vuosiamaailmalla.fi\/blog\/wp-json\/wp\/v2\/tags?post=12784"}],"curies":[{"name":"wp","href":"https:\/\/api.w.org\/{rel}","templated":true}]}}