{"id":12792,"date":"2022-08-07T16:56:39","date_gmt":"2022-08-07T23:56:39","guid":{"rendered":"https:\/\/www.vuosiamaailmalla.fi\/blog\/?p=12792"},"modified":"2024-08-18T14:33:07","modified_gmt":"2024-08-18T21:33:07","slug":"kanadan-tyollisyystilanne-2022","status":"publish","type":"post","link":"https:\/\/www.vuosiamaailmalla.fi\/blog\/2022\/kanadan-tyollisyystilanne-2022\/","title":{"rendered":"Kanadan ty\u00f6llisyystilanne (2022)"},"content":{"rendered":"<p style=\"text-align: justify;\">Kauniin kes\u00e4kelin keskell\u00e4 harva kanadalainen jaksaa mietti\u00e4 talousasioita. <a title=\"Kanadan ty\u00f6llisyystilanne (2021)\" href=\"https:\/\/www.vuosiamaailmalla.fi\/blog\/2021\/kanadan-tyollisyystilanne-2021\/\">Viime vuoteen<\/a> verrattuna Kanadan taloudessa on kuitenkin n\u00e4hty melkoisia yl\u00e4- ja alam\u00e4ki\u00e4, joista osa on heijastellut maailmanlaajuisia trendej\u00e4. Hyviin uutisiin kuuluu silti maan historiallisen alhainen ty\u00f6tt\u00f6myysprosentti, joka oli hein\u00e4kuussa 4.9%.<\/p>\n<p><!--more--><\/p>\n<p style=\"text-align: justify;\"><em>\ud83d\udca1 Lue viimeisin kirjoitus Kanadan ty\u00f6llisyystilanteesta <a href=\"https:\/\/www.vuosiamaailmalla.fi\/blog\/tag\/tyottomyys\/\">t\u00e4\u00e4ll\u00e4<\/a>.<\/em><\/p>\n<p style=\"text-align: justify;\">Lukeman takaa l\u00f6ytyy kuitenkin edelleen miljoona ty\u00f6t\u00f6nt\u00e4 ty\u00f6nhakijaa sek\u00e4 426 000 kanadalaista, jotka eiv\u00e4t t\u00e4ll\u00e4 hetkell\u00e4 hae aktiivisesti t\u00f6it\u00e4. Vaikka ty\u00f6tt\u00f6myysprosentti onkin enn\u00e4tysalhainen, on maassa silti avoimena hieman yli miljoona ty\u00f6paikkaa. Erityisen paljon paikkoja on avoimena terveysalalla, jossa ty\u00f6ss\u00e4 jaksaminen sek\u00e4 alhainen palkkataso ovat olleet viime kuukausina tapetilla.<\/p>\n<p style=\"text-align: center;\"><a href=\"\/blog\/wp-content\/uploads\/2022\/tyollisyystilanne_2022_2.jpg\"><img decoding=\"async\" src=\"\/blog\/wp-content\/uploads\/2022\/tyollisyystilanne_2022_2.jpg\" \/><\/a><\/p>\n<p style=\"text-align: center;\"><em>Ty\u00f6tt\u00f6myysprosentti on tullut alas vauhdilla<\/em><\/p>\n<p style=\"text-align: justify;\">T\u00f6it\u00e4 siis l\u00f6ytyy paperilla, mutta useiden avoimien ty\u00f6paikkojen kohdalla on paha kohtaamisongelma, sill\u00e4 paikoista maksettu palkka ei riit\u00e4 el\u00e4miseen monilla kaupunkialueilla. Tilannetta pahentaa my\u00f6s entisest\u00e4\u00e4n <a title=\"Kanadan ty\u00f6llisyystilanne (2023)\" href=\"https:\/\/www.vuosiamaailmalla.fi\/blog\/2023\/kanadan-tyollisyystilanne-2023\/\">voimakkaana riehuva inflaatio<\/a>, joka oli kes\u00e4kuussa per\u00e4ti 8,1% viime vuoteen verrattuna.<\/p>\n<p style=\"text-align: justify;\">Kanadan paras ty\u00f6llisyystilanne on t\u00e4ll\u00e4 hetkell\u00e4 Keski-Kanadan Manitobassa, jossa ty\u00f6tt\u00f6m\u00e4n\u00e4 on ainoastaan 3,5% ty\u00f6voimasta. Meill\u00e4 t\u00e4\u00e4ll\u00e4 British Columbiassa ollaan 4,7% lukemassa, joka sekin on erinomainen, vaikka viime kuussa ty\u00f6llisyys hieman heikentyikin muutamilla aloilla. Yhteens\u00e4 ty\u00f6paikkoja on maanlaajuisesti kuitenkin noin 357 000 enemm\u00e4n kuin juuri <a title=\"Huoli koronaviruksesta\" href=\"https:\/\/www.vuosiamaailmalla.fi\/blog\/2020\/huolta-koronaviruksen-kanssa\/\">ennen koronapandemiaa<\/a>, monen alan palattua pandemiaa edelt\u00e4neelle tasolle ja sen ylikin.<\/p>\n<p style=\"text-align: center;\"><a href=\"\/blog\/wp-content\/uploads\/2022\/tyollisyystilanne_2022_1.jpg\"><img decoding=\"async\" src=\"\/blog\/wp-content\/uploads\/2022\/tyollisyystilanne_2022_1.jpg\" \/><\/a><\/p>\n<p style=\"text-align: center;\"><em>Ty\u00f6paikkoja on nyt auki enn\u00e4tysm\u00e4\u00e4r\u00e4<\/em><\/p>\n<p style=\"text-align: justify;\">Horisontissa siint\u00e4\u00e4 silti myrskypilvi\u00e4 ja paikoin vett\u00e4 my\u00f6s ripotteleekin. Merkitt\u00e4v\u00e4 tekij\u00e4 on korkea inflaatio, joka on tehnyt rahan lainaamisesta nopeassa tahdissa todella kallista. Kun viel\u00e4 koronan alussa inflaatio oli jopa negatiivinen, oli se viime kes\u00e4n\u00e4 jo nelj\u00e4 prosenttia ja nyt siis per\u00e4ti 8,1%. Kanadan keskuspankki onkin tehnyt ripeit\u00e4 toimia ja nostanut ohjauskorkoaan maaliskuun alusta l\u00e4htien yhteens\u00e4 nelj\u00e4 kertaa, tuoden koron 0,25% lukemasta t\u00e4m\u00e4n hetkiseen 2,5%:een. Ohjauskorko on siis kymmenkertaistunut ja todellinen lainakorko pankeista on viel\u00e4 t\u00e4t\u00e4 tuplasti suurempi, yli viisi prosenttia.<\/p>\n<p style=\"text-align: center;\"><a href=\"\/blog\/wp-content\/uploads\/2022\/nouseva_viitekorko.jpg\"><img decoding=\"async\" src=\"\/blog\/wp-content\/uploads\/2022\/nouseva_viitekorko.jpg\" \/><\/a><\/p>\n<p style=\"text-align: center;\"><em>Inflaatio ja nousevat korot ovat suuri huolenaihe<\/em><\/p>\n<p style=\"text-align: justify;\">Korkojen nousu onkin monelle kimurantti asia, sill\u00e4 kanadalaiset asuntolainat joutuu yleens\u00e4 kilpailuttamaan noin joka viides vuosi. N\u00e4in ollen monelle asunnonomistajalle voi olla tiedossa vaikeuksia velanhoidon kanssa ja asuntojen myyntim\u00e4\u00e4r\u00e4t ovatkin romahtaneet vuoden takaisesta. Silti <a title=\"Karannut kanadalainen unelma\" href=\"https:\/\/www.vuosiamaailmalla.fi\/blog\/2015\/karannut-kanadalainen-unelma\/\">asuntojen hinnoissa<\/a> on n\u00e4hty ainoastaan hienoista laskua, hintojen ollessa edelleen huomattavasti edellisvuotta korkeammalla.<\/p>\n<p style=\"text-align: justify;\">Tilanne onkin siis poikkeuksellinen ja talouden tasapainottumisessa voi menn\u00e4 pitk\u00e4\u00e4n. Asuntomarkkinat ovat Kanadassa niin <a title=\"Lougheedin projektip\u00e4ivitys (2022)\" href=\"https:\/\/www.vuosiamaailmalla.fi\/blog\/2022\/lougheedin-projektipaivitys-2022\/\">suuressa asemassa<\/a>, ett\u00e4 niiden heilahteluilla tai hintojen laskemisella on nopeasti huomattava vaikutus ty\u00f6llisyyteen. Siksi liberaalihallitus onkin nostanut <a title=\"Kanada lis\u00e4\u00e4 maahanmuuttoa\" href=\"https:\/\/www.vuosiamaailmalla.fi\/blog\/2016\/kanada-lisaa-maahanmuuttoa\/\">maahanmuuttolukemat enn\u00e4tystasolle<\/a>, jotta jatkuva kysynt\u00e4 pit\u00e4isi korttitalon pystyss\u00e4. Kanadan tavoite t\u00e4lle vuodelle on per\u00e4ti 430 000 maahanmuuttajaa, mutta maan hakemusjonossa on yli 2,4 miljoonaa hakemusta. Ei siis ihme, ett\u00e4 v\u00e4est\u00f6 <a title=\"Voimakkaasti kasvava v\u00e4est\u00f6\" href=\"https:\/\/www.vuosiamaailmalla.fi\/blog\/2022\/voimakkaasti-kasvava-vaesto\/\">kasvaa nopeasti<\/a> ja ruuhkaisuus kaupungeissa <a title=\"Siet\u00e4m\u00e4tt\u00f6m\u00e4n ruuhkainen metropoli\" href=\"https:\/\/www.vuosiamaailmalla.fi\/blog\/2015\/sietamattoman-ruuhkainen-metropoli\/\">pahenee jatkuvasti<\/a>.<\/p>\n<p style=\"text-align: center;\"><a href=\"\/blog\/wp-content\/uploads\/2022\/maahanmuuttohakemusten_tulva.jpg\"><img decoding=\"async\" src=\"\/blog\/wp-content\/uploads\/2022\/maahanmuuttohakemusten_tulva.jpg\" \/><\/a><\/p>\n<p style=\"text-align: center;\"><em>Maahanmuuttom\u00e4\u00e4r\u00e4t ovat huikeita<\/em><\/p>\n<p style=\"text-align: justify;\">Korkojen nousu aiheuttaa ongelmia asuntovelallisten lis\u00e4ksi my\u00f6s yrityksille ja Pohjois-Amerikassa onkin n\u00e4hty viime kuukausina poikkeuksellinen m\u00e4\u00e4r\u00e4 v\u00e4hennyksi\u00e4, jopa yleens\u00e4 vakaasti porskuttavalla IT-alalla. V\u00e4hennykset eiv\u00e4t ole iskeneet viel\u00e4 voimalla Vancouveriin, joka on Kanadan ohjelmistokehityksen keskus. Kaupungissa on kuitenkin runsaasti startup-yrityksi\u00e4, joilla on ollut viime aikoina vaikeuksia saada rahoitusta toiminnalleen, joten tiedossa voi olla t\u00e4\u00e4ll\u00e4kin <a title=\"Kanadan ty\u00f6llisyystilanne (2023)\" href=\"https:\/\/www.vuosiamaailmalla.fi\/blog\/2023\/kanadan-tyollisyystilanne-2023\/\">kiintoisia aikoja<\/a>.<\/p>\n<p style=\"text-align: justify;\">Eri provinssien ty\u00f6tt\u00f6myyslukemat (suluissa vuoden takainen):<\/p>\n<p style=\"text-align: justify;\"><span style=\"color: #008000;\">\u2014 Kanada 4.9 % (7.1)<\/span><br \/>\n<span style=\"color: #008000;\">\u2014 Newfoundland and Labrador 10.2% (12.1)<\/span><br \/>\n<span style=\"color: #008000;\">\u2014 Prince Edward Island 5.7% (10.6)<\/span><br \/>\n<span style=\"color: #008000;\">\u2014 Nova Scotia 5.9% (7.8)<\/span><br \/>\n<span style=\"color: #008000;\">\u2014 New Brunswick 7.1% (9.3)<\/span><br \/>\n<span style=\"color: #008000;\">\u2014 Quebec 4.1% (5.8)<\/span><br \/>\n<span style=\"color: #008000;\">\u2014 Ontario 5.3% (7.6)<\/span><br \/>\n<span style=\"color: #008000;\">\u2014 Manitoba 3.5% (5.7)<\/span><br \/>\n<span style=\"color: #008000;\">\u2014 Saskatchewan 4.0% (7.0)<\/span><br \/>\n<span style=\"color: #008000;\">\u2014 Alberta 4.8% (7.9)<\/span><br \/>\n<span style=\"color: #008000;\">\u2014 British Columbia 4.7% (6.2)<\/span><\/p>\n","protected":false},"excerpt":{"rendered":"<p>Kauniin kes\u00e4kelin keskell\u00e4 harva kanadalainen jaksaa mietti\u00e4 talousasioita. Viime vuoteen verrattuna Kanadan taloudessa on kuitenkin n\u00e4hty melkoisia yl\u00e4- ja alam\u00e4ki\u00e4, joista osa on heijastellut maailmanlaajuisia trendej\u00e4. Hyviin uutisiin kuuluu silti maan historiallisen alhainen ty\u00f6tt\u00f6myysprosentti, joka oli hein\u00e4kuussa 4.9%.<\/p>\n","protected":false},"author":1,"featured_media":12796,"comment_status":"open","ping_status":"closed","sticky":false,"template":"","format":"standard","meta":{"_jetpack_memberships_contains_paid_content":false,"footnotes":""},"categories":[17,3,13],"tags":[25,1728,935,491,207,965],"class_list":["post-12792","post","type-post","status-publish","format-standard","has-post-thumbnail","hentry","category-arki-kanadassa","category-arki-ulkomailla","category-tyoskentely-kanadassa","tag-ajankohtaista","tag-inflaatio","tag-kanada","tag-talous","tag-tyo","tag-tyottomyys"],"jetpack_featured_media_url":"https:\/\/www.vuosiamaailmalla.fi\/blog\/wp-content\/uploads\/tyollisyystilanne_2022_banner.jpg","jetpack_sharing_enabled":true,"_links":{"self":[{"href":"https:\/\/www.vuosiamaailmalla.fi\/blog\/wp-json\/wp\/v2\/posts\/12792","targetHints":{"allow":["GET"]}}],"collection":[{"href":"https:\/\/www.vuosiamaailmalla.fi\/blog\/wp-json\/wp\/v2\/posts"}],"about":[{"href":"https:\/\/www.vuosiamaailmalla.fi\/blog\/wp-json\/wp\/v2\/types\/post"}],"author":[{"embeddable":true,"href":"https:\/\/www.vuosiamaailmalla.fi\/blog\/wp-json\/wp\/v2\/users\/1"}],"replies":[{"embeddable":true,"href":"https:\/\/www.vuosiamaailmalla.fi\/blog\/wp-json\/wp\/v2\/comments?post=12792"}],"version-history":[{"count":6,"href":"https:\/\/www.vuosiamaailmalla.fi\/blog\/wp-json\/wp\/v2\/posts\/12792\/revisions"}],"predecessor-version":[{"id":13735,"href":"https:\/\/www.vuosiamaailmalla.fi\/blog\/wp-json\/wp\/v2\/posts\/12792\/revisions\/13735"}],"wp:featuredmedia":[{"embeddable":true,"href":"https:\/\/www.vuosiamaailmalla.fi\/blog\/wp-json\/wp\/v2\/media\/12796"}],"wp:attachment":[{"href":"https:\/\/www.vuosiamaailmalla.fi\/blog\/wp-json\/wp\/v2\/media?parent=12792"}],"wp:term":[{"taxonomy":"category","embeddable":true,"href":"https:\/\/www.vuosiamaailmalla.fi\/blog\/wp-json\/wp\/v2\/categories?post=12792"},{"taxonomy":"post_tag","embeddable":true,"href":"https:\/\/www.vuosiamaailmalla.fi\/blog\/wp-json\/wp\/v2\/tags?post=12792"}],"curies":[{"name":"wp","href":"https:\/\/api.w.org\/{rel}","templated":true}]}}