{"id":12801,"date":"2022-08-21T12:23:07","date_gmt":"2022-08-21T19:23:07","guid":{"rendered":"https:\/\/www.vuosiamaailmalla.fi\/blog\/?p=12801"},"modified":"2025-10-04T15:06:58","modified_gmt":"2025-10-04T22:06:58","slug":"kesaisia-seikkailuja","status":"publish","type":"post","link":"https:\/\/www.vuosiamaailmalla.fi\/blog\/2022\/kesaisia-seikkailuja\/","title":{"rendered":"Kes\u00e4isi\u00e4 seikkailuja"},"content":{"rendered":"<p style=\"text-align: justify;\">Kes\u00e4 on Vancouverissa parhaimmillaan ja kuluva kes\u00e4 onkin ollut keleilt\u00e4\u00e4n huomattavasti paria viime kes\u00e4\u00e4 parempi. Vaikka +30 asteen ylitt\u00e4vi\u00e4 l\u00e4mp\u00f6tiloja onkin ollut niin hein\u00e4- kuin elokuussakin useina p\u00e4ivin\u00e4, ei t\u00e4n\u00e4 kes\u00e4n\u00e4 ole koettu <a title=\"Kaikkien aikojen enn\u00e4tyshelle\" href=\"https:\/\/www.vuosiamaailmalla.fi\/blog\/2021\/kaikkien-aikojen-ennatyshelle\/\">historiallisia helleaaltoja<\/a>. My\u00f6s sadetta on saatu pieni\u00e4 ripauksia niin, ett\u00e4 mets\u00e4palotilanne ei ainakaan t\u00e4ll\u00e4 hetkell\u00e4 ole l\u00e4hellek\u00e4\u00e4n edellisvuosien <a title=\"Maailman huonoin ilmanlaatu\" href=\"https:\/\/www.vuosiamaailmalla.fi\/blog\/2020\/maailman-huonoin-ilmanlaatu\/\">savuisia loppukesi\u00e4<\/a>.<\/p>\n<p><!--more--><\/p>\n<p style=\"text-align: justify;\">Menossa on my\u00f6skin ensimm\u00e4inen perhekes\u00e4mme ja olemmekin k\u00e4yneet <a title=\"Uuden el\u00e4m\u00e4n alku\" href=\"https:\/\/www.vuosiamaailmalla.fi\/blog\/2021\/uuden-elaman-alku\/\">pienen tytt\u00e4remme<\/a> kanssa tekem\u00e4ss\u00e4 kes\u00e4isi\u00e4 seikkailuita niin l\u00e4hiseudun leikkipuistoissa, kuin hieman kauempanakin. Etenkin <a title=\"Hauskan l\u00e4mpim\u00e4t kes\u00e4p\u00e4iv\u00e4t\" href=\"https:\/\/www.vuosiamaailmalla.fi\/blog\/2025\/hauskan-lampimat-kesapaivat\/\">vesipuistojen vesisuihkut<\/a> ovat jaksaneet naurattaa ja liukum\u00e4iss\u00e4 sek\u00e4 keinuissa onkin otettu mit\u00e4 hurjimpia vauhteja.<\/p>\n<p style=\"text-align: center;\"><a href=\"\/blog\/wp-content\/uploads\/2022\/hauskaa_leikkikentalla1.jpg\"><img decoding=\"async\" src=\"\/blog\/wp-content\/uploads\/2022\/thumbs\/thumbs_hauskaa_leikkikentalla1.jpg\" \/><\/a><a href=\"\/blog\/wp-content\/uploads\/2022\/hauskaa_leikkikentalla2.jpg\"><img decoding=\"async\" src=\"\/blog\/wp-content\/uploads\/2022\/thumbs\/thumbs_hauskaa_leikkikentalla2.jpg\" \/><\/a><a href=\"\/blog\/wp-content\/uploads\/2022\/hauskaa_leikkikentalla3.jpg\"><img decoding=\"async\" src=\"\/blog\/wp-content\/uploads\/2022\/thumbs\/thumbs_hauskaa_leikkikentalla3.jpg\" \/><\/a><\/p>\n<p style=\"text-align: center;\"><em>Hauskaa leikkikentill\u00e4<\/em><\/p>\n<p style=\"text-align: center;\"><a href=\"\/blog\/wp-content\/uploads\/2022\/hauskaa_vesipuistossa1.jpg\"><img decoding=\"async\" src=\"\/blog\/wp-content\/uploads\/2022\/thumbs\/thumbs_hauskaa_vesipuistossa1.jpg\" \/><\/a><a href=\"\/blog\/wp-content\/uploads\/2022\/hauskaa_vesipuistossa2.jpg\"><img decoding=\"async\" src=\"\/blog\/wp-content\/uploads\/2022\/thumbs\/thumbs_hauskaa_vesipuistossa2.jpg\" \/><\/a><\/p>\n<p style=\"text-align: center;\"><em>Vesipuistot jaksavat naurattaa<\/em><\/p>\n<p style=\"text-align: justify;\">Viime viikonloppuna ajoimme my\u00f6s pitk\u00e4st\u00e4 aikaa Squamishiin, jossa ei ole tullut k\u00e4yty\u00e4 <a title=\"Talvip\u00e4iv\u00e4 Squamishissa\" href=\"https:\/\/www.vuosiamaailmalla.fi\/blog\/2020\/talvipaiva-squamishissa\/\">muutamaan vuoteen<\/a>. Siell\u00e4 k\u00e4vimme kokeilemassa loistavia arvioita saaneen aamupalapaikan, joka sijaitsee kauniilla paikalla kirkasvetisen joen rannalla. Paikalla oli sunnuntaiaamusta runsaasti v\u00e4ke\u00e4, mutta brunssi oli pitk\u00e4n odotuksen arvoinen.<\/p>\n<p style=\"text-align: center;\"><a href=\"\/blog\/wp-content\/uploads\/2022\/fergies_cafe1.jpg\"><img decoding=\"async\" src=\"\/blog\/wp-content\/uploads\/2022\/thumbs\/thumbs_fergies_cafe1.jpg\" \/><\/a><a href=\"\/blog\/wp-content\/uploads\/2022\/fergies_cafe2.jpg\"><img decoding=\"async\" src=\"\/blog\/wp-content\/uploads\/2022\/thumbs\/thumbs_fergies_cafe2.jpg\" \/><\/a><a href=\"\/blog\/wp-content\/uploads\/2022\/fergies_cafe3.jpg\"><img decoding=\"async\" src=\"\/blog\/wp-content\/uploads\/2022\/thumbs\/thumbs_fergies_cafe3.jpg\" \/><\/a><\/p>\n<p style=\"text-align: center;\"><em>Brunssipaikka vehreyden keskell\u00e4<\/em><\/p>\n<p style=\"text-align: center;\"><a href=\"\/blog\/wp-content\/uploads\/2022\/fergies_cafe4.jpg\"><img decoding=\"async\" src=\"\/blog\/wp-content\/uploads\/2022\/thumbs\/thumbs_fergies_cafe4.jpg\" \/><\/a><a href=\"\/blog\/wp-content\/uploads\/2022\/fergies_cafe5.jpg\"><img decoding=\"async\" src=\"\/blog\/wp-content\/uploads\/2022\/thumbs\/thumbs_fergies_cafe5.jpg\" \/><\/a><a href=\"\/blog\/wp-content\/uploads\/2022\/fergies_cafe6.jpg\"><img decoding=\"async\" src=\"\/blog\/wp-content\/uploads\/2022\/thumbs\/thumbs_fergies_cafe6.jpg\" \/><\/a><\/p>\n<p style=\"text-align: center;\"><em>Odotuksen arvoinen aamupala<\/em><\/p>\n<p style=\"text-align: justify;\">Makoisan aamupalan sy\u00f6ty\u00e4mme l\u00f6ysimme samaista jokea hieman alajuoksun suuntaan pienen piilotetun hiekkarannan. Siell\u00e4 meid\u00e4n kelpasi istuskella piknikalustalla ja nauttia upeasta iltap\u00e4iv\u00e4st\u00e4 perheen kesken. Hiekka oli varpaiden v\u00e4liss\u00e4 l\u00e4mmint\u00e4 ja aurinko helli meit\u00e4 rantalehv\u00e4st\u00f6n raoista.<\/p>\n<p style=\"text-align: center;\"><a href=\"\/blog\/wp-content\/uploads\/2022\/kesapaiva_squamishissa1.jpg\"><img decoding=\"async\" src=\"\/blog\/wp-content\/uploads\/2022\/thumbs\/thumbs_kesapaiva_squamishissa1.jpg\" \/><\/a><a href=\"\/blog\/wp-content\/uploads\/2022\/kesapaiva_squamishissa2.jpg\"><img decoding=\"async\" src=\"\/blog\/wp-content\/uploads\/2022\/thumbs\/thumbs_kesapaiva_squamishissa2.jpg\" \/><\/a><a href=\"\/blog\/wp-content\/uploads\/2022\/kesapaiva_squamishissa3.jpg\"><img decoding=\"async\" src=\"\/blog\/wp-content\/uploads\/2022\/thumbs\/thumbs_kesapaiva_squamishissa3.jpg\" \/><\/a><\/p>\n<p style=\"text-align: center;\"><em>Kauniin joen rannalla<\/em><\/p>\n<p style=\"text-align: center;\"><a href=\"\/blog\/wp-content\/uploads\/2022\/kesapaiva_squamishissa4.jpg\"><img decoding=\"async\" src=\"\/blog\/wp-content\/uploads\/2022\/thumbs\/thumbs_kesapaiva_squamishissa4.jpg\" \/><\/a><a href=\"\/blog\/wp-content\/uploads\/2022\/kesapaiva_squamishissa5.jpg\"><img decoding=\"async\" src=\"\/blog\/wp-content\/uploads\/2022\/thumbs\/thumbs_kesapaiva_squamishissa5.jpg\" \/><\/a><\/p>\n<p style=\"text-align: center;\"><em>Salainen piknikpaikka<\/em><\/p>\n<p style=\"text-align: justify;\">Paluumatkalla kotiin pys\u00e4hdyimme viel\u00e4 North Vancouverissa sijaitsevalla herkullisella <em>Smoke &amp; Bones BBQ<\/em> -ravintolalla. Muutama vuosi sitten l\u00f6yt\u00e4m\u00e4mme ravintola on voittanut monia palkintoja siivill\u00e4\u00e4n sek\u00e4 ribseill\u00e4\u00e4n ja meille tuoduilla herkuilla p\u00e4rj\u00e4sikin sitten koko loppuillan.<\/p>\n<p style=\"text-align: center;\"><a href=\"\/blog\/wp-content\/uploads\/2022\/herkuttelemassa.jpg\"><img decoding=\"async\" src=\"\/blog\/wp-content\/uploads\/2022\/thumbs\/thumbs_herkuttelemassa.jpg\" \/><\/a><\/p>\n<p style=\"text-align: center;\"><em>Herkuttelua kotimatkalla<\/em><\/p>\n<p style=\"text-align: justify;\">Ensimm\u00e4inen perhekes\u00e4mme on siis ollut t\u00e4ynn\u00e4 leikki\u00e4 ja naurua. Se on my\u00f6s osoittanut, ettei aina tarvitse olla edes kovin kaukana kotoa, kunhan on vain hassun hauskassa seurueessa.<\/p>\n","protected":false},"excerpt":{"rendered":"<p>Kes\u00e4 on Vancouverissa parhaimmillaan ja kuluva kes\u00e4 onkin ollut keleilt\u00e4\u00e4n huomattavasti paria viime kes\u00e4\u00e4 parempi. Vaikka +30 asteen ylitt\u00e4vi\u00e4 l\u00e4mp\u00f6tiloja onkin ollut niin hein\u00e4- kuin elokuussakin useina p\u00e4ivin\u00e4, ei t\u00e4n\u00e4 kes\u00e4n\u00e4 ole koettu historiallisia helleaaltoja. My\u00f6s sadetta on saatu pieni\u00e4 ripauksia niin, ett\u00e4 mets\u00e4palotilanne ei ainakaan t\u00e4ll\u00e4 hetkell\u00e4 ole l\u00e4hellek\u00e4\u00e4n edellisvuosien savuisia loppukesi\u00e4.<\/p>\n","protected":false},"author":1,"featured_media":12802,"comment_status":"open","ping_status":"closed","sticky":false,"template":"","format":"standard","meta":{"_jetpack_memberships_contains_paid_content":false,"footnotes":""},"categories":[17,3,1621],"tags":[34,935,159,612,939],"class_list":["post-12801","post","type-post","status-publish","format-standard","has-post-thumbnail","hentry","category-arki-kanadassa","category-arki-ulkomailla","category-perhe-kanadassa","tag-arki","tag-kanada","tag-kesa","tag-squamish","tag-vancouver"],"jetpack_featured_media_url":"https:\/\/www.vuosiamaailmalla.fi\/blog\/wp-content\/uploads\/hauskaa_vesipuistossa_banner.jpg","jetpack_sharing_enabled":true,"_links":{"self":[{"href":"https:\/\/www.vuosiamaailmalla.fi\/blog\/wp-json\/wp\/v2\/posts\/12801","targetHints":{"allow":["GET"]}}],"collection":[{"href":"https:\/\/www.vuosiamaailmalla.fi\/blog\/wp-json\/wp\/v2\/posts"}],"about":[{"href":"https:\/\/www.vuosiamaailmalla.fi\/blog\/wp-json\/wp\/v2\/types\/post"}],"author":[{"embeddable":true,"href":"https:\/\/www.vuosiamaailmalla.fi\/blog\/wp-json\/wp\/v2\/users\/1"}],"replies":[{"embeddable":true,"href":"https:\/\/www.vuosiamaailmalla.fi\/blog\/wp-json\/wp\/v2\/comments?post=12801"}],"version-history":[{"count":5,"href":"https:\/\/www.vuosiamaailmalla.fi\/blog\/wp-json\/wp\/v2\/posts\/12801\/revisions"}],"predecessor-version":[{"id":14081,"href":"https:\/\/www.vuosiamaailmalla.fi\/blog\/wp-json\/wp\/v2\/posts\/12801\/revisions\/14081"}],"wp:featuredmedia":[{"embeddable":true,"href":"https:\/\/www.vuosiamaailmalla.fi\/blog\/wp-json\/wp\/v2\/media\/12802"}],"wp:attachment":[{"href":"https:\/\/www.vuosiamaailmalla.fi\/blog\/wp-json\/wp\/v2\/media?parent=12801"}],"wp:term":[{"taxonomy":"category","embeddable":true,"href":"https:\/\/www.vuosiamaailmalla.fi\/blog\/wp-json\/wp\/v2\/categories?post=12801"},{"taxonomy":"post_tag","embeddable":true,"href":"https:\/\/www.vuosiamaailmalla.fi\/blog\/wp-json\/wp\/v2\/tags?post=12801"}],"curies":[{"name":"wp","href":"https:\/\/api.w.org\/{rel}","templated":true}]}}