{"id":12807,"date":"2022-08-28T15:13:29","date_gmt":"2022-08-28T22:13:29","guid":{"rendered":"https:\/\/www.vuosiamaailmalla.fi\/blog\/?p=12807"},"modified":"2023-09-24T13:30:37","modified_gmt":"2023-09-24T20:30:37","slug":"16-vuotta-maailmalla","status":"publish","type":"post","link":"https:\/\/www.vuosiamaailmalla.fi\/blog\/2022\/16-vuotta-maailmalla\/","title":{"rendered":"16 vuotta maailmalla"},"content":{"rendered":"<p style=\"text-align: justify;\">Normaalista k\u00e4yt\u00e4nn\u00f6st\u00e4ni poiketen kirjoitan t\u00e4m\u00e4nvuotista pohdintaani jo ennakkoon, sill\u00e4 varsinaiseen merkkip\u00e4iv\u00e4\u00e4n kuun vaihteessa on viel\u00e4 muutama p\u00e4iv\u00e4 aikaa. Toisin kuin <a title=\"15 vuotta maailmalla\" href=\"https:\/\/www.vuosiamaailmalla.fi\/blog\/2021\/15-vuotta-maailmalla\/\">viime vuonna<\/a>, kyseess\u00e4 ei ole merkkivuosi, vaikka meille tulikin kev\u00e4\u00e4ll\u00e4 t\u00e4yteen tasan <a title=\"El\u00e4m\u00e4nt\u00e4yteiset 10 vuotta Kanadassa\" href=\"https:\/\/www.vuosiamaailmalla.fi\/blog\/2022\/elamantayteiset-10-vuotta-kanadassa\/\">10 vuotta Kanadassa<\/a>. Aika tuntuukin vilist\u00e4v\u00e4n ohitse, eik\u00e4 v\u00e4hiten siksi ett\u00e4 kes\u00e4kuussa minulle tuli lasiin py\u00f6re\u00e4t 40!<\/p>\n<p><!--more--><\/p>\n<p style=\"text-align: justify;\">Nelj\u00e4nkympin rikkoutuminen tarkoittanee virallisesti nuoresta aikuisesta <strong>keski-ik\u00e4iseksi<\/strong> siirtymist\u00e4. Joillakin keski-i\u00e4n kriisi johtaa <a title=\"Huikea 2021 BMW X3M Competition\" href=\"https:\/\/www.vuosiamaailmalla.fi\/blog\/2020\/huikea-2021-bmw-x3m-competition\/\">urheiluauton hankintaa<\/a>, mik\u00e4 tuli tehty\u00e4 kaksi vuotta sitten eli onko t\u00e4ss\u00e4 nyt kriisi\u00e4 vai ei? Itse syntym\u00e4p\u00e4iv\u00e4 oli kyll\u00e4 mieleenpainuva, Niinan ostettua minulle liput ikimuistoiselle maisemalennolle <a title=\"Vesitasolla Vancouverin ymp\u00e4ri\" href=\"https:\/\/www.vuosiamaailmalla.fi\/blog\/2022\/vesitasolla-vancouverin-ympari\/\">Vancouverin yl\u00e4puolella<\/a>.<\/p>\n<p style=\"text-align: center;\"><a href=\"\/blog\/wp-content\/uploads\/2022\/syntymapaivalento_vancouverissa3.jpg\"><img decoding=\"async\" src=\"\/blog\/wp-content\/uploads\/2022\/thumbs\/thumbs_syntymapaivalento_vancouverissa3.jpg\" \/><\/a><a href=\"\/blog\/wp-content\/uploads\/2022\/downtownin_ylla11.jpg\"><img decoding=\"async\" src=\"\/blog\/wp-content\/uploads\/2022\/thumbs\/thumbs_downtownin_ylla11.jpg\" \/><\/a><\/p>\n<p style=\"text-align: center;\"><em>Ikimuistoinen syntt\u00e4rilento<\/em><\/p>\n<p style=\"text-align: justify;\">Ik\u00e4 voisi aiheuttaa monelle suuremmankin kriisin etenkin, jos sit\u00e4 ei viel\u00e4k\u00e4\u00e4n tied\u00e4 mit\u00e4 el\u00e4m\u00e4lt\u00e4 tahtoo. Kuitenkin nyt kun kysymys vanhemmuudestakin on ratkaisu <a title=\"Uuden el\u00e4m\u00e4n alku\" href=\"https:\/\/www.vuosiamaailmalla.fi\/blog\/2021\/uuden-elaman-alku\/\">tytt\u00e4remme syntym\u00e4ll\u00e4<\/a>, ei t\u00e4ss\u00e4 tunnu puuttuvan mit\u00e4\u00e4n. Vuottamme onkin v\u00e4ritt\u00e4nyt voimakkaasti vauvavuosi, mik\u00e4 on ollut mit\u00e4 mahtavinta aikaa. Sit\u00e4 ei tied\u00e4 mit\u00e4 vanhemmuus on ennen kuin on oma lapsi, mutta meist\u00e4 kaikki siihen liittyv\u00e4 on ollut l\u00e4hes pelk\u00e4st\u00e4\u00e4n positiivista. On toki totta, ettei sit\u00e4 ole kantanut oikeasti huolta ennen kuin vastuulla on <a title=\"Kriittiset ensip\u00e4iv\u00e4t teho-osastolla\" href=\"https:\/\/www.vuosiamaailmalla.fi\/blog\/2021\/kriittiset-ensipaivat-teho-osastolla\/\">pieni avuton ihminen<\/a>, mutta olemme kyll\u00e4 pit\u00e4neet vanhemmuudesta. Ehk\u00e4 t\u00e4ss\u00e4 on my\u00f6s auttanut astua vanhemmuuteen vasta hieman vanhempana ja toivottavasti <a title=\"Valmiina vauvan tuloon\" href=\"https:\/\/www.vuosiamaailmalla.fi\/blog\/2021\/valmiina-vauvan-tuloon\/\">henkisesti kypsemp\u00e4n\u00e4<\/a>, jolloin se ei ole aiheuttanut katumusta &#8221;kaikista tekem\u00e4tt\u00e4 j\u00e4\u00e4neist\u00e4 asioista&#8221;?<\/p>\n<p style=\"text-align: center;\"><a href=\"\/blog\/wp-content\/uploads\/2021\/lopultakin_kotona.jpg\"><img decoding=\"async\" src=\"\/blog\/wp-content\/uploads\/2021\/thumbs\/thumbs_lopultakin_kotona.jpg\" \/><\/a><a href=\"\/blog\/wp-content\/uploads\/2022\/hauskaa_vesipuistossa2.jpg\"><img decoding=\"async\" src=\"\/blog\/wp-content\/uploads\/2022\/thumbs\/thumbs_hauskaa_vesipuistossa2.jpg\" \/><\/a><\/p>\n<p style=\"text-align: center;\"><em>Iloinen vauvavuosi<\/em><\/p>\n<p style=\"text-align: justify;\">Mukavaa kuudennentoista vuotemme alussa oli, ett\u00e4 molempien isovanhemmat <a title=\"Isovanhemmat vierailulla\" href=\"https:\/\/www.vuosiamaailmalla.fi\/blog\/2021\/isovanhemmat-vierailulla\/\">p\u00e4\u00e4siv\u00e4t k\u00e4ym\u00e4\u00e4n luonamme<\/a> ja tapaamaan perheen uuden tulokkaan. Suunnitelma joulusta Suomessa sai kuitenkin j\u00e4\u00e4d\u00e4 ja vietimme sen sijaan perhepiiriss\u00e4 mukavan <a title=\"Ensimm\u00e4inen perhejoulu\" href=\"https:\/\/www.vuosiamaailmalla.fi\/blog\/2021\/ensimmainen-perhejoulu\/\">kolmannen joulumme Kanadassa<\/a>. Suomeen matkattiin lopulta t\u00e4m\u00e4n vuoden kes\u00e4kuussa per\u00e4ti <a title=\"Pitk\u00e4ll\u00e4 kes\u00e4lomalla Suomessa\" href=\"https:\/\/www.vuosiamaailmalla.fi\/blog\/2022\/pitkalla-kesalomalla-suomessa\/\">viiden viikon ajaksi<\/a>, mik\u00e4 on pisin aikamme Suomessa sitten <a title=\"Perill\u00e4 Dortmundissa!\" href=\"https:\/\/www.vuosiamaailmalla.fi\/blog\/2006\/perilla-dortmundissa\/\">ulkomaille muuton<\/a> j\u00e4lkeen.<\/p>\n<p style=\"text-align: center;\"><a href=\"\/blog\/wp-content\/uploads\/2021\/vieraat_granville_islandilla2.jpg\"><img decoding=\"async\" src=\"\/blog\/wp-content\/uploads\/2021\/thumbs\/thumbs_vieraat_granville_islandilla2.jpg\" \/><\/a><a href=\"\/blog\/wp-content\/uploads\/2022\/ortodoksinen_kaste4.jpg\"><img decoding=\"async\" src=\"\/blog\/wp-content\/uploads\/2022\/thumbs\/thumbs_ortodoksinen_kaste4.jpg\" \/><\/a><\/p>\n<p style=\"text-align: center;\"><em>Vieraita k\u00e4vi ja Suomessa vierailtiin<\/em><\/p>\n<p style=\"text-align: center;\"><a href=\"\/blog\/wp-content\/uploads\/2021\/joululahjojen_avaamista1.jpg\"><img decoding=\"async\" src=\"\/blog\/wp-content\/uploads\/2021\/thumbs\/thumbs_joululahjojen_avaamista1.jpg\" \/><\/a><\/p>\n<p style=\"text-align: center;\"><em>Ensimm\u00e4inen perhejoulu oli hauska<\/em><\/p>\n<p style=\"text-align: justify;\">Muita matkoja ei ole tullutkaan sitten juuri tehty\u00e4, mit\u00e4 nyt k\u00e4vimme p\u00e4\u00e4si\u00e4isen\u00e4 pienell\u00e4 <a title=\"P\u00e4\u00e4si\u00e4isviikko Mayne Islandilla\" href=\"https:\/\/www.vuosiamaailmalla.fi\/blog\/2022\/paasiaisviikko-mayne-islandilla\/\">Mayne Islandilla<\/a> rauhoittumassa kaupungin kiireilt\u00e4. Tulossa on my\u00f6s kaksi matkaa, ensiksi pitk\u00e4 viikonloppu <a title=\"Koko perheen kiitosp\u00e4iv\u00e4 Uclueletissa\" href=\"https:\/\/www.vuosiamaailmalla.fi\/blog\/2022\/koko-perheen-kiitospaiva-uclueletissa\/\">suosikkipaikassamme Tofinossa<\/a> ja minulla lokakuussa todenn\u00e4k\u00f6inen <a title=\"Ty\u00f6matka aavikolle\" href=\"https:\/\/www.vuosiamaailmalla.fi\/blog\/2022\/tyomatka-aavikolle\/\">ty\u00f6matka Amerikkaan<\/a>. Suunnitelmissa ei ole kuitenkaan mit\u00e4\u00e4n muuta ja viime vuodet ovatkin olleet melkoinen poikkeus yli kymmenen vuoden ahkeraan kaukomatkailuun verrattuna.<\/p>\n<p style=\"text-align: center;\"><a href=\"\/blog\/wp-content\/uploads\/2022\/kesapaiva_squamishissa5.jpg\"><img decoding=\"async\" src=\"\/blog\/wp-content\/uploads\/2022\/kesapaiva_squamishissa5.jpg\" \/><\/a><\/p>\n<p style=\"text-align: center;\"><em>T\u00e4t\u00e4 ihmeemp\u00e4\u00e4 tekemist\u00e4 ei tarvitse<\/em><\/p>\n<p style=\"text-align: justify;\">Mutta mit\u00e4 n\u00e4kyyk\u00e4\u00e4n kristallipallossa tulevan vuoden osalta? Kahden mainitun matkan lis\u00e4ksi kaikki suunnitelmamme liittyv\u00e4t tavalliseen perhearkeen. J\u00e4nni\u00e4 hetki\u00e4 on silti tulossa jo heti tulevalla viikolla, kun p\u00e4iv\u00e4koti alkaa ja Niina palaa t\u00f6ihin. Ne ovat\u00a0 iso muutos nykyiseen arkeen, mutta varmasti hyv\u00e4ksi molemmille pienen totuttelujakson j\u00e4lkeen.<\/p>\n<p style=\"text-align: justify;\"><a title=\"17 vuotta maailmalla\" href=\"https:\/\/www.vuosiamaailmalla.fi\/blog\/2023\/17-vuotta-maailmalla\/\">Ensi vuonna<\/a> pit\u00e4\u00e4 p\u00e4\u00e4st\u00e4 taas my\u00f6s Suomeen, joskin t\u00e4ss\u00e4 vaiheessa on viel\u00e4 ep\u00e4selv\u00e4\u00e4 josko tuo tulee olemaan samaan tapaan kes\u00e4ll\u00e4, vai vasta vuoden p\u00e4\u00e4st\u00e4 jouluna. T\u00e4m\u00e4 joulu tullaan ainakin joka tapauksessa viett\u00e4m\u00e4\u00e4n <a title=\"Luminen joulu vieraiden seurassa\" href=\"https:\/\/www.vuosiamaailmalla.fi\/blog\/2022\/luminen-joulu-vieraiden-seurassa\/\">ihan vain kotosalla<\/a> samalla kun el\u00e4mme jo seitsem\u00e4tt\u00e4toista vuottamme maailmalla.<\/p>\n","protected":false},"excerpt":{"rendered":"<p>Normaalista k\u00e4yt\u00e4nn\u00f6st\u00e4ni poiketen kirjoitan t\u00e4m\u00e4nvuotista pohdintaani jo ennakkoon, sill\u00e4 varsinaiseen merkkip\u00e4iv\u00e4\u00e4n kuun vaihteessa on viel\u00e4 muutama p\u00e4iv\u00e4 aikaa. Toisin kuin viime vuonna, kyseess\u00e4 ei ole merkkivuosi, vaikka meille tulikin kev\u00e4\u00e4ll\u00e4 t\u00e4yteen tasan 10 vuotta Kanadassa. Aika tuntuukin vilist\u00e4v\u00e4n ohitse, eik\u00e4 v\u00e4hiten siksi ett\u00e4 kes\u00e4kuussa minulle tuli lasiin py\u00f6re\u00e4t 40!<\/p>\n","protected":false},"author":1,"featured_media":0,"comment_status":"open","ping_status":"closed","sticky":false,"template":"","format":"standard","meta":{"_jetpack_memberships_contains_paid_content":false,"footnotes":""},"categories":[17,3,4,1621],"tags":[25,34,935],"class_list":["post-12807","post","type-post","status-publish","format-standard","hentry","category-arki-kanadassa","category-arki-ulkomailla","category-asuminen-kanadassa","category-perhe-kanadassa","tag-ajankohtaista","tag-arki","tag-kanada"],"jetpack_featured_media_url":"","jetpack_sharing_enabled":true,"_links":{"self":[{"href":"https:\/\/www.vuosiamaailmalla.fi\/blog\/wp-json\/wp\/v2\/posts\/12807","targetHints":{"allow":["GET"]}}],"collection":[{"href":"https:\/\/www.vuosiamaailmalla.fi\/blog\/wp-json\/wp\/v2\/posts"}],"about":[{"href":"https:\/\/www.vuosiamaailmalla.fi\/blog\/wp-json\/wp\/v2\/types\/post"}],"author":[{"embeddable":true,"href":"https:\/\/www.vuosiamaailmalla.fi\/blog\/wp-json\/wp\/v2\/users\/1"}],"replies":[{"embeddable":true,"href":"https:\/\/www.vuosiamaailmalla.fi\/blog\/wp-json\/wp\/v2\/comments?post=12807"}],"version-history":[{"count":8,"href":"https:\/\/www.vuosiamaailmalla.fi\/blog\/wp-json\/wp\/v2\/posts\/12807\/revisions"}],"predecessor-version":[{"id":13307,"href":"https:\/\/www.vuosiamaailmalla.fi\/blog\/wp-json\/wp\/v2\/posts\/12807\/revisions\/13307"}],"wp:attachment":[{"href":"https:\/\/www.vuosiamaailmalla.fi\/blog\/wp-json\/wp\/v2\/media?parent=12807"}],"wp:term":[{"taxonomy":"category","embeddable":true,"href":"https:\/\/www.vuosiamaailmalla.fi\/blog\/wp-json\/wp\/v2\/categories?post=12807"},{"taxonomy":"post_tag","embeddable":true,"href":"https:\/\/www.vuosiamaailmalla.fi\/blog\/wp-json\/wp\/v2\/tags?post=12807"}],"curies":[{"name":"wp","href":"https:\/\/api.w.org\/{rel}","templated":true}]}}