{"id":12813,"date":"2022-09-04T14:39:23","date_gmt":"2022-09-04T21:39:23","guid":{"rendered":"https:\/\/www.vuosiamaailmalla.fi\/blog\/?p=12813"},"modified":"2025-03-17T23:16:51","modified_gmt":"2025-03-18T06:16:51","slug":"kateusvero-voimaan","status":"publish","type":"post","link":"https:\/\/www.vuosiamaailmalla.fi\/blog\/2022\/kateusvero-voimaan\/","title":{"rendered":"Kateusvero voimaan"},"content":{"rendered":"<p style=\"text-align: justify;\">Koronapandemia on <a title=\"Ulos pandemiasta\" href=\"https:\/\/www.vuosiamaailmalla.fi\/blog\/2022\/ulos-pandemiasta\/\">j\u00e4\u00e4nyt Kanadassakin taakse<\/a>, mutta kahden vuoden mittaisen epidemian loppulasku on huikea ja vasta tulossa maksuun. Yli 150 miljardin dollarin avok\u00e4tinen jakaminen kahden vuoden ajan on tarkoittanut ennen tai my\u00f6hemmin tulossa olevaa <a title=\"Verotus Kanadassa\" href=\"https:\/\/www.vuosiamaailmalla.fi\/blog\/2017\/verotus-kanadassa\/\">verojen korotusta<\/a>, eik\u00e4 <a title=\"Justin Trudeaun valtakauden p\u00e4\u00e4t\u00f6s\" href=\"https:\/\/www.vuosiamaailmalla.fi\/blog\/2025\/justin-trudeaun-valtakauden-paatos\/\">p\u00e4\u00e4ministeri Justin Trudeau<\/a> ole missannut asian suhteen hetke\u00e4k\u00e4\u00e4n. Uusin korotus onkin torstaina voimaan tullut kiistanalainen <em>Luxury Items Tax<\/em>, joka on monien mielest\u00e4 puhdas kateusvero.<\/p>\n<p><!--more--><\/p>\n<p style=\"text-align: justify;\">Torstaista l\u00e4htien kaikista yksityisk\u00e4ytt\u00f6\u00f6n ostettavista vuoden 2018 j\u00e4lkeen valmistetuista yli $100,000 arvoisista autoista ja lentokoneista, sek\u00e4 yli $250,000 arvoisista veneist\u00e4, joutuu maksamaan uutta veroa joko 10% ostoksen verottomasta hinnasta tai 20% rajam\u00e4\u00e4r\u00e4n ylitt\u00e4v\u00e4lt\u00e4 osalta, kumpi vain on pienempi. T\u00e4m\u00e4 tarkoittaa, ett\u00e4 esimerkiksi hyvin varusteltu $120,000 katumaasturi maksaa jatkossa $4,000 dollaria enemm\u00e4n.<\/p>\n<p style=\"text-align: center;\"><a href=\"\/blog\/wp-content\/uploads\/2017\/stanley_parkin_pyoraily1.jpg\"><img decoding=\"async\" src=\"\/blog\/wp-content\/uploads\/2017\/thumbs\/thumbs_stanley_parkin_pyoraily1.jpg\" \/><\/a><a href=\"\/blog\/wp-content\/uploads\/2014\/oranssi_mclaren_p1_8.jpg\"><img decoding=\"async\" src=\"\/blog\/wp-content\/uploads\/2014\/thumbs\/thumbs_oranssi_mclaren_p1_8.jpg\" \/><\/a><a href=\"\/blog\/wp-content\/uploads\/2014\/rolls_royceja1.jpg\"><img decoding=\"async\" src=\"\/blog\/wp-content\/uploads\/2014\/thumbs\/thumbs_rolls_royceja1.jpg\" \/><\/a><\/p>\n<p style=\"text-align: center;\"><em>Todellista ylellisyytt\u00e4<\/em><\/p>\n<p style=\"text-align: justify;\">Uuden lain ulkopuolella ovat ainoastaan viranomaisk\u00e4ytt\u00f6\u00f6n sek\u00e4 k\u00e4ytettyn\u00e4 ostettavat kulkuneuvot, eik\u00e4 siihen sis\u00e4lly mit\u00e4\u00e4n helpotuksia esimerkiksi s\u00e4hk\u00f6autoille. Vero onkin saanut t\u00e4st\u00e4 kritiikki\u00e4, sill\u00e4 satatonnia ei ole maan <a title=\"Laskeva loonie\" href=\"https:\/\/www.vuosiamaailmalla.fi\/blog\/2016\/laskeva-loonie\/\">heikon valuutan<\/a> vuoksi mik\u00e4\u00e4n ihmeellinen summa, varsinkin viime vuosina voimakkaasti kallistuneilla automarkkinoilla, eik\u00e4 varsinkaan uusissa s\u00e4hk\u00f6autoissa. Summaan ylt\u00e4\u00e4 helposti l\u00e4hes mik\u00e4 tahansa hyvin varusteltu ylemm\u00e4n keskiluokan auto, kuten uudet katumaasturit tai vaikkapa <em>Tesla<\/em>, mitk\u00e4 kumpikaan eiv\u00e4t edusta monien mieliss\u00e4 <a title=\"Viikonloppu superautojen keskell\u00e4\" href=\"https:\/\/www.vuosiamaailmalla.fi\/blog\/2014\/concours-delegance\/\">todellista ylellisyytt\u00e4<\/a>.<\/p>\n<p style=\"text-align: center;\"><a href=\"\/blog\/wp-content\/uploads\/2020\/bmw_x3m_competition_ensiajolla1.jpg\"><img decoding=\"async\" src=\"\/blog\/wp-content\/uploads\/2020\/bmw_x3m_competition_ensiajolla1.jpg\" \/><\/a><\/p>\n<p style=\"text-align: center;\"><em>Katumaastureille tulee lis\u00e4hintaa<\/em><\/p>\n<p style=\"text-align: justify;\">T\u00e4\u00e4ll\u00e4 British Columbiassa uutinen on erityisen huono, sill\u00e4 provinssissa on ollut vuodesta 2018 l\u00e4htien k\u00e4yt\u00f6ss\u00e4 kaikkiin autoihin (my\u00f6s k\u00e4ytettyihin) kohdistuva <em>BC Luxury Car Tax<\/em>, jonka kylkeen <a title=\"Kanadan Fidel Castro\" href=\"https:\/\/www.vuosiamaailmalla.fi\/blog\/2024\/kanadan-fidel-castro\/\">Trudeaun<\/a> uusi vero nyt iskee. Brittil\u00e4isen Kolumbian oma ylellisyysvero teki provinssissa myyt\u00e4vien autojen arvonlis\u00e4verosta (PST) progressiivisen, alkaen 7% lukemasta alle $55,000 autolle (s\u00e4hk\u00f6autoille raja on hieman korkeampi) ja ylt\u00e4en per\u00e4ti 20% lukemaan yli $150,000 autoilla. T\u00e4m\u00e4n p\u00e4\u00e4lle tulee normaali liittovaltion 5% arvonlis\u00e4vero (GST) eli t\u00e4\u00e4ll\u00e4 on pahimmillaan maksettu yli $150,000 autoista jo muutaman vuoden ajan yhteens\u00e4 25% arvonlis\u00e4veroa aiemman 12% sijaan.<\/p>\n<p style=\"text-align: justify;\">P\u00e4\u00e4ministeri sek\u00e4 t\u00e4m\u00e4n sylipuudeli finanssiministeri Chrystia Freeland eiv\u00e4t olekaan salailleet tarkoitustaan &#8221;saada rikkaat maksamaan&#8221; Kanadan nostaminen pandemian aiheuttamasta taloudellisesta suosta. P\u00e4\u00e4t\u00f6kseen ei ole vaikuttanut teollisuuden nostama huoli ty\u00f6paikkojen sek\u00e4 myyntitulojen menetyksest\u00e4, jotka jopa valtion talousvirasto on arvioinut $2.8 miljardin mittaisiksi seuraavien viiden vuoden aikana. Samaan aikaan uuden veron ennustetaan ker\u00e4\u00e4v\u00e4n vaatimattomat $600 miljoonaa dollaria.<\/p>\n<p style=\"text-align: center;\"><a href=\"\/blog\/wp-content\/uploads\/2019\/selfie_paaministeri.jpg\"><img decoding=\"async\" src=\"\/blog\/wp-content\/uploads\/2019\/selfie_paaministeri.jpg\" \/><\/a><\/p>\n<p style=\"text-align: center;\"><em>Talous ei ole selfie-p\u00e4\u00e4ministerin ykk\u00f6shuolia<\/em><\/p>\n<p style=\"text-align: justify;\">Tieto veron negatiivisesta tuotosta ei ole kuitenkaan h\u00e4tk\u00e4ytt\u00e4nyt hallitusta, jonka p\u00e4\u00e4t\u00f6ksentekoa tuntuu ajavan l\u00e4hes kaikessa sokea usko oikeudenmukaisuudesta. T\u00e4llainen politiikka tekee kuitenkin Kanadasta yh\u00e4 eriarvoisemman maan ja esimerkiksi British Columbiasta aina vain <a title=\"Karannut kanadalainen unelma\" href=\"https:\/\/www.vuosiamaailmalla.fi\/blog\/2015\/karannut-kanadalainen-unelma\/\">kalliimman paikan el\u00e4\u00e4<\/a>. Samaan aikaan naapuriprovinssi Albertassa ei ole lainkaan provinssin arvonlis\u00e4veroa millek\u00e4\u00e4n tuotteelle ja $150,000 arvoisesta autosta maksaa siell\u00e4 veroa $17,500 samalla kun t\u00e4\u00e4ll\u00e4 kuvettaan saa kaivaa per\u00e4ti $47,500 edest\u00e4! Ei siis ihme, ett\u00e4 Alberta onkin alkanut houkutella muiden provinssien asukkaita tuoreella mainoskampanjalla.<\/p>\n<p style=\"text-align: center;\"><iframe loading=\"lazy\" title=\"YouTube video player\" src=\"https:\/\/www.youtube-nocookie.com\/embed\/B22wNQjerzo?controls=0\" width=\"560\" height=\"315\" frameborder=\"0\" allowfullscreen=\"allowfullscreen\"><\/iframe><\/p>\n<p style=\"text-align: center;\"><em>Alberta kutsuu monia edullisuudellaan<\/em><\/p>\n<p style=\"text-align: justify;\">Kaiken t\u00e4m\u00e4n keskell\u00e4 onkin todenn\u00e4k\u00f6ist\u00e4, ett\u00e4 tulemme pit\u00e4m\u00e4\u00e4n <a title=\"Huikea 2021 BMW X3M Competition\" href=\"https:\/\/www.vuosiamaailmalla.fi\/blog\/2020\/huikea-2021-bmw-x3m-competition\/\">nykyisen automme<\/a> useamman vuoden ajan. Automme toimii niin hyvin ja meill\u00e4 on siihen kaikki. My\u00f6s kilometrej\u00e4 kertyy hitaasti, vasta 14,000 ensimm\u00e4isen kahden vuoden aikana. Toivottavasti voimme n\u00e4in ohittaa automarkkinoiden hullut ajat sek\u00e4 meneill\u00e4\u00e4n olevan s\u00e4hk\u00f6autojen lapsenkenk\u00e4vaiheen.<\/p>\n<p style=\"text-align: center;\"><a href=\"\/blog\/wp-content\/uploads\/2020\/bmw_x3m_competition_noutamassa1.jpg\"><img decoding=\"async\" src=\"\/blog\/wp-content\/uploads\/2020\/bmw_x3m_competition_noutamassa1.jpg\" \/><\/a><\/p>\n<p style=\"text-align: center;\"><em>Ei mit\u00e4\u00e4n kiirett\u00e4 uusille autokaupoille<\/em><\/p>\n","protected":false},"excerpt":{"rendered":"<p>Koronapandemia on j\u00e4\u00e4nyt Kanadassakin taakse, mutta kahden vuoden mittaisen epidemian loppulasku on huikea ja vasta tulossa maksuun. Yli 150 miljardin dollarin avok\u00e4tinen jakaminen kahden vuoden ajan on tarkoittanut ennen tai my\u00f6hemmin tulossa olevaa verojen korotusta, eik\u00e4 p\u00e4\u00e4ministeri Justin Trudeau ole missannut asian suhteen hetke\u00e4k\u00e4\u00e4n. Uusin korotus onkin torstaina voimaan tullut kiistanalainen Luxury Items Tax, joka &hellip; <a href=\"https:\/\/www.vuosiamaailmalla.fi\/blog\/2022\/kateusvero-voimaan\/\" class=\"more-link\">Jatka lukemista<span class=\"screen-reader-text\"> &#8221;Kateusvero voimaan&#8221;<\/span><\/a><\/p>\n","protected":false},"author":1,"featured_media":12817,"comment_status":"open","ping_status":"closed","sticky":false,"template":"","format":"standard","meta":{"_jetpack_memberships_contains_paid_content":false,"footnotes":""},"categories":[17,3],"tags":[34,39,935,491,393],"class_list":["post-12813","post","type-post","status-publish","format-standard","has-post-thumbnail","hentry","category-arki-kanadassa","category-arki-ulkomailla","tag-arki","tag-autot","tag-kanada","tag-talous","tag-verotus"],"jetpack_featured_media_url":"https:\/\/www.vuosiamaailmalla.fi\/blog\/wp-content\/uploads\/kateusvero_banner.jpg","jetpack_sharing_enabled":true,"_links":{"self":[{"href":"https:\/\/www.vuosiamaailmalla.fi\/blog\/wp-json\/wp\/v2\/posts\/12813","targetHints":{"allow":["GET"]}}],"collection":[{"href":"https:\/\/www.vuosiamaailmalla.fi\/blog\/wp-json\/wp\/v2\/posts"}],"about":[{"href":"https:\/\/www.vuosiamaailmalla.fi\/blog\/wp-json\/wp\/v2\/types\/post"}],"author":[{"embeddable":true,"href":"https:\/\/www.vuosiamaailmalla.fi\/blog\/wp-json\/wp\/v2\/users\/1"}],"replies":[{"embeddable":true,"href":"https:\/\/www.vuosiamaailmalla.fi\/blog\/wp-json\/wp\/v2\/comments?post=12813"}],"version-history":[{"count":9,"href":"https:\/\/www.vuosiamaailmalla.fi\/blog\/wp-json\/wp\/v2\/posts\/12813\/revisions"}],"predecessor-version":[{"id":13926,"href":"https:\/\/www.vuosiamaailmalla.fi\/blog\/wp-json\/wp\/v2\/posts\/12813\/revisions\/13926"}],"wp:featuredmedia":[{"embeddable":true,"href":"https:\/\/www.vuosiamaailmalla.fi\/blog\/wp-json\/wp\/v2\/media\/12817"}],"wp:attachment":[{"href":"https:\/\/www.vuosiamaailmalla.fi\/blog\/wp-json\/wp\/v2\/media?parent=12813"}],"wp:term":[{"taxonomy":"category","embeddable":true,"href":"https:\/\/www.vuosiamaailmalla.fi\/blog\/wp-json\/wp\/v2\/categories?post=12813"},{"taxonomy":"post_tag","embeddable":true,"href":"https:\/\/www.vuosiamaailmalla.fi\/blog\/wp-json\/wp\/v2\/tags?post=12813"}],"curies":[{"name":"wp","href":"https:\/\/api.w.org\/{rel}","templated":true}]}}