{"id":1283,"date":"2006-09-09T21:04:48","date_gmt":"2006-09-10T04:04:48","guid":{"rendered":"http:\/\/13.53.127.146\/?p=1283"},"modified":"2023-10-19T20:35:18","modified_gmt":"2023-10-20T03:35:18","slug":"paiva-dusseldorfissa","status":"publish","type":"post","link":"https:\/\/www.vuosiamaailmalla.fi\/blog\/2006\/paiva-dusseldorfissa\/","title":{"rendered":"P\u00e4iv\u00e4 D\u00fcsseldorfissa"},"content":{"rendered":"<p style=\"text-align: justify;\">Yhdeks\u00e4s p\u00e4iv\u00e4 Saksassa on nyt takana. T\u00e4ll\u00e4 viikolla alkoi Dortmundin yliopistolla kuukauden mittainen orientaatiojakso sek\u00e4 saksan intensiivikurssi. Meno kurssilla on ihan mielenkiintoista ja kummasti sit\u00e4 vaan muistuu mieleen yl\u00e4asteen ja lukion saksankursseilla opittua. Uuttakin oppii koko ajan, kun kaikki opetus kurssilla on saksaksi.<\/p>\n<p><!--more--><\/p>\n<p style=\"text-align: justify;\">Tullemme varmaan syyskuun j\u00e4lkeenkin suorittamaan ainoastaan kielikursseja, jotta t\u00e4st\u00e4 puoli vuotta kest\u00e4v\u00e4st\u00e4 Saksassa oleskelusta j\u00e4isi jotain k\u00e4teen. Katsoimmekin jo, ett\u00e4 melko kivasti on tarjolla kursseja, jotka pystyy viel\u00e4p\u00e4 j\u00e4rjestelem\u00e4\u00e4n niin, ett\u00e4 opetusta olisi vain tiistaista torstaihin, mink\u00e4 p\u00e4\u00e4lle vapaata olisi pe-ma. T\u00e4ydellist\u00e4! N\u00e4in sit\u00e4 ehtisi hyvin tehd\u00e4 pidennettyj\u00e4 viikonloppureissuja eri puolille Keski-Eurooppaan, eik\u00e4 opinnot p\u00e4\u00e4sisi liiaksi rasittamaan.<\/p>\n<p style=\"text-align: justify;\">Huomasimme t\u00e4ss\u00e4 my\u00f6s sellaisen, ett\u00e4 orientaatiokurssin p\u00e4\u00e4ttyess\u00e4 meill\u00e4 on kaksi viikkoa t\u00e4ysin vapaata. Mieless\u00e4 alkoikin heti py\u00f6ri\u00e4 mihin sit\u00e4 tuolloin l\u00e4htisi. Joku pidempi, ehk\u00e4 5-7 p\u00e4iv\u00e4n kierros jossain Saksan ulkopuolella kiinnostaisi. Ja mik\u00e4s siin\u00e4: Dortmundin lentokent\u00e4lt\u00e4 muun muassa <em>Easyjet<\/em> lent\u00e4\u00e4 halvalla lukuisiin Euroopan maihin. Mieless\u00e4 ehti jo k\u00e4yd\u00e4 esimerkiksi reissu, jossa lennet\u00e4\u00e4n Barceloonaan, mink\u00e4 j\u00e4lkeen kierret\u00e4\u00e4n Espanjaa p\u00e4\u00e4tyen Madridiin, josta paluu kotiin. Saapa n\u00e4hd\u00e4 mihin p\u00e4\u00e4dyt\u00e4\u00e4n, mutta vaihtoehtoja kyll\u00e4 on!<\/p>\n<p style=\"text-align: justify;\">T\u00e4ll\u00e4 viikolla tavattiin my\u00f6s vihdoin muut t\u00e4m\u00e4n lukukauden vaihtarit. Hyvin mukavaa porukkaa kaikkialta Euroopasta, sek\u00e4 viitisen jenkki\u00e4. Vaihtareiden kanssa on mukava vaihtaa kokemuksia ja kuulumisia, kun on itse samassa tilanteessa. Emme ole my\u00f6sk\u00e4\u00e4n ainoita suomalaisia Dortmundin yliopistossa, sill\u00e4 yhteens\u00e4 yliopistolla on t\u00e4n\u00e4 vuonna suomalaisia per\u00e4ti kuusi kappaletta. Kuullun perusteella viime vuonna Suomea edusti vain yksi maamies, joten mukavasti k\u00e4vi t\u00e4n\u00e4 vuonna. Viel\u00e4 kun n\u00e4m\u00e4 nyt olevat ovat oikein mukavia.<\/p>\n<p style=\"text-align: center;\"><a href=\"\/blog\/wp-content\/uploads\/2006\/vaihtariryhma.jpg\" target=\"_blank\" rel=\"noopener\"><img decoding=\"async\" style=\"border: 0px none; margin: 5px;\" src=\"\/blog\/wp-content\/uploads\/2006\/vaihtariryhma.jpg\" alt=\"\" \/><\/a><\/p>\n<p style=\"text-align: center;\"><em>Vaihtareiden h\u00e4r\u00f6pallo<\/em><\/p>\n<p style=\"text-align: justify;\">Viikon aikana Dortmund on ehtinyt tulla tutuksi, ainakin keskustan osalta. Aika paljon on tullut heitetty\u00e4 julkisilla kulkuneuvoilla lenkki\u00e4, sill\u00e4 kulkeminen ei maksa mit\u00e4\u00e4n yliopiston kustantaman kuukausikortin ansiosta. Yhteyksi\u00e4 on tiuhaan ja kaikkialle. Metrot, junat, bussit ja ratikat t\u00e4ydent\u00e4v\u00e4t toisiaan eritt\u00e4in mukavasti. Orientaatioomme on liittynyt my\u00f6s paljon erilaisia matkoja ja retki\u00e4. On tutustuttu kampukseen (joka on sangen iso), kaupunkiin ja t\u00e4n\u00e4\u00e4n k\u00e4ytiin D\u00fcsseldorfissa p\u00e4iv\u00e4matkalla (josta vasta tunti sitten kotiuduimmekin). Tiedossa on viel\u00e4 matkat viikon p\u00e4\u00e4st\u00e4 K\u00f6lniin ja viikko siit\u00e4 <a title=\"Yliopistokaupunki M\u00fcnster\" href=\"https:\/\/www.vuosiamaailmalla.fi\/blog\/2006\/yliopistokaupunki-munster\/\">M\u00fcnsterin keski-aikaiseen yliopistokaupunkiin<\/a>. Lis\u00e4ksi retki\u00e4 tehd\u00e4\u00e4n Dortmundin olutpanimo- ja kaivosmuseoihin, jotka ovat asioita joista Dortmund on tunnettu.<\/p>\n<p style=\"text-align: justify;\">Mutta siit\u00e4 D\u00fcsseldorfin reissusta. D\u00fcsseldorf oli n\u00e4hden perusteella kaunis ja mielenkiintoinen suurkaupunki. Heti reissun aluksi vaihtariporukkamme suuntasi katsomaan maisemia <em>Rheinturmista<\/em>, joka on 240 metri\u00e4 kokea n\u00e4k\u00f6alatorni. Tornissa on p\u00e4\u00e4sy 170 metrin korkeuteen 5m\/s menev\u00e4ll\u00e4 hissill\u00e4. Ylh\u00e4\u00e4lt\u00e4 aukeavat maisemat ovat komeat varsinkin kirkkaalla s\u00e4\u00e4ll\u00e4. Ymp\u00e4r\u00f6iv\u00e4 kaupunki on mukavan tiiviisti rakennettua ja hyvin urbaanin oloinen. Kaupungin keskustassa on lukuisia ~25-kerroksisia, 80-100 metri\u00e4 korkeita, rakennuksia. Kaupungin l\u00e4pi ja aivan Rheinturmin vierelt\u00e4, virtaa <em>Rhein<\/em>-joki. T\u00e4m\u00e4 Euroopan p\u00e4\u00e4jokiin kuuluvan joen ranta on ainakin D\u00fcsseldorfin kohdalla rakennettu n\u00e4tisti.<\/p>\n<p style=\"text-align: center;\"><a href=\"\/blog\/wp-content\/uploads\/2006\/kohti_rheinturmia.jpg\" target=\"_blank\" rel=\"noopener\"><img decoding=\"async\" style=\"border: 0px none; margin: 5px;\" src=\"\/blog\/wp-content\/uploads\/2006\/thumbs\/thumbs_kohti_rheinturmia.jpg\" alt=\"\" \/><\/a><\/p>\n<p style=\"text-align: center;\"><em>Rheinturm<\/em><\/p>\n<p style=\"text-align: center;\"><a href=\"\/blog\/wp-content\/uploads\/2006\/mediakeskittyma_rheinturmista.jpg\" target=\"_blank\" rel=\"noopener\"><img decoding=\"async\" style=\"border: 0px none; margin: 5px;\" src=\"\/blog\/wp-content\/uploads\/2006\/thumbs\/thumbs_mediakeskittyma_rheinturmista.jpg\" alt=\"\" \/><\/a><a href=\"\/blog\/wp-content\/uploads\/2006\/rheinin_mutka_dusselin_kohdalla.jpg\" target=\"_blank\" rel=\"noopener\"><img decoding=\"async\" style=\"border: 0px none; margin: 5px;\" src=\"\/blog\/wp-content\/uploads\/2006\/thumbs\/thumbs_rheinin_mutka_dusselin_kohdalla.jpg\" alt=\"\" \/><\/a><br \/>\n<a href=\"\/blog\/wp-content\/uploads\/2006\/dusseldorfin_keskusta.jpg\" target=\"_blank\" rel=\"noopener\"><img decoding=\"async\" style=\"border: 0px none; margin: 5px;\" src=\"\/blog\/wp-content\/uploads\/2006\/thumbs\/thumbs_dusseldorfin_keskusta.jpg\" alt=\"\" \/><\/a><a href=\"\/blog\/wp-content\/uploads\/2006\/dusseldorf.jpg\" target=\"_blank\" rel=\"noopener\"><img decoding=\"async\" style=\"border: 0px none; margin: 5px;\" src=\"\/blog\/wp-content\/uploads\/2006\/thumbs\/thumbs_dusseldorf.jpg\" alt=\"\" \/><\/a><\/p>\n<p style=\"text-align: center;\"><em>360-asteen maisemat Rheinturmista yli D\u00fcsseldorfin<\/em><\/p>\n<p style=\"text-align: justify;\">Maisemakatsauksen j\u00e4lkeen k\u00e4velimme jokirantaa l\u00e4heiseen D\u00fcsseldorfin vanhaan kaupunkiin. Siell\u00e4 porukka hajosi ruokailun ajaksi osiin ja me k\u00e4vimme sy\u00f6m\u00e4ss\u00e4 mainioksi osoittautuneessa thai-ravintolassa. Kadulla on my\u00f6s muita kivalta n\u00e4ytt\u00e4neit\u00e4 ravintoloita. Yhteens\u00e4 kadun varrella on kiinni toisissaan kymmeni\u00e4 ruokaravintoloita, jotka n\u00e4yttiv\u00e4t tarjoavan monenlaisten keitti\u00f6iden herkkuja.<\/p>\n<p style=\"text-align: center;\"><a href=\"\/blog\/wp-content\/uploads\/2006\/dusselin_vanhaa_kaupunkia.jpg\" target=\"_blank\" rel=\"noopener\"><img decoding=\"async\" style=\"border: 0px none; margin: 5px;\" src=\"\/blog\/wp-content\/uploads\/2006\/dusselin_vanhaa_kaupunkia.jpg\" alt=\"\" \/><\/a><\/p>\n<p style=\"text-align: center;\"><em>Aukio vanhassa kaupungissa<\/em><\/p>\n<p style=\"text-align: justify;\">Lounaan j\u00e4lkeen oli aika tarkistaa kaupungin ostoskadut. Kuuluisa <em>K\u00f6ningsallee<\/em> oli kapeampi kuin odotimme, mutta kyll\u00e4 kadulla pituutta ja liikkeit\u00e4 piisasi (kaikki kalliit <em>Guccit<\/em> ja muut l\u00f6ytyy). Asia joka pisti K\u00f6nigsalleen varrella silm\u00e4\u00e4n oli kalliiden autojen huomattava m\u00e4\u00e4r\u00e4 kadulla. <a title=\"Porschen ratissa\" href=\"https:\/\/www.vuosiamaailmalla.fi\/blog\/2011\/porschen-ratissa\/\"><em>Porscheja<\/em><\/a> oli varmaankin kymmeni\u00e4 ja suuria <a title=\"BMW M6 Cabriolet\" href=\"https:\/\/www.vuosiamaailmalla.fi\/blog\/2011\/bmw-m6-cabriolet\/\">M-bemareita<\/a> sek\u00e4 muita hieman normaalista poikkeavia autoja, kyll\u00e4 riitti. Katu lienee kaupungin rikkaiden mulkeroiden n\u00e4ytt\u00e4ytymispaikka. Saksalaisille urheiluautot on muutenkin joku must have juttu. Joskus tuntuu, ett\u00e4 joka toisessa liikennevalossa j\u00f6k\u00f6tt\u00e4\u00e4 odottamassa joku <a title=\"Halki Ruotsin sek\u00e4 kes\u00e4loma roadsterilla\" href=\"https:\/\/www.vuosiamaailmalla.fi\/blog\/2011\/halki-ruotsin-seka-kesaloma-roadsterilla\/\"><em>BMW Z4<\/em><\/a> tai pieni Porsche. Ja naisille t\u00e4k\u00e4l\u00e4iset ostavat kauppakassiksi jonkun hervottoman <em>BMW X5<\/em> kaupunkimaasturin. Saksassa tuleekin koko bemarin ja Audin mallistot tutuksi hyvin nopeasti.<\/p>\n<p style=\"text-align: center;\"><a href=\"\/blog\/wp-content\/uploads\/2006\/konigsallee.jpg\" target=\"_blank\" rel=\"noopener\"><img decoding=\"async\" style=\"border: 0px none; margin: 5px;\" src=\"\/blog\/wp-content\/uploads\/2006\/konigsallee.jpg\" alt=\"\" \/><\/a><\/p>\n<p style=\"text-align: center;\"><em>Yleellinen K\u00f6nigsallee<\/em><\/p>\n<p style=\"text-align: justify;\">Vierailimme my\u00f6s Sevensin kauppakeskuksessa, joka oli kyll\u00e4 uskomaton, mutta melkoisen rasittava paikka. 7-kerroksisen (josta kaiketi nimi) todella modernin kauppakeskuksen rullaportaiden suunnittelu oli hyvin ep\u00e4k\u00e4yt\u00e4nn\u00f6llinen, mutta varmasti liikkeiden asiakasvirroille suotuisa. Jokaisesta kerroksesta alas tai yl\u00f6s p\u00e4\u00e4st\u00e4kseen oli aina pakko k\u00e4vell\u00e4 rakennuksen toiselle puolelle rullaportaille. Niinp\u00e4 niin.<\/p>\n<p style=\"text-align: center;\"><a href=\"\/blog\/wp-content\/uploads\/2006\/sevens_kauppakeskus.jpg\" target=\"_blank\" rel=\"noopener\"><img decoding=\"async\" style=\"border: 0px none; margin: 5px;\" src=\"\/blog\/wp-content\/uploads\/2006\/thumbs\/thumbs_sevens_kauppakeskus.jpg\" alt=\"\" \/><\/a><\/p>\n<p style=\"text-align: center;\"><em>Mutkikas Sevens<\/em><\/p>\n<p style=\"text-align: justify;\">D\u00fcsseliin on kyll\u00e4 keskittynyt paljon liikkeit\u00e4 ja koko kaupunki tuntuu muutenkin voimakkaasti kehittyv\u00e4lt\u00e4. Eip\u00e4 sit\u00e4 tied\u00e4 vaikka sit\u00e4 tulisi opintojakson j\u00e4lkeen yritetty\u00e4 saada t\u00f6it\u00e4 silt\u00e4 seudulta? Silloin pit\u00e4isi varmaan my\u00f6s muuttaa kaupunkiin, mink\u00e4 my\u00f6t\u00e4 siihen tulisi varmasti paremmin tutustuttua. Katsotaan nyt, sellainen kun riippuu niin monesta asiasta. Ja katsotaan nyt ensiksi my\u00f6s milt\u00e4 se K\u00f6ln ensi <a title=\"Ensimm\u00e4ist\u00e4 kertaa K\u00f6lniss\u00e4\" href=\"https:\/\/www.vuosiamaailmalla.fi\/blog\/2006\/ensimmaista-kertaa-kolnissa\/\">viikonlopun reissulla<\/a> n\u00e4ytt\u00e4\u00e4&#8230;<\/p>\n","protected":false},"excerpt":{"rendered":"<p>Yhdeks\u00e4s p\u00e4iv\u00e4 Saksassa on nyt takana. T\u00e4ll\u00e4 viikolla alkoi Dortmundin yliopistolla kuukauden mittainen orientaatiojakso sek\u00e4 saksan intensiivikurssi. Meno kurssilla on ihan mielenkiintoista ja kummasti sit\u00e4 vaan muistuu mieleen yl\u00e4asteen ja lukion saksankursseilla opittua. Uuttakin oppii koko ajan, kun kaikki opetus kurssilla on saksaksi.<\/p>\n","protected":false},"author":1,"featured_media":13345,"comment_status":"open","ping_status":"open","sticky":false,"template":"","format":"standard","meta":{"_jetpack_memberships_contains_paid_content":false,"footnotes":""},"categories":[18,3,7,252,10],"tags":[34,100,190,254],"class_list":["post-1283","post","type-post","status-publish","format-standard","has-post-thumbnail","hentry","category-arki-saksassa","category-arki-ulkomailla","category-matkakertomukset","category-opiskelu-saksassa","category-saksa","tag-arki","tag-dusseldorf","tag-saksa","tag-vaihto-opiskelu"],"jetpack_featured_media_url":"https:\/\/www.vuosiamaailmalla.fi\/blog\/wp-content\/uploads\/mediakeskittyma_rheinturmista_banner-1.jpg","jetpack_sharing_enabled":true,"_links":{"self":[{"href":"https:\/\/www.vuosiamaailmalla.fi\/blog\/wp-json\/wp\/v2\/posts\/1283","targetHints":{"allow":["GET"]}}],"collection":[{"href":"https:\/\/www.vuosiamaailmalla.fi\/blog\/wp-json\/wp\/v2\/posts"}],"about":[{"href":"https:\/\/www.vuosiamaailmalla.fi\/blog\/wp-json\/wp\/v2\/types\/post"}],"author":[{"embeddable":true,"href":"https:\/\/www.vuosiamaailmalla.fi\/blog\/wp-json\/wp\/v2\/users\/1"}],"replies":[{"embeddable":true,"href":"https:\/\/www.vuosiamaailmalla.fi\/blog\/wp-json\/wp\/v2\/comments?post=1283"}],"version-history":[{"count":2,"href":"https:\/\/www.vuosiamaailmalla.fi\/blog\/wp-json\/wp\/v2\/posts\/1283\/revisions"}],"predecessor-version":[{"id":13346,"href":"https:\/\/www.vuosiamaailmalla.fi\/blog\/wp-json\/wp\/v2\/posts\/1283\/revisions\/13346"}],"wp:featuredmedia":[{"embeddable":true,"href":"https:\/\/www.vuosiamaailmalla.fi\/blog\/wp-json\/wp\/v2\/media\/13345"}],"wp:attachment":[{"href":"https:\/\/www.vuosiamaailmalla.fi\/blog\/wp-json\/wp\/v2\/media?parent=1283"}],"wp:term":[{"taxonomy":"category","embeddable":true,"href":"https:\/\/www.vuosiamaailmalla.fi\/blog\/wp-json\/wp\/v2\/categories?post=1283"},{"taxonomy":"post_tag","embeddable":true,"href":"https:\/\/www.vuosiamaailmalla.fi\/blog\/wp-json\/wp\/v2\/tags?post=1283"}],"curies":[{"name":"wp","href":"https:\/\/api.w.org\/{rel}","templated":true}]}}