{"id":12872,"date":"2022-10-29T15:38:10","date_gmt":"2022-10-29T22:38:10","guid":{"rendered":"https:\/\/www.vuosiamaailmalla.fi\/blog\/?p=12872"},"modified":"2022-10-29T15:38:10","modified_gmt":"2022-10-29T22:38:10","slug":"koko-perheen-kiitospaiva-uclueletissa","status":"publish","type":"post","link":"https:\/\/www.vuosiamaailmalla.fi\/blog\/2022\/koko-perheen-kiitospaiva-uclueletissa\/","title":{"rendered":"Koko perheen kiitosp\u00e4iv\u00e4 Uclueletissa"},"content":{"rendered":"<p style=\"text-align: justify;\">Kanadassa lokakuun alussa vietett\u00e4v\u00e4 <a title=\"Sekavat pyh\u00e4p\u00e4iv\u00e4t\" href=\"https:\/\/www.vuosiamaailmalla.fi\/blog\/2019\/sekavat-pyhapaivat\/\">kiitosp\u00e4iv\u00e4<\/a> on vuoden merkitt\u00e4vimpi\u00e4 perhejuhlia. Tuolloin poissa kotoa asuvat lapset matkaavat yleens\u00e4 kotiin vanhempiensa luokse viett\u00e4m\u00e4\u00e4n yhteist\u00e4 aikaa sek\u00e4 nauttimaan sunnuntai-iltana sy\u00f6t\u00e4v\u00e4st\u00e4 kalkkuna-ateriasta. Viikonlopun yhteyteen ajoittuva juhla tarkoittaa my\u00f6s pitk\u00e4\u00e4 viikonloppua, seuraavan maanantain ollessa aina vapaa.<\/p>\n<p><!--more--><\/p>\n<p style=\"text-align: justify;\">Meille <a title=\"Thanksgiving Day\" href=\"https:\/\/www.vuosiamaailmalla.fi\/blog\/2012\/thanksgiving-day\/\"><em>Thankgiving Day<\/em><\/a> on ollut yleens\u00e4 rauhallinen viikonloppu, jota on tullut monena vuotena l\u00e4hdetty\u00e4 nauttimaan <a title=\"Kiitosp\u00e4iv\u00e4 autiolla hiekkarannalla\" href=\"https:\/\/www.vuosiamaailmalla.fi\/blog\/2013\/kiitospaiva-autiolla-hiekkarannalla\/\">jonnekin l\u00e4hialueelle<\/a>. Viime vuonna vietimme kiitosp\u00e4iv\u00e4\u00e4 kauniilla <a title=\"Salt Spring Islandin kiitosp\u00e4iv\u00e4\" href=\"https:\/\/www.vuosiamaailmalla.fi\/blog\/2021\/salt-spring-islandin-kiitospaiva\/\">Salt Spring Islandilla<\/a>, mukanamme luonamme <a title=\"Isovanhemmat vierailulla\" href=\"https:\/\/www.vuosiamaailmalla.fi\/blog\/2021\/isovanhemmat-vierailulla\/\">tuolloin vierailleet<\/a> isovanhemmat. T\u00e4m\u00e4n vuoden suunnitelmaksi muodostui puolestaan l\u00e4hte\u00e4 Vancouverinsaaren l\u00e4nsirannikolle, joka on yksi ehdottomia suosikkipaikkojamme koko British Columbiassa.<\/p>\n<p style=\"text-align: center;\"><a href=\"\/blog\/wp-content\/uploads\/2022\/ucklueletin_satama.jpg\"><img decoding=\"async\" src=\"\/blog\/wp-content\/uploads\/2022\/ucklueletin_satama.jpg\" \/><\/a><\/p>\n<p style=\"text-align: center;\"><em>L\u00e4nsirannikon rentoa meininki\u00e4<\/em><\/p>\n<p style=\"text-align: justify;\">Laskeskelimme ett\u00e4 kyseess\u00e4 oli joko kuudes tai per\u00e4ti seitsem\u00e4s Tofinon ja Uclueletin matkamme, mutta ensimm\u00e4inen kerta <a title=\"Uuden el\u00e4m\u00e4n alku\" href=\"https:\/\/www.vuosiamaailmalla.fi\/blog\/2021\/uuden-elaman-alku\/\">tytt\u00e4rellemme<\/a>. Odotukset tulevaa viikonloppua kohtaan asetettiin yksivuotiaan lapsen kanssa matkaavan tasolle, joten suunnitelmissa ei ollut mit\u00e4\u00e4n sen suurempaa kuin yhdess\u00e4oloa rentouttavissa maisemissa.<\/p>\n<p style=\"text-align: justify;\">Lauttamatka Nanaimoon ja automatka siit\u00e4 Uclueletiin sujuivat hyvin, eik\u00e4 pieni matkalainen valittanut sen suuremmin useasta tunnista autossa. Perill\u00e4 majoituimme Uclueletissa sijaitsevaan hotelliimme, jonka ravintolassa s\u00f6imme hyvin illalla ennen y\u00f6puulle vet\u00e4ytymist\u00e4.<\/p>\n<p style=\"text-align: center;\"><a href=\"\/blog\/wp-content\/uploads\/2022\/black_rock_resortilla1.jpg\"><img decoding=\"async\" src=\"\/blog\/wp-content\/uploads\/2022\/thumbs\/thumbs_black_rock_resortilla1.jpg\" \/><\/a><a href=\"\/blog\/wp-content\/uploads\/2022\/black_rock_resortilla2.jpg\"><img decoding=\"async\" src=\"\/blog\/wp-content\/uploads\/2022\/thumbs\/thumbs_black_rock_resortilla2.jpg\" \/><\/a><\/p>\n<p style=\"text-align: center;\"><em>Y\u00f6paikkamme Black Rock Resort<\/em><\/p>\n<p style=\"text-align: center;\"><a href=\"\/blog\/wp-content\/uploads\/2022\/black_rock_resort_illallinen1.jpg\"><img decoding=\"async\" src=\"\/blog\/wp-content\/uploads\/2022\/thumbs\/thumbs_black_rock_resort_illallinen1.jpg\" \/><\/a><a href=\"\/blog\/wp-content\/uploads\/2022\/black_rock_resort_illallinen2.jpg\"><img decoding=\"async\" src=\"\/blog\/wp-content\/uploads\/2022\/thumbs\/thumbs_black_rock_resort_illallinen2.jpg\" \/><\/a><a href=\"\/blog\/wp-content\/uploads\/2022\/black_rock_resort_illallinen3.jpg\"><img decoding=\"async\" src=\"\/blog\/wp-content\/uploads\/2022\/thumbs\/thumbs_black_rock_resort_illallinen3.jpg\" \/><\/a><\/p>\n<p style=\"text-align: center;\"><em>Herkullinen illallinen<\/em><\/p>\n<p style=\"text-align: justify;\">Seuraava aamu valkeni sumuisen harmaana, mutta kiersimme siit\u00e4 huolimatta aina yht\u00e4 nautinnollisen <em>Wild Pacific Trailin<\/em>. Merelt\u00e4 nousevan kolean sumun keskell\u00e4 tunnelma on omalla tavallaan maaginen, itse meren ollessa sangen tyyni. \u00c4\u00e4nimaailman muodostikin niemimaan k\u00e4rjen majakan <a title=\"Haaksirikkoinen Tofino\" href=\"https:\/\/www.vuosiamaailmalla.fi\/blog\/2016\/haaksirikkoinen-tofino\/\">karikkoisesta rannikosta<\/a> varoittava ajoittainen sumutorvi.<\/p>\n<p style=\"text-align: center;\"><a href=\"\/blog\/wp-content\/uploads\/2022\/wild_pacific_trail_rattailla1.jpg\"><img decoding=\"async\" src=\"\/blog\/wp-content\/uploads\/2022\/thumbs\/thumbs_wild_pacific_trail_rattailla1.jpg\" \/><\/a><a href=\"\/blog\/wp-content\/uploads\/2022\/wild_pacific_trail_rattailla2.jpg\"><img decoding=\"async\" src=\"\/blog\/wp-content\/uploads\/2022\/thumbs\/thumbs_wild_pacific_trail_rattailla2.jpg\" \/><\/a><a href=\"\/blog\/wp-content\/uploads\/2022\/wild_pacific_trail_rattailla3.jpg\"><img decoding=\"async\" src=\"\/blog\/wp-content\/uploads\/2022\/thumbs\/thumbs_wild_pacific_trail_rattailla3.jpg\" \/><\/a><br \/>\n<a href=\"\/blog\/wp-content\/uploads\/2022\/wild_pacific_trail_rattailla5.jpg\"><img decoding=\"async\" src=\"\/blog\/wp-content\/uploads\/2022\/thumbs\/thumbs_wild_pacific_trail_rattailla5.jpg\" \/><\/a><a href=\"\/blog\/wp-content\/uploads\/2022\/wild_pacific_trail_rattailla4.jpg\"><img decoding=\"async\" src=\"\/blog\/wp-content\/uploads\/2022\/thumbs\/thumbs_wild_pacific_trail_rattailla4.jpg\" \/><\/a><\/p>\n<p style=\"text-align: center;\"><em>Aina yht\u00e4 upea Wild Pacific Trail<\/em><\/p>\n<p style=\"text-align: center;\"><a href=\"\/blog\/wp-content\/uploads\/2022\/sumuinen_wild_pacific_trail1.jpg\"><img decoding=\"async\" src=\"\/blog\/wp-content\/uploads\/2022\/thumbs\/thumbs_sumuinen_wild_pacific_trail1.jpg\" \/><\/a><a href=\"\/blog\/wp-content\/uploads\/2022\/sumuinen_wild_pacific_trail2.jpg\"><img decoding=\"async\" src=\"\/blog\/wp-content\/uploads\/2022\/thumbs\/thumbs_sumuinen_wild_pacific_trail2.jpg\" \/><\/a><br \/>\n<a href=\"\/blog\/wp-content\/uploads\/2022\/sumuinen_wild_pacific_trail3.jpg\"><img decoding=\"async\" src=\"\/blog\/wp-content\/uploads\/2022\/thumbs\/thumbs_sumuinen_wild_pacific_trail3.jpg\" \/><\/a><a href=\"\/blog\/wp-content\/uploads\/2022\/sumuinen_wild_pacific_trail4.jpg\"><img decoding=\"async\" src=\"\/blog\/wp-content\/uploads\/2022\/thumbs\/thumbs_sumuinen_wild_pacific_trail4.jpg\" \/><\/a><\/p>\n<p style=\"text-align: center;\"><em>Merisumuinen rannikko<\/em><\/p>\n<p style=\"text-align: justify;\">K\u00e4velyn j\u00e4lkeen ajoimme l\u00e4heiselle <em>Thornton Creek Hatcherylle<\/em> katsomaan josko lohennousu olisi menossa. Edellisell\u00e4 reissullamme hautomo oli koronan vuoksi kiinni, mutta nyt se oli avoinna. Paikalla autosta poistutaan pikimmiten s\u00e4hk\u00f6aitojen sis\u00e4lle, sill\u00e4 vuolas puro houkuttelee paikalle mustakarhuja pyydyst\u00e4m\u00e4\u00e4n yl\u00e4juoksulle pyrkivi\u00e4 lohia.<\/p>\n<p style=\"text-align: center;\"><a href=\"\/blog\/wp-content\/uploads\/2022\/thornton_creek_hatchery2.jpg\"><img decoding=\"async\" src=\"\/blog\/wp-content\/uploads\/2022\/thumbs\/thumbs_thornton_creek_hatchery2.jpg\" \/><\/a><a href=\"\/blog\/wp-content\/uploads\/2022\/thornton_creek_hatchery1.jpg\"><img decoding=\"async\" src=\"\/blog\/wp-content\/uploads\/2022\/thumbs\/thumbs_thornton_creek_hatchery1.jpg\" \/><\/a><br \/>\n<a href=\"\/blog\/wp-content\/uploads\/2022\/thornton_creek_hatchery5.jpg\"><img decoding=\"async\" src=\"\/blog\/wp-content\/uploads\/2022\/thumbs\/thumbs_thornton_creek_hatchery5.jpg\" \/><\/a><a href=\"\/blog\/wp-content\/uploads\/2022\/thornton_creek_hatchery6.jpg\"><img decoding=\"async\" src=\"\/blog\/wp-content\/uploads\/2022\/thumbs\/thumbs_thornton_creek_hatchery6.jpg\" \/><\/a><\/p>\n<p style=\"text-align: center;\"><em>Kalahautomolla<\/em><\/p>\n<p style=\"text-align: justify;\">Lokakuun s\u00e4\u00e4 on ollut kuitenkin enn\u00e4tyksellisen kuiva ja syyssateet ovat l\u00e4hes kuukauden my\u00f6h\u00e4ss\u00e4, joten vedenpinta oli niin alhaalla etteiv\u00e4t lohet yritt\u00e4neet viel\u00e4 nousta puroa yl\u00e4juoksuun. T\u00e4t\u00e4 kolme viikkoa my\u00f6hemmin kirjoittaessa ja rankkojen sateiden alettua, tilanne on varmastikin muuttunut, mutta me emme n\u00e4hneet tuolloin yht\u00e4k\u00e4\u00e4n karhua ja lohiakin n\u00e4imme ainoastaan muutaman. T\u00e4nne pit\u00e4neekin palata joku tuleva vuosi viel\u00e4 kolmannen kerran lohia n\u00e4hd\u00e4kseen.<\/p>\n<p style=\"text-align: center;\"><a href=\"\/blog\/wp-content\/uploads\/2022\/thornton_creek_hatchery3.jpg\"><img decoding=\"async\" src=\"\/blog\/wp-content\/uploads\/2022\/thumbs\/thumbs_thornton_creek_hatchery3.jpg\" \/><\/a><a href=\"\/blog\/wp-content\/uploads\/2022\/thornton_creek_hatchery7.jpg\"><img decoding=\"async\" src=\"\/blog\/wp-content\/uploads\/2022\/thumbs\/thumbs_thornton_creek_hatchery7.jpg\" \/><\/a><a href=\"\/blog\/wp-content\/uploads\/2022\/thornton_creek_hatchery4.jpg\"><img decoding=\"async\" src=\"\/blog\/wp-content\/uploads\/2022\/thumbs\/thumbs_thornton_creek_hatchery4.jpg\" \/><\/a><\/p>\n<p style=\"text-align: center;\"><em>Emme n\u00e4hneet karhuja<\/em><\/p>\n<p style=\"text-align: justify;\">Fionan p\u00e4iv\u00e4unien j\u00e4lkeen k\u00e4vimme tutustumassa paikallisiin leikkikenttiin, joista on tullut kotonakin <a title=\"Kes\u00e4isi\u00e4 seikkailuja\" href=\"https:\/\/www.vuosiamaailmalla.fi\/blog\/2022\/kesaisia-seikkailuja\/\">viikonloppujen ohjelmanumero yksi<\/a>. Illan alkaessa h\u00e4m\u00e4rty\u00e4 palasimme j\u00e4lleen hotellillemme, jossa nautimme nyt maukkaan version kiitosp\u00e4iv\u00e4nillallisesta. Kalkkunaillallisen tekeminen on sen verran ty\u00f6l\u00e4st\u00e4, ett\u00e4 sellaisen nauttiminen ravintolassa on huomattavan paljon k\u00e4tev\u00e4mp\u00e4\u00e4, eik\u00e4 samaa ruokaa tarvitse sy\u00f6d\u00e4 seuraavaa viikkoa.<\/p>\n<p style=\"text-align: center;\"><a href=\"\/blog\/wp-content\/uploads\/2022\/ucklueletin_leikkikentalla2.jpg\"><img decoding=\"async\" src=\"\/blog\/wp-content\/uploads\/2022\/thumbs\/thumbs_ucklueletin_leikkikentalla2.jpg\" \/><\/a><a href=\"\/blog\/wp-content\/uploads\/2022\/ucklueletin_leikkikentalla1.jpg\"><img decoding=\"async\" src=\"\/blog\/wp-content\/uploads\/2022\/thumbs\/thumbs_ucklueletin_leikkikentalla1.jpg\" \/><\/a><\/p>\n<p style=\"text-align: center;\"><em>Leikkikent\u00e4t ovat reissun paras juttu<\/em><\/p>\n<p style=\"text-align: center;\"><a href=\"\/blog\/wp-content\/uploads\/2022\/black_rock_resort_illallinen4.jpg\"><img decoding=\"async\" src=\"\/blog\/wp-content\/uploads\/2022\/thumbs\/thumbs_black_rock_resort_illallinen4.jpg\" \/><\/a><a href=\"\/blog\/wp-content\/uploads\/2022\/black_rock_resort_illallinen5.jpg\"><img decoding=\"async\" src=\"\/blog\/wp-content\/uploads\/2022\/thumbs\/thumbs_black_rock_resort_illallinen5.jpg\" \/><\/a><a href=\"\/blog\/wp-content\/uploads\/2022\/black_rock_resort_illallinen6.jpg\"><img decoding=\"async\" src=\"\/blog\/wp-content\/uploads\/2022\/thumbs\/thumbs_black_rock_resort_illallinen6.jpg\" \/><\/a><\/p>\n<p style=\"text-align: center;\"><em>Kalkkunaillallinen<\/em><\/p>\n<p style=\"text-align: justify;\">Reissumme kolmas p\u00e4iv\u00e4 valkeni puolestaan aurinkoisena, sumun vet\u00e4ydytty\u00e4 kauas ulapalle. Ajoimmekin Tofinoon, jossa sijaitsevat <a title=\"Juhannusvieraita kotopuolesta\" href=\"https:\/\/www.vuosiamaailmalla.fi\/blog\/2013\/juhannusvieraita-kotipuolesta\/\">l\u00e4nsirannikon kuuluisimmat hiekkarannat<\/a>. K\u00e4velimme pitkin Chesterman Beachi\u00e4, jolla oli runsaasti surfaajia sek\u00e4 muita rannalle saapuneita. Tunnelma pitk\u00e4ll\u00e4 ja aavalla hiekkarannalla on jotain ainutlaatuista ja pikkuneitikin jaksoi ihmetell\u00e4 rannalle alati saapuvien aaltojen kohinaa.<\/p>\n<p style=\"text-align: center;\"><a href=\"\/blog\/wp-content\/uploads\/2022\/chesterman_beachilla1.jpg\"><img decoding=\"async\" src=\"\/blog\/wp-content\/uploads\/2022\/thumbs\/thumbs_chesterman_beachilla1.jpg\" \/><\/a><a href=\"\/blog\/wp-content\/uploads\/2022\/chesterman_beachilla4.jpg\"><img decoding=\"async\" src=\"\/blog\/wp-content\/uploads\/2022\/thumbs\/thumbs_chesterman_beachilla4.jpg\" \/><\/a><br \/>\n<a href=\"\/blog\/wp-content\/uploads\/2022\/chesterman_beachilla2.jpg\"><img decoding=\"async\" src=\"\/blog\/wp-content\/uploads\/2022\/thumbs\/thumbs_chesterman_beachilla2.jpg\" \/><\/a><a href=\"\/blog\/wp-content\/uploads\/2022\/chesterman_beachilla3.jpg\"><img decoding=\"async\" src=\"\/blog\/wp-content\/uploads\/2022\/thumbs\/thumbs_chesterman_beachilla3.jpg\" \/><\/a><\/p>\n<p style=\"text-align: center;\"><em>Kuulas Chesterman Beach<\/em><\/p>\n<p style=\"text-align: justify;\">Vierailimme my\u00f6s itse <a title=\"Ikiaikaisten j\u00e4ttil\u00e4isten Tofino\" href=\"https:\/\/www.vuosiamaailmalla.fi\/blog\/2012\/ikiaikaisten-jattilaisten-tofino\/\">Tofinossa<\/a> yhdell\u00e4 leikkikent\u00e4ll\u00e4, mutta jouduimme toteamaan kyl\u00e4n olevan tupaten t\u00e4ynn\u00e4 turisteja. Se onkin syy miksi tykk\u00e4\u00e4mme yleens\u00e4 majoittua paljon rauhallisemmassa Uclueletissa. Ehk\u00e4 arkiviikolla Tofinokin on rauhallisempi ja siten hyv\u00e4 valinta y\u00f6py\u00e4, mutta nyt kaikkialle joutui jonottamaan ja niinp\u00e4 palasimmekin hotellillemme. Iltasesta Niina k\u00e4vi viel\u00e4 lyhyell\u00e4 k\u00e4velyll\u00e4, minun vahtiessa toisella silm\u00e4ll\u00e4 pikkuneidin p\u00e4iv\u00e4unia.<\/p>\n<p style=\"text-align: center;\"><a href=\"\/blog\/wp-content\/uploads\/2022\/aurinkoinen_ulappa.jpg\"><img decoding=\"async\" src=\"\/blog\/wp-content\/uploads\/2022\/aurinkoinen_ulappa_pieni.jpg\" \/><\/a><\/p>\n<p style=\"text-align: center;\"><em>Kauniilla iltalenkill\u00e4<\/em><\/p>\n<p style=\"text-align: justify;\">Maanantaina oli j\u00e4lleen kotiinpaluun vuoro. Her\u00e4sin aamuy\u00f6st\u00e4 karhealla kurkulla, mutta en ajatellut asiasta sen enemp\u00e4\u00e4. Kuitenkin takaisin kotona minulle nousi pieni kuume ja tuolloin tehty koronatesti vahvisti minut positiiviseksi. Viett\u00e4isinkin seuraavat viisi p\u00e4iv\u00e4\u00e4 yhteen huoneeseen eristettyn\u00e4 mietoja koronaoireita potien, mik\u00e4 olisi todella pitk\u00e4veteist\u00e4, mutta sen ansiosta onneksi kukaan muu perheess\u00e4mme ei onneksi saanut koronaa.<\/p>\n<p style=\"text-align: justify;\">Viikonloppureissumme olikin mukava katkaisu pitk\u00e4lt\u00e4 tuntuneeseen syksyyn, vaikka korona latistikin seuraavalla viikolla tunnelmaa. Vilkkaan matkustusviikonlopun keskell\u00e4 on mahdotonta sanoa mist\u00e4 tartunta tuli saatua, mutta onneksi siit\u00e4 on toivuttu sittemmin t\u00e4ysiss\u00e4 m\u00e4\u00e4rin ja nyt muistot viikonlopusta ovat jo pelk\u00e4st\u00e4\u00e4n positiiviset.<\/p>\n","protected":false},"excerpt":{"rendered":"<p>Kanadassa lokakuun alussa vietett\u00e4v\u00e4 kiitosp\u00e4iv\u00e4 on vuoden merkitt\u00e4vimpi\u00e4 perhejuhlia. Tuolloin poissa kotoa asuvat lapset matkaavat yleens\u00e4 kotiin vanhempiensa luokse viett\u00e4m\u00e4\u00e4n yhteist\u00e4 aikaa sek\u00e4 nauttimaan sunnuntai-iltana sy\u00f6t\u00e4v\u00e4st\u00e4 kalkkuna-ateriasta. Viikonlopun yhteyteen ajoittuva juhla tarkoittaa my\u00f6s pitk\u00e4\u00e4 viikonloppua, seuraavan maanantain ollessa aina vapaa.<\/p>\n","protected":false},"author":1,"featured_media":12873,"comment_status":"open","ping_status":"closed","sticky":false,"template":"","format":"standard","meta":{"_jetpack_memberships_contains_paid_content":false,"footnotes":""},"categories":[9,7],"tags":[25,1736,935,1487,936,298,1735,957,958,955,959],"class_list":["post-12872","post","type-post","status-publish","format-standard","has-post-thumbnail","hentry","category-kanada","category-matkakertomukset","tag-ajankohtaista","tag-chesterman-beach","tag-kanada","tag-koronavirus","tag-ravintolat","tag-thanksgiving-day","tag-thornton-creek-hatchery","tag-tofino","tag-ucluelet","tag-vancouverinsaari","tag-wild-pacific-trail"],"jetpack_featured_media_url":"https:\/\/www.vuosiamaailmalla.fi\/blog\/wp-content\/uploads\/wild_pacific_trail_rattailla_banner.jpg","jetpack_sharing_enabled":true,"_links":{"self":[{"href":"https:\/\/www.vuosiamaailmalla.fi\/blog\/wp-json\/wp\/v2\/posts\/12872","targetHints":{"allow":["GET"]}}],"collection":[{"href":"https:\/\/www.vuosiamaailmalla.fi\/blog\/wp-json\/wp\/v2\/posts"}],"about":[{"href":"https:\/\/www.vuosiamaailmalla.fi\/blog\/wp-json\/wp\/v2\/types\/post"}],"author":[{"embeddable":true,"href":"https:\/\/www.vuosiamaailmalla.fi\/blog\/wp-json\/wp\/v2\/users\/1"}],"replies":[{"embeddable":true,"href":"https:\/\/www.vuosiamaailmalla.fi\/blog\/wp-json\/wp\/v2\/comments?post=12872"}],"version-history":[{"count":2,"href":"https:\/\/www.vuosiamaailmalla.fi\/blog\/wp-json\/wp\/v2\/posts\/12872\/revisions"}],"predecessor-version":[{"id":12875,"href":"https:\/\/www.vuosiamaailmalla.fi\/blog\/wp-json\/wp\/v2\/posts\/12872\/revisions\/12875"}],"wp:featuredmedia":[{"embeddable":true,"href":"https:\/\/www.vuosiamaailmalla.fi\/blog\/wp-json\/wp\/v2\/media\/12873"}],"wp:attachment":[{"href":"https:\/\/www.vuosiamaailmalla.fi\/blog\/wp-json\/wp\/v2\/media?parent=12872"}],"wp:term":[{"taxonomy":"category","embeddable":true,"href":"https:\/\/www.vuosiamaailmalla.fi\/blog\/wp-json\/wp\/v2\/categories?post=12872"},{"taxonomy":"post_tag","embeddable":true,"href":"https:\/\/www.vuosiamaailmalla.fi\/blog\/wp-json\/wp\/v2\/tags?post=12872"}],"curies":[{"name":"wp","href":"https:\/\/api.w.org\/{rel}","templated":true}]}}