{"id":12883,"date":"2022-11-05T13:46:14","date_gmt":"2022-11-05T20:46:14","guid":{"rendered":"https:\/\/www.vuosiamaailmalla.fi\/blog\/?p=12883"},"modified":"2022-11-05T19:51:38","modified_gmt":"2022-11-06T02:51:38","slug":"myrskyinen-halloween-viikko","status":"publish","type":"post","link":"https:\/\/www.vuosiamaailmalla.fi\/blog\/2022\/myrskyinen-halloween-viikko\/","title":{"rendered":"Myrskyinen halloween-viikko"},"content":{"rendered":"<p style=\"text-align: justify;\">Lokakuun viimeisen\u00e4 p\u00e4iv\u00e4n\u00e4 juhlittava <em>halloween<\/em> osui t\u00e4n\u00e4 vuonna maanantaihin. Pohjois-Amerikassa vuoden suosituimpiin <a title=\"Sekavat pyh\u00e4p\u00e4iv\u00e4t\" href=\"https:\/\/www.vuosiamaailmalla.fi\/blog\/2019\/sekavat-pyhapaivat\/\">arkijuhliin<\/a> kuuluva p\u00e4iv\u00e4 sai j\u00e4lleen miljoona lapset iltasella ulos kodeistaan ja kiert\u00e4m\u00e4\u00e4n naapurustoa karkin tai kepposen merkeiss\u00e4.<\/p>\n<p><!--more--><\/p>\n<p style=\"text-align: center;\"><a href=\"\/blog\/wp-content\/uploads\/2022\/syksyinen_katu.jpg\"><img decoding=\"async\" src=\"\/blog\/wp-content\/uploads\/2022\/syksyinen_katu.jpg\" \/><\/a><\/p>\n<p style=\"text-align: center;\"><em>Syksy on saapunut<\/em><\/p>\n<p style=\"text-align: justify;\">Halloween-illan s\u00e4\u00e4 on aina <a title=\"Sateinen halloween\" href=\"https:\/\/www.vuosiamaailmalla.fi\/blog\/2012\/sateinen-halloween\/\">suuren arvuuttelun aihe<\/a> ja viime vuonna p\u00e4iv\u00e4\u00e4 juhlittiin <a title=\"Halloweenin viettoa Kitsilanossa\" href=\"https:\/\/www.vuosiamaailmalla.fi\/blog\/2021\/halloweeniin-valmistautumista-kitsilanossa\/\">kauniissa keliss\u00e4<\/a>. T\u00e4n\u00e4 vuonna syksy alkoi tosissaan vain muutama viikko sitten, kelin muututtua kuin sormia naksauttamalla rutikuivasta kaatosateiseksi. Illan s\u00e4\u00e4ennuste n\u00e4yttikin aluksi sangen huonolta, mutta jollain ihmeen tuurilla maanantaille osui kuitenkin kaikkien iloksi kolean kuiva keli.<\/p>\n<p style=\"text-align: center;\"><a href=\"\/blog\/wp-content\/uploads\/2022\/halloweenia_burnabyssa2.jpg\"><img decoding=\"async\" src=\"\/blog\/wp-content\/uploads\/2022\/halloweenia_burnabyssa2.jpg\" \/><\/a><\/p>\n<p style=\"text-align: center;\"><em>Halloween on monen suosikkijuhla<\/em><\/p>\n<p style=\"text-align: justify;\">Meist\u00e4 halloween on kyll\u00e4 hauska juhla, mutta siihen ei ole tullut koskaan panostettua sen suuremmin. <a title=\"Uuden el\u00e4m\u00e4n alku\" href=\"https:\/\/www.vuosiamaailmalla.fi\/blog\/2021\/uuden-elaman-alku\/\">Tytt\u00e4remme syntym\u00e4n<\/a> my\u00f6t\u00e4 t\u00e4m\u00e4 tulee varmasti jatkossa muuttumaan, mutta viel\u00e4 t\u00e4n\u00e4 vuonna halloweenin merkitys tai karkki ylip\u00e4\u00e4t\u00e4\u00e4n eiv\u00e4t ole mit\u00e4\u00e4n mit\u00e4 t\u00e4m\u00e4 viel\u00e4 ymm\u00e4rt\u00e4\u00e4, joten j\u00e4timme sen suuremman varustautumisen v\u00e4liin.<\/p>\n<p style=\"text-align: center;\"><a href=\"\/blog\/wp-content\/uploads\/2022\/halloweenia_burnabyssa1.jpg\"><img decoding=\"async\" src=\"\/blog\/wp-content\/uploads\/2022\/thumbs\/thumbs_halloweenia_burnabyssa1.jpg\" \/><\/a><a href=\"\/blog\/wp-content\/uploads\/2022\/halloweenia_burnabyssa3.jpg\"><img decoding=\"async\" src=\"\/blog\/wp-content\/uploads\/2022\/thumbs\/thumbs_halloweenia_burnabyssa3.jpg\" \/><\/a><a href=\"\/blog\/wp-content\/uploads\/2022\/halloweenia_burnabyssa4.jpg\"><img decoding=\"async\" src=\"\/blog\/wp-content\/uploads\/2022\/thumbs\/thumbs_halloweenia_burnabyssa4.jpg\" \/><\/a><\/p>\n<p style=\"text-align: center;\"><em>Koristeltu naapuruston katu<\/em><\/p>\n<p style=\"text-align: justify;\">Kelin ollessa kuitenkin niin hyv\u00e4, l\u00e4hdimme katsastamaan l\u00e4heisen leikkikent\u00e4n l\u00e4hikatujen koristeluita, jotka olivatkin oikein n\u00e4ytt\u00e4v\u00e4t. Ehk\u00e4 ensi vuonna t\u00e4m\u00e4 on alue minne tulla kiert\u00e4m\u00e4\u00e4n, mutta viel\u00e4 t\u00e4n\u00e4 vuonna itse leikkikentt\u00e4 oli illan huipentuma.<\/p>\n<p style=\"text-align: center;\"><a href=\"\/blog\/wp-content\/uploads\/2022\/syksyinen_leikkikentta1.jpg\"><img decoding=\"async\" src=\"\/blog\/wp-content\/uploads\/2022\/thumbs\/thumbs_syksyinen_leikkikentta1.jpg\" \/><\/a><a href=\"\/blog\/wp-content\/uploads\/2022\/syksyinen_leikkikentta2.jpg\"><img decoding=\"async\" src=\"\/blog\/wp-content\/uploads\/2022\/thumbs\/thumbs_syksyinen_leikkikentta2.jpg\" \/><\/a><\/p>\n<p style=\"text-align: center;\"><em>Leikkikent\u00e4ll\u00e4 oli kivaa<\/em><\/p>\n<p style=\"text-align: justify;\">Halloweenin j\u00e4lkeen sateet jatkuivat j\u00e4lleen seuraavana p\u00e4iv\u00e4n\u00e4 ja perjantaina Vancouverin ylitse pyyhkikin voimakas myrskyrintama. Olemme kyll\u00e4 tottuneet <a title=\"Myrskyinen y\u00f6\" href=\"https:\/\/www.vuosiamaailmalla.fi\/blog\/2013\/myrskyinen-yo\/\">taloa heiluttaviin syysmyrskyihin<\/a>, mutta puoleny\u00f6n maissa nurkissa ulvoneet rajut 90km\/h ylitt\u00e4v\u00e4t tuulenpuuskat tuntuivat meist\u00e4 poikkeuksellisen voimakkailta. T\u00e4n\u00e4iset uutiset kertoivatkin kyseess\u00e4 olleen voimakkain myrsky 11 vuoteen eli koko <a title=\"El\u00e4m\u00e4nt\u00e4yteiset 10 vuotta Kanadassa\" href=\"https:\/\/www.vuosiamaailmalla.fi\/blog\/2022\/elamantayteiset-10-vuotta-kanadassa\/\">Vancouverissa asumanamme aikana<\/a>, joten perstuntumamme piti t\u00e4ysin kutinsa.<\/p>\n<p style=\"text-align: center;\"><a href=\"\/blog\/wp-content\/uploads\/2022\/sahkokatkoksia1.jpg\"><img decoding=\"async\" src=\"\/blog\/wp-content\/uploads\/2022\/thumbs\/thumbs_sahkokatkoksia1.jpg\" \/><\/a><\/p>\n<p style=\"text-align: center;\"><em>Laajat s\u00e4hk\u00f6katkokset<\/em><\/p>\n<p style=\"text-align: justify;\">Myrsky heilutti asuinpilvenpiirt\u00e4j\u00e4\u00e4mme usean tunnin ajan niin, ett\u00e4 sein\u00e4n sis\u00e4ss\u00e4 olevat runkorakenteet vain natisivat liitoksissaan. Parvekelasit t\u00e4risiv\u00e4t puuskissa niin voimakkaasti, etten olisi yll\u00e4ttynyt sellaisen hajotessa palasiksi, mutta onneksi myrsky ei kuitenkaan aiheuttanut asunnossamme mit\u00e4\u00e4n vaurioita. Kaatuneiden puiden aiheuttamia laajoja ja yli 200,000 taloutta koskettaneita s\u00e4hk\u00f6katkoksia on silti korjattu koko lauantain. Meill\u00e4 s\u00e4hk\u00f6t pysyiv\u00e4t onneksi p\u00e4\u00e4ll\u00e4, mutta pystyimme y\u00f6ll\u00e4 n\u00e4kem\u00e4\u00e4n ikkunasta miten iso osa It\u00e4-Burnabyst\u00e4 oli pime\u00e4n\u00e4. Melkoinen myr\u00e4kk\u00e4 siis!<\/p>\n<p style=\"text-align: center;\"><a href=\"\/blog\/wp-content\/uploads\/2022\/sahkokatkoksia2.jpg\"><img decoding=\"async\" src=\"\/blog\/wp-content\/uploads\/2022\/sahkokatkoksia2.jpg\" \/><\/a><\/p>\n<p style=\"text-align: center;\"><em>It\u00e4-Burnaby pime\u00e4n\u00e4<\/em><\/p>\n","protected":false},"excerpt":{"rendered":"<p>Lokakuun viimeisen\u00e4 p\u00e4iv\u00e4n\u00e4 juhlittava halloween osui t\u00e4n\u00e4 vuonna maanantaihin. Pohjois-Amerikassa vuoden suosituimpiin arkijuhliin kuuluva p\u00e4iv\u00e4 sai j\u00e4lleen miljoona lapset iltasella ulos kodeistaan ja kiert\u00e4m\u00e4\u00e4n naapurustoa karkin tai kepposen merkeiss\u00e4.<\/p>\n","protected":false},"author":1,"featured_media":12886,"comment_status":"open","ping_status":"closed","sticky":false,"template":"","format":"standard","meta":{"_jetpack_memberships_contains_paid_content":false,"footnotes":""},"categories":[17,3,1621],"tags":[25,34,77,388,935,299,270],"class_list":["post-12883","post","type-post","status-publish","format-standard","has-post-thumbnail","hentry","category-arki-kanadassa","category-arki-ulkomailla","category-perhe-kanadassa","tag-ajankohtaista","tag-arki","tag-burnaby","tag-halloween","tag-kanada","tag-syksy","tag-saa"],"jetpack_featured_media_url":"https:\/\/www.vuosiamaailmalla.fi\/blog\/wp-content\/uploads\/halloweenia_burnabyssa_banner.jpg","jetpack_sharing_enabled":true,"_links":{"self":[{"href":"https:\/\/www.vuosiamaailmalla.fi\/blog\/wp-json\/wp\/v2\/posts\/12883","targetHints":{"allow":["GET"]}}],"collection":[{"href":"https:\/\/www.vuosiamaailmalla.fi\/blog\/wp-json\/wp\/v2\/posts"}],"about":[{"href":"https:\/\/www.vuosiamaailmalla.fi\/blog\/wp-json\/wp\/v2\/types\/post"}],"author":[{"embeddable":true,"href":"https:\/\/www.vuosiamaailmalla.fi\/blog\/wp-json\/wp\/v2\/users\/1"}],"replies":[{"embeddable":true,"href":"https:\/\/www.vuosiamaailmalla.fi\/blog\/wp-json\/wp\/v2\/comments?post=12883"}],"version-history":[{"count":4,"href":"https:\/\/www.vuosiamaailmalla.fi\/blog\/wp-json\/wp\/v2\/posts\/12883\/revisions"}],"predecessor-version":[{"id":12890,"href":"https:\/\/www.vuosiamaailmalla.fi\/blog\/wp-json\/wp\/v2\/posts\/12883\/revisions\/12890"}],"wp:featuredmedia":[{"embeddable":true,"href":"https:\/\/www.vuosiamaailmalla.fi\/blog\/wp-json\/wp\/v2\/media\/12886"}],"wp:attachment":[{"href":"https:\/\/www.vuosiamaailmalla.fi\/blog\/wp-json\/wp\/v2\/media?parent=12883"}],"wp:term":[{"taxonomy":"category","embeddable":true,"href":"https:\/\/www.vuosiamaailmalla.fi\/blog\/wp-json\/wp\/v2\/categories?post=12883"},{"taxonomy":"post_tag","embeddable":true,"href":"https:\/\/www.vuosiamaailmalla.fi\/blog\/wp-json\/wp\/v2\/tags?post=12883"}],"curies":[{"name":"wp","href":"https:\/\/api.w.org\/{rel}","templated":true}]}}