{"id":12965,"date":"2022-12-31T11:54:41","date_gmt":"2022-12-31T19:54:41","guid":{"rendered":"https:\/\/www.vuosiamaailmalla.fi\/blog\/?p=12965"},"modified":"2025-12-14T14:05:48","modified_gmt":"2025-12-14T22:05:48","slug":"luminen-joulu-vieraiden-seurassa","status":"publish","type":"post","link":"https:\/\/www.vuosiamaailmalla.fi\/blog\/2022\/luminen-joulu-vieraiden-seurassa\/","title":{"rendered":"Luminen joulu vieraiden seurassa"},"content":{"rendered":"<p style=\"text-align: justify;\">Joululoma tarjoaa normaalisti hyv\u00e4\u00e4 aikaa kirjoittaa sek\u00e4 <a title=\"Blogin viides sukupolvi\" href=\"https:\/\/www.vuosiamaailmalla.fi\/blog\/2021\/blogin-viides-sukupolvi-5-0\/\">s\u00e4\u00e4t\u00e4\u00e4 blogia<\/a>, mutta t\u00e4n\u00e4 vuonna ehdin kirjoittamaan ohikiit\u00e4neest\u00e4 joulusta vasta n\u00e4in j\u00e4lkik\u00e4teen. Syyn\u00e4 t\u00e4h\u00e4n ei ole, ett\u00e4 kyseess\u00e4 oli jo <a title=\"Ensimm\u00e4inen joulu Kanadassa\" href=\"https:\/\/www.vuosiamaailmalla.fi\/blog\/2018\/ensimmainen-joulu-kanadassa\/\">nelj\u00e4s joulumme<\/a> Kanadassa, vaan joulua kanssamme viett\u00e4neet vieraat, joiden seurassa pyh\u00e4p\u00e4iv\u00e4t kuluivat nopeaan.<\/p>\n<p><!--more--><\/p>\n<p style=\"text-align: justify;\">Joulun odotus aloitettiin perinteiseen tapaan jo hyviss\u00e4 ajoin ja sek\u00e4 joulukuusi ett\u00e4 -koristeet kaivettiin esiin jo joulukuun alussa. Lapsena joulukuu tuntui aina erityisen pitk\u00e4lt\u00e4 kuukaudelta, mutta n\u00e4in aikuisena kuukausi vilist\u00e4\u00e4 ohitse ja ennen kuin tiesimmek\u00e4\u00e4n, olivat Niinan vanhemmat saapuneet jo luoksemme.<\/p>\n<p style=\"text-align: center;\"><a href=\"\/blog\/wp-content\/uploads\/2022\/joulupoyta1.jpg\"><img decoding=\"async\" src=\"\/blog\/wp-content\/uploads\/2022\/thumbs\/thumbs_joulupoyta1.jpg\" \/><\/a><a href=\"\/blog\/wp-content\/uploads\/2022\/joulu_on_taalla1.jpg\"><img decoding=\"async\" src=\"\/blog\/wp-content\/uploads\/2022\/thumbs\/thumbs_joulu_on_taalla1.jpg\" \/><\/a><a href=\"\/blog\/wp-content\/uploads\/2022\/joulu_on_taalla2.jpg\"><img decoding=\"async\" src=\"\/blog\/wp-content\/uploads\/2022\/thumbs\/thumbs_joulu_on_taalla2.jpg\" \/><\/a><\/p>\n<p style=\"text-align: center;\"><em>Joulun saapuminen yll\u00e4tti kaikki<\/em><\/p>\n<p style=\"text-align: justify;\">T\u00e4m\u00e4nvuotinen talvi on ollut keleilt\u00e4\u00e4n poikkeuksellinen ja Vancouverissa on saatu jo kolmeen otteeseen merkitt\u00e4v\u00e4sti lunta. Ensimm\u00e4inen lumi satoi jo marraskuun lopussa, mutta todellisen kaaoksen aiheutti joulunkuun alun sankka lumituisku. Se puuroutti liikenteen niin pahoin, ett\u00e4 sadat ihmiset joutuivat<strong> y\u00f6pym\u00e4\u00e4n<\/strong> autoissaan pahasti tukkeutuneilla moottoriteill\u00e4 esimerkiksi t\u00e4ysin j\u00e4\u00e4tyneen <a title=\"Alex Fraser Bridge sai vetoketjun\" href=\"https:\/\/www.vuosiamaailmalla.fi\/blog\/2019\/alex-fraser-bridge-sai-vetoketjun\/\"><em>Alex Fraser Bridgen<\/em><\/a> liepeill\u00e4. Vaikka t\u00e4llaista tapahtuukin <a title=\"Jumissa Coquihalla Highwaylla\" href=\"https:\/\/www.vuosiamaailmalla.fi\/blog\/2017\/8940\/\">toisinaan vuoristossa<\/a>, oli kyseess\u00e4\u00a0 todella poikkeuksellisesta tapahtumasta keskell\u00e4 kaupunkialuetta!<\/p>\n<p style=\"text-align: justify;\">Kaikkein pahin lumimyr\u00e4kk\u00e4 saatiin kuitenkin vasta aivan ennen joulua, kun 20. p\u00e4iv\u00e4n aamuy\u00f6ll\u00e4 tuiskutti 30cm tuoretta puuterilunta, pakkasen paukkuessa rapeassa -10 asteessa. T\u00e4k\u00e4l\u00e4isitt\u00e4in poikkeuksellisen ankarat olosuhteet aiheuttivat <a title=\"Vancouverin lentokentt\u00e4 uusille miljoonaluvuille\" href=\"https:\/\/www.vuosiamaailmalla.fi\/blog\/2016\/vancouverin-lentokentta-uusille-miljoonaluvuille\/\">Vancouverin lentokent\u00e4n<\/a> t\u00e4ydellisen seisahtumisen, kun lunta ei saatu poistettua samaa vauhtia kun uutta satoi ja niinp\u00e4 koko lentoliikenne jouduttiin pys\u00e4ytt\u00e4m\u00e4\u00e4n. T\u00e4ll\u00e4 oli suuria vaikutuksia, sill\u00e4 kyseess\u00e4 olivat joulun kiireisin matkustusp\u00e4iv\u00e4, kymmenientuhansien pyrkiess\u00e4 matkustamaan jouluksi perheidens\u00e4 luokse.<\/p>\n<p style=\"text-align: center;\"><a href=\"\/blog\/wp-content\/uploads\/2022\/luminen_joulunalus1.jpg\"><img decoding=\"async\" src=\"\/blog\/wp-content\/uploads\/2022\/thumbs\/thumbs_luminen_joulunalus1.jpg\" \/><\/a><a href=\"\/blog\/wp-content\/uploads\/2022\/luminen_joulunalus2.jpg\"><img decoding=\"async\" src=\"\/blog\/wp-content\/uploads\/2022\/thumbs\/thumbs_luminen_joulunalus2.jpg\" \/><\/a><a href=\"\/blog\/wp-content\/uploads\/2022\/luminen_joulunalus3.jpg\"><img decoding=\"async\" src=\"\/blog\/wp-content\/uploads\/2022\/thumbs\/thumbs_luminen_joulunalus3.jpg\" \/><\/a><\/p>\n<p style=\"text-align: center;\"><em>Paksut hanget juuri joulun alla<\/em><\/p>\n<p style=\"text-align: justify;\">Kaaoksen alussa lentokoneita p\u00e4\u00e4si viel\u00e4 saapumaan kent\u00e4lle, mutta niit\u00e4 ei p\u00e4\u00e4ssyt l\u00e4htem\u00e4\u00e4n, joten kiitoradat ja terminaalit tukkeutuivat koneista ja lentokentt\u00e4 joutuikin tekem\u00e4\u00e4n poikkeuksellisen p\u00e4\u00e4t\u00f6ksen kielt\u00e4\u00e4 lentojen saapuminen kahdeksi vuorokaudeksi l\u00e4hes kokonaan, sekoittaen ihmisten matkasuunnitelmat.<\/p>\n<p style=\"text-align: justify;\">Vieraidemme piti saapua juuri tuon 20. p\u00e4iv\u00e4n iltap\u00e4iv\u00e4ll\u00e4, mutta jatkolento <a title=\"Mahtava Dallas\" href=\"https:\/\/www.vuosiamaailmalla.fi\/blog\/2014\/mahtava-dallas\/\">Dallasista<\/a> peruuntui s\u00e4\u00e4n vuoksi ja vieraat joutuivat y\u00f6pym\u00e4\u00e4n Dallasin lentokent\u00e4ll\u00e4. Onneksi uusi lento j\u00e4rjestyi heti seuraavaksi aamuksi ja se olikin yksi ensimm\u00e4isist\u00e4, joka p\u00e4\u00e4si saapumaan kaaoksen keskelle Vancouveriin. Joululahjoja t\u00e4ynn\u00e4 olevat matkalaukutkin saapuivat kaikki ajallaan, mik\u00e4 oli oikea joulun ihme!<\/p>\n<p style=\"text-align: justify;\">Pitk\u00e4n matkan j\u00e4lkeen v\u00e4syneiden vieraidemme ei onneksi tarvinnut tehd\u00e4 muuta kuin nauttia tytt\u00e4remme leikkis\u00e4st\u00e4 seurasta. Ihailtavaa riitti my\u00f6s kerrassaan upeissa ja hyisen kylmist\u00e4 talvimaisemissa, jotka avautuivat asunnostamme. Keli oli kerrassaan jouluinen.<\/p>\n<p style=\"text-align: center;\"><a href=\"\/blog\/wp-content\/uploads\/2022\/luminen_aamumaisema_panoraama.jpg\"><img decoding=\"async\" src=\"\/blog\/wp-content\/uploads\/2022\/luminen_aamumaisema_panoraama_pieni.jpg\" \/><\/a><\/p>\n<p style=\"text-align: center;\"><em>Kaunis talviaamu<\/em><\/p>\n<p style=\"text-align: center;\"><a href=\"\/blog\/wp-content\/uploads\/2022\/luminen_aamumaisema4.jpg\"><img decoding=\"async\" src=\"\/blog\/wp-content\/uploads\/2022\/luminen_aamumaisema4.jpg\" \/><\/a><\/p>\n<p style=\"text-align: center;\"><a href=\"\/blog\/wp-content\/uploads\/2022\/luminen_aamumaisema2.jpg\"><img decoding=\"async\" src=\"\/blog\/wp-content\/uploads\/2022\/thumbs\/thumbs_luminen_aamumaisema2.jpg\" \/><\/a><a href=\"\/blog\/wp-content\/uploads\/2022\/luminen_aamumaisema3.jpg\"><img decoding=\"async\" src=\"\/blog\/wp-content\/uploads\/2022\/thumbs\/thumbs_luminen_aamumaisema3.jpg\" \/><\/a><a href=\"\/blog\/wp-content\/uploads\/2022\/luminen_aamumaisema1.jpg\"><img decoding=\"async\" src=\"\/blog\/wp-content\/uploads\/2022\/thumbs\/thumbs_luminen_aamumaisema1.jpg\" \/><\/a><\/p>\n<p style=\"text-align: center;\"><em>Brentwoodin rakennusprojekteja<\/em><\/p>\n<p style=\"text-align: center;\"><em><a href=\"\/blog\/wp-content\/uploads\/2022\/luminen_parvekemaisema_panoraama.jpg\"><img decoding=\"async\" src=\"\/blog\/wp-content\/uploads\/2022\/luminen_parvekemaisema_panoraama_pieni.jpg\" \/><\/a><\/em><\/p>\n<p style=\"text-align: center;\"><em>Keskip\u00e4iv\u00e4n aurinko<\/em><\/p>\n<p style=\"text-align: center;\"><a href=\"\/blog\/wp-content\/uploads\/2022\/luminen_iltamaisema_panoraama.jpg\"><img decoding=\"async\" src=\"\/blog\/wp-content\/uploads\/2022\/luminen_iltamaisema_panoraama_pieni.jpg\" \/><\/a><\/p>\n<p style=\"text-align: center;\"><em>Talvinen ilta laskeutuu<\/em><\/p>\n<p style=\"text-align: center;\"><a href=\"\/blog\/wp-content\/uploads\/2022\/luminen_iltamaisema1.jpg\"><img decoding=\"async\" src=\"\/blog\/wp-content\/uploads\/2022\/thumbs\/thumbs_luminen_iltamaisema1.jpg\" \/><\/a><a href=\"\/blog\/wp-content\/uploads\/2022\/luminen_iltamaisema2.jpg\"><img decoding=\"async\" src=\"\/blog\/wp-content\/uploads\/2022\/thumbs\/thumbs_luminen_iltamaisema2.jpg\" \/><\/a><\/p>\n<p style=\"text-align: justify;\">Seuraavana aamuna suuntasimme hyisess\u00e4 -12 asteen pakkasessa Granville Islandille, miss\u00e4 sijaitseva lihakauppa on luottopaikkamme ostaa joulukinkku. Saarella oli kylm\u00e4st\u00e4 kelist\u00e4 johtuen eritt\u00e4in hiljaista, joskin kauppahallin sis\u00e4ll\u00e4 oli jonkin verran jouluista ihmisvilin\u00e4\u00e4.<\/p>\n<p style=\"text-align: center;\"><a href=\"\/blog\/wp-content\/uploads\/2022\/luminen_granville_island1.jpg\"><img decoding=\"async\" src=\"\/blog\/wp-content\/uploads\/2022\/thumbs\/thumbs_luminen_granville_island1.jpg\" \/><\/a><a href=\"\/blog\/wp-content\/uploads\/2022\/luminen_granville_island6.jpg\"><img decoding=\"async\" src=\"\/blog\/wp-content\/uploads\/2022\/thumbs\/thumbs_luminen_granville_island6.jpg\" \/><\/a><a href=\"\/blog\/wp-content\/uploads\/2022\/luminen_granville_island7.jpg\"><img decoding=\"async\" src=\"\/blog\/wp-content\/uploads\/2022\/thumbs\/thumbs_luminen_granville_island7.jpg\" \/><\/a><br \/>\n<a href=\"\/blog\/wp-content\/uploads\/2022\/luminen_granville_island2.jpg\"><img decoding=\"async\" src=\"\/blog\/wp-content\/uploads\/2022\/thumbs\/thumbs_luminen_granville_island2.jpg\" \/><\/a><a href=\"\/blog\/wp-content\/uploads\/2022\/luminen_granville_island5.jpg\"><img decoding=\"async\" src=\"\/blog\/wp-content\/uploads\/2022\/thumbs\/thumbs_luminen_granville_island5.jpg\" \/><\/a><a href=\"\/blog\/wp-content\/uploads\/2022\/luminen_granville_island4.jpg\"><img decoding=\"async\" src=\"\/blog\/wp-content\/uploads\/2022\/thumbs\/thumbs_luminen_granville_island4.jpg\" \/><\/a><\/p>\n<p style=\"text-align: center;\"><em>Kylm\u00e4 aamu Granville Islandilla<\/em><\/p>\n<p style=\"text-align: center;\"><a href=\"\/blog\/wp-content\/uploads\/2022\/luminen_granville_island3.jpg\"><img decoding=\"async\" src=\"\/blog\/wp-content\/uploads\/2022\/luminen_granville_island3.jpg\" \/><\/a><\/p>\n<p style=\"text-align: center;\"><em>Ei ristin sielua ulkosalla<\/em><\/p>\n<p style=\"text-align: center;\"><a href=\"\/blog\/wp-content\/uploads\/2022\/jouluinen_granville_island3.jpg\"><img decoding=\"async\" src=\"\/blog\/wp-content\/uploads\/2022\/thumbs\/thumbs_jouluinen_granville_island3.jpg\" \/><\/a><a href=\"\/blog\/wp-content\/uploads\/2022\/jouluinen_granville_island2.jpg\"><img decoding=\"async\" src=\"\/blog\/wp-content\/uploads\/2022\/thumbs\/thumbs_jouluinen_granville_island2.jpg\" \/><\/a><a href=\"\/blog\/wp-content\/uploads\/2022\/jouluinen_granville_island1.jpg\"><img decoding=\"async\" src=\"\/blog\/wp-content\/uploads\/2022\/thumbs\/thumbs_jouluinen_granville_island1.jpg\" \/><\/a><\/p>\n<p style=\"text-align: center;\"><em>Jouluista ihmisvilin\u00e4\u00e4<\/em><\/p>\n<p style=\"text-align: justify;\">Koska meill\u00e4 oli harvinaisesti lapsenvahteja k\u00e4ym\u00e4ss\u00e4, sain illalla luvan l\u00e4hte\u00e4 Mount Seymourille iltam\u00e4keen. Koronasta johtuen emme ole olleet laskettelemassa <a title=\"Puolieristyksiss\u00e4 kev\u00e4\u00e4n keskell\u00e4\" href=\"https:\/\/www.vuosiamaailmalla.fi\/blog\/2020\/puolieristyksissa-kevaan-keskella\/\">l\u00e4hes kolmeen vuoteen<\/a>, joten oli todella mukava k\u00e4yd\u00e4 verryttelem\u00e4ss\u00e4 jalkoja kylm\u00e4ss\u00e4 talvi-illassa. Hyisest\u00e4 kelist\u00e4 johtuen paikalla oli ainoastaan v\u00e4h\u00e4n laskijoita, eik\u00e4 jonoja ollut laisinkaan, joten sain kaksi tuntia puhdasta lasketteluaikaa upeissa maisemissa.<\/p>\n<p style=\"text-align: center;\"><a href=\"\/blog\/wp-content\/uploads\/2022\/iltamaessa_seymourilla1.jpg\"><img decoding=\"async\" src=\"\/blog\/wp-content\/uploads\/2022\/thumbs\/thumbs_iltamaessa_seymourilla1.jpg\" \/><\/a><a href=\"\/blog\/wp-content\/uploads\/2022\/iltamaessa_seymourilla2.jpg\"><img decoding=\"async\" src=\"\/blog\/wp-content\/uploads\/2022\/thumbs\/thumbs_iltamaessa_seymourilla2.jpg\" \/><\/a><\/p>\n<p style=\"text-align: center;\"><em>Pitk\u00e4st\u00e4 aikaa laskettelemassa<\/em><\/p>\n<p style=\"text-align: justify;\">Ajoitukseni osui my\u00f6s nappiin, sill\u00e4 aatonaattona keli alkoi lauhtua ja jouluaattoon menness\u00e4 ulkona satoikin jo kaatamalla vett\u00e4. Olikin harmi, ett\u00e4 upea talvis\u00e4\u00e4 ehti muuttua juuri ennen joulua ja seuraavat vuorokaudet olivat niin synkki\u00e4 ja m\u00e4rki\u00e4, ettemme poistuneet asunnostamme laisinkaan. Jouluaatto sujui silti perinteikk\u00e4in merkein perheen kesken ja <a title=\"Ensimm\u00e4inen perhejoulu\" href=\"https:\/\/www.vuosiamaailmalla.fi\/blog\/2021\/ensimmainen-perhejoulu\/\">tytt\u00e4remme toinen joulu<\/a> oli leikki\u00e4 ja lahjoja t\u00e4ynn\u00e4. Joulun ainakin suurin lahja oli uusi leikkikeitti\u00f6, jonka parissa on vier\u00e4ht\u00e4nyt runsaasti aikaa.<\/p>\n<p style=\"text-align: center;\"><a href=\"\/blog\/wp-content\/uploads\/2022\/joulu_on_taalla4.jpg\"><img decoding=\"async\" src=\"\/blog\/wp-content\/uploads\/2022\/thumbs\/thumbs_joulu_on_taalla4.jpg\" \/><\/a><a href=\"\/blog\/wp-content\/uploads\/2022\/joulu_on_taalla5.jpg\"><img decoding=\"async\" src=\"\/blog\/wp-content\/uploads\/2022\/thumbs\/thumbs_joulu_on_taalla5.jpg\" \/><\/a><a href=\"\/blog\/wp-content\/uploads\/2022\/joulu_on_taalla6.jpg\"><img decoding=\"async\" src=\"\/blog\/wp-content\/uploads\/2022\/thumbs\/thumbs_joulu_on_taalla6.jpg\" \/><\/a><br \/>\n<a href=\"\/blog\/wp-content\/uploads\/2022\/joulu_on_taalla3.jpg\"><img decoding=\"async\" src=\"\/blog\/wp-content\/uploads\/2022\/thumbs\/thumbs_joulu_on_taalla3.jpg\" \/><\/a><a href=\"\/blog\/wp-content\/uploads\/2022\/joulupoyta2.jpg\"><img decoding=\"async\" src=\"\/blog\/wp-content\/uploads\/2022\/thumbs\/thumbs_joulupoyta2.jpg\" \/><\/a><\/p>\n<p style=\"text-align: center;\"><em>Jouluaaton puuhastelua<\/em><\/p>\n<p style=\"text-align: center;\"><a href=\"\/blog\/wp-content\/uploads\/2022\/uusi_leikkikeittio3.jpg\"><img decoding=\"async\" src=\"\/blog\/wp-content\/uploads\/2022\/thumbs\/thumbs_uusi_leikkikeittio3.jpg\" \/><\/a><a href=\"\/blog\/wp-content\/uploads\/2022\/uusi_leikkikeittio2.jpg\"><img decoding=\"async\" src=\"\/blog\/wp-content\/uploads\/2022\/thumbs\/thumbs_uusi_leikkikeittio2.jpg\" \/><\/a><a href=\"\/blog\/wp-content\/uploads\/2022\/uusi_leikkikeittio1.jpg\"><img decoding=\"async\" src=\"\/blog\/wp-content\/uploads\/2022\/thumbs\/thumbs_uusi_leikkikeittio1.jpg\" \/><\/a><\/p>\n<p style=\"text-align: center;\"><em>Uusi leikkikeitti\u00f6<\/em><\/p>\n<p style=\"text-align: justify;\">V\u00e4lip\u00e4ivien kurjan loskakelin keskell\u00e4 k\u00e4vimme appiukon kanssa katsastamassa Burnabyss\u00e4 sijaitsevan moottoripy\u00f6r\u00e4museon. Museo on perinteikk\u00e4\u00e4n vancouverilaisen moottoripy\u00f6r\u00e4kauppiassuvun aikaansaannos ja sijaitsee paikallisen <em>Harley-Davidson<\/em> liikkeen yhteydess\u00e4. Minun on pakko my\u00f6nt\u00e4\u00e4, etten ollut koskaan kuullutkaan koko museosta, mutta 250 moottoripy\u00f6r\u00e4n kokoelma on todella kattava ja p\u00e4\u00e4symaksu pelk\u00e4st\u00e4\u00e4n lahjoitukseen perustuva. Vaikka olenkin <a title=\"Huikea 2021 BMW X3M Competition\" href=\"https:\/\/www.vuosiamaailmalla.fi\/blog\/2020\/huikea-2021-bmw-x3m-competition\/\">enemm\u00e4n automies<\/a>, oli eri vuosikymmenilt\u00e4 olevien moottoripy\u00f6rien n\u00e4keminen silti kiehtovaa.<\/p>\n<p style=\"text-align: center;\"><a href=\"\/blog\/wp-content\/uploads\/2022\/deeley_motorcycle_exhibition1.jpg\"><img decoding=\"async\" src=\"\/blog\/wp-content\/uploads\/2022\/thumbs\/thumbs_deeley_motorcycle_exhibition1.jpg\" \/><\/a><a href=\"\/blog\/wp-content\/uploads\/2022\/deeley_motorcycle_exhibition7.jpg\"><img decoding=\"async\" src=\"\/blog\/wp-content\/uploads\/2022\/thumbs\/thumbs_deeley_motorcycle_exhibition7.jpg\" \/><\/a><a href=\"\/blog\/wp-content\/uploads\/2022\/deeley_motorcycle_exhibition8.jpg\"><img decoding=\"async\" src=\"\/blog\/wp-content\/uploads\/2022\/thumbs\/thumbs_deeley_motorcycle_exhibition8.jpg\" \/><\/a><br \/>\n<a href=\"\/blog\/wp-content\/uploads\/2022\/deeley_motorcycle_exhibition3.jpg\"><img decoding=\"async\" src=\"\/blog\/wp-content\/uploads\/2022\/thumbs\/thumbs_deeley_motorcycle_exhibition3.jpg\" \/><\/a><a href=\"\/blog\/wp-content\/uploads\/2022\/deeley_motorcycle_exhibition2.jpg\"><img decoding=\"async\" src=\"\/blog\/wp-content\/uploads\/2022\/thumbs\/thumbs_deeley_motorcycle_exhibition2.jpg\" \/><\/a><a href=\"\/blog\/wp-content\/uploads\/2022\/deeley_motorcycle_exhibition4.jpg\"><img decoding=\"async\" src=\"\/blog\/wp-content\/uploads\/2022\/thumbs\/thumbs_deeley_motorcycle_exhibition4.jpg\" \/><\/a><br \/>\n<a href=\"\/blog\/wp-content\/uploads\/2022\/deeley_motorcycle_exhibition5.jpg\"><img decoding=\"async\" src=\"\/blog\/wp-content\/uploads\/2022\/thumbs\/thumbs_deeley_motorcycle_exhibition5.jpg\" \/><\/a><a href=\"\/blog\/wp-content\/uploads\/2022\/deeley_motorcycle_exhibition6.jpg\"><img decoding=\"async\" src=\"\/blog\/wp-content\/uploads\/2022\/thumbs\/thumbs_deeley_motorcycle_exhibition6.jpg\" \/><\/a><a href=\"\/blog\/wp-content\/uploads\/2022\/deeley_motorcycle_exhibition9.jpg\"><img decoding=\"async\" src=\"\/blog\/wp-content\/uploads\/2022\/thumbs\/thumbs_deeley_motorcycle_exhibition9.jpg\" \/><\/a><\/p>\n<p style=\"text-align: center;\"><em>Ilmainen moottoripy\u00f6r\u00e4museo<\/em><\/p>\n<p style=\"text-align: justify;\">V\u00e4lip\u00e4ivien toinen kohokohta oli 28. p\u00e4iv\u00e4lle osunut sateeton ilta, joka tarjosi mahdollisuuden l\u00e4hte\u00e4 n\u00e4ytt\u00e4m\u00e4\u00e4n vieraillemme <a title=\"Jouluvaloja kanadalaiseen tyyliin\" href=\"https:\/\/www.vuosiamaailmalla.fi\/blog\/2013\/jouluvaloja-kanadalaiseen-tyyliin\/\">kanadalaista tapaa<\/a> koristella talo jouluvaloilla. Samaan aikaan kun s\u00e4hk\u00f6n k\u00e4yt\u00f6st\u00e4 on tullut Suomessa paitsi kallista ja s\u00e4\u00e4delty\u00e4, sek\u00e4 paheksuttua toimintaa, ovat Kanadan sadat tuhannet <a title=\"Jouluvalojen v\u00e4rik\u00e4st\u00e4 taikaa\" href=\"https:\/\/www.vuosiamaailmalla.fi\/blog\/2022\/jouluvalojen-varikasta-taikaa\/\">v\u00e4rikk\u00e4\u00e4t jouluvalot<\/a> mykist\u00e4v\u00e4 n\u00e4ky.<\/p>\n<p style=\"text-align: center;\"><a href=\"\/blog\/wp-content\/uploads\/2022\/joulun_valoja.jpg\"><img decoding=\"async\" src=\"\/blog\/wp-content\/uploads\/2022\/joulun_valoja.jpg\" \/><\/a><\/p>\n<p style=\"text-align: center;\"><em>Jouluvalojen ihmettely\u00e4<\/em><\/p>\n<p style=\"text-align: justify;\">Mukava puolentoista viikon jouluvierailu ja my\u00f6skin meid\u00e4n joululomamme p\u00e4\u00e4ttyiv\u00e4t lopulta uuteenvuoteen, jota juhlittiin hyv\u00e4n ruoan parissa kotosalla. Vieraiden l\u00e4ht\u00f6 pitk\u00e4lle kotimatkalle on aina haikea hetki, mutta samalla oli my\u00f6s mukavaa p\u00e4\u00e4st\u00e4 raivaamaan joulu pois nurkista ja aloittaa uuteen vuoteen totuttautuminen.<\/p>\n<p style=\"text-align: center;\"><a href=\"\/blog\/wp-content\/uploads\/2022\/uudenvuoden_herkkuja.jpg\"><img decoding=\"async\" src=\"\/blog\/wp-content\/uploads\/2022\/uudenvuoden_herkkuja.jpg\" \/><\/a><\/p>\n<p style=\"text-align: center;\"><em>Uudenvuoden herkuttelua<\/em><\/p>\n<p style=\"text-align: justify;\">T\u00e4ss\u00e4 vaiheessa on viel\u00e4 auki miss\u00e4 viet\u00e4mmek\u00e4\u00e4n ensi joulua, mutta joulut kotonamme Kanadassa alkavat olla jo perinne, joka saanee jatkoa tulevinakin vuosina, toivottavasti j\u00e4lleen jouluvieraiden kera!<\/p>\n","protected":false},"excerpt":{"rendered":"<p>Joululoma tarjoaa normaalisti hyv\u00e4\u00e4 aikaa kirjoittaa sek\u00e4 s\u00e4\u00e4t\u00e4\u00e4 blogia, mutta t\u00e4n\u00e4 vuonna ehdin kirjoittamaan ohikiit\u00e4neest\u00e4 joulusta vasta n\u00e4in j\u00e4lkik\u00e4teen. Syyn\u00e4 t\u00e4h\u00e4n ei ole, ett\u00e4 kyseess\u00e4 oli jo nelj\u00e4s joulumme Kanadassa, vaan joulua kanssamme viett\u00e4neet vieraat, joiden seurassa pyh\u00e4p\u00e4iv\u00e4t kuluivat nopeaan.<\/p>\n","protected":false},"author":1,"featured_media":12968,"comment_status":"open","ping_status":"closed","sticky":false,"template":"","format":"standard","meta":{"_jetpack_memberships_contains_paid_content":false,"footnotes":""},"categories":[17,3,4],"tags":[25,77,1767,1766,264,935,270,202,939,725],"class_list":["post-12965","post","type-post","status-publish","format-standard","has-post-thumbnail","hentry","category-arki-kanadassa","category-arki-ulkomailla","category-asuminen-kanadassa","tag-ajankohtaista","tag-burnaby","tag-deeley-motorcycle-exhibition","tag-granville-island","tag-joulu","tag-kanada","tag-saa","tag-talvi","tag-vancouver","tag-vierailu"],"jetpack_featured_media_url":"https:\/\/www.vuosiamaailmalla.fi\/blog\/wp-content\/uploads\/joulun_valoja_banner.jpg","jetpack_sharing_enabled":true,"_links":{"self":[{"href":"https:\/\/www.vuosiamaailmalla.fi\/blog\/wp-json\/wp\/v2\/posts\/12965","targetHints":{"allow":["GET"]}}],"collection":[{"href":"https:\/\/www.vuosiamaailmalla.fi\/blog\/wp-json\/wp\/v2\/posts"}],"about":[{"href":"https:\/\/www.vuosiamaailmalla.fi\/blog\/wp-json\/wp\/v2\/types\/post"}],"author":[{"embeddable":true,"href":"https:\/\/www.vuosiamaailmalla.fi\/blog\/wp-json\/wp\/v2\/users\/1"}],"replies":[{"embeddable":true,"href":"https:\/\/www.vuosiamaailmalla.fi\/blog\/wp-json\/wp\/v2\/comments?post=12965"}],"version-history":[{"count":7,"href":"https:\/\/www.vuosiamaailmalla.fi\/blog\/wp-json\/wp\/v2\/posts\/12965\/revisions"}],"predecessor-version":[{"id":14141,"href":"https:\/\/www.vuosiamaailmalla.fi\/blog\/wp-json\/wp\/v2\/posts\/12965\/revisions\/14141"}],"wp:featuredmedia":[{"embeddable":true,"href":"https:\/\/www.vuosiamaailmalla.fi\/blog\/wp-json\/wp\/v2\/media\/12968"}],"wp:attachment":[{"href":"https:\/\/www.vuosiamaailmalla.fi\/blog\/wp-json\/wp\/v2\/media?parent=12965"}],"wp:term":[{"taxonomy":"category","embeddable":true,"href":"https:\/\/www.vuosiamaailmalla.fi\/blog\/wp-json\/wp\/v2\/categories?post=12965"},{"taxonomy":"post_tag","embeddable":true,"href":"https:\/\/www.vuosiamaailmalla.fi\/blog\/wp-json\/wp\/v2\/tags?post=12965"}],"curies":[{"name":"wp","href":"https:\/\/api.w.org\/{rel}","templated":true}]}}