{"id":12998,"date":"2022-08-03T16:41:53","date_gmt":"2022-08-03T23:41:53","guid":{"rendered":"https:\/\/www.vuosiamaailmalla.fi\/blog\/?p=12998"},"modified":"2023-02-11T20:22:09","modified_gmt":"2023-02-12T04:22:09","slug":"paiva-tallinnassa","status":"publish","type":"post","link":"https:\/\/www.vuosiamaailmalla.fi\/blog\/2022\/paiva-tallinnassa\/","title":{"rendered":"P\u00e4iv\u00e4 Tallinnassa"},"content":{"rendered":"<p style=\"text-align: justify;\"><a title=\"Pitk\u00e4ll\u00e4 kes\u00e4lomalla Suomessa\" href=\"https:\/\/www.vuosiamaailmalla.fi\/blog\/2022\/pitkalla-kesalomalla-suomessa\/\">Leppoisan kes\u00e4lomailun<\/a> tuoksinassa mieleen juolahti ajatus jonkinlaisesta matkasta. Asiaa hieman riippumatossa mietitty\u00e4ni, ajatukseksi selkiytyi mit\u00e4p\u00e4 jos sit\u00e4 k\u00e4visi p\u00e4iv\u00e4selt\u00e4\u00e4n Tallinnassa? Ajatus oli kiehtova, sill\u00e4 niin paljon kuin min\u00e4 ja Niina <a title=\"101 lentoa\" href=\"https:\/\/www.vuosiamaailmalla.fi\/blog\/2014\/101-lentoa\/\">olemmekin matkustaneet<\/a>, on Viron p\u00e4\u00e4kaupunki j\u00e4\u00e4nyt meille molemmille (hieman <a title=\"Turistina Helsingiss\u00e4\" href=\"https:\/\/www.vuosiamaailmalla.fi\/blog\/2020\/turistina-helsingissa\/\">Helsingin tapaan<\/a>) vieraaksi ja olen itse vieraillut kaupungissa ainoastaan kerran &#8211; vuonna 1995!! Ajatuksesta tulikin nopeasti totta, kun matkaoppaaksi suostui l\u00e4htem\u00e4\u00e4n Tallinnassa kymmeni\u00e4 kertoja k\u00e4ynyt kaverini.<\/p>\n<p><!--more--><\/p>\n<p style=\"text-align: justify;\">Onkin mielenkiintoisaa kirjoittaa paikasta, joka lienee monelle suomalaiselle tutumpi kuin itselleni, mutta yritet\u00e4\u00e4n nyt kuitenkin. Ensimm\u00e4inen yll\u00e4tys oli miten helppo, halpa ja nopea lauttamatka Helsingin L\u00e4nsisatamasta Tallinnaan on. J\u00e4tk\u00e4saaressa sijaitseva upouusi satamaterminaali on hyvin funktionaalinen ja laivanamme toimi <em>Tallinkin<\/em> vuonna 2017 kastettu uusi matkustaja-alus <em>M\/S Megastar, <\/em>joka on suuri ja moderni autolautta.<\/p>\n<p style=\"text-align: center;\"><a href=\"\/blog\/wp-content\/uploads\/2022\/helsingin_lansiterminaali1.jpg\"><img decoding=\"async\" src=\"\/blog\/wp-content\/uploads\/2022\/helsingin_lansiterminaali1.jpg\" \/><\/a><\/p>\n<p style=\"text-align: center;\"><em>Helsingin L\u00e4nsisatama<\/em><\/p>\n<p style=\"text-align: justify;\">On pakko sanoa, ett\u00e4 vaikka kotopuolessa kymmeni\u00e4 reittej\u00e4 operoiva <em>BC Ferries<\/em> on Pohjois-Amerikan suurin lauttayhti\u00f6 yhteens\u00e4 41:ll\u00e4 aluksella, on Helsingin ja Tallinnan v\u00e4linen lauttaliikenne silti omaa luokkaansa vilkkaudessaan sek\u00e4 laivojen koossa mitattuna. T\u00e4m\u00e4 on kiintoisaa kun ottaa huomioon, ett\u00e4 Vancouver ja Victoria ovat huomattavasti Helsinki\u00e4 ja Tallinnaa suurempi kaupunkipari. Pieni j\u00e4nn\u00e4 huomio satamassa oli my\u00f6s miten nopeasti paluumatkalle l\u00e4htevi\u00e4 lauttoja ei edes kiinnitet\u00e4 k\u00f6ysill\u00e4 laituriin, vaan ne vain &#8221;imaistaan&#8221; kiinni voimakkailla magneeteilla.<\/p>\n<p style=\"text-align: center;\"><a href=\"\/blog\/wp-content\/uploads\/2022\/helsingin_lansiterminaali2.jpg\"><img decoding=\"async\" src=\"\/blog\/wp-content\/uploads\/2022\/helsingin_lansiterminaali2.jpg\" \/><\/a><\/p>\n<p style=\"text-align: center;\"><em>Magneettiankkurointi<\/em><\/p>\n<p style=\"text-align: justify;\">Noin 80 kilometrin mittainen merimatka Suomenlahden ylitse taittuu suurimmalla osalla lautoista kahdessa tunnissa, joten lautalla ehtii juuri sopivasti ruokailla. Meill\u00e4 ei kuitenkaan ollut n\u00e4lk\u00e4 heti aamusta, joten keskityimme vain pilvisten merimaisemien katseluun.<\/p>\n<p style=\"text-align: center;\"><a href=\"\/blog\/wp-content\/uploads\/2022\/tallink_megastarin_kyydissa1.jpg\"><img decoding=\"async\" src=\"\/blog\/wp-content\/uploads\/2022\/thumbs\/thumbs_tallink_megastarin_kyydissa1.jpg\" \/><\/a><a href=\"\/blog\/wp-content\/uploads\/2022\/tallink_megastarin_kyydissa2.jpg\"><img decoding=\"async\" src=\"\/blog\/wp-content\/uploads\/2022\/thumbs\/thumbs_tallink_megastarin_kyydissa2.jpg\" \/><\/a><\/p>\n<p style=\"text-align: center;\"><em>Kaksi tuntia Viroon<\/em><\/p>\n<p style=\"text-align: center;\"><a href=\"\/blog\/wp-content\/uploads\/2022\/saapuminen_tallinnaan1.jpg\"><img decoding=\"async\" src=\"\/blog\/wp-content\/uploads\/2022\/saapuminen_tallinnaan1.jpg\" \/><\/a><\/p>\n<p style=\"text-align: center;\"><em>Viron aurinkoinen rannikko<\/em><\/p>\n<p style=\"text-align: justify;\">Hiljalleen n\u00e4kyviin alkoi ilmesty\u00e4 Viron rannikko ja sen maamerkit, kuten Tallinnan 314 metri\u00e4 korkea televisiotorni sek\u00e4 keskustan tornitalot. Keskusta onkin aivan k\u00e4sill\u00e4, sill\u00e4 satamasta on lyhyt k\u00e4velymatka k\u00e4yt\u00e4nn\u00f6ss\u00e4 kaikkiin turistikohteisiin. Tallinnan satama on tehokas ja sen alueella sijaitsee muutama ostoskeskus, kuten moderni <em>Nautica<\/em> sek\u00e4 legendaarinen <em>SadaMarket<\/em>. N\u00e4ist\u00e4 j\u00e4lkimm\u00e4inen on sangen k\u00e4m\u00e4inen ostoskeskus, joka on kuitenkin t\u00e4ynn\u00e4 halpoja kiinalaisia piraattituotteita, joten sielt\u00e4 voi ostaa <em>Guccin<\/em> laukun kotiin viet\u00e4v\u00e4ksi.<\/p>\n<p style=\"text-align: center;\"><a href=\"\/blog\/wp-content\/uploads\/2022\/saapuminen_tallinnaan2.jpg\"><img decoding=\"async\" src=\"\/blog\/wp-content\/uploads\/2022\/thumbs\/thumbs_saapuminen_tallinnaan2.jpg\" \/><\/a><a href=\"\/blog\/wp-content\/uploads\/2022\/saapuminen_tallinnaan3.jpg\"><img decoding=\"async\" src=\"\/blog\/wp-content\/uploads\/2022\/thumbs\/thumbs_saapuminen_tallinnaan3.jpg\" \/><\/a><br \/>\n<a href=\"\/blog\/wp-content\/uploads\/2022\/tallinnan_satama2.jpg\"><img decoding=\"async\" src=\"\/blog\/wp-content\/uploads\/2022\/thumbs\/thumbs_tallinnan_satama2.jpg\" \/><\/a><a href=\"\/blog\/wp-content\/uploads\/2022\/tallinnan_satama1.jpg\"><img decoding=\"async\" src=\"\/blog\/wp-content\/uploads\/2022\/thumbs\/thumbs_tallinnan_satama1.jpg\" \/><\/a><\/p>\n<p style=\"text-align: center;\"><em>Tallinnan matkustajasatama<\/em><\/p>\n<p style=\"text-align: center;\"><a href=\"\/blog\/wp-content\/uploads\/2022\/sadamarket3.jpg\"><img decoding=\"async\" src=\"\/blog\/wp-content\/uploads\/2022\/thumbs\/thumbs_sadamarket3.jpg\" \/><\/a><a href=\"\/blog\/wp-content\/uploads\/2022\/sadamarket1.jpg\"><img decoding=\"async\" src=\"\/blog\/wp-content\/uploads\/2022\/thumbs\/thumbs_sadamarket1.jpg\" \/><\/a><a href=\"\/blog\/wp-content\/uploads\/2022\/sadamarket2.jpg\"><img decoding=\"async\" src=\"\/blog\/wp-content\/uploads\/2022\/thumbs\/thumbs_sadamarket2.jpg\" \/><\/a><\/p>\n<p style=\"text-align: center;\"><em>SadaMarketin v\u00e4\u00e4renn\u00f6ksi\u00e4<\/em><\/p>\n<p style=\"text-align: justify;\">Tallinnan satama kehittyy kovaa vauhtia ja uusia rakennuksia tuntui kohoavan joka puolella. Kiivaasta rakentamisesta huolimatta kaupungissa n\u00e4ytt\u00e4\u00e4 silti olevan runsaasti hy\u00f6dynt\u00e4m\u00e4t\u00f6nt\u00e4 rantaa aivan keskustan tuntumassa.<\/p>\n<p style=\"text-align: center;\"><a href=\"\/blog\/wp-content\/uploads\/2022\/tallinnan_uutta_keskustaa1.jpg\"><img decoding=\"async\" src=\"\/blog\/wp-content\/uploads\/2022\/thumbs\/thumbs_tallinnan_uutta_keskustaa1.jpg\" \/><\/a><a href=\"\/blog\/wp-content\/uploads\/2022\/tallinnan_keskustaa1.jpg\"><img decoding=\"async\" src=\"\/blog\/wp-content\/uploads\/2022\/thumbs\/thumbs_tallinnan_keskustaa1.jpg\" \/><\/a><a href=\"\/blog\/wp-content\/uploads\/2022\/tallinnan_keskustaa2.jpg\"><img decoding=\"async\" src=\"\/blog\/wp-content\/uploads\/2022\/thumbs\/thumbs_tallinnan_keskustaa2.jpg\" \/><\/a><\/p>\n<p style=\"text-align: center;\"><em>Tallinnan rakennuskantaa<\/em><\/p>\n<p style=\"text-align: justify;\">K\u00e4velimme satamasta ensimm\u00e4iseksi Rotermannin kortteliin, joka on 1800-luvulta per\u00e4isin oleva tehdaskortteli. Vanhoista s\u00e4ilyneist\u00e4 rakennuksista kuten myllyist\u00e4, tislaamoista ja varastorakennuksista on remontoitu viime vuosina moderni kortteli, joka on t\u00e4ynn\u00e4 pieni putiikkeja, viihtyisi\u00e4 ravintoloita isoilla terasseilla sek\u00e4 monenlaista liiketilaa.<\/p>\n<p style=\"text-align: center;\"><a href=\"\/blog\/wp-content\/uploads\/2022\/rotermann_kortteli2.jpg\"><img decoding=\"async\" src=\"\/blog\/wp-content\/uploads\/2022\/thumbs\/thumbs_rotermann_kortteli2.jpg\" \/><\/a><a href=\"\/blog\/wp-content\/uploads\/2022\/rotermann_kortteli1.jpg\"><img decoding=\"async\" src=\"\/blog\/wp-content\/uploads\/2022\/thumbs\/thumbs_rotermann_kortteli1.jpg\" \/><\/a><a href=\"\/blog\/wp-content\/uploads\/2022\/rotermann_kortteli5.jpg\"><img decoding=\"async\" src=\"\/blog\/wp-content\/uploads\/2022\/thumbs\/thumbs_rotermann_kortteli5.jpg\" \/><\/a><br \/>\n<a href=\"\/blog\/wp-content\/uploads\/2022\/rotermann_kortteli4.jpg\"><img decoding=\"async\" src=\"\/blog\/wp-content\/uploads\/2022\/thumbs\/thumbs_rotermann_kortteli4.jpg\" \/><\/a><a href=\"\/blog\/wp-content\/uploads\/2022\/rotermann_kortteli3.jpg\"><img decoding=\"async\" src=\"\/blog\/wp-content\/uploads\/2022\/thumbs\/thumbs_rotermann_kortteli3.jpg\" \/><\/a><\/p>\n<p style=\"text-align: center;\"><em>Rotermannin uusittu kortteli<\/em><\/p>\n<p style=\"text-align: justify;\">Korttelin toisella puolen sijaitsee suomalaisille tuttu <em>Viru Keskus<\/em>, jonka maamerkkin\u00e4 kohoaa 74 metri\u00e4 ja 23 kerrosta korkea <em>Sokos Hotel Viru<\/em>. Muistan rakennuksen h\u00e4m\u00e4r\u00e4sti 90-luvun Viron matkaltani, joskaan en pysty muistamaan y\u00f6vyimmek\u00f6 tuolloin siell\u00e4 tai ylip\u00e4\u00e4t\u00e4\u00e4n Tallinnassa. Rakennuksen juuressa sijaitseva ostoskeskus on 70-luvun rakennustyyliin ahdas ja sokkeloinen, mutta keskuksen ravintolamaailma on uudistettu aivan \u00e4skett\u00e4in ja se oli nyt auki ensimm\u00e4ist\u00e4 viikkoa. S\u00f6immekin siell\u00e4 lounaan er\u00e4\u00e4ss\u00e4 uzbekistanilaisessa ravintolassa.<\/p>\n<p style=\"text-align: center;\"><a href=\"\/blog\/wp-content\/uploads\/2022\/viru_keskus1.jpg\"><img decoding=\"async\" src=\"\/blog\/wp-content\/uploads\/2022\/viru_keskus1.jpg\" \/><\/a><\/p>\n<p style=\"text-align: center;\"><em>Viru Keskus<\/em><\/p>\n<p style=\"text-align: justify;\">Lounaan virkist\u00e4min\u00e4 jatkoimme muutaman korttelin p\u00e4\u00e4ss\u00e4 sijaitsevalle Tornim\u00e4en alueelle, jossa sijaitsevat Tallinnalle modernin siluetin luovat tornitalot. Alueella sijaitsee kymmenkunta noin sata metri\u00e4 ja 20-30 kerrosta korkeaa tornitaloa, jotka n\u00e4ytt\u00e4v\u00e4t kuitenkin kauempaa todellista korkeammilta. Suurin osa rakennuksista on valmistunut 2000-luvun alussa ja niiss\u00e4 toimii muun muassa hotelleja. Rakennuksista korkeimmat ovat 117 metri\u00e4 korkeat kaksoistornit, joista toinen on Viron korkein asuinrakennus.<\/p>\n<p style=\"text-align: center;\"><a href=\"\/blog\/wp-content\/uploads\/2022\/tallinnan_torniklusteri1.jpg\"><img decoding=\"async\" src=\"\/blog\/wp-content\/uploads\/2022\/thumbs\/thumbs_tallinnan_torniklusteri1.jpg\" \/><\/a><a href=\"\/blog\/wp-content\/uploads\/2022\/tallinnan_torniklusteri2.jpg\"><img decoding=\"async\" src=\"\/blog\/wp-content\/uploads\/2022\/thumbs\/thumbs_tallinnan_torniklusteri2.jpg\" \/><\/a><a href=\"\/blog\/wp-content\/uploads\/2022\/tallinnan_torniklusteri4.jpg\"><img decoding=\"async\" src=\"\/blog\/wp-content\/uploads\/2022\/thumbs\/thumbs_tallinnan_torniklusteri4.jpg\" \/><\/a><\/p>\n<p style=\"text-align: center;\"><em>Tornim\u00e4en klusteri<\/em><\/p>\n<p style=\"text-align: justify;\"><a title=\"Kilpailu korkeimmasta pilvenpiirt\u00e4j\u00e4st\u00e4\" href=\"https:\/\/www.vuosiamaailmalla.fi\/blog\/2020\/kilpailu-korkeimmasta-pilvenpiirtajasta\/\">Vancouverista tulevana<\/a> ja itse t\u00e4t\u00e4 korkeammalla asuvana Tallinnan tornien korkeus ei huimaa p\u00e4\u00e4t\u00e4, mutta ne luovat silti kaupungille hienon siluetin yhdess\u00e4 l\u00e4hist\u00f6ll\u00e4 sijaitsevan vanhan kaupungin kirkontornien kanssa.<\/p>\n<p style=\"text-align: center;\"><a href=\"\/blog\/wp-content\/uploads\/2022\/tallinnan_torniklusteri3.jpg\"><img decoding=\"async\" src=\"\/blog\/wp-content\/uploads\/2022\/tallinnan_torniklusteri3.jpg\" \/><\/a><\/p>\n<p style=\"text-align: center;\"><em>Uudenaikaista Tallinnaa<\/em><\/p>\n<p style=\"text-align: justify;\">Tornim\u00e4elt\u00e4 otimme suunnaksemme Tallinnan kuuluisan Vanalinnan kaupunginosan eli vanhan kaupungin. K\u00e4velimme <em>Vapaudenaukiolle<\/em>, jolta on hyv\u00e4 kivuta noin 30 metri\u00e4 ymp\u00e4rist\u00f6\u00e4\u00e4n korkeammalle Toompean m\u00e4elle, jolta avautuu postikorttimaisema Tallinnan ylitse.<\/p>\n<p style=\"text-align: center;\"><a href=\"\/blog\/wp-content\/uploads\/2022\/tallinnan_vapaudenaukio1.jpg\"><img decoding=\"async\" src=\"\/blog\/wp-content\/uploads\/2022\/tallinnan_vapaudenaukio1.jpg\" \/><\/a><\/p>\n<p style=\"text-align: center;\"><em>Viron Vapaudenaukio<\/em><\/p>\n<p style=\"text-align: center;\"><a href=\"\/blog\/wp-content\/uploads\/2022\/tallinna_harjumaki.jpg\"><img decoding=\"async\" src=\"\/blog\/wp-content\/uploads\/2022\/thumbs\/thumbs_tallinna_harjumaki.jpg\" \/><\/a><a href=\"\/blog\/wp-content\/uploads\/2022\/tallinnan_vapaudenaukio3.jpg\"><img decoding=\"async\" src=\"\/blog\/wp-content\/uploads\/2022\/thumbs\/thumbs_tallinnan_vapaudenaukio3.jpg\" \/><\/a><a href=\"\/blog\/wp-content\/uploads\/2022\/tallinnan_vapaudenaukio2.jpg\"><img decoding=\"async\" src=\"\/blog\/wp-content\/uploads\/2022\/thumbs\/thumbs_tallinnan_vapaudenaukio2.jpg\" \/><\/a><\/p>\n<p style=\"text-align: center;\"><em>N\u00e4kym\u00e4 kukkulalta<\/em><\/p>\n<p style=\"text-align: justify;\">Toompea tarkoittaa suomeksi tuomiokirkonm\u00e4ke\u00e4 ja se muodosti keskiaikaisen Tallinnan yl\u00e4kaupungin, joka ollut aina alueen hallintokeskus. Sit\u00e4 sek\u00e4 koko vanhaa kaupunkia ymp\u00e4r\u00f6i keskiaikainen puolustusmuuri, joka on perua niinkin kaukaa kuin 1200-luvulta. Muuria on laajennettu ja vahvistettu historian saatossa useita kertoja ja kaupunginportit toivottavat tervetulleeksi keskiaikaan. Ei olekaan ihme, ett\u00e4 hyvin s\u00e4ilynyt vanhakaupunki on lis\u00e4tty UNESCO:n maailmanperint\u00f6kohteeksi vuonna 1997.<\/p>\n<p style=\"text-align: center;\"><a href=\"\/blog\/wp-content\/uploads\/2022\/tallinna_linnanmuuri1.jpg\"><img decoding=\"async\" src=\"\/blog\/wp-content\/uploads\/2022\/thumbs\/thumbs_tallinna_linnanmuuri1.jpg\" \/><\/a><a href=\"\/blog\/wp-content\/uploads\/2022\/tallinna_linnanmuuri2.jpg\"><img decoding=\"async\" src=\"\/blog\/wp-content\/uploads\/2022\/thumbs\/thumbs_tallinna_linnanmuuri2.jpg\" \/><\/a><br \/>\n<a href=\"\/blog\/wp-content\/uploads\/2022\/tallinna_linnanmuuri3.jpg\"><img decoding=\"async\" src=\"\/blog\/wp-content\/uploads\/2022\/thumbs\/thumbs_tallinna_linnanmuuri3.jpg\" \/><\/a><a href=\"\/blog\/wp-content\/uploads\/2022\/tallinna_linnanmuuri4.jpg\"><img decoding=\"async\" src=\"\/blog\/wp-content\/uploads\/2022\/thumbs\/thumbs_tallinna_linnanmuuri4.jpg\" \/><\/a><\/p>\n<p style=\"text-align: center;\"><em>Keskiaikainen kaupunginmuuri<\/em><\/p>\n<p style=\"text-align: center;\"><a href=\"\/blog\/wp-content\/uploads\/2022\/tallinna_linnanmuuri_panoraama.jpg\"><img decoding=\"async\" src=\"\/blog\/wp-content\/uploads\/2022\/tallinna_linnanmuuri_panoraama_pieni.jpg\" \/><\/a><\/p>\n<p style=\"text-align: center;\"><em>Toompean yl\u00e4kaupungin n\u00e4kym\u00e4<\/em><\/p>\n<p><a href=\"\/blog\/wp-content\/uploads\/2022\/linnamuurin_maisema.jpg\"><img decoding=\"async\" src=\"\/blog\/wp-content\/uploads\/2022\/thumbs\/thumbs_linnamuurin_maisema.jpg\" \/><\/a><a href=\"\/blog\/wp-content\/uploads\/2022\/linnamuurin_maisema2.jpg\"><img decoding=\"async\" src=\"\/blog\/wp-content\/uploads\/2022\/thumbs\/thumbs_linnamuurin_maisema2.jpg\" \/><\/a><a href=\"\/blog\/wp-content\/uploads\/2022\/tallinnan_vanha_kaupunki5.jpg\"><img decoding=\"async\" src=\"\/blog\/wp-content\/uploads\/2022\/thumbs\/thumbs_tallinnan_vanha_kaupunki5.jpg\" \/><\/a><\/p>\n<p style=\"text-align: center;\"><em>Alakaupunki alapuolella<\/em><\/p>\n<p style=\"text-align: justify;\">Toompean kukkulalta aukeaa monia upeita maisemia, mink\u00e4 lis\u00e4ksi pienet mukulakivikadut ovat vieh\u00e4tt\u00e4vi\u00e4 k\u00e4vell\u00e4. M\u00e4ell\u00e4 sijaitsevat niin Viron parlamentti kuin Suomen ja Kanadan suurl\u00e4hetyst\u00f6tkin, mutta siell\u00e4 asuu my\u00f6s aivan tavallisia ihmisi\u00e4 vuosisatojen takaisessa milj\u00f6\u00f6ss\u00e4.<\/p>\n<p style=\"text-align: center;\"><a href=\"\/blog\/wp-content\/uploads\/2022\/tallinnan_vanha_kaupunki2.jpg\"><img decoding=\"async\" src=\"\/blog\/wp-content\/uploads\/2022\/thumbs\/thumbs_tallinnan_vanha_kaupunki2.jpg\" \/><\/a><a href=\"\/blog\/wp-content\/uploads\/2022\/tallinnan_vanha_kaupunki3.jpg\"><img decoding=\"async\" src=\"\/blog\/wp-content\/uploads\/2022\/thumbs\/thumbs_tallinnan_vanha_kaupunki3.jpg\" \/><\/a><a href=\"\/blog\/wp-content\/uploads\/2022\/tallinnan_vanha_kaupunki4.jpg\"><img decoding=\"async\" src=\"\/blog\/wp-content\/uploads\/2022\/thumbs\/thumbs_tallinnan_vanha_kaupunki4.jpg\" \/><\/a><br \/>\n<a href=\"\/blog\/wp-content\/uploads\/2022\/viron_parlamentti.jpg\"><img decoding=\"async\" src=\"\/blog\/wp-content\/uploads\/2022\/thumbs\/thumbs_viron_parlamentti.jpg\" \/><\/a><a href=\"\/blog\/wp-content\/uploads\/2022\/tallinnan_vanha_kaupunki6.jpg\"><img decoding=\"async\" src=\"\/blog\/wp-content\/uploads\/2022\/thumbs\/thumbs_tallinnan_vanha_kaupunki6.jpg\" \/><\/a><a href=\"\/blog\/wp-content\/uploads\/2022\/tallinnan_vanha_kaupunki1.jpg\"><img decoding=\"async\" src=\"\/blog\/wp-content\/uploads\/2022\/thumbs\/thumbs_tallinnan_vanha_kaupunki1.jpg\" \/><\/a><\/p>\n<p style=\"text-align: center;\"><em>Toompean kapeita katuja<\/em><\/p>\n<p style=\"text-align: justify;\">Yksi n\u00e4ytt\u00e4vimmist\u00e4 rakennuksista on\u00a0 suoraan parlamenttirakennusta vastap\u00e4\u00e4t\u00e4 seisova <em>Aleksanteri Nevskin katedraali<\/em>. Vuonna 1900 valmistunut upea rakennus on ymp\u00e4rist\u00f6\u00f6ns\u00e4 n\u00e4hden uusi ja se on virolaisten vihaama symboli Neuvostoliiton yrityksille ven\u00e4l\u00e4ist\u00e4\u00e4 maa. Katedraali p\u00e4\u00e4tettiin purkaa vuonna 1924, mutta t\u00f6ihin ei ryhdytty koskaan rahan puutteen takia ja nykyisin se on suosittu turistikohde.<\/p>\n<p style=\"text-align: center;\"><a href=\"\/blog\/wp-content\/uploads\/2022\/aleksanteri_nevskin_katedraali1.jpg\"><img decoding=\"async\" src=\"\/blog\/wp-content\/uploads\/2022\/thumbs\/thumbs_aleksanteri_nevskin_katedraali1.jpg\" \/><\/a><a href=\"\/blog\/wp-content\/uploads\/2022\/aleksanteri_nevskin_katedraali2.jpg\"><img decoding=\"async\" src=\"\/blog\/wp-content\/uploads\/2022\/thumbs\/thumbs_aleksanteri_nevskin_katedraali2.jpg\" \/><\/a><\/p>\n<p style=\"text-align: center;\"><em>Aleksanteri Nevskin katedraali<\/em><\/p>\n<p style=\"text-align: justify;\">Aikamme Toompealla seikkailtuamme, laskeuduimme alas alakaupungin alueelle, jonka keskus on <em>Raatihuoneentori<\/em>. Suurehkolla torilla j\u00e4rjestet\u00e4\u00e4n jouluisin keskiaikainen joulutori ja n\u00e4in kes\u00e4aikaan se on t\u00e4ynn\u00e4 reunustan ravintoloissa ruokailevia turisteja. Tallinnassa vierailee vuosittain 4,3 miljoonaa turistia, joista suomalaiset ovat suurin ryhm\u00e4. Suomea kuuleekin kaikkialla, mutta pienen matkamme aikana en saanut hyv\u00e4\u00e4 k\u00e4sityst\u00e4 miss\u00e4 m\u00e4\u00e4rin suomella Virossa p\u00e4rj\u00e4\u00e4, sill\u00e4 turvauduimme kommunikaatiossamme englantiin.<\/p>\n<p style=\"text-align: center;\"><a href=\"\/blog\/wp-content\/uploads\/2022\/patkulin_nakoalatasanne_panoraama.jpg\"><img decoding=\"async\" src=\"\/blog\/wp-content\/uploads\/2022\/patkulin_nakoalatasanne_panoraama_pieni.jpg\" \/><\/a><\/p>\n<p style=\"text-align: center;\"><em>Patkulin n\u00e4k\u00f6alatasanne<\/em><\/p>\n<p style=\"text-align: center;\"><a href=\"\/blog\/wp-content\/uploads\/2022\/tallinnan_vanha_kaupunki7.jpg\"><img decoding=\"async\" src=\"\/blog\/wp-content\/uploads\/2022\/thumbs\/thumbs_tallinnan_vanha_kaupunki7.jpg\" \/><\/a><a href=\"\/blog\/wp-content\/uploads\/2022\/tallinnan_vanha_kaupunki8.jpg\"><img decoding=\"async\" src=\"\/blog\/wp-content\/uploads\/2022\/thumbs\/thumbs_tallinnan_vanha_kaupunki8.jpg\" \/><\/a><\/p>\n<p style=\"text-align: center;\"><em>Katu alakaupunkiin<\/em><\/p>\n<p style=\"text-align: center;\"><a href=\"\/blog\/wp-content\/uploads\/2022\/tallinnan_raatihuoneen_tori1.jpg\"><img decoding=\"async\" src=\"\/blog\/wp-content\/uploads\/2022\/thumbs\/thumbs_tallinnan_raatihuoneen_tori1.jpg\" \/><\/a><a href=\"\/blog\/wp-content\/uploads\/2022\/tallinnan_raatihuoneen_tori3.jpg\"><img decoding=\"async\" src=\"\/blog\/wp-content\/uploads\/2022\/thumbs\/thumbs_tallinnan_raatihuoneen_tori3.jpg\" \/><\/a><br \/>\n<a href=\"\/blog\/wp-content\/uploads\/2022\/tallinnan_raatihuoneen_tori2.jpg\"><img decoding=\"async\" src=\"\/blog\/wp-content\/uploads\/2022\/thumbs\/thumbs_tallinnan_raatihuoneen_tori2.jpg\" \/><\/a><a href=\"\/blog\/wp-content\/uploads\/2022\/tallinnan_raatihuoneen_tori4.jpg\"><img decoding=\"async\" src=\"\/blog\/wp-content\/uploads\/2022\/thumbs\/thumbs_tallinnan_raatihuoneen_tori4.jpg\" \/><\/a><\/p>\n<p style=\"text-align: center;\"><em>Raatihuoneentorin ymp\u00e4rist\u00f6\u00e4<\/em><\/p>\n<p style=\"text-align: center;\"><a href=\"\/blog\/wp-content\/uploads\/2022\/tallinnan_raatihuoneen_tori_panoraama1.jpg\"><img decoding=\"async\" src=\"\/blog\/wp-content\/uploads\/2022\/tallinnan_raatihuoneen_tori_panoraama1_pieni.jpg\" \/><\/a><\/p>\n<p style=\"text-align: center;\"><em>Kes\u00e4ist\u00e4 turistihulinaa<\/em><\/p>\n<p style=\"text-align: justify;\">Alakaupunki on paljon Toompean yl\u00e4kaupunkia suurempi alue, mutta yht\u00e4 vieh\u00e4tt\u00e4v\u00e4 historiallisella kaupunkikuvallaan. Suuntasimme kohti <em>Olevisten kirkkoa<\/em>, joka on valmistunut vuonna 1330. Keskiaikaisten vuosilukujen maininta huvittaa, sill\u00e4 noihin aikoihin Pohjois-Amerikkaa ei oltu viel\u00e4 edes l\u00f6ydetty ja esimerkiksi Kanada oli <a title=\"Kanadan mahtava er\u00e4maa\" href=\"https:\/\/www.vuosiamaailmalla.fi\/blog\/2014\/kanadan-mahtava-eramaa\/\">pelkk\u00e4\u00e4 villi\u00e4 luontoa<\/a>, jossa intiaaniheimot eliv\u00e4t yksinkertaista el\u00e4m\u00e4\u00e4ns\u00e4.<\/p>\n<p style=\"text-align: justify;\">Kirkon erikoisuus on sen 123,7 metri\u00e4 korkea suippo torni, joka tekee rakennuksesta Tornim\u00e4en tornitalojakin korkeamman. Alkujaan torni oli jopa 159 metri\u00e4 korkea, mutta kirkkoa on kohdannut tulipalo yhteens\u00e4 kolme kertaa ja se on rakennettu aina uudelleen hieman eri korkuisena.<\/p>\n<p style=\"text-align: center;\"><a href=\"\/blog\/wp-content\/uploads\/2022\/tallinnan_vanha_kaupunki9.jpg\"><img decoding=\"async\" src=\"\/blog\/wp-content\/uploads\/2022\/thumbs\/thumbs_tallinnan_vanha_kaupunki9.jpg\" \/><\/a><a href=\"\/blog\/wp-content\/uploads\/2022\/tallinnan_vanha_kaupunki10.jpg\"><img decoding=\"async\" src=\"\/blog\/wp-content\/uploads\/2022\/thumbs\/thumbs_tallinnan_vanha_kaupunki10.jpg\" \/><\/a><br \/>\n<a href=\"\/blog\/wp-content\/uploads\/2022\/tallinnan_vanha_kaupunki11.jpg\"><img decoding=\"async\" src=\"\/blog\/wp-content\/uploads\/2022\/thumbs\/thumbs_tallinnan_vanha_kaupunki11.jpg\" \/><\/a><a href=\"\/blog\/wp-content\/uploads\/2022\/tallinnan_vanha_kaupunki12.jpg\"><img decoding=\"async\" src=\"\/blog\/wp-content\/uploads\/2022\/thumbs\/thumbs_tallinnan_vanha_kaupunki12.jpg\" \/><\/a><\/p>\n<p style=\"text-align: center;\"><em>Alakaupungin kapeita katuja<\/em><\/p>\n<p style=\"text-align: justify;\">Sis\u00e4lt\u00e4 kirkko on keskiaikaisen karu ja turistille todellinen vetonaula on kipuaminen sen korkeaan torniin. En ole <a title=\"Ensimm\u00e4ist\u00e4 kertaa K\u00f6lniss\u00e4\" href=\"https:\/\/www.vuosiamaailmalla.fi\/blog\/2006\/ensimmaista-kertaa-kolnissa\/\">kivunnut vuosiin<\/a> keskiaikaisiin torneihin ja kapeat kiviportaat saavatkin hien pintaan. Vaiva kuitenkin kannattaa, sill\u00e4 ylh\u00e4\u00e4lt\u00e4 on kerrassaan upeat maisemat yli koko kaupungin.<\/p>\n<p style=\"text-align: center;\"><a href=\"\/blog\/wp-content\/uploads\/2022\/olevisten_kirkko_maisema1.jpg\"><img decoding=\"async\" src=\"\/blog\/wp-content\/uploads\/2022\/thumbs\/thumbs_olevisten_kirkko_maisema1.jpg\" \/><\/a><a href=\"\/blog\/wp-content\/uploads\/2022\/olevisten_kirkko_maisema2.jpg\"><img decoding=\"async\" src=\"\/blog\/wp-content\/uploads\/2022\/thumbs\/thumbs_olevisten_kirkko_maisema2.jpg\" \/><\/a><a href=\"\/blog\/wp-content\/uploads\/2022\/olevisten_kirkko_maisema3.jpg\"><img decoding=\"async\" src=\"\/blog\/wp-content\/uploads\/2022\/thumbs\/thumbs_olevisten_kirkko_maisema3.jpg\" \/><\/a><br \/>\n<a href=\"\/blog\/wp-content\/uploads\/2022\/olevisten_kirkko_maisema5.jpg\"><img decoding=\"async\" src=\"\/blog\/wp-content\/uploads\/2022\/thumbs\/thumbs_olevisten_kirkko_maisema5.jpg\" \/><\/a><a href=\"\/blog\/wp-content\/uploads\/2022\/olevisten_kirkko_maisema4.jpg\"><img decoding=\"async\" src=\"\/blog\/wp-content\/uploads\/2022\/thumbs\/thumbs_olevisten_kirkko_maisema4.jpg\" \/><\/a><\/p>\n<p style=\"text-align: center;\"><em>Maisema Olevisten kirkontornista<\/em><\/p>\n<p style=\"text-align: center;\"><a href=\"\/blog\/wp-content\/uploads\/2022\/olevisten_kirkko_panoraama1.jpg\"><img decoding=\"async\" src=\"\/blog\/wp-content\/uploads\/2022\/olevisten_kirkko_panoraama1_pieni.jpg\" \/><\/a><br \/>\n<a href=\"\/blog\/wp-content\/uploads\/2022\/olevisten_kirkko_panoraama2.jpg\"><img decoding=\"async\" src=\"\/blog\/wp-content\/uploads\/2022\/olevisten_kirkko_panoraama2_pieni.jpg\" \/><\/a><\/p>\n<p style=\"text-align: center;\"><em>Koko Tallinna n\u00e4kyviss\u00e4<\/em><\/p>\n<p style=\"text-align: justify;\">Yksi kirkontornista n\u00e4kyv\u00e4 mystinen rakennelma l\u00e4hist\u00f6ll\u00e4 on rannassa l\u00e4hell\u00e4 satamaa sijaitseva <em>Linnahall<\/em>. Valtaisa rakennus valmistui vuonna 1980 k\u00e4ytyihin Moskovan kes\u00e4olympialaisiin, joiden yhteydess\u00e4 Tallinnassa j\u00e4rjestettiin tapahtuman purjehduskilpailut. Matalan ja bunkkerimaisen rakennuksen ajatuksena oli s\u00e4ilytt\u00e4\u00e4 n\u00e4kym\u00e4 vanhan kaupungin siluettiin merelt\u00e4 k\u00e4sin, miss\u00e4 onkin onnistuttu.<\/p>\n<p style=\"text-align: center;\"><a href=\"\/blog\/wp-content\/uploads\/2022\/tallinna_linnahaal7.jpg\"><img decoding=\"async\" src=\"\/blog\/wp-content\/uploads\/2022\/tallinna_linnahaal7.jpg\" \/><\/a><\/p>\n<p style=\"text-align: center;\"><em>Mystinen rakennelma<\/em><\/p>\n<p style=\"text-align: justify;\">Valtavan rakennuksen sis\u00e4ll\u00e4 sijaitsee suuri 4200-paikkainen konserttisali sek\u00e4 3000-paikkainen j\u00e4\u00e4halli, jotka molemmat ovat olleet poissa k\u00e4yt\u00f6st\u00e4 yli vuosikymmenen samalla, kun itse rakennukselle on etsitty uutta k\u00e4ytt\u00f6\u00e4. Siin\u00e4 ajassa rakennusta on vandalisoitu runsaasti ja my\u00f6s luonto on ottanut vallan, tehden Linnahallista kummallisen reliikin melkein paraatipaikalla.<\/p>\n<p style=\"text-align: center;\"><a href=\"\/blog\/wp-content\/uploads\/2022\/tallinna_linnahaal1.jpg\"><img decoding=\"async\" src=\"\/blog\/wp-content\/uploads\/2022\/thumbs\/thumbs_tallinna_linnahaal1.jpg\" \/><\/a><a href=\"\/blog\/wp-content\/uploads\/2022\/tallinna_linnahaal2.jpg\"><img decoding=\"async\" src=\"\/blog\/wp-content\/uploads\/2022\/thumbs\/thumbs_tallinna_linnahaal2.jpg\" \/><\/a><a href=\"\/blog\/wp-content\/uploads\/2022\/tallinna_linnahaal4.jpg\"><img decoding=\"async\" src=\"\/blog\/wp-content\/uploads\/2022\/thumbs\/thumbs_tallinna_linnahaal4.jpg\" \/><\/a><\/p>\n<p style=\"text-align: center;\"><em>Valtava Linnahall<\/em><\/p>\n<p style=\"text-align: justify;\">Rakennukselle onkin visioitu monenlaista uusiok\u00e4ytt\u00f6\u00e4 ja viimeisimpi\u00e4 ehdotuksia on laivayhti\u00f6 Tallinkin suunnitelma tehd\u00e4 siit\u00e4 uusi matkustajasatama kokouskeskuksella, hotellilla ja kauppakeskuksella laajennettuna. Ehdotus esiteltiin kuitenkin helmikuussa 2020 eli juuri <a title=\"Huoli koronaviruksesta\" href=\"https:\/\/www.vuosiamaailmalla.fi\/blog\/2020\/huolta-koronaviruksen-kanssa\/\">ennen koronapandemiaa<\/a>, joten suunnitelmasta ei ole kuulunut sittemmin mit\u00e4\u00e4n ja Linnahallin rapistuminen jatkuu.<\/p>\n<p style=\"text-align: center;\"><a href=\"\/blog\/wp-content\/uploads\/2022\/tallinna_linnahaal6.jpg\"><img decoding=\"async\" src=\"\/blog\/wp-content\/uploads\/2022\/thumbs\/thumbs_tallinna_linnahaal6.jpg\" \/><\/a><a href=\"\/blog\/wp-content\/uploads\/2022\/tallinna_linnahaal5.jpg\"><img decoding=\"async\" src=\"\/blog\/wp-content\/uploads\/2022\/thumbs\/thumbs_tallinna_linnahaal5.jpg\" \/><\/a><a href=\"\/blog\/wp-content\/uploads\/2022\/tallinna_linnahaal3.jpg\"><img decoding=\"async\" src=\"\/blog\/wp-content\/uploads\/2022\/thumbs\/thumbs_tallinna_linnahaal3.jpg\" \/><\/a><\/p>\n<p style=\"text-align: center;\"><em>Vandaalien valtaama konserttisali<\/em><\/p>\n<p style=\"text-align: justify;\">Kaiken kaikkiaan p\u00e4iv\u00e4mme Tallinnassa oli ainoastaan seitsem\u00e4n tunnin mittainen, mik\u00e4 oli kuitenkin riitt\u00e4v\u00e4sti aikaa yleiskuvan saamiseksi kaupungista. 438 000 asukkaan Tallinna on pieni ja keskusta hyvinkin kompakti, joten kaikki sijaitsee\u00a0 k\u00e4tev\u00e4sti sataman l\u00e4hist\u00f6ll\u00e4.<\/p>\n<p style=\"text-align: center;\"><a href=\"\/blog\/wp-content\/uploads\/2022\/ruokarobotteja.jpg\"><img decoding=\"async\" src=\"\/blog\/wp-content\/uploads\/2022\/ruokarobotteja.jpg\" \/><\/a><\/p>\n<p style=\"text-align: center;\"><em>Viro on moderni maa<\/em><\/p>\n<p style=\"text-align: justify;\">Matkan lyhyydest\u00e4 huolimatta Viro ja Tallinna tekiv\u00e4t minuun vaikutuksen ja erityisesti upea vanhakaupunki oli eritt\u00e4in vieh\u00e4tt\u00e4v\u00e4. Virosta j\u00e4i positiivinen mielikuva pienen\u00e4 maana, jossa tapahtuu paljon ja erityisesti Tallinna on moderni kaupunki. Tallinnaan pit\u00e4\u00e4kin varmaan palata l\u00e4hivuosina uudemmankin kerran, sill\u00e4 nyt kaupunki j\u00e4i Niinalta kokonaan n\u00e4kem\u00e4tt\u00e4, kun vain min\u00e4 olin kaverini kanssa matkassa. Ehk\u00e4p\u00e4 n\u00e4in tehd\u00e4\u00e4n jo seuraavalla Suomen matkalla!<\/p>\n","protected":false},"excerpt":{"rendered":"<p>Leppoisan kes\u00e4lomailun tuoksinassa mieleen juolahti ajatus jonkinlaisesta matkasta. Asiaa hieman riippumatossa mietitty\u00e4ni, ajatukseksi selkiytyi mit\u00e4p\u00e4 jos sit\u00e4 k\u00e4visi p\u00e4iv\u00e4selt\u00e4\u00e4n Tallinnassa? Ajatus oli kiehtova, sill\u00e4 niin paljon kuin min\u00e4 ja Niina olemmekin matkustaneet, on Viron p\u00e4\u00e4kaupunki j\u00e4\u00e4nyt meille molemmille (hieman Helsingin tapaan) vieraaksi ja olen itse vieraillut kaupungissa ainoastaan kerran &#8211; vuonna 1995!! Ajatuksesta tulikin nopeasti &hellip; <a href=\"https:\/\/www.vuosiamaailmalla.fi\/blog\/2022\/paiva-tallinnassa\/\" class=\"more-link\">Jatka lukemista<span class=\"screen-reader-text\"> &#8221;P\u00e4iv\u00e4 Tallinnassa&#8221;<\/span><\/a><\/p>\n","protected":false},"author":1,"featured_media":13005,"comment_status":"open","ping_status":"closed","sticky":false,"template":"","format":"standard","meta":{"_jetpack_memberships_contains_paid_content":false,"footnotes":""},"categories":[7,1784],"tags":[1780,139,1783,1781,1777,1778,1774,1779,1782,1776,1773,1775],"class_list":["post-12998","post","type-post","status-publish","format-standard","has-post-thumbnail","hentry","category-matkakertomukset","category-viro","tag-aleksanteri-nevskin-katedraali","tag-historiaa-2","tag-linnahall","tag-olevisten-kirkko","tag-rotermannin-kortteli","tag-tallink","tag-tallinna","tag-tallinna-toompea","tag-tallinna-tornimae","tag-tallinna-vanalinn","tag-viro","tag-viru-keskus"],"jetpack_featured_media_url":"https:\/\/www.vuosiamaailmalla.fi\/blog\/wp-content\/uploads\/olevisten_kirkko_maisema_banner.jpg","jetpack_sharing_enabled":true,"_links":{"self":[{"href":"https:\/\/www.vuosiamaailmalla.fi\/blog\/wp-json\/wp\/v2\/posts\/12998","targetHints":{"allow":["GET"]}}],"collection":[{"href":"https:\/\/www.vuosiamaailmalla.fi\/blog\/wp-json\/wp\/v2\/posts"}],"about":[{"href":"https:\/\/www.vuosiamaailmalla.fi\/blog\/wp-json\/wp\/v2\/types\/post"}],"author":[{"embeddable":true,"href":"https:\/\/www.vuosiamaailmalla.fi\/blog\/wp-json\/wp\/v2\/users\/1"}],"replies":[{"embeddable":true,"href":"https:\/\/www.vuosiamaailmalla.fi\/blog\/wp-json\/wp\/v2\/comments?post=12998"}],"version-history":[{"count":11,"href":"https:\/\/www.vuosiamaailmalla.fi\/blog\/wp-json\/wp\/v2\/posts\/12998\/revisions"}],"predecessor-version":[{"id":13054,"href":"https:\/\/www.vuosiamaailmalla.fi\/blog\/wp-json\/wp\/v2\/posts\/12998\/revisions\/13054"}],"wp:featuredmedia":[{"embeddable":true,"href":"https:\/\/www.vuosiamaailmalla.fi\/blog\/wp-json\/wp\/v2\/media\/13005"}],"wp:attachment":[{"href":"https:\/\/www.vuosiamaailmalla.fi\/blog\/wp-json\/wp\/v2\/media?parent=12998"}],"wp:term":[{"taxonomy":"category","embeddable":true,"href":"https:\/\/www.vuosiamaailmalla.fi\/blog\/wp-json\/wp\/v2\/categories?post=12998"},{"taxonomy":"post_tag","embeddable":true,"href":"https:\/\/www.vuosiamaailmalla.fi\/blog\/wp-json\/wp\/v2\/tags?post=12998"}],"curies":[{"name":"wp","href":"https:\/\/api.w.org\/{rel}","templated":true}]}}