{"id":1300,"date":"2012-11-16T18:53:22","date_gmt":"2012-11-17T02:53:22","guid":{"rendered":"http:\/\/13.53.127.146\/?p=1300"},"modified":"2021-02-01T19:07:49","modified_gmt":"2021-02-02T03:07:49","slug":"granville-bridgen-seudun-tulevaisuus","status":"publish","type":"post","link":"https:\/\/www.vuosiamaailmalla.fi\/blog\/2012\/granville-bridgen-seudun-tulevaisuus\/","title":{"rendered":"Granville Bridgen seudun tulevaisuus"},"content":{"rendered":"<p style=\"text-align: justify;\">Vancouver on <a title=\"Kasvava Kanada\" href=\"https:\/\/www.vuosiamaailmalla.fi\/?p=219\">voimakkaasti kasvava<\/a> tornitalojen ja pilvenpiirt\u00e4jien kaupunki. Korkealla pysyttelev\u00e4n kysynn\u00e4n vuoksi kaupungin keskustaan sek\u00e4 esikaupunkien keskeisten liikenteen solmukohtien \u00e4\u00e4relle nousee jatkuvasti uusia tornitaloja. N\u00e4iden projektien kerroslukemat tuntuvat kasvavan jatkossa ja niinp\u00e4 jos investoit t\u00e4n\u00e4\u00e4n mink\u00e4 tahansa keskeisen alueen t\u00e4m\u00e4n hetken <a title=\"Kilpailu korkeimmasta pilvenpiirt\u00e4j\u00e4st\u00e4\" href=\"https:\/\/www.vuosiamaailmalla.fi\/?p=11013\">korkeimpaan uudisrakennukseen<\/a>, voit olla melkein varma ett\u00e4 ennen kuin p\u00e4\u00e4set edes muuttamaan rakennukseen, on alueelle ilmoitettu rakennettavan viel\u00e4 t\u00e4t\u00e4kin korkeampi rakennus. T\u00e4llainen tilanne on varsinkin Burnabyss\u00e4 ja Surreyss\u00e4, jossa Skytrain-asemien l\u00e4hettyville nousee paraikaa jopa <a href=\"https:\/\/www.vuosiamaailmalla.fi\/?p=2242\">yli 40-kerroksisia tornitaloja<\/a>. Kaikkein <a href=\"https:\/\/www.vuosiamaailmalla.fi\/?p=4576\">tuoreimmissa suunnitelmissa<\/a> v\u00e4l\u00e4ytell\u00e4\u00e4n jopa yli 60-kerroksisia pilvenpiirt\u00e4ji\u00e4 ja t\u00e4m\u00e4 siis esikaupungissa!<\/p>\n<p><!--more--><\/p>\n<p style=\"text-align: justify;\">Vancouverin keskustassa vapaa tila on ymp\u00e4r\u00f6ivi\u00e4 esikaupunkeja rajatumpaa, mutta keskustan ollessa aina vain alueen <a title=\"Asunnonmets\u00e4styst\u00e4 Vancouverissa\" href=\"https:\/\/www.vuosiamaailmalla.fi\/?p=621\">halutuimpia asuinalueita<\/a>, rakennetaan t\u00e4nnekin jatkuvasti uutta. Koska parhaat rakennustontit alkavat olla jo melkein k\u00e4ytettyj\u00e4, ovat rakennusfirmat viime aikoina iskeneet katseensa v\u00e4hemm\u00e4n haluttaviin tontteihin. T\u00e4llaisia ovat esimerkiksi <em>Cambie Bridgen<\/em> ja <em>Granville Bridgen<\/em> siltojen keskustan puoleiset liittym\u00e4alueet Yaletownin kaupunginosassa, jossa massiivisten siltarakennelmien vierell\u00e4 on viel\u00e4 rakentamatonta aluetta. N\u00e4ist\u00e4 kahdesta Granville Bridgen seudun kehitt\u00e4minen on pidemm\u00e4ll\u00e4, sill\u00e4 alueella on paraikaa k\u00e4ynniss\u00e4 nelj\u00e4 suurta tornitaloprojektia ja suunnitelmissa on viel\u00e4 muutama torni lis\u00e4\u00e4.<\/p>\n<p style=\"text-align: center;\"><a href=\"\/blog\/wp-content\/uploads\/2012\/granville_bridgen_seutu.jpg\"><img decoding=\"async\" style=\"border: 0px none; margin: 5px;\" src=\"\/blog\/wp-content\/uploads\/2012\/granville_bridgen_seutu.jpg\" alt=\"\" \/><\/a><\/p>\n<p style=\"text-align: center;\"><em>Granville Bridgen seutu<\/em><\/p>\n<p style=\"text-align: justify;\">Kolme keskeisint\u00e4 projektia ovat nimelt\u00e4\u00e4n <em>The Rolston<\/em> (76m, 23 kerrosta), <em>Maddox<\/em> (91m, 32 kerrosta) sek\u00e4 <a href=\"http:\/\/www.themarkvancouver.com\/\"><em>The Mark<\/em><\/a> (123m, 41 kerrosta). Vain korttelin p\u00e4\u00e4ss\u00e4 alueesta on lis\u00e4ksi rakenteilla 94-metrinen ja 31-kerroksinen <em>Salt<\/em>, jonka kuoppa on ollut varmasti keskustan syvin hetkeen.<\/p>\n<p style=\"text-align: center;\"><a href=\"\/blog\/wp-content\/uploads\/2012\/rolston_render.jpg\"><img decoding=\"async\" style=\"border: 0px none; margin: 5px;\" src=\"\/blog\/wp-content\/uploads\/2012\/thumbs\/thumbs_rolston_render.jpg\" alt=\"\" \/><\/a><a href=\"\/blog\/wp-content\/uploads\/2012\/salt_render.jpg\"><img decoding=\"async\" style=\"border: 0px none; margin: 5px;\" src=\"\/blog\/wp-content\/uploads\/2012\/thumbs\/thumbs_salt_render.jpg\" alt=\"\" \/><\/a><a href=\"\/blog\/wp-content\/uploads\/2012\/maddox_render.jpg\"><img decoding=\"async\" style=\"border: 0px none; margin: 5px;\" src=\"\/blog\/wp-content\/uploads\/2012\/thumbs\/thumbs_maddox_render.jpg\" alt=\"\" \/><\/a><a href=\"\/blog\/wp-content\/uploads\/2012\/the_mark_render.jpg\"><img decoding=\"async\" style=\"border: 0px none; margin: 5px;\" src=\"\/blog\/wp-content\/uploads\/2012\/thumbs\/thumbs_the_mark_render.jpg\" alt=\"\" \/><\/a><\/p>\n<p style=\"text-align: center;\"><em>The Rolston, Salt, Maddox ja The Mark<\/em><\/p>\n<p style=\"text-align: center;\"><a href=\"\/blog\/wp-content\/uploads\/2012\/salt1.jpg\"><img decoding=\"async\" style=\"border: 0px none; margin: 5px;\" src=\"\/blog\/wp-content\/uploads\/2012\/salt1.jpg\" alt=\"\" \/><\/a><\/p>\n<p style=\"text-align: center;\"><em>Saltin syv\u00e4 kuoppa (mittatikkuna pienet tikkaat vasemmalla)<\/em><\/p>\n<p style=\"text-align: center;\"><a href=\"\/blog\/wp-content\/uploads\/2012\/salt_kuoppa_panoraama.jpg\"><img decoding=\"async\" style=\"border: 0px none; margin: 5px;\" src=\"\/blog\/wp-content\/uploads\/2012\/salt_kuoppa_panoraama_pieni.jpg\" alt=\"\" \/><\/a><\/p>\n<p style=\"text-align: justify;\">Korkein n\u00e4ist\u00e4 eli The Mark ei ole korkein keskustassa k\u00e4ynniss\u00e4 oleva rakennusprojekti, mutta se ylt\u00e4\u00e4 silti ensi vuonna valmistuessaan t\u00e4p\u00e4r\u00e4sti keskustan k\u00e4rkikymmenikk\u00f6\u00f6n. The Mark ei edusta kovin edistyksellist\u00e4 arkkitehtuuria, mutta se tuo kuitenkin alueen t\u00e4h\u00e4n asti korkeimpana rakennuksena selke\u00e4\u00e4 ryhti\u00e4 alueelle. Saman tulevat tekem\u00e4\u00e4n my\u00f6s The Rolston ja Maddox, sill\u00e4 kummatkin rakennukset tulevat olemaan keskeisesti n\u00e4kyvill\u00e4 Granville Bridge\u00e4 pitkin <a title=\"Vancouverin tulevat portinvartijat\" href=\"http:\/\/www.vuosiamaailmalla.fi\/blog\/2018\/vancouverin-tulevat-portinvartijat\/\">kaupunkiin saapuvalle<\/a>.<\/p>\n<p style=\"text-align: center;\"><a href=\"\/blog\/wp-content\/uploads\/2012\/rolston_ja_mark_granville_bridgelta.jpg\"><img decoding=\"async\" style=\"border: 0px none; margin: 5px;\" src=\"\/blog\/wp-content\/uploads\/2012\/thumbs\/thumbs_rolston_ja_mark_granville_bridgelta.jpg\" alt=\"\" \/><\/a><a href=\"\/blog\/wp-content\/uploads\/2012\/the_mark1.jpg\"><img decoding=\"async\" style=\"border: 0px none; margin: 5px;\" src=\"\/blog\/wp-content\/uploads\/2012\/thumbs\/thumbs_the_mark1.jpg\" alt=\"\" \/><\/a><a href=\"\/blog\/wp-content\/uploads\/2012\/the_mark_cambielta3.jpg\"><img decoding=\"async\" style=\"border: 0px none; margin: 5px;\" src=\"\/blog\/wp-content\/uploads\/2012\/thumbs\/thumbs_the_mark_cambielta3.jpg\" alt=\"\" \/><\/a><\/p>\n<p style=\"text-align: center;\"><em>Alueen t\u00e4ll\u00e4 hetkell\u00e4 korkein The Markin ty\u00f6maa<\/em><\/p>\n<p style=\"text-align: center;\"><a href=\"\/blog\/wp-content\/uploads\/2012\/the_mark2.jpg\"><img decoding=\"async\" style=\"border: 0px none; margin: 5px;\" src=\"\/blog\/wp-content\/uploads\/2012\/thumbs\/thumbs_the_mark2.jpg\" alt=\"\" \/><\/a><a href=\"\/blog\/wp-content\/uploads\/2012\/the_mark3.jpg\"><img decoding=\"async\" style=\"border: 0px none; margin: 5px;\" src=\"\/blog\/wp-content\/uploads\/2012\/thumbs\/thumbs_the_mark3.jpg\" alt=\"\" \/><\/a><\/p>\n<p style=\"text-align: center;\"><em>Rakennusty\u00f6maa sivukaduilta n\u00e4htyn\u00e4<\/em><\/p>\n<p style=\"text-align: center;\"><a href=\"\/blog\/wp-content\/uploads\/2012\/the_rolston1.jpg\"><img decoding=\"async\" style=\"border: 0px none; margin: 5px;\" src=\"\/blog\/wp-content\/uploads\/2012\/thumbs\/thumbs_the_rolston1.jpg\" alt=\"\" \/><\/a><a href=\"\/blog\/wp-content\/uploads\/2012\/viela_matala_maddox.jpg\"><img decoding=\"async\" style=\"border: 0px none; margin: 5px;\" src=\"\/blog\/wp-content\/uploads\/2012\/thumbs\/thumbs_viela_matala_maddox.jpg\" alt=\"\" \/><\/a><a href=\"\/blog\/wp-content\/uploads\/2012\/seinamaalaus_granville_bridgen_luona.jpg\"><img decoding=\"async\" style=\"border: 0px none; margin: 5px;\" src=\"\/blog\/wp-content\/uploads\/2012\/thumbs\/thumbs_seinamaalaus_granville_bridgen_luona.jpg\" alt=\"\" \/><\/a><\/p>\n<p style=\"text-align: center;\"><em>The Rolston ja Maddox viel\u00e4 rakenteilla sek\u00e4 olympia-aiheinen sein\u00e4maalaus<\/em><\/p>\n<p style=\"text-align: justify;\">Varsinaiseksi portiksi Granville Bridgen ymp\u00e4rill\u00e4 on suunniteltu my\u00f6s kahta pilvenpiirt\u00e4j\u00e4\u00e4. N\u00e4ist\u00e4 toiselle esiteltiin alkukev\u00e4\u00e4ll\u00e4 arkkitehtuurisesti melko rohkea ehdotus, jossa 51-kerroksinen rakennus olisi pohjalta kolmion muotoinen, mutta k\u00e4\u00e4ntyisi matkallaan yl\u00f6s neliskulmaiseksi. Erikoisen muodon ideana on mukailla rakennuksen vierelt\u00e4 sujahtavaa <em>Howe Streetin<\/em> ramppia Granville Bridgelle, jonka yll\u00e4 yksi rakennuksen kulmista ik\u00e4\u00e4n kuin leijuisi. Ehdotus on rohkea ja saanut osakseen paljon huomiota. T\u00e4ll\u00e4 hetkell\u00e4 t\u00e4m\u00e4 <em>Beach &amp; Howena<\/em> tunnettu projekti (sittemmin <a title=\"Vancouver House ottaa muotoa\" href=\"http:\/\/www.vuosiamaailmalla.fi\/blog\/2017\/vancouver-house-ottaa-muotoaan\/\"><em>Vancouver House<\/em><\/a>) on viel\u00e4 kaupunkilautakunnan hyv\u00e4ksytt\u00e4v\u00e4n\u00e4 ja sen toteutumisesta ei ole varmuutta.<\/p>\n<p style=\"text-align: center;\"><a href=\"\/blog\/wp-content\/uploads\/2012\/beach_and_howe4.jpg\"><img decoding=\"async\" style=\"border: 0px none; margin: 5px;\" src=\"\/blog\/wp-content\/uploads\/2012\/thumbs\/thumbs_beach_and_howe4.jpg\" alt=\"\" \/><\/a><a href=\"\/blog\/wp-content\/uploads\/2012\/beach_and_howe5.jpg\"><img decoding=\"async\" style=\"border: 0px none; margin: 5px;\" src=\"\/blog\/wp-content\/uploads\/2012\/thumbs\/thumbs_beach_and_howe5.jpg\" alt=\"\" \/><\/a><a href=\"\/blog\/wp-content\/uploads\/2012\/beach_and_howe6.jpg\"><img decoding=\"async\" style=\"border: 0px none; margin: 5px;\" src=\"\/blog\/wp-content\/uploads\/2012\/thumbs\/thumbs_beach_and_howe6.jpg\" alt=\"\" \/><\/a><\/p>\n<p style=\"text-align: center;\"><em>Suunnitelma portista kaupunkiin (kuvasta puuttuvat muut mainitut projektit)<br \/>\n<\/em><\/p>\n<p style=\"text-align: center;\"><a href=\"\/blog\/wp-content\/uploads\/2012\/beach_and_howe3.jpg\"><img decoding=\"async\" style=\"border: 0px none; margin: 5px;\" src=\"\/blog\/wp-content\/uploads\/2012\/thumbs\/thumbs_beach_and_howe3.jpg\" alt=\"\" \/><\/a><a href=\"\/blog\/wp-content\/uploads\/2012\/beach_and_howe1.jpg\"><img decoding=\"async\" style=\"border: 0px none; margin: 5px;\" src=\"\/blog\/wp-content\/uploads\/2012\/thumbs\/thumbs_beach_and_howe1.jpg\" alt=\"\" \/><\/a><a href=\"\/blog\/wp-content\/uploads\/2012\/beach_and_howe2.jpg\"><img decoding=\"async\" style=\"border: 0px none; margin: 5px;\" src=\"\/blog\/wp-content\/uploads\/2012\/thumbs\/thumbs_beach_and_howe2.jpg\" alt=\"\" \/><\/a><\/p>\n<p style=\"text-align: center;\"><em>N\u00e4ytt\u00e4v\u00e4 kaartuva design<\/em><\/p>\n<p style=\"text-align: center;\"><a href=\"\/blog\/wp-content\/uploads\/2012\/beach_and_howe14.jpg\"><img decoding=\"async\" style=\"border: 0px none; margin: 5px;\" src=\"\/blog\/wp-content\/uploads\/2012\/thumbs\/thumbs_beach_and_howe14.jpg\" alt=\"\" \/><\/a><a href=\"\/blog\/wp-content\/uploads\/2012\/beach_and_howe15.jpg\"><img decoding=\"async\" style=\"border: 0px none; margin: 5px;\" src=\"\/blog\/wp-content\/uploads\/2012\/thumbs\/thumbs_beach_and_howe15.jpg\" alt=\"\" \/><\/a><\/p>\n<p style=\"text-align: center;\"><em>Y\u00f6n\u00e4kym\u00e4 Beach &amp; Howen pilvenpiirt\u00e4j\u00e4st\u00e4<\/em><\/p>\n<p style=\"text-align: justify;\">Projektin takana on kuuluisa tanskalainen arkkitehtitoimisto <em>Bjarke Ingels Group<\/em> eli <a href=\"http:\/\/www.big.dk\">BIG<\/a>. Osana projektia Granville Bridgen liittymien v\u00e4liin rakennettaisiin my\u00f6s pienempi\u00e4 toimistotiloja. Valtavan siltakannen alapuolelle suunnitelma sijoittaisi julkista tilaa ja esimerkiksi ulkoilmaelokuvateatterin. Ehdotus on kiintoisa, sill\u00e4 sen avulla t\u00e4m\u00e4 nykyisin l\u00e4hinn\u00e4 parkkipaikkoina oleva joutomaa saataisiin julkiseksi tilaksi kaupunkilaisten k\u00e4ytt\u00f6\u00f6n.<\/p>\n<p style=\"text-align: center;\"><a href=\"\/blog\/wp-content\/uploads\/2012\/beach_and_howe7.jpg\"><img decoding=\"async\" style=\"border: 0px none; margin: 5px;\" src=\"\/blog\/wp-content\/uploads\/2012\/thumbs\/thumbs_beach_and_howe7.jpg\" alt=\"\" \/><\/a><a href=\"\/blog\/wp-content\/uploads\/2012\/beach_and_howe8.jpg\"><img decoding=\"async\" style=\"border: 0px none; margin: 5px;\" src=\"\/blog\/wp-content\/uploads\/2012\/thumbs\/thumbs_beach_and_howe8.jpg\" alt=\"\" \/><\/a><a href=\"\/blog\/wp-content\/uploads\/2012\/beach_and_howe9.jpg\"><img decoding=\"async\" style=\"border: 0px none; margin: 5px;\" src=\"\/blog\/wp-content\/uploads\/2012\/thumbs\/thumbs_beach_and_howe9.jpg\" alt=\"\" \/><\/a><br \/>\n<a href=\"\/blog\/wp-content\/uploads\/2012\/beach_and_howe10.jpg\"><img decoding=\"async\" style=\"border: 0px none; margin: 5px;\" src=\"\/blog\/wp-content\/uploads\/2012\/thumbs\/thumbs_beach_and_howe10.jpg\" alt=\"\" \/><\/a><a href=\"\/blog\/wp-content\/uploads\/2012\/beach_and_howe11.jpg\"><img decoding=\"async\" style=\"border: 0px none; margin: 5px;\" src=\"\/blog\/wp-content\/uploads\/2012\/thumbs\/thumbs_beach_and_howe11.jpg\" alt=\"\" \/><\/a><\/p>\n<p style=\"text-align: center;\"><em>Uutta julkista kaupunkitilaa sillan ymp\u00e4rille<\/em><\/p>\n<p style=\"text-align: center;\"><a href=\"\/blog\/wp-content\/uploads\/2012\/beach_and_howe13.jpg\"><img decoding=\"async\" style=\"border: 0px none; margin: 5px;\" src=\"\/blog\/wp-content\/uploads\/2012\/thumbs\/thumbs_beach_and_howe13.jpg\" alt=\"\" \/><\/a><a href=\"\/blog\/wp-content\/uploads\/2012\/beach_and_howe12.jpg\"><img decoding=\"async\" style=\"border: 0px none; margin: 5px;\" src=\"\/blog\/wp-content\/uploads\/2012\/thumbs\/thumbs_beach_and_howe12.jpg\" alt=\"\" \/><\/a><\/p>\n<p style=\"text-align: center;\"><em>Mahdollinen ulkoilmaelokuvateatteri sillan alapuolella<\/em><\/p>\n<p style=\"text-align: justify;\">Koska Granville Bridgen alue on t\u00e4m\u00e4n hetken kuumimpia rakennusalueita keskustassa, olen liikkunut alueella sangen paljon ja odotan innolla alueen rakentumista yl\u00f6sp\u00e4in. The Markista on tullut kuuluisa my\u00f6s rakennusprojekteista kiinnostumattomille kaupunkilaisille, sill\u00e4 ty\u00f6maalla on ollut vaikeuksia est\u00e4\u00e4 rakennusroskan putoilu yl\u00e4kerroksista ymp\u00e4r\u00f6iville kaduille. Viereisen rakennuksen pihapiiri onkin suljettu rakennust\u00f6iden ajaksi, sill\u00e4 er\u00e4s pihalla oleskellut asukas sai taannoin putoavasta naulasta p\u00e4\u00e4h\u00e4ns\u00e4. Viel\u00e4 vaarallisempi tilanne koettiin syyskuun lopussa, kun 36. kerroksen korkeudella asennettavana ollut ikkunaraami <a href=\"http:\/\/www.cbc.ca\/news\/canada\/british-columbia\/story\/2012\/09\/20\/bc-window-plummets.html\">putosi<\/a> alla olleen auton p\u00e4\u00e4lle. Onneksi kukaan ei loukkaantunut t\u00e4ss\u00e4 vaaratilanteessa, josta oli paljon porua paikallisessa mediassa.<\/p>\n<p style=\"text-align: justify;\">Vancouverin alueella on k\u00e4ynniss\u00e4 ja suunnitelmissa my\u00f6s lukuisia muita kiinnostavia rakennusprojekteja, joista yrit\u00e4n kirjoitella sek\u00e4 laittaa kuvia t\u00e4nne aina v\u00e4lill\u00e4. Koska asumme melko l\u00e4hell\u00e4 Granville Bridge\u00e4, on se meid\u00e4n l\u00e4hin suurempi projekti, mink\u00e4 lis\u00e4ksi sill\u00e4 tulee olemaan kaupunkikuvallisesti merkitt\u00e4v\u00e4 vaikutus. Vaikutus, mik\u00e4 alkaa n\u00e4ky\u00e4 jo nyt rakennusten noustessa kohti taivasta.<\/p>\n","protected":false},"excerpt":{"rendered":"<p>Vancouver on voimakkaasti kasvava tornitalojen ja pilvenpiirt\u00e4jien kaupunki. Korkealla pysyttelev\u00e4n kysynn\u00e4n vuoksi kaupungin keskustaan sek\u00e4 esikaupunkien keskeisten liikenteen solmukohtien \u00e4\u00e4relle nousee jatkuvasti uusia tornitaloja. N\u00e4iden projektien kerroslukemat tuntuvat kasvavan jatkossa ja niinp\u00e4 jos investoit t\u00e4n\u00e4\u00e4n mink\u00e4 tahansa keskeisen alueen t\u00e4m\u00e4n hetken korkeimpaan uudisrakennukseen, voit olla melkein varma ett\u00e4 ennen kuin p\u00e4\u00e4set edes muuttamaan rakennukseen, on &hellip; <a href=\"https:\/\/www.vuosiamaailmalla.fi\/blog\/2012\/granville-bridgen-seudun-tulevaisuus\/\" class=\"more-link\">Jatka lukemista<span class=\"screen-reader-text\"> &#8221;Granville Bridgen seudun tulevaisuus&#8221;<\/span><\/a><\/p>\n","protected":false},"author":1,"featured_media":11482,"comment_status":"open","ping_status":"open","sticky":false,"template":"","format":"standard","meta":{"_jetpack_memberships_contains_paid_content":false,"footnotes":""},"categories":[17,3],"tags":[229,418,935,416,301,415,413,414,939,849,215],"class_list":["post-1300","post","type-post","status-publish","format-standard","has-post-thumbnail","hentry","category-arki-kanadassa","category-arki-ulkomailla","tag-arkkitehtuuri","tag-granville-bridge","tag-kanada","tag-maddox","tag-rakennustyomaa","tag-salt","tag-the-mark","tag-the-rolston","tag-vancouver","tag-vancouver-house","tag-vancouver-yaletown"],"jetpack_featured_media_url":"https:\/\/www.vuosiamaailmalla.fi\/blog\/wp-content\/uploads\/beach_and_hove_banner.jpg","jetpack_sharing_enabled":true,"_links":{"self":[{"href":"https:\/\/www.vuosiamaailmalla.fi\/blog\/wp-json\/wp\/v2\/posts\/1300","targetHints":{"allow":["GET"]}}],"collection":[{"href":"https:\/\/www.vuosiamaailmalla.fi\/blog\/wp-json\/wp\/v2\/posts"}],"about":[{"href":"https:\/\/www.vuosiamaailmalla.fi\/blog\/wp-json\/wp\/v2\/types\/post"}],"author":[{"embeddable":true,"href":"https:\/\/www.vuosiamaailmalla.fi\/blog\/wp-json\/wp\/v2\/users\/1"}],"replies":[{"embeddable":true,"href":"https:\/\/www.vuosiamaailmalla.fi\/blog\/wp-json\/wp\/v2\/comments?post=1300"}],"version-history":[{"count":4,"href":"https:\/\/www.vuosiamaailmalla.fi\/blog\/wp-json\/wp\/v2\/posts\/1300\/revisions"}],"predecessor-version":[{"id":11484,"href":"https:\/\/www.vuosiamaailmalla.fi\/blog\/wp-json\/wp\/v2\/posts\/1300\/revisions\/11484"}],"wp:featuredmedia":[{"embeddable":true,"href":"https:\/\/www.vuosiamaailmalla.fi\/blog\/wp-json\/wp\/v2\/media\/11482"}],"wp:attachment":[{"href":"https:\/\/www.vuosiamaailmalla.fi\/blog\/wp-json\/wp\/v2\/media?parent=1300"}],"wp:term":[{"taxonomy":"category","embeddable":true,"href":"https:\/\/www.vuosiamaailmalla.fi\/blog\/wp-json\/wp\/v2\/categories?post=1300"},{"taxonomy":"post_tag","embeddable":true,"href":"https:\/\/www.vuosiamaailmalla.fi\/blog\/wp-json\/wp\/v2\/tags?post=1300"}],"curies":[{"name":"wp","href":"https:\/\/api.w.org\/{rel}","templated":true}]}}