{"id":13064,"date":"2019-01-12T12:41:48","date_gmt":"2019-01-12T20:41:48","guid":{"rendered":"https:\/\/www.vuosiamaailmalla.fi\/blog\/?p=13064"},"modified":"2023-02-20T16:56:36","modified_gmt":"2023-02-21T00:56:36","slug":"kolmen-tahden-per-se","status":"publish","type":"post","link":"https:\/\/www.vuosiamaailmalla.fi\/blog\/2019\/kolmen-tahden-per-se\/","title":{"rendered":"Kolmen t\u00e4hden Per Se"},"content":{"rendered":"<p style=\"text-align: justify;\">New Yorkissa vietetty vuoden viimeinen viikko osui mukavasti samaan rakoon Niinan syntym\u00e4p\u00e4ivien kanssa. T\u00e4t\u00e4 piti tietysti juhlistaa jotenkin ja hienon <em>fine dining<\/em> -ruoan yst\u00e4vin\u00e4 tutkimme jo ennen matkaa kaupungin huippuravintoloiden tarjontaa. New Yorkista l\u00f6ytyy monenlaista hienostoravintolaa ja esimerkiksi arvostettuja <a href=\"https:\/\/www.vuosiamaailmalla.fi\/blog\/tag\/michelin-tahti\/\">Michelin-ravintoloita<\/a> on kaupungissa kymmeni\u00e4. N\u00e4ist\u00e4 t\u00e4yden kolmen t\u00e4hden ravintoloita on kuitenkin ainoastaan viisi ja niist\u00e4 illallispaikaksemme valikoitui huippukokki Thomas Kellerin vuonna 2006 avaama <em>Per Se<\/em>.<\/p>\n<p><!--more--><\/p>\n<p style=\"text-align: justify;\">Sanotaan nyt heti k\u00e4rkeen, ett\u00e4 ravintolan valintaan vaikutti aavistuksen sen suomalaisittain huvittava nimi, mutta <em>Time Warner Centerin<\/em> nelj\u00e4nness\u00e4 kerroksessa sijaitseva ravintola on my\u00f6skin kaupungin ehdotonta huippua. Se sek\u00e4 <a title=\"Suurenmoinen Rockefeller Center\" href=\"https:\/\/www.vuosiamaailmalla.fi\/blog\/2011\/suurenmoinen-rockefeller-center\/\">Midtownin ytimess\u00e4<\/a> sijaitseva <em>Le Bernardin<\/em> ovat New Yorkin ainoat ravintolat, joilla on ollut kolme Michelin-t\u00e4hte\u00e4 aina kaupungin <a title=\"Michelin t\u00e4hti\u00e4 Vancouveriin\" href=\"https:\/\/www.vuosiamaailmalla.fi\/blog\/2022\/michelin-tahtia-vancouveriin\/\">ensimm\u00e4isest\u00e4 oppaasta<\/a> saakka vuonna 2006 eli sit\u00e4 parempaa saa hakea.<\/p>\n<p style=\"text-align: center;\"><a href=\"\/blog\/wp-content\/uploads\/2018\/kolmen_tahden_per_se.jpg\"><img decoding=\"async\" src=\"\/blog\/wp-content\/uploads\/2018\/kolmen_tahden_per_se.jpg\" \/><\/a><\/p>\n<p style=\"text-align: center;\"><em>New Yorkin hienoimpia ravintoloita<\/em><\/p>\n<p style=\"text-align: justify;\">Ravintolan perustajana, omistajana sek\u00e4 my\u00f6s toisinaan operoivana p\u00e4\u00e4kokkina toimii Thomas Keller, joka on eritt\u00e4in ansioitunut amerikkalainen kokki. Kellerill\u00e4 on toinenkin kolmen t\u00e4hden ravintola, Kalifornian viinialue Napa Valleyss\u00e4 sijaitseva legendaarinen <em>French Laundry<\/em>, jonne p\u00e4\u00e4sy vaatii kuukausien jonotusta. Keller onkin palkittu monilla tunnustuksilla ja on yksi Amerikan nimekk\u00e4impi\u00e4 huippukokkeja.<\/p>\n<p style=\"text-align: justify;\">Saavuimme ravintolalle k\u00e4vellen ja olimme tyypilliseen tapaamme ensimm\u00e4isi\u00e4. Ravintolan avauduttua meid\u00e4t ohjattiin yst\u00e4v\u00e4llisesti ravintolan p\u00e4\u00e4ruokasalissa sijaitsevaan p\u00f6yt\u00e4\u00e4n, josta oli maisema\u00a0 viereisen <a title=\"Syntym\u00e4p\u00e4iv\u00e4retki Central Parkissa\" href=\"https:\/\/www.vuosiamaailmalla.fi\/blog\/2011\/syntymapaivaretki-central-parkissa\/\"><em>Columbus Circlen<\/em><\/a> ylitse. Tunnelma ravintolassa oli arvokkaan hiljainen ja virallinen pukeutumiskoodi edellytti tumman puvun sek\u00e4 kravatin tuomista matkalle.<\/p>\n<p style=\"text-align: center;\"><a href=\"\/blog\/wp-content\/uploads\/2018\/hienolla_illallisella_per_seessa2.jpg\"><img decoding=\"async\" src=\"\/blog\/wp-content\/uploads\/2018\/thumbs\/thumbs_hienolla_illallisella_per_seessa2.jpg\" \/><\/a><a href=\"\/blog\/wp-content\/uploads\/2018\/hienolla_illallisella_per_seessa3.jpg\"><img decoding=\"async\" src=\"\/blog\/wp-content\/uploads\/2018\/thumbs\/thumbs_hienolla_illallisella_per_seessa3.jpg\" \/><\/a><a href=\"\/blog\/wp-content\/uploads\/2018\/hienolla_illallisella_per_seessa1.jpg\"><img decoding=\"async\" src=\"\/blog\/wp-content\/uploads\/2018\/thumbs\/thumbs_hienolla_illallisella_per_seessa1.jpg\" \/><\/a><\/p>\n<p style=\"text-align: center;\"><em>Ykk\u00f6set p\u00e4\u00e4ll\u00e4<\/em><\/p>\n<p style=\"text-align: center;\"><a href=\"\/blog\/wp-content\/uploads\/2018\/hienolla_illallisella_per_seessa4.jpg\"><img decoding=\"async\" src=\"\/blog\/wp-content\/uploads\/2018\/thumbs\/thumbs_hienolla_illallisella_per_seessa4.jpg\" \/><\/a><a href=\"\/blog\/wp-content\/uploads\/2018\/hienolla_illallisella_per_seessa5.jpg\"><img decoding=\"async\" src=\"\/blog\/wp-content\/uploads\/2018\/thumbs\/thumbs_hienolla_illallisella_per_seessa5.jpg\" \/><\/a><\/p>\n<p style=\"text-align: center;\"><em>Illallisen askelmerkit<\/em><\/p>\n<p style=\"text-align: justify;\">Illallinen oli ennalta m\u00e4\u00e4ritetty yhdeks\u00e4n ruokalajin maistelumenu, joka alkoi perinteisesti pienell\u00e4 kokin tervehdyksell\u00e4. T\u00e4m\u00e4n per\u00e4\u00e4n tarjoiltiin ensimm\u00e4isen\u00e4 alkuruokana tyr\u00e4kkikasveihin kuuluvan tapiokan helmi\u00e4 osterien ja kaviaarin kera. Seuraava alkuruoka oli kasvispitoinen paistettu selleri espanjalaisella vuoristokinkulla ja kookoksella lis\u00e4ttyn\u00e4, joka l\u00f6ysi meist\u00e4 yst\u00e4v\u00e4n.<\/p>\n<p style=\"text-align: center;\"><a href=\"\/blog\/wp-content\/uploads\/2018\/per_se_alkuruokia1.jpg\"><img decoding=\"async\" src=\"\/blog\/wp-content\/uploads\/2018\/thumbs\/thumbs_per_se_alkuruokia1.jpg\" \/><\/a><a href=\"\/blog\/wp-content\/uploads\/2018\/per_se_alkuruokia2.jpg\"><img decoding=\"async\" src=\"\/blog\/wp-content\/uploads\/2018\/thumbs\/thumbs_per_se_alkuruokia2.jpg\" \/><\/a><a href=\"\/blog\/wp-content\/uploads\/2018\/per_se_alkuruokia3.jpg\"><img decoding=\"async\" src=\"\/blog\/wp-content\/uploads\/2018\/thumbs\/thumbs_per_se_alkuruokia3.jpg\" \/><\/a><\/p>\n<p style=\"text-align: center;\"><em>Vahva alku herkutteluun<\/em><\/p>\n<p style=\"text-align: justify;\">Seuraava eteemme tuotu alkuruoka oli hiilell\u00e4 grillattu torpedoahven l\u00e4heisen Montaukin edustalta. Pieni pala kalaa maistui erinomaiselta, valmistellen vatsaamme seuraavaan herkkuun, joka oli juurespitoinen annos kampasimpukkaa Hakurei-nauriilla, talvisikurilla sek\u00e4 Choron-kastikkeella tarjoiltuna.<\/p>\n<p style=\"text-align: center;\"><a href=\"\/blog\/wp-content\/uploads\/2018\/per_se_paaruokia1.jpg\"><img decoding=\"async\" src=\"\/blog\/wp-content\/uploads\/2018\/thumbs\/thumbs_per_se_paaruokia1.jpg\" \/><\/a><a href=\"\/blog\/wp-content\/uploads\/2018\/per_se_paaruokia2.jpg\"><img decoding=\"async\" src=\"\/blog\/wp-content\/uploads\/2018\/thumbs\/thumbs_per_se_paaruokia2.jpg\" \/><\/a><\/p>\n<p style=\"text-align: center;\"><em>N\u00e4ill\u00e4 t\u00e4yttyy vatsa<\/em><\/p>\n<p style=\"text-align: justify;\">Samalla kun p\u00f6yt\u00e4\u00e4mme tuotiin laaja kattaus tuoreita leipi\u00e4, annoimme vatsamme hieman lev\u00e4t\u00e4 ennen p\u00e4\u00e4ruokiin siirtymist\u00e4. Katsastimme ravintolan viinilistan, jonka kanssa saa olla varovainen, sill\u00e4 monet pullot maksavat satoja ja jopa tuhansia dollareita eli luottokortin rajat saa kyll\u00e4 helposti paukkumaan!<\/p>\n<p style=\"text-align: center;\"><a href=\"\/blog\/wp-content\/uploads\/2018\/per_se_paaruokia3.jpg\"><img decoding=\"async\" src=\"\/blog\/wp-content\/uploads\/2018\/thumbs\/thumbs_per_se_paaruokia3.jpg\" \/><\/a><a href=\"\/blog\/wp-content\/uploads\/2018\/kalliita_viineja.jpg\"><img decoding=\"async\" src=\"\/blog\/wp-content\/uploads\/2018\/thumbs\/thumbs_kalliita_viineja.jpg\" \/><\/a><\/p>\n<p style=\"text-align: center;\"><em>Kalliita viinej\u00e4<\/em><\/p>\n<p style=\"text-align: justify;\">T\u00e4t\u00e4 taustaa vasten emme voineet kuin ihmetell\u00e4 l\u00e4heiseen p\u00f6yt\u00e4\u00e4n saapunutta pariskuntaa, jonka nainen oli jo saapuessa humalassa. Ajatellen miten kallis illallinen Per Seen kaltaisessa huippuravintolassa onkaan, on ihme ett\u00e4 joku saapuu paikalle pilamaan kalliin iltansa. Tilanne oli hieman kiusallinen my\u00f6s ravintolahenkil\u00f6kunnalle, joka kuitenkin hoiti sit\u00e4 ammattitaitoisesti. Pariskunta oli kuitenkin varmasti l\u00e4hell\u00e4 rajaa, ett\u00e4 n\u00e4it\u00e4 olisi pyydetty l\u00e4htem\u00e4\u00e4n, olivatpa he sitten ket\u00e4 tahansa.<\/p>\n<p style=\"text-align: justify;\">Monipuolisen illallisen seuraavana ruokana tarjoiltiin maukasta <a title=\"It\u00e4maista herkuttelua\" href=\"https:\/\/www.vuosiamaailmalla.fi\/blog\/2018\/itamaista-herkuttelua-mott-32ssa\/\">Pekingin ankkaa<\/a> ruusukaalilla, pukinparralla sek\u00e4 herkullisella punaviinikastikkeella ryyditettyn\u00e4. Loistava oli my\u00f6s seuraavaksi tarjoiltu pihvi ruutusiida pinaatilla ja porkkanalla t\u00e4ydennettyn\u00e4. N\u00e4iden herkkujen my\u00f6t\u00e4 n\u00e4lk\u00e4mme alkoi olla tyydytetty, vaikka tiedossa olisi viel\u00e4 kokonaan\u00a0 kattaus j\u00e4lkiruokia.<\/p>\n<p style=\"text-align: center;\"><a href=\"\/blog\/wp-content\/uploads\/2018\/per_se_paaruokia4.jpg\"><img decoding=\"async\" src=\"\/blog\/wp-content\/uploads\/2018\/thumbs\/thumbs_per_se_paaruokia4.jpg\" \/><\/a><a href=\"\/blog\/wp-content\/uploads\/2018\/per_se_paaruokia5.jpg\"><img decoding=\"async\" src=\"\/blog\/wp-content\/uploads\/2018\/thumbs\/thumbs_per_se_paaruokia5.jpg\" \/><\/a><a href=\"\/blog\/wp-content\/uploads\/2018\/per_se_jalkiruokia1.jpg\"><img decoding=\"async\" src=\"\/blog\/wp-content\/uploads\/2018\/thumbs\/thumbs_per_se_jalkiruokia1.jpg\" \/><\/a><\/p>\n<p style=\"text-align: center;\"><em>P\u00e4\u00e4ruokien huipentuma<\/em><\/p>\n<p style=\"text-align: justify;\">Kattavan j\u00e4lkiruokatarjonnan aloittikin pala makoisaa sitruskakkua karamellikuorrutetulla kumkvatilla sek\u00e4 Satsuma-mandariineilla tarjoiltuna. Laajaan j\u00e4lkiruokarepertuaariin kuului my\u00f6s ranskalainen Arlette-kanelileivos brandykastikkeessa sek\u00e4 sommitelma pieni\u00e4\u00a0 ihania leivonnaisia. T\u00e4ss\u00e4 vaiheessa Niinalle tuotiin my\u00f6s pala syntym\u00e4p\u00e4iv\u00e4kakkua, joka muodostui suussa sulavasta monikerroksesta suklaakakusta.<\/p>\n<p style=\"text-align: center;\"><a href=\"\/blog\/wp-content\/uploads\/2018\/per_se_jalkiruokia2.jpg\"><img decoding=\"async\" src=\"\/blog\/wp-content\/uploads\/2018\/thumbs\/thumbs_per_se_jalkiruokia2.jpg\" \/><\/a><a href=\"\/blog\/wp-content\/uploads\/2018\/per_se_jalkiruokia3.jpg\"><img decoding=\"async\" src=\"\/blog\/wp-content\/uploads\/2018\/thumbs\/thumbs_per_se_jalkiruokia3.jpg\" \/><\/a><\/p>\n<p style=\"text-align: center;\"><em>J\u00e4lkiruokia piisaa<\/em><\/p>\n<p style=\"text-align: justify;\">Lopulta oli aika illan viimeiselle herkkupalalle ja eteemme tuotiin valikoima suklaatryffeleit\u00e4. Niist\u00e4 saimme napsia niin monta kuin vain halusimme ja kehtasimme, mik\u00e4 oli t\u00e4ydellinen p\u00e4\u00e4t\u00f6s illallisemme ruokaosuudelle.<\/p>\n<p style=\"text-align: center;\"><a href=\"\/blog\/wp-content\/uploads\/2018\/per_se_jalkiruokia4.jpg\"><img decoding=\"async\" src=\"\/blog\/wp-content\/uploads\/2018\/per_se_jalkiruokia4.jpg\" \/><\/a><\/p>\n<p style=\"text-align: center;\"><em>Herkulliset suklaanapit<\/em><\/p>\n<p style=\"text-align: justify;\">Sanon n\u00e4in, sill\u00e4 ravintolan henkil\u00f6kunta oli pist\u00e4nyt illan aikana merkille haluni valokuvata illallistarjontaa. T\u00e4ss\u00e4 ei ollut mit\u00e4\u00e4n ongelmaa, mutta heit\u00e4 kiinnosti olenko kenties joku kuuluisa ruokabloggari tai arvioija. Tai n\u00e4in ei sanottu suoraan, mutta huippuravintolan pit\u00e4\u00e4 olla tarkkana palvelunsa kanssa, mink\u00e4 vuoksi meille tarjottiinkin erityist\u00e4 mahdollisuutta n\u00e4hd\u00e4 ravintolan keitti\u00f6 ty\u00f6ntouhussa. T\u00e4llaista mahdollisuutta tuskin tulee vastaan, joten saimme pienen yksityiskierroksen keitti\u00f6n kiireisest\u00e4, mutta eritt\u00e4in organisoidusta toiminnasta. Herra Keller ei itse ollut tuona iltana paikalla, t\u00e4m\u00e4n ollessa Kaliforniassa French Laundryll\u00e4, johon Per Seen henkil\u00f6kunnalla oli jatkuva videoyhteys, ruokaan liittyvi\u00e4 kysymyksi\u00e4 varten.<\/p>\n<p style=\"text-align: center;\"><a href=\"\/blog\/wp-content\/uploads\/2018\/per_se_keittiossa1.jpg\"><img decoding=\"async\" src=\"\/blog\/wp-content\/uploads\/2018\/thumbs\/thumbs_per_se_keittiossa1.jpg\" \/><\/a><a href=\"\/blog\/wp-content\/uploads\/2018\/per_se_keittiossa2.jpg\"><img decoding=\"async\" src=\"\/blog\/wp-content\/uploads\/2018\/thumbs\/thumbs_per_se_keittiossa2.jpg\" \/><\/a><\/p>\n<p style=\"text-align: center;\"><em>Huippukeitti\u00f6ss\u00e4 on siisti\u00e4<\/em><\/p>\n<p style=\"text-align: justify;\">Ravintolan eritt\u00e4in yst\u00e4v\u00e4llinen <em>sommelier<\/em> eli viiniasiantuntija halusi my\u00f6s ehdottomasti n\u00e4ytt\u00e4\u00e4 meille ravintolan arvokkaan noin 2000 viinipullon valikoiman. Sen joukosta h\u00e4n poimi n\u00e4ht\u00e4v\u00e4ksemme ravintolan harvinaisimman viinipullon, vuodelta 1900 olevan pullon <em>Chateau d&#8217; Yquemia<\/em>. Pulloa ei l\u00f6ydy ravintolan viinilistalta, joten sit\u00e4 ehdotetaan ainoastaan eritt\u00e4in poikkeuksellisessa tilanteessa, jollekin eritt\u00e4in merkitt\u00e4v\u00e4lle vieraalle. Pullo saman viinitilan vuosikertaa 1996 l\u00f6ytyy kuitenkin listalta ja on hinnaltaan 2500 dollaria &#8211; huh!<\/p>\n<p style=\"text-align: center;\"><a href=\"\/blog\/wp-content\/uploads\/2018\/per_se_viinikellarissa1.jpg\"><img decoding=\"async\" src=\"\/blog\/wp-content\/uploads\/2018\/thumbs\/thumbs_per_se_viinikellarissa1.jpg\" \/><\/a><a href=\"\/blog\/wp-content\/uploads\/2018\/per_se_viinikellarissa2.jpg\"><img decoding=\"async\" src=\"\/blog\/wp-content\/uploads\/2018\/thumbs\/thumbs_per_se_viinikellarissa2.jpg\" \/><\/a><a href=\"\/blog\/wp-content\/uploads\/2018\/per_se_viinikellarissa3.jpg\"><img decoding=\"async\" src=\"\/blog\/wp-content\/uploads\/2018\/thumbs\/thumbs_per_se_viinikellarissa3.jpg\" \/><\/a><\/p>\n<p style=\"text-align: center;\"><em>Yksityiskierros ravintolan viinikellarissa<\/em><\/p>\n<p style=\"text-align: justify;\">Noin kolme tuntia kest\u00e4nyt illallisemme oli n\u00e4in ollen ohitse ja k\u00e4vely hotellille teki hyv\u00e4\u00e4 ruoan sulattamiseksi. El\u00e4mys oli ehdottomasti kolmen t\u00e4hden arvoinen ja vertautuu kahteen aiempaan kokemukseemme Saksan <a title=\"Urheiluauto, kolmen t\u00e4hden illallinen ja viiden t\u00e4hden y\u00f6\" href=\"https:\/\/www.vuosiamaailmalla.fi\/blog\/2011\/urheiluauto-kolmen-tahden-illallinen-ja-viiden-tahden-yo\/\">Wolfsburgissa<\/a> sijaitsevassa <a title=\"Kolmen Michelin-t\u00e4hden Aqua\" href=\"https:\/\/www.vuosiamaailmalla.fi\/blog\/2011\/kolmen-michelin-tahden-aqua\/\"><em>Aquassa<\/em><\/a> sek\u00e4 San Franciscon parhaimmistoon lukeutuvassa <a title=\"San Franciscon parhaassa ravintolassa\" href=\"https:\/\/www.vuosiamaailmalla.fi\/blog\/2017\/san-franciscon-parhaassa-ravintolassa\/\"><em>Quinchess\u00e4<\/em><\/a>. Kolmen t\u00e4hden ravintoloissa palvelu tekee ruokaakin suuremman vaikutuksen, sill\u00e4 asiakkaiden eteen tehd\u00e4\u00e4n aivan kaikki. Sommelier jopa antoi meille k\u00e4yntikorttinsa kehotuksella soittaa h\u00e4nelle jos vain tarvitsisimme suositusta p\u00e4\u00e4syst\u00e4 jonkin toisen huippuravintolan varauslistalle. Lupaus j\u00e4i lunastamatta, mutta en ep\u00e4ile hetke\u00e4k\u00e4\u00e4n, etteik\u00f6 t\u00e4m\u00e4 olisi halutessamme n\u00e4in my\u00f6s tehnyt.<\/p>\n<p style=\"text-align: justify;\">Illallinen j\u00e4tti lompakkomme 577 euroa kevyemm\u00e4ksi, mit\u00e4 ei voi kuitenkaan pit\u00e4\u00e4 j\u00e4rin kalliina New Yorkin kaltaisen suurkaupungin aivan ylimp\u00e4\u00e4n parhaimmistoon kuuluvasta ravintolasta. Ruokailu siell\u00e4 oli ehdottomasti kokemus ja saamamme erikoiskohtelu sek\u00e4 kierros keitti\u00f6ss\u00e4 j\u00e4ttiv\u00e4t kokemuksesta positiivisen mielen ja l\u00e4mpim\u00e4n suosituksen. Ja se kaikkein hauskin juttu eli ravintolan nimi, j\u00e4i meilt\u00e4 kertomatta henkil\u00f6kunnalle, niin hauskalta kuin se olisi heist\u00e4kin saattanut kuulostaa.<\/p>\n<p style=\"text-align: center;\"><a href=\"https:\/\/www.thomaskeller.com\/perseny\">Per Se<\/a><br \/>\n10 Columbus Circle<br \/>\n10019 New York<\/p>\n<p style=\"text-align: center;\"><iframe loading=\"lazy\" style=\"border: 0;\" src=\"https:\/\/www.google.com\/maps\/embed?pb=!1m18!1m12!1m3!1d3021.718407428072!2d-73.98508748459338!3d40.76821777932579!2m3!1f0!2f0!3f0!3m2!1i1024!2i768!4f13.1!3m3!1m2!1s0x89c258f62fec73a7%3A0x5e24118dffac8a65!2sPer%20Se!5e0!3m2!1sfi!2sca!4v1676925661677!5m2!1sfi!2sca\" width=\"600\" height=\"450\" allowfullscreen=\"allowfullscreen\"><\/iframe><\/p>\n","protected":false},"excerpt":{"rendered":"<p>New Yorkissa vietetty vuoden viimeinen viikko osui mukavasti samaan rakoon Niinan syntym\u00e4p\u00e4ivien kanssa. T\u00e4t\u00e4 piti tietysti juhlistaa jotenkin ja hienon fine dining -ruoan yst\u00e4vin\u00e4 tutkimme jo ennen matkaa kaupungin huippuravintoloiden tarjontaa. New Yorkista l\u00f6ytyy monenlaista hienostoravintolaa ja esimerkiksi arvostettuja Michelin-ravintoloita on kaupungissa kymmeni\u00e4. N\u00e4ist\u00e4 t\u00e4yden kolmen t\u00e4hden ravintoloita on kuitenkin ainoastaan viisi ja niist\u00e4 illallispaikaksemme &hellip; <a href=\"https:\/\/www.vuosiamaailmalla.fi\/blog\/2019\/kolmen-tahden-per-se\/\" class=\"more-link\">Jatka lukemista<span class=\"screen-reader-text\"> &#8221;Kolmen t\u00e4hden Per Se&#8221;<\/span><\/a><\/p>\n","protected":false},"author":1,"featured_media":13066,"comment_status":"open","ping_status":"closed","sticky":false,"template":"","format":"standard","meta":{"_jetpack_memberships_contains_paid_content":false,"footnotes":""},"categories":[7,890],"tags":[934,1315,1384,267,295,1316,1786,936,1561],"class_list":["post-13064","post","type-post","status-publish","format-standard","has-post-thumbnail","hentry","category-matkakertomukset","category-yhdysvallat","tag-fine-dining","tag-manhattan","tag-matkakertomus-new-york-uusivuosi","tag-michelin-tahti","tag-new-york","tag-new-york-midtown","tag-per-se","tag-ravintolat","tag-time-warner-center"],"jetpack_featured_media_url":"https:\/\/www.vuosiamaailmalla.fi\/blog\/wp-content\/uploads\/kolmen_tahden_per_se_banner.jpg","jetpack_sharing_enabled":true,"_links":{"self":[{"href":"https:\/\/www.vuosiamaailmalla.fi\/blog\/wp-json\/wp\/v2\/posts\/13064","targetHints":{"allow":["GET"]}}],"collection":[{"href":"https:\/\/www.vuosiamaailmalla.fi\/blog\/wp-json\/wp\/v2\/posts"}],"about":[{"href":"https:\/\/www.vuosiamaailmalla.fi\/blog\/wp-json\/wp\/v2\/types\/post"}],"author":[{"embeddable":true,"href":"https:\/\/www.vuosiamaailmalla.fi\/blog\/wp-json\/wp\/v2\/users\/1"}],"replies":[{"embeddable":true,"href":"https:\/\/www.vuosiamaailmalla.fi\/blog\/wp-json\/wp\/v2\/comments?post=13064"}],"version-history":[{"count":5,"href":"https:\/\/www.vuosiamaailmalla.fi\/blog\/wp-json\/wp\/v2\/posts\/13064\/revisions"}],"predecessor-version":[{"id":13070,"href":"https:\/\/www.vuosiamaailmalla.fi\/blog\/wp-json\/wp\/v2\/posts\/13064\/revisions\/13070"}],"wp:featuredmedia":[{"embeddable":true,"href":"https:\/\/www.vuosiamaailmalla.fi\/blog\/wp-json\/wp\/v2\/media\/13066"}],"wp:attachment":[{"href":"https:\/\/www.vuosiamaailmalla.fi\/blog\/wp-json\/wp\/v2\/media?parent=13064"}],"wp:term":[{"taxonomy":"category","embeddable":true,"href":"https:\/\/www.vuosiamaailmalla.fi\/blog\/wp-json\/wp\/v2\/categories?post=13064"},{"taxonomy":"post_tag","embeddable":true,"href":"https:\/\/www.vuosiamaailmalla.fi\/blog\/wp-json\/wp\/v2\/tags?post=13064"}],"curies":[{"name":"wp","href":"https:\/\/api.w.org\/{rel}","templated":true}]}}