{"id":13114,"date":"2023-05-06T15:58:14","date_gmt":"2023-05-06T22:58:14","guid":{"rendered":"https:\/\/www.vuosiamaailmalla.fi\/blog\/?p=13114"},"modified":"2023-10-29T15:27:03","modified_gmt":"2023-10-29T22:27:03","slug":"kolme-paivaa-salt-lake-cityssa","status":"publish","type":"post","link":"https:\/\/www.vuosiamaailmalla.fi\/blog\/2023\/kolme-paivaa-salt-lake-cityssa\/","title":{"rendered":"Kolme p\u00e4iv\u00e4\u00e4 Salt Lake Cityss\u00e4"},"content":{"rendered":"<p style=\"text-align: justify;\">Ty\u00f6rintamalla on pit\u00e4nyt viime kuukaudet kiirett\u00e4. T\u00e4st\u00e4 huolimatta olen pyrkinyt v\u00e4ltt\u00e4m\u00e4\u00e4n ty\u00f6n vuoksi matkustusta, p\u00e4\u00e4osin sangen hyvin tuloksin, mutta t\u00e4ll\u00e4 viikolla minun piti silti l\u00e4hte\u00e4 reissuun rajan etel\u00e4puolelle. Olin edellisen kerran Amerikassa lokakuussa, jolloin vietin kaksi p\u00e4iv\u00e4\u00e4 tiimimme retriitiss\u00e4 <a title=\"Ty\u00f6matka aavikolle\" href=\"https:\/\/www.vuosiamaailmalla.fi\/blog\/2022\/tyomatka-aavikolle\/\">upeassa Moabissa<\/a>, mutta t\u00e4ll\u00e4 kertaa matkani suuntautui yhti\u00f6mme p\u00e4\u00e4konttorille Salt Lake Cityn liepeille.<\/p>\n<p><!--more--><\/p>\n<p style=\"text-align: center;\"><a href=\"\/blog\/wp-content\/uploads\/2023\/aamulennolla_utahiin1.jpg\"><img decoding=\"async\" src=\"\/blog\/wp-content\/uploads\/2023\/aamulennolla_utahiin1.jpg\" \/><\/a><\/p>\n<p style=\"text-align: center;\"><em>Aikaisella aamulennolla<\/em><\/p>\n<p style=\"text-align: justify;\">Edellisell\u00e4 reissulla k\u00e4tevin yhteys Moabiin kulki Denverin kautta, mutta nyt k\u00e4ytett\u00e4viss\u00e4 oli n\u00e4pp\u00e4r\u00e4 suora aamulento Salt Lake Cityyn. Aikaisesta aamunelj\u00e4n her\u00e4tyksest\u00e4 huolimatta palvelu <em>Delta Air Linesin<\/em> lennolla oli todella hyv\u00e4\u00e4 ja alle kahden tunnin j\u00e4lkeen horisontissa h\u00e4\u00e4m\u00f6ttiv\u00e4t jo Utahin valkohuippuiset vuoret.<\/p>\n<p style=\"text-align: center;\"><a href=\"\/blog\/wp-content\/uploads\/2023\/aamulennolla_utahiin3.jpg\"><img decoding=\"async\" src=\"\/blog\/wp-content\/uploads\/2023\/thumbs\/thumbs_aamulennolla_utahiin3.jpg\" \/><\/a><a href=\"\/blog\/wp-content\/uploads\/2023\/aamulennolla_utahiin2.jpg\"><img decoding=\"async\" src=\"\/blog\/wp-content\/uploads\/2023\/thumbs\/thumbs_aamulennolla_utahiin2.jpg\" \/><\/a><\/p>\n<p style=\"text-align: center;\"><em>Wasatch Rangen vuorijono<\/em><\/p>\n<p style=\"text-align: justify;\">Utahissa k\u00e4tevin kulkuneuvo on ehdottomasti auto, jonka ehdoilla kaikki liikkuminen on suunniteltu. Koska Amerikassa riitt\u00e4\u00e4 avointa tilaa, ovat et\u00e4isyydet pitki\u00e4 ja valtatiet leveit\u00e4. Esimerkiksi Salt Lake Cityn metropolialuetta halkova <em>Interstate 15<\/em> on kauttaaltaan 12-14 kaistaa leve\u00e4, joten liikennett\u00e4 riitt\u00e4\u00e4, liikkumisen ollessa silti jouhevaa.<\/p>\n<p style=\"text-align: justify;\">Yll\u00e4tt\u00e4v\u00e4n monella ravintolaketjulla on Utahissa toimipiste, joten s\u00f6in lounasta legendaarisen <em>In-N-Out<\/em> pikaruokaketjun ravintolassa. Ketju on tunnettu eritt\u00e4in suppeasta ainoastaan kolmen hampurilaisen listastaan, joka nojaa vahvasti aitoihin vanhanajan purilaisiin. Ruoka on todella edullista ja yksinkertaisuudestaan huolimatta makua l\u00f6ytyy runsaasti.<\/p>\n<p style=\"text-align: center;\"><a href=\"\/blog\/wp-content\/uploads\/2023\/in-n-out_burgerilla2.jpg\"><img decoding=\"async\" src=\"\/blog\/wp-content\/uploads\/2023\/thumbs\/thumbs_in-n-out_burgerilla2.jpg\" \/><\/a><a href=\"\/blog\/wp-content\/uploads\/2023\/in-n-out_burgerilla3.jpg\"><img decoding=\"async\" src=\"\/blog\/wp-content\/uploads\/2023\/thumbs\/thumbs_in-n-out_burgerilla3.jpg\" \/><\/a><br \/>\n<a href=\"\/blog\/wp-content\/uploads\/2023\/in-n-out_burgerilla4.jpg\"><img decoding=\"async\" src=\"\/blog\/wp-content\/uploads\/2023\/thumbs\/thumbs_in-n-out_burgerilla4.jpg\" \/><\/a><a href=\"\/blog\/wp-content\/uploads\/2023\/in-n-out_burgerilla1.jpg\"><img decoding=\"async\" src=\"\/blog\/wp-content\/uploads\/2023\/thumbs\/thumbs_in-n-out_burgerilla1.jpg\" \/><\/a><\/p>\n<p style=\"text-align: center;\"><em>Eritt\u00e4in suosittu In-N-Out<\/em><\/p>\n<p style=\"text-align: justify;\">Toimistolle ajaessani ihailin metropolialueen it\u00e4puolta rajaavaa Wasatch Rangen vuoristoa, joka on 260 kilometri\u00e4 pitk\u00e4 pohjois-etel\u00e4 suuntainen vuorijono. Vuoristoon lukeutuu useita korkeita huippuja, joista toiseksi korkein on 3582 metri\u00e4 korkea Mount Timpanogos hieman Salt Lake Cityn etel\u00e4puolella. Vaikka metropolialue sijaitseekin tasangolla noin 1300 metrin korkeudessa, ovat vierell\u00e4 kohoavat todella korkeat vuoret silti <a title=\"Ruskan v\u00e4ritt\u00e4m\u00e4 ty\u00f6matka\" href=\"https:\/\/www.vuosiamaailmalla.fi\/blog\/2023\/ruskan-varittama-tyomatka\/\">huikea n\u00e4ky<\/a> jopa vuoriin tottuneesta vancouverilaisesta. N\u00e4in on erityisesti t\u00e4n\u00e4 vuonna, kun vuorille on satanut enn\u00e4tysm\u00e4\u00e4r\u00e4 lunta.<\/p>\n<p style=\"text-align: center;\"><a href=\"\/blog\/wp-content\/uploads\/2023\/vuorimaisema.jpg\"><img decoding=\"async\" src=\"\/blog\/wp-content\/uploads\/2023\/vuorimaisema.jpg\" \/><\/a><\/p>\n<p style=\"text-align: center;\"><em>Lumihuippujen juurella<\/em><\/p>\n<p style=\"text-align: center;\"><a href=\"\/blog\/wp-content\/uploads\/2023\/mount_timpanogos1.jpg\"><img decoding=\"async\" src=\"\/blog\/wp-content\/uploads\/2023\/thumbs\/thumbs_mount_timpanogos1.jpg\" \/><\/a><a href=\"\/blog\/wp-content\/uploads\/2023\/mount_timpanogos2.jpg\"><img decoding=\"async\" src=\"\/blog\/wp-content\/uploads\/2023\/thumbs\/thumbs_mount_timpanogos2.jpg\" \/><\/a><a href=\"\/blog\/wp-content\/uploads\/2023\/mount_timpanogos3.jpg\"><img decoding=\"async\" src=\"\/blog\/wp-content\/uploads\/2023\/thumbs\/thumbs_mount_timpanogos3.jpg\" \/><\/a><\/p>\n<p style=\"text-align: center;\"><em>Jylh\u00e4t vuorijonomaisemat<\/em><\/p>\n<p style=\"text-align: justify;\">Utahissa on k\u00e4rsitty usean vuoden ajan vakavasta kuivuudesta, jonka saimme todeta omin silmin kev\u00e4\u00e4n 2018 <a title=\"V\u00e4h\u00e4luminen hiihtoloma Utahissa\" href=\"https:\/\/www.vuosiamaailmalla.fi\/blog\/2018\/vahaluminen-hiihtoloma-utahissa\/\">v\u00e4h\u00e4lumisella laskettelureissullamme<\/a>. T\u00e4n\u00e4 talvena lunta on kuitenkin saatu enn\u00e4tysm\u00e4isesti, per\u00e4ti 192% normaalista. Lunta onkin satanut yli <strong>22 metri\u00e4<\/strong>, mik\u00e4 l\u00e4hestyy jopa kotipuolen <a title=\"Mount Bakerin syv\u00e4ss\u00e4 lumihangessa\" href=\"https:\/\/www.vuosiamaailmalla.fi\/blog\/2016\/mount-bakerin-syvissa-hangissa\/\">Mount Bakerin maailmanenn\u00e4tysm\u00e4\u00e4ri\u00e4<\/a>. Paikallisten suuri pelko onkin, miten nopeasti lumi sulaa ja miten pahoja tulvia t\u00e4m\u00e4 aiheuttaa. Monet muistavat edelleen vuoden 1983 laajat tulvat, jolloin Salt Lake Cityn p\u00e4\u00e4katu <em>State Street<\/em> muutettiin tilap\u00e4isesti hiekkas\u00e4keill\u00e4 reunustetuksi urbaaniksi joeksi. Huoleen on my\u00f6s aihetta, sill\u00e4 viel\u00e4 kaksi viikkoa sitten aluetta moukaroineet lumimyrskyt vaihtuivat t\u00e4ll\u00e4 viikolla +27 asteen helteisiin.<\/p>\n<p style=\"text-align: center;\"><a href=\"\/blog\/wp-content\/uploads\/2023\/state_street_river.jpg\"><img decoding=\"async\" src=\"\/blog\/wp-content\/uploads\/2023\/state_street_river.jpg\" \/><\/a><\/p>\n<p style=\"text-align: center;\"><em>Vuoden 1983 tulva<\/em><\/p>\n<p style=\"text-align: justify;\">Tilanne kuuluu pysyneen ainakin t\u00e4h\u00e4n menness\u00e4 hallinnassa ja enk\u00e4 n\u00e4hnyt matkallani mink\u00e4\u00e4nlaista tulvimista. Sen sijaan ihailin lumimassoja, joka loistivat kirkkaan valkoisena korkeiden vuorten huipulla. Maisemaa kelpasi ihailla erityisesti toimistoltamme, josta oli suorastaan paraatin\u00e4kym\u00e4 jylh\u00e4lle Mount Timpanogosille.<\/p>\n<p style=\"text-align: center;\"><a href=\"\/blog\/wp-content\/uploads\/2023\/mount_timpanogos_panoraama.jpg\"><img decoding=\"async\" src=\"\/blog\/wp-content\/uploads\/2023\/mount_timpanogos_panoraama_pieni.jpg\" \/><\/a><\/p>\n<p style=\"text-align: center;\"><em>Mount Timpanogos<\/em><\/p>\n<p style=\"text-align: justify;\">Reissuni kaksi ja puoli ty\u00f6p\u00e4iv\u00e4\u00e4 kuluivat nopeasti palavereissa sek\u00e4 paikallisia kollegoitani tavatessa. Iltaisin tuli sy\u00f6ty\u00e4 hyvin ja tiistaina k\u00e4vimme my\u00f6s tiimini kanssa keilaamassa. Koska paluulentoni Vancouveriin oli vasta my\u00f6h\u00e4\u00e4n keskiviikkoiltana, ajoin ty\u00f6p\u00e4iv\u00e4n j\u00e4lkeen itse Salt Lake Cityyn pienelle turistikierrokselle.<\/p>\n<p style=\"text-align: center;\"><a href=\"\/blog\/wp-content\/uploads\/2023\/texas_steakhouse1.jpg\"><img decoding=\"async\" src=\"\/blog\/wp-content\/uploads\/2023\/thumbs\/thumbs_texas_steakhouse1.jpg\" \/><\/a><a href=\"\/blog\/wp-content\/uploads\/2023\/red_lobster_paivallinen.jpg\"><img decoding=\"async\" src=\"\/blog\/wp-content\/uploads\/2023\/thumbs\/thumbs_red_lobster_paivallinen.jpg\" \/><\/a><\/p>\n<p style=\"text-align: center;\"><em>Amerikkalaisia herkkuja<\/em><\/p>\n<p style=\"text-align: justify;\">Vierailin ensimm\u00e4iseksi keskustan kyljess\u00e4 pienell\u00e4 kukkulalla sijaitsevalla Utahin senaatin hallintorakennuksella, jolta aukeavat hienot maisemat keskustaan. Matkalla ajoin l\u00e4heisen yliopistokampuksen poikki, jolla vietettiin railakkaita valmistujaisjuhlia. Valitettavasti en saanut otettua valokuvaa valtavista pihabileist\u00e4, jossa toistasataa nuorta seisoi yl\u00e4osattomissa pienen asuintalon pihalla oluttynnyreiden keskell\u00e4, ja osa my\u00f6s talon katolla. N\u00e4ky oli kuin <em>American Pie<\/em> ja vastaavista teinielokuvista.<\/p>\n<p style=\"text-align: center;\"><a href=\"\/blog\/wp-content\/uploads\/2023\/utah_state_capitol1.jpg\"><img decoding=\"async\" src=\"\/blog\/wp-content\/uploads\/2023\/thumbs\/thumbs_utah_state_capitol1.jpg\" \/><\/a><a href=\"\/blog\/wp-content\/uploads\/2023\/utah_state_capitol2.jpg\"><img decoding=\"async\" src=\"\/blog\/wp-content\/uploads\/2023\/thumbs\/thumbs_utah_state_capitol2.jpg\" \/><\/a><a href=\"\/blog\/wp-content\/uploads\/2023\/utah_state_capitol6.jpg\"><img decoding=\"async\" src=\"\/blog\/wp-content\/uploads\/2023\/thumbs\/thumbs_utah_state_capitol6.jpg\" \/><\/a><\/p>\n<p style=\"text-align: center;\"><em>Utahin senaatin hallintorakennus<\/em><\/p>\n<p style=\"text-align: center;\"><a href=\"\/blog\/wp-content\/uploads\/2023\/utah_state_capitol5.jpg\"><img decoding=\"async\" src=\"\/blog\/wp-content\/uploads\/2023\/thumbs\/thumbs_utah_state_capitol5.jpg\" \/><\/a><a href=\"\/blog\/wp-content\/uploads\/2023\/utah_state_capitol3.jpg\"><img decoding=\"async\" src=\"\/blog\/wp-content\/uploads\/2023\/thumbs\/thumbs_utah_state_capitol3.jpg\" \/><\/a><a href=\"\/blog\/wp-content\/uploads\/2023\/utah_state_capitol4.jpg\"><img decoding=\"async\" src=\"\/blog\/wp-content\/uploads\/2023\/thumbs\/thumbs_utah_state_capitol4.jpg\" \/><\/a><\/p>\n<p style=\"text-align: center;\"><em>Maisema keskustan suuntaan<\/em><\/p>\n<p style=\"text-align: center;\"><a href=\"\/blog\/wp-content\/uploads\/2023\/utah_state_capitol8.jpg\"><img decoding=\"async\" src=\"\/blog\/wp-content\/uploads\/2023\/thumbs\/thumbs_utah_state_capitol8.jpg\" \/><\/a><a href=\"\/blog\/wp-content\/uploads\/2023\/utah_state_capitol7.jpg\"><img decoding=\"async\" src=\"\/blog\/wp-content\/uploads\/2023\/thumbs\/thumbs_utah_state_capitol7.jpg\" \/><\/a><\/p>\n<p style=\"text-align: center;\"><em>Viereisi\u00e4 rakennelmia<\/em><\/p>\n<p style=\"text-align: justify;\">Hallintorakennukselta ajoin keskustaan, jossa k\u00e4velin lyhyesti <em>Temple Squaren<\/em> alueella. Alue on mormonikirkon maailmankeskus ja tutustuimme siihen tarkemmin ensimm\u00e4isell\u00e4 Salt Lake Cityn reissullamme vuonna 2013 (mist\u00e4 en ole viel\u00e4 kirjoittanut). Keskiviikkoiltana t\u00e4m\u00e4 normaalisti vilkas alue oli hiirenhiljainen, mihin vaikutti my\u00f6s alueella k\u00e4ynniss\u00e4 oleva valtaisa rakennusprojekti. Sen tarkoituksena on vankistaa historiallisten kirkkorakennusten perustuksia maanj\u00e4ristyksen varalta, joita koetaan Utahissa harvakseltaan. Edellinen ja t\u00e4h\u00e4n saakka kaupungin voimakkain maanj\u00e4ristys koettiin vastik\u00e4\u00e4n vuonna 2020, kun 5,7 Richterin j\u00e4ristys ravisutti 2,6 miljoonan asukkaan kaupunkialuetta, onneksi ilman suurempia tuhoja.<\/p>\n<p style=\"text-align: center;\"><a href=\"\/blog\/wp-content\/uploads\/2023\/salt_lake_city_keskustaa1.jpg\"><img decoding=\"async\" src=\"\/blog\/wp-content\/uploads\/2023\/thumbs\/thumbs_salt_lake_city_keskustaa1.jpg\" \/><\/a><a href=\"\/blog\/wp-content\/uploads\/2023\/salt_lake_city_keskustaa2.jpg\"><img decoding=\"async\" src=\"\/blog\/wp-content\/uploads\/2023\/thumbs\/thumbs_salt_lake_city_keskustaa2.jpg\" \/><\/a><\/p>\n<p style=\"text-align: center;\"><em>Salt Lake Cityn keskustaa<\/em><\/p>\n<p style=\"text-align: justify;\">Lopuksi on my\u00f6s pakko on mainita Salt Lake Cityn lentokentt\u00e4, jonka kokonaan uusi terminaali avautui vuonna 2020. Rakennusty\u00f6t jatkuvat edelleen terminaalin laajentamiseksi, mutta k\u00e4yt\u00e4nn\u00f6ss\u00e4 koko kompleksi on t\u00e4ysin uusi. Minulla ei ole mielikuvaa vanhasta lentokent\u00e4st\u00e4 edelliselt\u00e4 matkaltamme, mutta uusi ja moderni terminaali on todella tilava ja silt\u00e4 olikin ilo matkustaa.<\/p>\n<p style=\"text-align: center;\"><a href=\"\/blog\/wp-content\/uploads\/2023\/slc_uusi_lentokentta.jpg\"><img decoding=\"async\" src=\"\/blog\/wp-content\/uploads\/2023\/thumbs\/thumbs_slc_uusi_lentokentta.jpg\" \/><\/a><a href=\"\/blog\/wp-content\/uploads\/2023\/paluu_vancouveriin1.jpg\"><img decoding=\"async\" src=\"\/blog\/wp-content\/uploads\/2023\/thumbs\/thumbs_paluu_vancouveriin1.jpg\" \/><\/a><\/p>\n<p style=\"text-align: center;\"><em>Upouusi terminaali ennen kotimatkaa<\/em><\/p>\n<p style=\"text-align: justify;\">Nopea ty\u00f6matkani Yhdysvaltoihin p\u00e4\u00e4ttyi my\u00f6h\u00e4isillan paluulennolla Vancouveriin. Kone oli ilahduttavasti aikataulua edell\u00e4, mik\u00e4 t\u00e4ydensi kaiken kaikkiaan hyvin sujuneen ty\u00f6matkani. En tied\u00e4 viel\u00e4 milloin mahdan matkustaa p\u00e4\u00e4konttorille uudestaan, mutta puhetta on ollut mahdollisesta ty\u00f6pajasta vain <a title=\"Maailman suurimman kuopan reunalla\" href=\"https:\/\/www.vuosiamaailmalla.fi\/blog\/2023\/maailman-suurimman-kuopan-reunalla\/\">muutaman kuukauden sis\u00e4ll\u00e4<\/a>. T\u00e4m\u00e4n reissun perusteella matka on helppo tehd\u00e4 vain muutamassa p\u00e4iv\u00e4ss\u00e4, joten matkaan tulee kyll\u00e4 l\u00e4hdetty\u00e4 kunhan kutsu k\u00e4y.<\/p>\n","protected":false},"excerpt":{"rendered":"<p>Ty\u00f6rintamalla on pit\u00e4nyt viime kuukaudet kiirett\u00e4. T\u00e4st\u00e4 huolimatta olen pyrkinyt v\u00e4ltt\u00e4m\u00e4\u00e4n ty\u00f6n vuoksi matkustusta, p\u00e4\u00e4osin sangen hyvin tuloksin, mutta t\u00e4ll\u00e4 viikolla minun piti silti l\u00e4hte\u00e4 reissuun rajan etel\u00e4puolelle. Olin edellisen kerran Amerikassa lokakuussa, jolloin vietin kaksi p\u00e4iv\u00e4\u00e4 tiimimme retriitiss\u00e4 upeassa Moabissa, mutta t\u00e4ll\u00e4 kertaa matkani suuntautui yhti\u00f6mme p\u00e4\u00e4konttorille Salt Lake Cityn liepeille.<\/p>\n","protected":false},"author":1,"featured_media":13117,"comment_status":"open","ping_status":"closed","sticky":false,"template":"","format":"standard","meta":{"_jetpack_memberships_contains_paid_content":false,"footnotes":""},"categories":[3,7,13,890],"tags":[1821,602,1794,1741,1740,1793,11],"class_list":["post-13114","post","type-post","status-publish","format-standard","has-post-thumbnail","hentry","category-arki-ulkomailla","category-matkakertomukset","category-tyoskentely-kanadassa","category-yhdysvallat","tag-mount-timpanogos","tag-salt-lake-city","tag-temple-square","tag-tyomatka","tag-utah","tag-utah-state-capitol","tag-matkakertomukset-yhdysvallat"],"jetpack_featured_media_url":"https:\/\/www.vuosiamaailmalla.fi\/blog\/wp-content\/uploads\/utah_state_capitol_banner.jpg","jetpack_sharing_enabled":true,"_links":{"self":[{"href":"https:\/\/www.vuosiamaailmalla.fi\/blog\/wp-json\/wp\/v2\/posts\/13114","targetHints":{"allow":["GET"]}}],"collection":[{"href":"https:\/\/www.vuosiamaailmalla.fi\/blog\/wp-json\/wp\/v2\/posts"}],"about":[{"href":"https:\/\/www.vuosiamaailmalla.fi\/blog\/wp-json\/wp\/v2\/types\/post"}],"author":[{"embeddable":true,"href":"https:\/\/www.vuosiamaailmalla.fi\/blog\/wp-json\/wp\/v2\/users\/1"}],"replies":[{"embeddable":true,"href":"https:\/\/www.vuosiamaailmalla.fi\/blog\/wp-json\/wp\/v2\/comments?post=13114"}],"version-history":[{"count":7,"href":"https:\/\/www.vuosiamaailmalla.fi\/blog\/wp-json\/wp\/v2\/posts\/13114\/revisions"}],"predecessor-version":[{"id":13399,"href":"https:\/\/www.vuosiamaailmalla.fi\/blog\/wp-json\/wp\/v2\/posts\/13114\/revisions\/13399"}],"wp:featuredmedia":[{"embeddable":true,"href":"https:\/\/www.vuosiamaailmalla.fi\/blog\/wp-json\/wp\/v2\/media\/13117"}],"wp:attachment":[{"href":"https:\/\/www.vuosiamaailmalla.fi\/blog\/wp-json\/wp\/v2\/media?parent=13114"}],"wp:term":[{"taxonomy":"category","embeddable":true,"href":"https:\/\/www.vuosiamaailmalla.fi\/blog\/wp-json\/wp\/v2\/categories?post=13114"},{"taxonomy":"post_tag","embeddable":true,"href":"https:\/\/www.vuosiamaailmalla.fi\/blog\/wp-json\/wp\/v2\/tags?post=13114"}],"curies":[{"name":"wp","href":"https:\/\/api.w.org\/{rel}","templated":true}]}}