{"id":13122,"date":"2023-04-12T21:10:37","date_gmt":"2023-04-13T04:10:37","guid":{"rendered":"https:\/\/www.vuosiamaailmalla.fi\/blog\/?p=13122"},"modified":"2023-05-21T21:21:46","modified_gmt":"2023-05-22T04:21:46","slug":"kolea-paasiainen-cowichan-valleyssa","status":"publish","type":"post","link":"https:\/\/www.vuosiamaailmalla.fi\/blog\/2023\/kolea-paasiainen-cowichan-valleyssa\/","title":{"rendered":"Kolea p\u00e4\u00e4si\u00e4inen Cowichan Valleyss\u00e4"},"content":{"rendered":"<p style=\"text-align: justify;\">Mennyt kev\u00e4tkausi on kulunut pitk\u00e4lti arkisissa merkeiss\u00e4 kotosalla, mutta juuri mennyt p\u00e4\u00e4si\u00e4inen sent\u00e4\u00e4n tarjosi mahdollisuuden pieneen lomamatkaan l\u00e4hiseudulla. Karttaa tutkiessamme huomasimme, ett\u00e4 l\u00e4hettyvill\u00e4 sijaitseva Cowichan Valley on meille t\u00e4ysin tuntematon alue, jossa kuitenkin vaikutti olevan n\u00e4ht\u00e4v\u00e4\u00e4 pitk\u00e4n viikonlopun tarpeisiin.<\/p>\n<p><!--more--><\/p>\n<p style=\"text-align: center;\"><iframe loading=\"lazy\" style=\"border: 0;\" src=\"https:\/\/www.google.com\/maps\/embed?pb=!1m46!1m12!1m3!1d1150196.2628460363!2d-124.16522045515686!3d48.914859645252115!2m3!1f0!2f0!3f0!3m2!1i1024!2i768!4f13.1!4m31!3e0!4m5!1s0x548673f143a94fb3%3A0xbb9196ea9b81f38b!2sVancouver%2C%20Brittil%C3%A4inen%20Kolumbia!3m2!1d49.2827291!2d-123.12073749999999!4m5!1s0x548f0d16c29bfab5%3A0x6f93f3a51cf5bde7!2sLangford%2C%20Brittil%C3%A4inen%20Kolumbia!3m2!1d48.447462599999994!2d-123.4956337!4m5!1s0x548f44f02ad9f60f%3A0xae84cfcb5aee536!2sCowichan%20Bay%2C%20Brittil%C3%A4inen%20Kolumbia!3m2!1d48.7373094!2d-123.6215502!4m5!1s0x5488a15e20ac1c5b%3A0x50135152a7b0fd0!2sNanaimo%2C%20Brittil%C3%A4inen%20Kolumbia!3m2!1d49.1658836!2d-123.94006479999999!4m5!1s0x548673f143a94fb3%3A0xbb9196ea9b81f38b!2sVancouver%2C%20Brittil%C3%A4inen%20Kolumbia!3m2!1d49.2827291!2d-123.12073749999999!5e1!3m2!1sfi!2sca!4v1684708841629!5m2!1sfi!2sca\" width=\"600\" height=\"450\" allowfullscreen=\"allowfullscreen\"><\/iframe><\/p>\n<p style=\"text-align: center;\"><em>P\u00e4\u00e4si\u00e4isen rengasreitti<\/em><\/p>\n<p style=\"text-align: justify;\">Niinp\u00e4 matkaan l\u00e4hdettiin perjantaina aamulautalla Victorian pohjoispuolella sijaitsevaan Swartz Bayhin. Sielt\u00e4 ajoimme lounaalle Langfordiin, joka on yksi British Columbian <a title=\"Voimakkaasti kasvava v\u00e4est\u00f6\" href=\"https:\/\/www.vuosiamaailmalla.fi\/blog\/2022\/voimakkaasti-kasvava-vaesto\/\">nopeimmin kasvavia kaupunkeja<\/a> aivan p\u00e4\u00e4kaupunki Victorian kyljess\u00e4. Olemme y\u00f6pyneet paikkakunnalla kerran aiemmin Victoriassa vieraillessamme, mutta tuolloin emme ehtineet tutkia kaupungin tarjontaa. Koska meill\u00e4 oli nyt aikaa, ajoimmekin t\u00e4m\u00e4n 46,200 asukkaan kaupungin liepeit\u00e4, ihmetellen aivan kaikkialle nousseita uusia laajoja omakotitaloalueita.<\/p>\n<p style=\"text-align: center;\"><a href=\"\/blog\/wp-content\/uploads\/2023\/matkalla_vancouverinsaarelle.jpg\"><img decoding=\"async\" src=\"\/blog\/wp-content\/uploads\/2023\/matkalla_vancouverinsaarelle.jpg\" \/><\/a><\/p>\n<p style=\"text-align: center;\"><em>Iloiset matkalaiset<\/em><\/p>\n<p style=\"text-align: justify;\">Kiertoajelun j\u00e4lkeen jatkoimme matkaamme kohti Cowichan Valleyta, joka sijaitsee puolimatkassa Victorian ja Nanaimon v\u00e4lill\u00e4. Matkalla pys\u00e4hdyimme Malahatissa, joka on <em>Highway 1<\/em> varrella sijaitseva korkea kohta hienolla maisemalla alapuolella levitt\u00e4ytyv\u00e4lle Finlayson Armin lahdelle. Upeiden maisemien vuoksi Malahatiin avautuikin kaksi vuotta sitten uusi <em>Malahat Skywalk <\/em>niminen turistikohde, jonka korkea rakennelma mahdollistaa maisemien ihailun 250 metri\u00e4 merenpinnan yl\u00e4puolella.<\/p>\n<p style=\"text-align: center;\"><a href=\"\/blog\/wp-content\/uploads\/2023\/malahat_skywalk_polku1.jpg\"><img decoding=\"async\" src=\"\/blog\/wp-content\/uploads\/2023\/thumbs\/thumbs_malahat_skywalk_polku1.jpg\" \/><\/a><a href=\"\/blog\/wp-content\/uploads\/2023\/malahat_skywalk_polku2.jpg\"><img decoding=\"async\" src=\"\/blog\/wp-content\/uploads\/2023\/thumbs\/thumbs_malahat_skywalk_polku2.jpg\" \/><\/a><a href=\"\/blog\/wp-content\/uploads\/2023\/malahat_skywalk_polku3.jpg\"><img decoding=\"async\" src=\"\/blog\/wp-content\/uploads\/2023\/thumbs\/thumbs_malahat_skywalk_polku3.jpg\" \/><\/a><\/p>\n<p style=\"text-align: center;\"><em>Kulkureitti latvuksissa<\/em><\/p>\n<p style=\"text-align: justify;\">Paikalle on helppo saapua autolla ja tornille johdattaa puiden latvoissa mutkitteleva puinen kulkureitti. Itse puinen tornirakennelma kohoaa kallion kielekkeell\u00e4 ja sit\u00e4 pitkin kivutaan hitaasti nousten. Hissi\u00e4 ei ole, mutta k\u00e4velyreitin kallistus on ainoastaan 5-7%, joten se on helppo taittaa niin lastenrattailla kuin py\u00f6r\u00e4tuolillakin.<\/p>\n<p style=\"text-align: center;\"><a href=\"\/blog\/wp-content\/uploads\/2023\/malahat_skywalk1.jpg\"><img decoding=\"async\" src=\"\/blog\/wp-content\/uploads\/2023\/thumbs\/thumbs_malahat_skywalk1.jpg\" \/><\/a><a href=\"\/blog\/wp-content\/uploads\/2023\/malahat_skywalk2.jpg\"><img decoding=\"async\" src=\"\/blog\/wp-content\/uploads\/2023\/thumbs\/thumbs_malahat_skywalk2.jpg\" \/><\/a><a href=\"\/blog\/wp-content\/uploads\/2023\/malahat_skywalk5.jpg\"><img decoding=\"async\" src=\"\/blog\/wp-content\/uploads\/2023\/thumbs\/thumbs_malahat_skywalk5.jpg\" \/><\/a><br \/>\n<a href=\"\/blog\/wp-content\/uploads\/2023\/malahat_skywalk4.jpg\"><img decoding=\"async\" src=\"\/blog\/wp-content\/uploads\/2023\/thumbs\/thumbs_malahat_skywalk4.jpg\" \/><\/a><a href=\"\/blog\/wp-content\/uploads\/2023\/malahat_skywalk11.jpg\"><img decoding=\"async\" src=\"\/blog\/wp-content\/uploads\/2023\/thumbs\/thumbs_malahat_skywalk11.jpg\" \/><\/a><a href=\"\/blog\/wp-content\/uploads\/2023\/malahat_skywalk12.jpg\"><img decoding=\"async\" src=\"\/blog\/wp-content\/uploads\/2023\/thumbs\/thumbs_malahat_skywalk12.jpg\" \/><\/a><\/p>\n<p style=\"text-align: center;\"><em>Uusi kiehtova n\u00e4ht\u00e4vyys<\/em><\/p>\n<p style=\"text-align: justify;\">Ylh\u00e4\u00e4lt\u00e4 avautuvat luvatun upeat maisemat, joskin avoin paikka tekee huipusta kauniinakin p\u00e4iv\u00e4n\u00e4 tuulisen. Maisemia voi ihailla niin vakaalta tasanteelta kuin sitten tyhj\u00e4n p\u00e4\u00e4ll\u00e4 riippuvalta verkoltakin k\u00e4sin. Matka alas taittuu puolestaan joko samaa reitti\u00e4 takaisin k\u00e4vellen tai sitten 20 metri\u00e4 korkeaa ja 53 metri\u00e4 pitk\u00e4\u00e4 liukum\u00e4ke\u00e4 pitkin. Liukum\u00e4keen on kuitenkin viiden vuoden ik\u00e4raja, joten me k\u00e4velimme koko matkan alas.<\/p>\n<p style=\"text-align: center;\"><a href=\"\/blog\/wp-content\/uploads\/2023\/malahat_skywalk6.jpg\"><img decoding=\"async\" src=\"\/blog\/wp-content\/uploads\/2023\/thumbs\/thumbs_malahat_skywalk6.jpg\" \/><\/a><a href=\"\/blog\/wp-content\/uploads\/2023\/malahat_skywalk9.jpg\"><img decoding=\"async\" src=\"\/blog\/wp-content\/uploads\/2023\/thumbs\/thumbs_malahat_skywalk9.jpg\" \/><\/a><a href=\"\/blog\/wp-content\/uploads\/2023\/malahat_skywalk3.jpg\"><img decoding=\"async\" src=\"\/blog\/wp-content\/uploads\/2023\/thumbs\/thumbs_malahat_skywalk3.jpg\" \/><\/a><\/p>\n<p style=\"text-align: center;\"><em>K\u00e4vely tyhj\u00e4n p\u00e4\u00e4ll\u00e4<\/em><\/p>\n<p style=\"text-align: center;\"><a href=\"\/blog\/wp-content\/uploads\/2023\/malahat_skywalk7.jpg\"><img decoding=\"async\" src=\"\/blog\/wp-content\/uploads\/2023\/thumbs\/thumbs_malahat_skywalk7.jpg\" \/><\/a><a href=\"\/blog\/wp-content\/uploads\/2023\/malahat_skywalk13.jpg\"><img decoding=\"async\" src=\"\/blog\/wp-content\/uploads\/2023\/thumbs\/thumbs_malahat_skywalk13.jpg\" \/><\/a><a href=\"\/blog\/wp-content\/uploads\/2023\/malahat_skywalk8.jpg\"><img decoding=\"async\" src=\"\/blog\/wp-content\/uploads\/2023\/thumbs\/thumbs_malahat_skywalk8.jpg\" \/><\/a><\/p>\n<p style=\"text-align: center;\"><em>Huipulla oli tuulista<\/em><\/p>\n<p style=\"text-align: center;\"><a href=\"\/blog\/wp-content\/uploads\/2023\/malahat_skywalk_panoraama.jpg\"><img decoding=\"async\" src=\"\/blog\/wp-content\/uploads\/2023\/malahat_skywalk_panoraama_pieni.jpg\" \/><\/a><\/p>\n<p style=\"text-align: center;\"><em>Pilvinen saaristomaisema<\/em><\/p>\n<p style=\"text-align: justify;\">Vierailu Malahat Skywalkilla kannattaa ainakin kerran, vaikka lipunhinnat onkin hinnoiteltu turisteille. Jos haluaa n\u00e4hd\u00e4 ainoastaan Finlayson Armin maiseman, tarjoaa siihen melkeinp\u00e4 yht\u00e4 hyv\u00e4n pys\u00e4hdyspaikka maantiell\u00e4 noin kilometri ennen n\u00e4ht\u00e4vyytt\u00e4.<\/p>\n<p style=\"text-align: center;\"><a href=\"\/blog\/wp-content\/uploads\/2023\/malahat_skywalk10.jpg\"><img decoding=\"async\" src=\"\/blog\/wp-content\/uploads\/2023\/malahat_skywalk10.jpg\" \/><\/a><\/p>\n<p style=\"text-align: center;\"><em>Aurinkoinen Finlayson Arm<\/em><\/p>\n<p style=\"text-align: justify;\">P\u00e4iv\u00e4mme p\u00e4\u00e4ttyi pieness\u00e4 Cowichan Bayn kyl\u00e4ss\u00e4 sijaitsevalla hotellillamme, joka oli matkamme tukikohta. Kyl\u00e4ss\u00e4 on useita hyvi\u00e4 ravintoloita, jotka tarjoavat jokainen merimaiseman.<\/p>\n<p style=\"text-align: center;\"><a href=\"\/blog\/wp-content\/uploads\/2023\/cowichan_bay2.jpg\"><img decoding=\"async\" src=\"\/blog\/wp-content\/uploads\/2023\/thumbs\/thumbs_cowichan_bay2.jpg\" \/><\/a><a href=\"\/blog\/wp-content\/uploads\/2023\/cowichan_bay1.jpg\"><img decoding=\"async\" src=\"\/blog\/wp-content\/uploads\/2023\/thumbs\/thumbs_cowichan_bay1.jpg\" \/><\/a><a href=\"\/blog\/wp-content\/uploads\/2023\/cowichan_bay3.jpg\"><img decoding=\"async\" src=\"\/blog\/wp-content\/uploads\/2023\/thumbs\/thumbs_cowichan_bay3.jpg\" \/><\/a><\/p>\n<p style=\"text-align: center;\"><em>Cowichan Bayn taajama<\/em><\/p>\n<p style=\"text-align: justify;\">Seuraava aamu valkeni sateisen koleana. Kurjasta kelist\u00e4 huolimatta ajoimme l\u00e4heiseen Cobble Hillin kyl\u00e4\u00e4n, jonka liepeill\u00e4 er\u00e4s entinen ty\u00f6tuttumme asustaa. Tuttumme omistaa pienen maatilan, jolla t\u00e4m\u00e4 kasvattaa kotiel\u00e4imi\u00e4 kuten hanhia, kanoja sek\u00e4 lampaita. Pihan tallista l\u00f6ytyy my\u00f6s kaksi kiltti\u00e4 hevosta. T\u00e4m\u00e4 oli erityisen hauskaa, sill\u00e4 tytt\u00e4remme rakastaa el\u00e4inkirjoja ja kirjoissa n\u00e4htyjen el\u00e4inten n\u00e4keminen omin silmin ja esimerkiksi kukon kiekuminen kuuleminen oli j\u00e4nn\u00e4\u00e4.<\/p>\n<p style=\"text-align: center;\"><a href=\"\/blog\/wp-content\/uploads\/2023\/kotielaimia_nakemassa2.jpg\"><img decoding=\"async\" src=\"\/blog\/wp-content\/uploads\/2023\/thumbs\/thumbs_kotielaimia_nakemassa2.jpg\" \/><\/a><a href=\"\/blog\/wp-content\/uploads\/2023\/kotielaimia_nakemassa5.jpg\"><img decoding=\"async\" src=\"\/blog\/wp-content\/uploads\/2023\/thumbs\/thumbs_kotielaimia_nakemassa5.jpg\" \/><\/a><br \/>\n<a href=\"\/blog\/wp-content\/uploads\/2023\/kotielaimia_nakemassa3.jpg\"><img decoding=\"async\" src=\"\/blog\/wp-content\/uploads\/2023\/thumbs\/thumbs_kotielaimia_nakemassa3.jpg\" \/><\/a><a href=\"\/blog\/wp-content\/uploads\/2023\/kotielaimia_nakemassa4.jpg\"><img decoding=\"async\" src=\"\/blog\/wp-content\/uploads\/2023\/thumbs\/thumbs_kotielaimia_nakemassa4.jpg\" \/><\/a><\/p>\n<p style=\"text-align: center;\"><em>Lampaita paijaamassa<\/em><\/p>\n<p style=\"text-align: center;\"><a href=\"\/blog\/wp-content\/uploads\/2023\/kotielaimia_nakemassa1.jpg\"><img decoding=\"async\" src=\"\/blog\/wp-content\/uploads\/2023\/kotielaimia_nakemassa1.jpg\" \/><\/a><\/p>\n<p style=\"text-align: center;\"><em>Kot-kot-kooo<\/em><\/p>\n<p style=\"text-align: center;\"><a href=\"\/blog\/wp-content\/uploads\/2023\/kotielaimia_nakemassa6.jpg\"><img decoding=\"async\" src=\"\/blog\/wp-content\/uploads\/2023\/thumbs\/thumbs_kotielaimia_nakemassa6.jpg\" \/><\/a><a href=\"\/blog\/wp-content\/uploads\/2023\/kotielaimia_nakemassa7.jpg\"><img decoding=\"async\" src=\"\/blog\/wp-content\/uploads\/2023\/thumbs\/thumbs_kotielaimia_nakemassa7.jpg\" \/><\/a><\/p>\n<p style=\"text-align: center;\"><em>Hevoset tekiv\u00e4t vaikutuksen<\/em><\/p>\n<p style=\"text-align: justify;\">Sateinen keli jatkui viel\u00e4, kun suuntasimme tuttavamme seurassa l\u00e4hist\u00f6ll\u00e4 sijaitsevalle <em>Kinsol Trestlelle<\/em>, joka on paikallinen n\u00e4ht\u00e4vyys. Vuonna 1920 valmistunut puinen silta syv\u00e4n jokilaakson ylitse on yksi maailman suurimpia puusiltoja. Alun perin tukkijunia kuljettanut silta on keskelt\u00e4 44 metri\u00e4 korkea ja 188 metri\u00e4 pitk\u00e4, ja sill\u00e4 oli junaliikennett\u00e4 aina 1980-luvulle saakka. Tuolloin junaliikenne Vancouverinsaarella alkoi kuitenkin v\u00e4henty\u00e4 aiemmin merkitt\u00e4v\u00e4n puutavarateollisuuden vaikeuksien vuoksi, sek\u00e4 yksityisautoilun ollessa usein junaa k\u00e4tev\u00e4mpi kulkumuoto.<\/p>\n<p style=\"text-align: center;\"><a href=\"\/blog\/wp-content\/uploads\/2023\/kinsol_trestle1.jpg\"><img decoding=\"async\" src=\"\/blog\/wp-content\/uploads\/2023\/thumbs\/thumbs_kinsol_trestle1.jpg\" \/><\/a><a href=\"\/blog\/wp-content\/uploads\/2023\/kinsol_trestle2.jpg\"><img decoding=\"async\" src=\"\/blog\/wp-content\/uploads\/2023\/thumbs\/thumbs_kinsol_trestle2.jpg\" \/><\/a><a href=\"\/blog\/wp-content\/uploads\/2023\/kinsol_trestle3.jpg\"><img decoding=\"async\" src=\"\/blog\/wp-content\/uploads\/2023\/thumbs\/thumbs_kinsol_trestle3.jpg\" \/><\/a><\/p>\n<p style=\"text-align: center;\"><em>Historiallinen Kinsol Trestle<\/em><\/p>\n<p style=\"text-align: center;\"><a href=\"\/blog\/wp-content\/uploads\/2023\/kinsol_trestle6.jpg\"><img decoding=\"async\" src=\"\/blog\/wp-content\/uploads\/2023\/kinsol_trestle6.jpg\" \/><\/a><\/p>\n<p style=\"text-align: center;\"><em>Alkuper\u00e4inen silta<\/em><\/p>\n<p style=\"text-align: justify;\">Hyl\u00e4tty silta rapistuikin seuraavina vuosikymmenin\u00e4 niin pahoin, ett\u00e4 alettiin puhua sen purkamisesta. Apuun tuli kuitenkin paikallinen aluehallinto, jonka p\u00e4\u00e4t\u00f6ksell\u00e4 silta p\u00e4\u00e4tettiin purkamisen sijaan kunnostaa ulkoiluk\u00e4ytt\u00f6\u00f6n, hieman Kelownan kuuluisan <a title=\"Sapattivieraat k\u00e4ym\u00e4ss\u00e4\" href=\"https:\/\/www.vuosiamaailmalla.fi\/blog\/2015\/sapattivieraat-kaymassa\/\"><em>Myra Canyon Trestlesin<\/em><\/a> tapaan. Silta on nimitt\u00e4in osa historiallista <em>Trans-Canada Trailia<\/em>, jonka nimiss\u00e4 kunnostukseen saatiin rahoitusta. Kunnostettu silta avautui lopulta vuonna 2011 ja se on nykyisin suosittu, joskin hieman heikosti tunnettu, turistikohde Cowichan Valleyn alueella.<\/p>\n<p style=\"text-align: center;\"><a href=\"\/blog\/wp-content\/uploads\/2023\/kinsol_trestle5.jpg\"><img decoding=\"async\" src=\"\/blog\/wp-content\/uploads\/2023\/thumbs\/thumbs_kinsol_trestle5.jpg\" \/><\/a><a href=\"\/blog\/wp-content\/uploads\/2023\/kinsol_trestle7.jpg\"><img decoding=\"async\" src=\"\/blog\/wp-content\/uploads\/2023\/thumbs\/thumbs_kinsol_trestle7.jpg\" \/><\/a><a href=\"\/blog\/wp-content\/uploads\/2023\/kinsol_trestle4.jpg\"><img decoding=\"async\" src=\"\/blog\/wp-content\/uploads\/2023\/thumbs\/thumbs_kinsol_trestle4.jpg\" \/><\/a><\/p>\n<p style=\"text-align: center;\"><em>Kolea k\u00e4vely sillan ylitse<\/em><\/p>\n<p style=\"text-align: justify;\">Illan p\u00e4\u00e4tteeksi nautimme herkullisen p\u00e4iv\u00e4llisen l\u00e4heisell\u00e4 viinitilalla, joka on voittanut useita palkintoja. Cobble Hillin ymp\u00e4rist\u00f6ss\u00e4 sijaitsee useita menestyneit\u00e4 viinitiloja, mik\u00e4 on yksi merkitt\u00e4v\u00e4 turismin ala alueella.<\/p>\n<p style=\"text-align: center;\"><a href=\"\/blog\/wp-content\/uploads\/2023\/unsworth_ravintola1.jpg\"><img decoding=\"async\" src=\"\/blog\/wp-content\/uploads\/2023\/thumbs\/thumbs_unsworth_ravintola1.jpg\" \/><\/a><a href=\"\/blog\/wp-content\/uploads\/2023\/unsworth_ravintola2.jpg\"><img decoding=\"async\" src=\"\/blog\/wp-content\/uploads\/2023\/thumbs\/thumbs_unsworth_ravintola2.jpg\" \/><\/a><\/p>\n<p style=\"text-align: center;\"><em>Herkullinen p\u00e4iv\u00e4llinen viinitilalla<\/em><\/p>\n<p style=\"text-align: justify;\">Sunnuntaina ajoimme hotelliltamme l\u00e4heiseen Duncaniin, joka on pinta-alaltaan (2,07 neli\u00f6kilometri\u00e4) Kanadan pienin kaupunki. Virallisesti ainoastaan 5047 ihmisen kaupunki on kuitenkin 84,000 asukkaan laakson keskus, jossa sijaitsevat kaikki mahdolliset palvelut. Olemme pys\u00e4htyneet Duncanissa <a title=\"Ikiaikaisten j\u00e4ttil\u00e4isten Tofino\" href=\"https:\/\/www.vuosiamaailmalla.fi\/blog\/2012\/ikiaikaisten-jattilaisten-tofino\/\">kerran aikaisemminkin<\/a>, k\u00e4ydess\u00e4mme ihailemassa kaupungin kuuluisia toteemipaaluja. T\u00e4ll\u00e4 kertaa py\u00f6r\u00e4hdimme katsomassa kaupungissa sijaitsevaa <strong>maailman suurinta j\u00e4\u00e4kiekkomailaa<\/strong> paikallisen urheilukeskuksen yhteydess\u00e4, ennen aamiaista suositulla ravintolalla.<\/p>\n<p style=\"text-align: center;\"><a href=\"\/blog\/wp-content\/uploads\/2023\/maailman_suurin_jaakiekkomaila.jpg\"><img decoding=\"async\" src=\"\/blog\/wp-content\/uploads\/2023\/thumbs\/thumbs_maailman_suurin_jaakiekkomaila.jpg\" \/><\/a><a href=\"\/blog\/wp-content\/uploads\/2023\/cowichan_bay4.jpg\"><img decoding=\"async\" src=\"\/blog\/wp-content\/uploads\/2023\/thumbs\/thumbs_cowichan_bay4.jpg\" \/><\/a><\/p>\n<p style=\"text-align: center;\"><em>Sunnuntaiaamu Duncanissa<\/em><\/p>\n<p style=\"text-align: justify;\">Muutaman n\u00e4ht\u00e4vyytens\u00e4 lis\u00e4ksi Duncan on enemm\u00e4nkin alueen palvelukeskus ilman sen suurempaa n\u00e4ht\u00e4v\u00e4\u00e4, joten ajoimmekin parikymment\u00e4 kilometri\u00e4 pohjoiseen, jossa sijaitsee pieni Chemainuksen kyl\u00e4. Alun perin suuren sahan ymp\u00e4rille rakentuneen kyl\u00e4n on onnistunut uudistua sahateollisuudesta kohti turismia ja se tunnetaan t\u00e4t\u00e4 nyky\u00e4 kymmenist\u00e4 upeista sein\u00e4maalauksistaan. Maalaukset koristavat pienen keskustan rakennusten ja liikkeiden seinustoja, ja niiss\u00e4 toistuu alueen historiallisia teemoja ja tapahtumia hienosti toteutettuna.<\/p>\n<p style=\"text-align: center;\"><a href=\"\/blog\/wp-content\/uploads\/2023\/chemainus_keskusta1.jpg\"><img decoding=\"async\" src=\"\/blog\/wp-content\/uploads\/2023\/thumbs\/thumbs_chemainus_keskusta1.jpg\" \/><\/a><a href=\"\/blog\/wp-content\/uploads\/2023\/chemainus_keskusta2.jpg\"><img decoding=\"async\" src=\"\/blog\/wp-content\/uploads\/2023\/thumbs\/thumbs_chemainus_keskusta2.jpg\" \/><\/a><a href=\"\/blog\/wp-content\/uploads\/2023\/chemainus_keskusta4.jpg\"><img decoding=\"async\" src=\"\/blog\/wp-content\/uploads\/2023\/thumbs\/thumbs_chemainus_keskusta4.jpg\" \/><\/a><\/p>\n<p style=\"text-align: center;\"><em>Chemainuksen keskustassa<\/em><\/p>\n<p style=\"text-align: center;\"><a href=\"\/blog\/wp-content\/uploads\/2023\/chemainus_muraaleja1.jpg\"><img decoding=\"async\" src=\"\/blog\/wp-content\/uploads\/2023\/thumbs\/thumbs_chemainus_muraaleja1.jpg\" \/><\/a><a href=\"\/blog\/wp-content\/uploads\/2023\/chemainus_muraaleja8.jpg\"><img decoding=\"async\" src=\"\/blog\/wp-content\/uploads\/2023\/thumbs\/thumbs_chemainus_muraaleja8.jpg\" \/><\/a><a href=\"\/blog\/wp-content\/uploads\/2023\/chemainus_muraaleja5.jpg\"><img decoding=\"async\" src=\"\/blog\/wp-content\/uploads\/2023\/thumbs\/thumbs_chemainus_muraaleja5.jpg\" \/><\/a><\/p>\n<p style=\"text-align: center;\"><em>Historiallisia sein\u00e4maalauksia<\/em><\/p>\n<p style=\"text-align: justify;\">Keli oli edelleen sateinen, mist\u00e4 huolimatta jaksoime k\u00e4vell\u00e4 kyl\u00e4n p\u00e4\u00e4kadun p\u00e4\u00e4st\u00e4 p\u00e4\u00e4h\u00e4n maalauksia ihastellen. Ihan jokaista 53:sta maalauksesta emme n\u00e4hneet, mutta katsastimme kyll\u00e4 kyl\u00e4n keskustassa sijaitsevan pienen museon, jossa on n\u00e4ht\u00e4viss\u00e4 monenlaista esinett\u00e4 menneilt\u00e4 vuosikymmenilt\u00e4, kertoen aiemmasta el\u00e4m\u00e4st\u00e4 alueella.<\/p>\n<p style=\"text-align: center;\"><a href=\"\/blog\/wp-content\/uploads\/2023\/chemainus_muraaleja2.jpg\"><img decoding=\"async\" src=\"\/blog\/wp-content\/uploads\/2023\/thumbs\/thumbs_chemainus_muraaleja2.jpg\" \/><\/a><a href=\"\/blog\/wp-content\/uploads\/2023\/chemainus_muraaleja3.jpg\"><img decoding=\"async\" src=\"\/blog\/wp-content\/uploads\/2023\/thumbs\/thumbs_chemainus_muraaleja3.jpg\" \/><\/a><a href=\"\/blog\/wp-content\/uploads\/2023\/chemainus_keskusta3.jpg\"><img decoding=\"async\" src=\"\/blog\/wp-content\/uploads\/2023\/thumbs\/thumbs_chemainus_keskusta3.jpg\" \/><\/a><br \/>\n<a href=\"\/blog\/wp-content\/uploads\/2023\/chemainus_muraaleja4.jpg\"><img decoding=\"async\" src=\"\/blog\/wp-content\/uploads\/2023\/thumbs\/thumbs_chemainus_muraaleja4.jpg\" \/><\/a><a href=\"\/blog\/wp-content\/uploads\/2023\/chemainus_muraaleja6.jpg\"><img decoding=\"async\" src=\"\/blog\/wp-content\/uploads\/2023\/thumbs\/thumbs_chemainus_muraaleja6.jpg\" \/><\/a><a href=\"\/blog\/wp-content\/uploads\/2023\/chemainus_muraaleja7.jpg\"><img decoding=\"async\" src=\"\/blog\/wp-content\/uploads\/2023\/thumbs\/thumbs_chemainus_muraaleja7.jpg\" \/><\/a><\/p>\n<p style=\"text-align: center;\"><em>N\u00e4kemisen arvoisia maalauksia<\/em><\/p>\n<p style=\"text-align: center;\"><a href=\"\/blog\/wp-content\/uploads\/2023\/chemainus_museo.jpg\"><img decoding=\"async\" src=\"\/blog\/wp-content\/uploads\/2023\/chemainus_museo.jpg\" \/><\/a><\/p>\n<p style=\"text-align: center;\"><em>Pieni entisajan museo<\/em><\/p>\n<p style=\"text-align: justify;\">Chemainus on hyv\u00e4 esimerkki pienest\u00e4 ja herttaisesta kyl\u00e4st\u00e4, joita Vancouverinsaaren it\u00e4rannikko on t\u00e4ynn\u00e4. N\u00e4iss\u00e4 paikoissa el\u00e4m\u00e4 on mukavan verkkaista, mutta kuitenkin elinvoimaista, sill\u00e4 sek\u00e4 Vancouver ett\u00e4 Victoria ovat riitt\u00e4v\u00e4n l\u00e4hell\u00e4, asumiskustannusten ollessa silti huomattavasti suurkaupunkeja matalammat. N\u00e4ist\u00e4 kaupungeista l\u00f6yt\u00e4\u00e4 usein my\u00f6s suurkaupunkeja aidomman kanadalaisen el\u00e4m\u00e4n, sill\u00e4 ihmiset niiss\u00e4 ovat yst\u00e4v\u00e4llisi\u00e4 ja puheliaita.<\/p>\n<p style=\"text-align: justify;\">Paluumatkamme kotiin oli lopulta maanantaina lautalla Nanaimosta, mik\u00e4 p\u00e4\u00e4tti nelj\u00e4n p\u00e4iv\u00e4n erikoispitk\u00e4n viikonloppumme Cowichan Valleyn alueella. Nyt t\u00e4m\u00e4kin meille aiemmin tuntematon alue on tullut n\u00e4hty\u00e4 ja reissumme olikin meist\u00e4 oikein mukava ja onnistunut, jopa koleasta kelist\u00e4 huolimatta.<\/p>\n","protected":false},"excerpt":{"rendered":"<p>Mennyt kev\u00e4tkausi on kulunut pitk\u00e4lti arkisissa merkeiss\u00e4 kotosalla, mutta juuri mennyt p\u00e4\u00e4si\u00e4inen sent\u00e4\u00e4n tarjosi mahdollisuuden pieneen lomamatkaan l\u00e4hiseudulla. Karttaa tutkiessamme huomasimme, ett\u00e4 l\u00e4hettyvill\u00e4 sijaitseva Cowichan Valley on meille t\u00e4ysin tuntematon alue, jossa kuitenkin vaikutti olevan n\u00e4ht\u00e4v\u00e4\u00e4 pitk\u00e4n viikonlopun tarpeisiin.<\/p>\n","protected":false},"author":1,"featured_media":13125,"comment_status":"open","ping_status":"closed","sticky":false,"template":"","format":"standard","meta":{"_jetpack_memberships_contains_paid_content":false,"footnotes":""},"categories":[9,7],"tags":[1799,1796,1798,1795,963,935,1800,1797,1022,955],"class_list":["post-13122","post","type-post","status-publish","format-standard","has-post-thumbnail","hentry","category-kanada","category-matkakertomukset","tag-chemainus","tag-cobble-hill","tag-cowichan-bay","tag-cowichan-valley","tag-duncan","tag-kanada","tag-kinsol-trestle","tag-malahat-skywalk","tag-paasiainen","tag-vancouverinsaari"],"jetpack_featured_media_url":"https:\/\/www.vuosiamaailmalla.fi\/blog\/wp-content\/uploads\/kinsol_trestle_banner.jpg","jetpack_sharing_enabled":true,"_links":{"self":[{"href":"https:\/\/www.vuosiamaailmalla.fi\/blog\/wp-json\/wp\/v2\/posts\/13122","targetHints":{"allow":["GET"]}}],"collection":[{"href":"https:\/\/www.vuosiamaailmalla.fi\/blog\/wp-json\/wp\/v2\/posts"}],"about":[{"href":"https:\/\/www.vuosiamaailmalla.fi\/blog\/wp-json\/wp\/v2\/types\/post"}],"author":[{"embeddable":true,"href":"https:\/\/www.vuosiamaailmalla.fi\/blog\/wp-json\/wp\/v2\/users\/1"}],"replies":[{"embeddable":true,"href":"https:\/\/www.vuosiamaailmalla.fi\/blog\/wp-json\/wp\/v2\/comments?post=13122"}],"version-history":[{"count":7,"href":"https:\/\/www.vuosiamaailmalla.fi\/blog\/wp-json\/wp\/v2\/posts\/13122\/revisions"}],"predecessor-version":[{"id":13130,"href":"https:\/\/www.vuosiamaailmalla.fi\/blog\/wp-json\/wp\/v2\/posts\/13122\/revisions\/13130"}],"wp:featuredmedia":[{"embeddable":true,"href":"https:\/\/www.vuosiamaailmalla.fi\/blog\/wp-json\/wp\/v2\/media\/13125"}],"wp:attachment":[{"href":"https:\/\/www.vuosiamaailmalla.fi\/blog\/wp-json\/wp\/v2\/media?parent=13122"}],"wp:term":[{"taxonomy":"category","embeddable":true,"href":"https:\/\/www.vuosiamaailmalla.fi\/blog\/wp-json\/wp\/v2\/categories?post=13122"},{"taxonomy":"post_tag","embeddable":true,"href":"https:\/\/www.vuosiamaailmalla.fi\/blog\/wp-json\/wp\/v2\/tags?post=13122"}],"curies":[{"name":"wp","href":"https:\/\/api.w.org\/{rel}","templated":true}]}}