{"id":1314,"date":"2009-12-11T17:35:16","date_gmt":"2009-12-12T01:35:16","guid":{"rendered":"http:\/\/13.53.127.146\/?p=1314"},"modified":"2021-02-25T21:22:32","modified_gmt":"2021-02-26T05:22:32","slug":"perusteellinen-kierros-joulumarkkinoilla","status":"publish","type":"post","link":"https:\/\/www.vuosiamaailmalla.fi\/blog\/2009\/perusteellinen-kierros-joulumarkkinoilla\/","title":{"rendered":"Perusteellinen kierros joulumarkkinoilla"},"content":{"rendered":"<p style=\"text-align: justify;\">Mennyt viikonloppu meni meill\u00e4 Suomesta tulleiden vieraiden kanssa Berliinin t\u00e4m\u00e4nvuotista <a title=\"Opas Berliinin joulumarkkinoille\" href=\"https:\/\/www.vuosiamaailmalla.fi\/?p=1385\">joulumarkkinatarjontaa<\/a> kierrellen. Kyseinen tuttavapariskuntamme on vieraillut luonamme jokaisena edelt\u00e4v\u00e4 jouluna, joten t\u00e4m\u00e4 oli heille j\u00e4rjestyksess\u00e4\u00e4n jo nelj\u00e4s per\u00e4kk\u00e4inen joulumarkkinamatka.<\/p>\n<p style=\"text-align: justify;\">Ymm\u00e4rr\u00e4n oikein hyvin heid\u00e4n halunsa saapua vierailulle juuri joulumarkkinoiden aikaan, sill\u00e4 ne ovat eritt\u00e4in tunnelmallinen tapahtuma v\u00e4rikk\u00e4ine valoineen, erikoisherkkuineen sek\u00e4 suurine ihmisvirtoineen. Ja monesti joulumarkkinoilta l\u00f6yt\u00e4\u00e4 my\u00f6s aina jotain sellaista lahjatavaraa jouluna annettavaksi, mit\u00e4 ei Suomesta edes saa.<\/p>\n<p><!--more--><\/p>\n<p style=\"text-align: justify;\">Markkinakatsauksemme alkoi heti perjantaina <em>Rotes Rathausin<\/em> edess\u00e4 sijaitsevalta markkina-alueelta. N\u00e4m\u00e4 joulumarkkinat ovat asuntoamme l\u00e4himm\u00e4t, mutta omasta mielest\u00e4ni ne ovat my\u00f6s yhdet kaupungin parhaimmista joulumarkkinoista. Kooltaan markkinat ovat keskikokoiset, mutta pienehk\u00f6 alue on yleens\u00e4 hyvin k\u00e4ytetty ja kauniisti koristeltu. Alueelta l\u00f6ytyy kaikenlaisia herkku- ja lahjakojuja, poniratsastusta, maailmanpy\u00f6r\u00e4 sek\u00e4 suosittu luistinrata.<\/p>\n<p style=\"text-align: justify;\">Alue on keskeisen sijaintinsa vuoksi varsinkin viikonloppuiltaisin sangen ruuhkainen, mutta t\u00e4t\u00e4 uhmaten sukelsimme ihmismassojen sekaan juuri perjantai-iltana. T\u00e4n\u00e4kin vuonna onnistuimme l\u00f6yt\u00e4m\u00e4\u00e4n monenlaista erikoista joulumarkkinaherkkua hiukopalaksemme ja hauskasti satuimme my\u00f6s n\u00e4kem\u00e4\u00e4n Rotes Rathausin markkinoilla esiintyv\u00e4n joulupukin, joka kirjaimellisesti lent\u00e4\u00e4 halki taivaan!<\/p>\n<p style=\"text-align: center;\"><a href=\"\/blog\/wp-content\/uploads\/2009\/karuselli_rotes_rathausilla.jpg\" target=\"_blank\" rel=\"noopener\"><img decoding=\"async\" style=\"border: 0px none; margin: 5px;\" src=\"\/blog\/wp-content\/uploads\/2009\/thumbs\/thumbs_karuselli_rotes_rathausilla.jpg\" alt=\"\" \/><\/a><a href=\"\/blog\/wp-content\/uploads\/2009\/vilinaa_rotes_rathausin_markkinoilla.jpg\" target=\"_blank\" rel=\"noopener\"><img decoding=\"async\" style=\"border: 0px none; margin: 5px;\" src=\"\/blog\/wp-content\/uploads\/2009\/thumbs\/thumbs_vilinaa_rotes_rathausin_markkinoilla.jpg\" alt=\"\" \/><\/a><a href=\"\/blog\/wp-content\/uploads\/2009\/joulumarkkinaherkku1.jpg\" target=\"_blank\" rel=\"noopener\"><img decoding=\"async\" style=\"border: 0px none; margin: 5px;\" src=\"\/blog\/wp-content\/uploads\/2009\/thumbs\/thumbs_joulumarkkinaherkku1.jpg\" alt=\"\" \/><\/a><\/p>\n<p style=\"text-align: center;\"><em>Vilin\u00e4\u00e4 Rotes Rathausin markkinoilla, sek\u00e4 er\u00e4s joulumarkkinaherkku<\/em><\/p>\n<p style=\"text-align: center;\"><a href=\"\/blog\/wp-content\/uploads\/2009\/neptunus_markkinoilla.jpg\" target=\"_blank\" rel=\"noopener\"><img decoding=\"async\" style=\"border: 0px none; margin: 5px;\" src=\"\/blog\/wp-content\/uploads\/2009\/thumbs\/thumbs_neptunus_markkinoilla.jpg\" alt=\"\" \/><\/a><\/p>\n<p style=\"text-align: center;\"><em>Neptunus markkinoiden keskell\u00e4<\/em><\/p>\n<p style=\"text-align: center;\"><a href=\"\/blog\/wp-content\/uploads\/2009\/lentava_joulupukki.jpg\" target=\"_blank\" rel=\"noopener\"><img decoding=\"async\" style=\"border: 0px none; margin: 5px;\" src=\"\/blog\/wp-content\/uploads\/2009\/lentava_joulupukki.jpg\" alt=\"\" \/><\/a><\/p>\n<p style=\"text-align: center;\"><em>Lent\u00e4v\u00e4 joulupukki!<\/em><\/p>\n<p style=\"text-align: justify;\">Rotes Rathausille paikallaan antaa j\u00e4lleen kerran hyv\u00e4t pisteet ja siit\u00e4 oli hyv\u00e4 suunnata seuraavaksi tarkastamaan l\u00e4heiset <em>Alexanderplatzin<\/em> markkinat. Perinteisesti varsinaisen Alexanderplatzin aukiolla sijaitsevat joulumarkkinat ovat sangen pienet, mik\u00e4 piti paikkansa my\u00f6s t\u00e4n\u00e4 vuonna. Puuttomalla kaupunkiaukiolla j\u00e4rjestett\u00e4v\u00e4t perinteisyyteen pyrkiv\u00e4t markkinat eiv\u00e4t kuitenkaan oikein toimi. Sijainti on kyll\u00e4 keskeinen ja k\u00e4yt\u00e4v\u00e4t v\u00e4lj\u00e4t, mutta joulumarkkinat eiv\u00e4t onnistu olemaan kovin tunnelmalliset. Erityispisteit\u00e4 pit\u00e4\u00e4 silti antaa curling-radasta, joka taitaa olla kaupungin ainoita. Alexanderplatzin markkinat ovatkin l\u00e4hinn\u00e4 loistava paikka napata jotain herkullista aina aukion kautta kulkiessa, mutta varta vasten niit\u00e4 ei kannata saapua katsomaan.<\/p>\n<p style=\"text-align: justify;\">Ensimm\u00e4isen illan joulumarkkinat olivatkin sitten siin\u00e4. Heti lauantaiaamuna otimme suunnaksi Berliinin l\u00e4ntisen Spandaun kaupunginosan, jonka keskustan kaduilla j\u00e4rjestet\u00e4\u00e4n yksi Berliinin tunnetuimmista joulumarkkinoista. Spandaun joulumarkkinat tunnetaan yhten\u00e4 koko Saksan suurimmista ja perinteisesti mittatikkuna k\u00e4ytettyj\u00e4 myyntikojuja on alueella yli 400 kappaletta. Alue onkin suuri ja levitt\u00e4ytyy Spandaun kaupungintalon edustalta aina koko k\u00e4velykeskustan alueelle. Koristuksiin on panostettu ihan mukavasti ja ihmiskuhinaa riitt\u00e4\u00e4. Spandaun joulumarkkinat ovat juuri suuren kokonsa vuoksi kuuluisat ja niinp\u00e4 turistitkin l\u00f6yt\u00e4v\u00e4t t\u00e4nne ulkokaupungille saakka, vaikka matkustusaika kaupungin eri osista sinne onkin noin 30-60 minuuttia.<\/p>\n<p style=\"text-align: center;\"><a href=\"\/blog\/wp-content\/uploads\/2009\/spandaun_joulumarkkinat1.jpg\" target=\"_blank\" rel=\"noopener\"><img decoding=\"async\" style=\"border: 0px none; margin: 5px;\" src=\"\/blog\/wp-content\/uploads\/2009\/thumbs\/thumbs_spandaun_joulumarkkinat1.jpg\" alt=\"\" \/><\/a><a href=\"\/blog\/wp-content\/uploads\/2009\/spandaun_joulumarkkinat2.jpg\" target=\"_blank\" rel=\"noopener\"><img decoding=\"async\" style=\"border: 0px none; margin: 5px;\" src=\"\/blog\/wp-content\/uploads\/2009\/thumbs\/thumbs_spandaun_joulumarkkinat2.jpg\" alt=\"\" \/><\/a><\/p>\n<p style=\"text-align: center;\"><em>Spandaun joulumarkkinat<\/em><\/p>\n<p style=\"text-align: center;\"><a href=\"\/blog\/wp-content\/uploads\/2009\/joulupukki_katolla.jpg\" target=\"_blank\" rel=\"noopener\"><img decoding=\"async\" style=\"border: 0px none; margin: 5px;\" src=\"\/blog\/wp-content\/uploads\/2009\/joulupukki_katolla.jpg\" alt=\"\" \/><\/a><\/p>\n<p style=\"text-align: center;\"><em>Joulupukki katolla<\/em><\/p>\n<p style=\"text-align: center;\"><a href=\"\/blog\/wp-content\/uploads\/2009\/kaytosta_poistetut_rullaportaat.jpg\" target=\"_blank\" rel=\"noopener\"><img decoding=\"async\" style=\"border: 0px none; margin: 5px;\" src=\"\/blog\/wp-content\/uploads\/2009\/kaytosta_poistetut_rullaportaat.jpg\" alt=\"\" \/><\/a><\/p>\n<p style=\"text-align: center;\"><em>Asvaltilla t\u00e4ytetyt tarpeettomat rullaportaat<\/em><\/p>\n<p style=\"text-align: justify;\">Spandaun markkinat olivat meist\u00e4 ihan kivat ja muutamat vanhat rakennukset Spandaun keskustassa, erityisesti kirkon l\u00e4hettyvill\u00e4, lis\u00e4\u00e4v\u00e4t hyvin tunnelmaan. Vierailumme tapahtui p\u00e4iv\u00e4saikaan, mik\u00e4 on aina joulumarkkinatunnelmasta pois, kun pimeys ja valot puuttuvat, mutta olimme silti tyytyv\u00e4iset matkaamme. Vieraamme nauttivat Spandaussa <em>Gl\u00fchweinit<\/em> eli hehkuviinit (gl\u00f6gi) ja lunastivat samalla itselleen muistoksi hauskan joulumarkkinamukin.<\/p>\n<p style=\"text-align: justify;\">Monet joulumarkkinoista tuottavat ihan omat teemamukinsa, jotka ovat joskus sangen erikoisiakin muotoilultaan. Monesti mukit on my\u00f6s varustettu vuosiluvulla, joten joka vuosi on mahdollista ker\u00e4t\u00e4 uudet mukit. Joskus mukit ovat samanlaisia vuodesta toiseen, mutta joskus <em>design<\/em> muuttuu vuosien v\u00e4lill\u00e4. Gl\u00fchwein-mukillisen hintaan sis\u00e4ltyykin aina muutaman euron mukipantti, joten on juojasta kiinni haluaako pantin lunastaa, vai pit\u00e4\u00e4k\u00f6 mukin mielummin muistonaan.<\/p>\n<p style=\"text-align: center;\"><a href=\"\/blog\/wp-content\/uploads\/2009\/gluhwein_tuokio.jpg\" target=\"_blank\" rel=\"noopener\"><img decoding=\"async\" style=\"border: 0px none; margin: 5px;\" src=\"\/blog\/wp-content\/uploads\/2009\/thumbs\/thumbs_gluhwein_tuokio.jpg\" alt=\"\" \/><\/a><a href=\"\/blog\/wp-content\/uploads\/2009\/joulumarkkinamuki.jpg\" target=\"_blank\" rel=\"noopener\"><img decoding=\"async\" style=\"border: 0px none; margin: 5px;\" src=\"\/blog\/wp-content\/uploads\/2009\/thumbs\/thumbs_joulumarkkinamuki.jpg\" alt=\"\" \/><\/a><\/p>\n<p style=\"text-align: center;\"><em>L\u00e4mp\u00f6\u00e4 Gl\u00fchweinista<br \/>\n<\/em><\/p>\n<p style=\"text-align: justify;\">Spandausta jatkoimme U7-metrolla Charlottenburgiin, jossa Charlottenburgin linnalla edustalla j\u00e4rjestet\u00e4\u00e4n perinteiset joulumarkkinat. Markkina-alue on keskikokoinen ja hyvin selke\u00e4sti j\u00e4rjestetty. Kunnon ruokailukin onnistuu alueella hyvin, sill\u00e4 tarjolla on isojen telttarakennusten suojaa ja l\u00e4mp\u00f6\u00e4. Keli tuona oli viime viikonloppuna sangen viile\u00e4, joten jokainen l\u00e4mmin hetki tuli kyll\u00e4 tarpeeseen.<\/p>\n<p style=\"text-align: justify;\">Charlottenburgin markkinoilla mukavaa on upea sijainti t\u00e4m\u00e4n kauniin linnan edustalla, mutta ovat markkinat muutenkin miellytt\u00e4v\u00e4t. T\u00e4m\u00e4 oli meille ensimm\u00e4inen kerta n\u00e4ill\u00e4 markkinoilla ja varmaan sen vuoksi n\u00e4imme ensimm\u00e4ist\u00e4 kertaa erikoisen kojun, jolla myytiin upeita talomaisia linnunp\u00f6ntt\u00f6j\u00e4. En tied\u00e4 tohtivatko linnut pesi\u00e4 edes n\u00e4in hienoissa ja v\u00e4rikk\u00e4iss\u00e4 taideteoksissa. Harmillisesti kojun pit\u00e4j\u00e4 oli hyvin tarkka siit\u00e4, ettei h\u00e4nen p\u00f6ntt\u00f6j\u00e4\u00e4n saanut valokuvata, joten kuvat j\u00e4iv\u00e4t ottamatta.<\/p>\n<p style=\"text-align: center;\"><a href=\"\/blog\/wp-content\/uploads\/2009\/charlottenburgin_joulumarkkinat.jpg\" target=\"_blank\" rel=\"noopener\"><img decoding=\"async\" style=\"border: 0px none; margin: 5px;\" src=\"\/blog\/wp-content\/uploads\/2009\/charlottenburgin_joulumarkkinat.jpg\" alt=\"\" \/><\/a><\/p>\n<p style=\"text-align: center;\"><em>Markkinat linnan edustalla<\/em><\/p>\n<p style=\"text-align: justify;\">Charlottenburgilta palasimme kotiimme, mutta poikkesimme viel\u00e4 iltasella Potsdamer Platzilla, jossa on my\u00f6s jokavuotiset joulumarkkinat. Markkinat eiv\u00e4t ole kauhean suuret, mutta ne levitt\u00e4ytyv\u00e4t laajalle alueelle. Paikan p\u00e4\u00e4ll\u00e4 on aina ruuhkaista, sill\u00e4 alue on muutenkin vilkasta turistialuetta. Niinp\u00e4 mieleen j\u00e4\u00e4v\u00e4 vaikutelma onkin ruuhkainen ja kiireinen. Markkinoilta l\u00f6ytyy niin luistinrata, kuin my\u00f6s valtava liukum\u00e4ki, jota liu&#8217;utaan alas isoilla renkailla. Hieno oli t\u00e4n\u00e4 vuonna <em>Sony Centerin<\/em> keskelle ripustettu valtaisa neon-sininen joulukello, vaikkakin ehk\u00e4 my\u00f6s hieman mauton.<\/p>\n<p style=\"text-align: center;\"><a href=\"\/blog\/wp-content\/uploads\/2009\/potsdamer_platzin_joulumarkkinat.jpg\" target=\"_blank\" rel=\"noopener\"><img decoding=\"async\" style=\"border: 0px none; margin: 5px;\" src=\"\/blog\/wp-content\/uploads\/2009\/thumbs\/thumbs_potsdamer_platzin_joulumarkkinat.jpg\" alt=\"\" \/><\/a><a href=\"\/blog\/wp-content\/uploads\/2009\/neon-sininen_joulukello.jpg\" target=\"_blank\" rel=\"noopener\"><img decoding=\"async\" style=\"border: 0px none; margin: 5px;\" src=\"\/blog\/wp-content\/uploads\/2009\/thumbs\/thumbs_neon-sininen_joulukello.jpg\" alt=\"\" \/><\/a><a href=\"\/blog\/wp-content\/uploads\/2009\/liukumaki_potsdamer_platzilla.jpg\" target=\"_blank\" rel=\"noopener\"><img decoding=\"async\" style=\"border: 0px none; margin: 5px;\" src=\"\/blog\/wp-content\/uploads\/2009\/thumbs\/thumbs_liukumaki_potsdamer_platzilla.jpg\" alt=\"\" \/><\/a><\/p>\n<p style=\"text-align: center;\"><em>Potsdamer Platzin alueen jouluvaloja<\/em><\/p>\n<p style=\"text-align: justify;\">Sunnuntai valkeni hieman kosteana. Laiskan aamun j\u00e4lkeen vetreydyimme vasta iltap\u00e4iv\u00e4st\u00e4 matkustamaan Prenzlauer Bergiin, jossa sijaitsee pienesti legendaarinen <a href=\"http:\/\/thebirdinberlin.com\/\"><em>The Bird<\/em><\/a> -ravintola. Ravintola oli pitk\u00e4\u00e4n <em>TripAdvisorin<\/em> numero ykk\u00f6nen, mutta on kokenut sittemmin TA:n kirouksen ja pudonnut suosion my\u00f6t\u00e4 joitain sijoituksia. Silti t\u00e4m\u00e4n sangen syrj\u00e4ss\u00e4 sijaitsevan ravintolan burgereita on kehuttu niin paljon, ett\u00e4 ne oli aivan pakko k\u00e4yd\u00e4 toteamassa itse. Ravintolan menu on hauskan vitsik\u00e4s ja ne paljon mainostetut burgerit todellisia rasvapommeja! Omasta mielest\u00e4ni ravintola ei ole ehk\u00e4 kaupungin paras purilaispaikka, mutta mielenkiintoinen kokemus <em>none the less<\/em>.<\/p>\n<p style=\"text-align: center;\"><a href=\"\/blog\/wp-content\/uploads\/2009\/melkoinen_rasvapommi.jpg\" target=\"_blank\" rel=\"noopener\"><img decoding=\"async\" style=\"border: 0px none; margin: 5px;\" src=\"\/blog\/wp-content\/uploads\/2009\/melkoinen_rasvapommi.jpg\" alt=\"\" \/><\/a><\/p>\n<p style=\"text-align: center;\"><em>Rasvainen burgeri<\/em><\/p>\n<p style=\"text-align: justify;\">Illasta k\u00e4vimme viel\u00e4 tarkastamassa <em>Alexa<\/em>-kauppakeskuksen ymp\u00e4rille joka vuosi rakennettavat joulumarkkinat, joilla perinteiset markkinakojut ovat kuitenkin pieness\u00e4 osassa. Suurin juttu Alexan markkinoilla on valtava tivolialue, joka viihdytt\u00e4\u00e4 niin nuoria kuin vanhojakin koko joulukuun ajan. Naapurissa asuvia tivoli ei kuitenkaan niin viihdyt\u00e4 ja naapurissa 16. kerroksessa asuva kollegamme onkin sanonut joulukuun olevan t\u00e4ytt\u00e4 piinaa, kun kaikki illat saa kuunnella tivolialueelta kantautuvaa kiljuntaa iltakymmenen saakka.<\/p>\n<p style=\"text-align: center;\"><a href=\"\/blog\/wp-content\/uploads\/2009\/alexan_tivoli3.jpg\" target=\"_blank\" rel=\"noopener\"><img decoding=\"async\" style=\"border: 0px none; margin: 5px;\" src=\"\/blog\/wp-content\/uploads\/2009\/thumbs\/thumbs_alexan_tivoli3.jpg\" alt=\"\" \/><\/a><a href=\"\/blog\/wp-content\/uploads\/2009\/alexan_tivoli4.jpg\" target=\"_blank\" rel=\"noopener\"><img decoding=\"async\" style=\"border: 0px none; margin: 5px;\" src=\"\/blog\/wp-content\/uploads\/2009\/thumbs\/thumbs_alexan_tivoli4.jpg\" alt=\"\" \/><\/a><br \/>\n<a href=\"\/blog\/wp-content\/uploads\/2009\/alexan_tivoli2.jpg\" target=\"_blank\" rel=\"noopener\"><img decoding=\"async\" style=\"border: 0px none; margin: 5px;\" src=\"\/blog\/wp-content\/uploads\/2009\/thumbs\/thumbs_alexan_tivoli2.jpg\" alt=\"\" \/><\/a><a href=\"\/blog\/wp-content\/uploads\/2009\/alexan_tivoli1.jpg\" target=\"_blank\" rel=\"noopener\"><img decoding=\"async\" style=\"border: 0px none; margin: 5px;\" src=\"\/blog\/wp-content\/uploads\/2009\/thumbs\/thumbs_alexan_tivoli1.jpg\" alt=\"\" \/><\/a><\/p>\n<p style=\"text-align: center;\"><em>Tungosta Alexan tivolilla<\/em><\/p>\n<p style=\"text-align: center;\"><iframe loading=\"lazy\" src=\"https:\/\/www.youtube-nocookie.com\/embed\/LbdAE_93yzA\" width=\"560\" height=\"315\" frameborder=\"0\"><\/iframe><\/p>\n<p style=\"text-align: center;\"><em>Melkoisen hurja laite tivolissa<\/em><\/p>\n<p style=\"text-align: justify;\">Meist\u00e4 Alexan tivoli oli sangen vinha paikka sill\u00e4 tarjolla on hieman rajumpiakin laitteita. On esimerkiksi ketjujen p\u00e4\u00e4ss\u00e4 killuvaa karusellia noin 40 metrin korkeudessa, maailman suurimmaksi v\u00e4itett\u00e4v\u00e4\u00e4 mobiilia maailmanpy\u00f6r\u00e4\u00e4 sek\u00e4 monenlaista rajua kieputinta. Itse en ole huvipuistolaitteiden ja kieputtimien per\u00e4\u00e4n, joten skippaan ne suosiolla, mutta tivolialueella on silti mukava vierailla hurjap\u00e4isi\u00e4 ihmisi\u00e4 katsomassa.<\/p>\n<p style=\"text-align: justify;\">Tungos alueella on kuitenkin melkein aina valtava, sill\u00e4 kyseess\u00e4 on selke\u00e4sti kaupungin suurimmasta joulumarkkinativolista eritt\u00e4in keskeisell\u00e4 paikalla. Varsinkin ilta-aikaan tivolialueella on melkein mahdotonta liikkua, mutta juuri silloin tivolin miljoonat valot ovat kaikkein n\u00e4ytt\u00e4vimmill\u00e4\u00e4n. Lehtijuttujen mukaan tungoksen keskell\u00e4 liikkuu my\u00f6s taskuvarkaita, joten erityisesti Alexan tivolilla kannattaa pit\u00e4\u00e4 huoli lompakostaan (kuten tietysti kaikkialla muuallakin).<\/p>\n<p style=\"text-align: center;\"><a href=\"\/blog\/wp-content\/uploads\/2009\/valtava_maailmanpyora2.jpg\" target=\"_blank\" rel=\"noopener\"><img decoding=\"async\" style=\"border: 0px none; margin: 5px;\" src=\"\/blog\/wp-content\/uploads\/2009\/thumbs\/thumbs_valtava_maailmanpyora2.jpg\" alt=\"\" \/><\/a><a href=\"\/blog\/wp-content\/uploads\/2009\/valtava_maailmanpyora1.jpg\" target=\"_blank\" rel=\"noopener\"><img decoding=\"async\" style=\"border: 0px none; margin: 5px;\" src=\"\/blog\/wp-content\/uploads\/2009\/thumbs\/thumbs_valtava_maailmanpyora1.jpg\" alt=\"\" \/><\/a><\/p>\n<p style=\"text-align: center;\"><em>Yli 60-metrinen maailmanpy\u00f6r\u00e4<\/em><\/p>\n<p style=\"text-align: justify;\">Toinen vieraistamme sek\u00e4 Niina kokeilivat my\u00f6s tivolin valtaisaa maailmanpy\u00f6r\u00e4\u00e4 sek\u00e4 yht\u00e4 rajun n\u00e4k\u00f6ist\u00e4 kieputinta. J\u00e4lkimm\u00e4isen kieputuksen j\u00e4lkeen kummatkin olivat hetken aikaa sangen hiljaista kaveria, mutta kuitenkin yht\u00e4 hymy\u00e4!<\/p>\n<p style=\"text-align: center;\"><a href=\"\/blog\/wp-content\/uploads\/2009\/alexan_tivoli5.jpg\" target=\"_blank\" rel=\"noopener\"><img decoding=\"async\" style=\"border: 0px none; margin: 5px;\" src=\"\/blog\/wp-content\/uploads\/2009\/thumbs\/thumbs_alexan_tivoli5.jpg\" alt=\"\" \/><\/a><a href=\"\/blog\/wp-content\/uploads\/2009\/kieputin.jpg\" target=\"_blank\" rel=\"noopener\"><img decoding=\"async\" style=\"border: 0px none; margin: 5px;\" src=\"\/blog\/wp-content\/uploads\/2009\/thumbs\/thumbs_kieputin.jpg\" alt=\"\" \/><\/a><\/p>\n<p style=\"text-align: center;\"><em>Tivolin kieputtimia maailmanpy\u00f6r\u00e4st\u00e4 n\u00e4htyn\u00e4<\/em><\/p>\n<p style=\"text-align: center;\"><iframe loading=\"lazy\" src=\"https:\/\/www.youtube-nocookie.com\/embed\/uU8s95KmMa4\" width=\"560\" height=\"315\" frameborder=\"0\"><\/iframe><\/p>\n<p style=\"text-align: justify;\">T\u00e4llainen oli sangen perusteellinen joulumarkkinakatsauksemme t\u00e4m\u00e4n vuoden joulumarkkinoihin t\u00e4\u00e4ll\u00e4 Berliiniss\u00e4. Toki vierailulistastamme j\u00e4i uupumaan viel\u00e4 monta merkitt\u00e4v\u00e4\u00e4 joulumarkkinaa, merkitt\u00e4vimpin\u00e4 <em>Opernpalaistin<\/em>, <em>Gendarmenmarktin<\/em> sek\u00e4 <em>L\u00e4nsi-Berliinin<\/em> markkinat. N\u00e4ill\u00e4 olemme kuitenkin vierailleet aiempina vuosina ja tulemme varmasti vierailemaan my\u00f6s tulevina vuosina, joten niist\u00e4 enemm\u00e4 jossain toisessa kirjoituksessa.<\/p>\n<p style=\"text-align: right;\"><em>Perusteellinen opas Berliinin joulumarkkinoille l\u00f6ytyy nykyisin <a title=\"Opas Berliinin joulumarkkinoille\" href=\"https:\/\/www.vuosiamaailmalla.fi\/?p=1385\">t\u00e4\u00e4lt\u00e4<\/a>.<\/em><\/p>\n","protected":false},"excerpt":{"rendered":"<p>Mennyt viikonloppu meni meill\u00e4 Suomesta tulleiden vieraiden kanssa Berliinin t\u00e4m\u00e4nvuotista joulumarkkinatarjontaa kierrellen. Kyseinen tuttavapariskuntamme on vieraillut luonamme jokaisena edelt\u00e4v\u00e4 jouluna, joten t\u00e4m\u00e4 oli heille j\u00e4rjestyksess\u00e4\u00e4n jo nelj\u00e4s per\u00e4kk\u00e4inen joulumarkkinamatka. Ymm\u00e4rr\u00e4n oikein hyvin heid\u00e4n halunsa saapua vierailulle juuri joulumarkkinoiden aikaan, sill\u00e4 ne ovat eritt\u00e4in tunnelmallinen tapahtuma v\u00e4rikk\u00e4ine valoineen, erikoisherkkuineen sek\u00e4 suurine ihmisvirtoineen. Ja monesti joulumarkkinoilta l\u00f6yt\u00e4\u00e4 &hellip; <a href=\"https:\/\/www.vuosiamaailmalla.fi\/blog\/2009\/perusteellinen-kierros-joulumarkkinoilla\/\" class=\"more-link\">Jatka lukemista<span class=\"screen-reader-text\"> &#8221;Perusteellinen kierros joulumarkkinoilla&#8221;<\/span><\/a><\/p>\n","protected":false},"author":1,"featured_media":11975,"comment_status":"open","ping_status":"open","sticky":false,"template":"","format":"standard","meta":{"_jetpack_memberships_contains_paid_content":false,"footnotes":""},"categories":[18,3],"tags":[25,354,28,34,49,421,51,56,60,62,264,274,420,255,936,419,190,422],"class_list":["post-1314","post","type-post","status-publish","format-standard","has-post-thumbnail","hentry","category-arki-saksassa","category-arki-ulkomailla","tag-ajankohtaista","tag-alexa","tag-alexanderplatz","tag-arki","tag-berliini","tag-berliinin-joulumarkkinat","tag-berlin-charlottenburg","tag-berlin-mitte","tag-berlin-prenzlauer-berg","tag-berlin-spandau","tag-joulu","tag-joulumarkkinat","tag-neptunbrunnen","tag-potsdamer-platz","tag-ravintolat","tag-rotes-rathaus","tag-saksa","tag-the-bird"],"jetpack_featured_media_url":"https:\/\/www.vuosiamaailmalla.fi\/blog\/wp-content\/uploads\/lentava_joulupukki_banner-1.jpg","jetpack_sharing_enabled":true,"_links":{"self":[{"href":"https:\/\/www.vuosiamaailmalla.fi\/blog\/wp-json\/wp\/v2\/posts\/1314","targetHints":{"allow":["GET"]}}],"collection":[{"href":"https:\/\/www.vuosiamaailmalla.fi\/blog\/wp-json\/wp\/v2\/posts"}],"about":[{"href":"https:\/\/www.vuosiamaailmalla.fi\/blog\/wp-json\/wp\/v2\/types\/post"}],"author":[{"embeddable":true,"href":"https:\/\/www.vuosiamaailmalla.fi\/blog\/wp-json\/wp\/v2\/users\/1"}],"replies":[{"embeddable":true,"href":"https:\/\/www.vuosiamaailmalla.fi\/blog\/wp-json\/wp\/v2\/comments?post=1314"}],"version-history":[{"count":1,"href":"https:\/\/www.vuosiamaailmalla.fi\/blog\/wp-json\/wp\/v2\/posts\/1314\/revisions"}],"predecessor-version":[{"id":11976,"href":"https:\/\/www.vuosiamaailmalla.fi\/blog\/wp-json\/wp\/v2\/posts\/1314\/revisions\/11976"}],"wp:featuredmedia":[{"embeddable":true,"href":"https:\/\/www.vuosiamaailmalla.fi\/blog\/wp-json\/wp\/v2\/media\/11975"}],"wp:attachment":[{"href":"https:\/\/www.vuosiamaailmalla.fi\/blog\/wp-json\/wp\/v2\/media?parent=1314"}],"wp:term":[{"taxonomy":"category","embeddable":true,"href":"https:\/\/www.vuosiamaailmalla.fi\/blog\/wp-json\/wp\/v2\/categories?post=1314"},{"taxonomy":"post_tag","embeddable":true,"href":"https:\/\/www.vuosiamaailmalla.fi\/blog\/wp-json\/wp\/v2\/tags?post=1314"}],"curies":[{"name":"wp","href":"https:\/\/api.w.org\/{rel}","templated":true}]}}