{"id":13167,"date":"2023-06-16T13:05:20","date_gmt":"2023-06-16T20:05:20","guid":{"rendered":"https:\/\/www.vuosiamaailmalla.fi\/blog\/?p=13167"},"modified":"2025-03-17T23:16:23","modified_gmt":"2025-03-18T06:16:23","slug":"kanadan-vaestorajahdys","status":"publish","type":"post","link":"https:\/\/www.vuosiamaailmalla.fi\/blog\/2023\/kanadan-vaestorajahdys\/","title":{"rendered":"Kanadan v\u00e4est\u00f6r\u00e4j\u00e4hdys"},"content":{"rendered":"<p style=\"text-align: justify;\"><a title=\"Maahanmuutto bisnesluokassa\" href=\"https:\/\/www.vuosiamaailmalla.fi\/blog\/2012\/maahanmuutto-bisnesluokassa\/\">Muuttaessamme Kanadaan<\/a> kev\u00e4ttalvella 2012, Kanadan v\u00e4kiluvuksi arvioitiin 33,5 miljoonaa asukasta. Muutostamme on kulunut nyt reilut <a title=\"11 vuotta Kanadassa\" href=\"https:\/\/www.vuosiamaailmalla.fi\/blog\/2023\/11-vuotta-kanadassa\/\">yksitoista vuotta<\/a>, min\u00e4 aikana v\u00e4est\u00f6nkasvu on voimistunut niin, ett\u00e4 t\u00e4n\u00e4\u00e4n kes\u00e4kuun 16. p\u00e4iv\u00e4 uutisoitiin Kanadan asukasluvun ylitt\u00e4neen merkitt\u00e4v\u00e4n <strong>40 miljoonan<\/strong> asukkaan rajan. T\u00e4m\u00e4 tarkoittaa, ett\u00e4 Kanadaan on muuttanut meid\u00e4n j\u00e4lkeemme 6,5 miljoonaa ihmist\u00e4 eli yli Suomen asukasluvun verran!<\/p>\n<p><!--more--><\/p>\n<p style=\"text-align: justify;\">156-vuotias Kanada on ollut aina maahanmuuttajien maa ja se on kokenut historiansa aikana useita voimakkaan kasvun jaksoja. Maan ensimm\u00e4inen <a title=\"Kanada laski v\u00e4est\u00f6ns\u00e4\" href=\"https:\/\/www.vuosiamaailmalla.fi\/blog\/2017\/kanada-laski-vaestonsa\/\">v\u00e4est\u00f6nlasku<\/a> (eng. <em>Census<\/em>) suoritettiin vuonna 1666, jolloin it\u00e4rannikon Uuden Ranskan alueella todettiin asuvan 3200 ihmist\u00e4. Nykyisen Kanadan koko maa-alueella arvioidaan kuitenkin jo tuolloin asuneen vahvistamattomasti jopa kaksi miljoonaa intiaania.<\/p>\n<p style=\"text-align: center;\"><iframe loading=\"lazy\" title=\"YouTube video player\" src=\"https:\/\/www.youtube-nocookie.com\/embed\/1BJNAsQA710\" width=\"560\" height=\"315\" frameborder=\"0\" allowfullscreen=\"allowfullscreen\"><\/iframe><\/p>\n<p style=\"text-align: center;\"><em>Kanadan historiallinen v\u00e4est\u00f6nkasvu<\/em><\/p>\n<p style=\"text-align: justify;\">Maan ensimm\u00e4isen varsinaisen maahanmuuttoaallon muodostivat 1800-luvun puoliv\u00e4liss\u00e4 tuhannet Amerikan itsen\u00e4isyyssotaa paenneet sek\u00e4 voimakas maahanmuutto em\u00e4maa Iso-Britanniasta paremman el\u00e4m\u00e4n per\u00e4ss\u00e4. Liittovaltion perustamisen aikaan vuonna 1867 virallinen v\u00e4kiluku olikin noussut jo 3,4 miljoonaan.<\/p>\n<p style=\"text-align: justify;\">Vuonna 1896 Yukonin Klondikest\u00e4 l\u00f6ydetty kulta k\u00e4ynnisti l\u00e4nsirannikon ensimm\u00e4isen muuttorynt\u00e4yksen ja arviolta satatuhatta onnenetsij\u00e4\u00e4 muutti yl\u00f6s rannikkoa kohti Yukonin er\u00e4maita. Kotikaupunkimme Vancouver oli tuolloin vasta \u00e4skett\u00e4in perustettu vuonna 1870 ja pieni muutaman tuhannen asukkaan pit\u00e4j\u00e4. Kanadan halkaiseva junayhteys ulottui kaupunkiin vasta vuonna 1887, mill\u00e4 oli voimakas vaikutus Vancouverin kasvuun tulevina vuosina.<\/p>\n<p style=\"text-align: justify;\">Samaisella junaradalla oli my\u00f6s suuri merkitys koko Keski-Kanadan suuren preerian asuttamisessa. Tuolloiseen muuttorynt\u00e4ykseen osallistuivat my\u00f6s suomalaiset, joita muutti 1900-luvun taitteessa L\u00e4nsi-Kanadaan tuhansia, muodostaen ensimm\u00e4isen polven suomalaisyhteis\u00f6n maassa. Vuonna 1894 nuoren liittovaltion v\u00e4kiluku ylittikin <strong>viisi miljoonaa<\/strong> ja vuonna 1929 v\u00e4est\u00f6 oli tuplaantunut jo <strong>kymmeneen miljoonaan<\/strong>. Ensimm\u00e4ist\u00e4 maailmansotaa edelt\u00e4nyt aika olikin voimakkaan v\u00e4est\u00f6nkasvun aikaa ja pelk\u00e4st\u00e4\u00e4n vuonna 1913 Kanadaan muutti 400 000 uutta asukasta. T\u00e4m\u00e4 lukema s\u00e4ilyi suurimpana vuosittaisena v\u00e4est\u00f6nkasvuna aina vuoteen 2021 saakka!<\/p>\n<p style=\"text-align: center;\"><a href=\"\/blog\/wp-content\/uploads\/2023\/historiallinen_vaestonkasvu.jpg\"><img decoding=\"async\" src=\"\/blog\/wp-content\/uploads\/2023\/historiallinen_vaestonkasvu.jpg\" \/><\/a><\/p>\n<p style=\"text-align: center;\"><em>V\u00e4est\u00f6nkasvun rajapyykkej\u00e4<\/em><\/p>\n<p style=\"text-align: justify;\">Toisen maailmansodan j\u00e4lkeinen lapsibuumi oli kuumeisen v\u00e4est\u00f6nkasvun aikaa ja hedelm\u00e4llisyys oli tuolloin kaikkien aikojen huipussaan, ollen 3,94 lasta per nainen (nykyisin vain 1,4). Vuonna 1960 syntyikin per\u00e4ti 463 000 lasta, mik\u00e4 on edelleen enn\u00e4tys siit\u00e4kin huolimatta, ett\u00e4 v\u00e4kiluku on sittemmin tuplaantunut. Verrokkina mainittakoon, ett\u00e4 vuonna 2021 Kanadassa syntyi 368 000 lasta, mukana my\u00f6s <a title=\"Uuden el\u00e4m\u00e4n alku\" href=\"https:\/\/www.vuosiamaailmalla.fi\/blog\/2021\/uuden-elaman-alku\/\">oma pieni tytt\u00e4remme<\/a>!<\/p>\n<p style=\"text-align: justify;\"><strong>20 miljoonaa<\/strong> asukasta ylittyi virallisesti vuonna 1966 ja <strong>30 miljoonaa <\/strong>vuotta 1997. Vuosituhannen vaihteeseen menness\u00e4 syntyvyys oli kuitenkin laskenut sen verran, ett\u00e4 <a title=\"Kanada lis\u00e4\u00e4 maahanmuuttoa\" href=\"https:\/\/www.vuosiamaailmalla.fi\/blog\/2016\/kanada-lisaa-maahanmuuttoa\/\">maahanmuutto<\/a> oli ohittanut sen p\u00e4\u00e4asiallisena asukasluvun lis\u00e4\u00e4j\u00e4n\u00e4, mik\u00e4 on jatkunut t\u00e4h\u00e4n p\u00e4iv\u00e4\u00e4n saakka. Maahanmuuttolukemat ovatkin kasvaneet <a title=\"Miljon\u00e4\u00e4ripakolaisten vy\u00f6ry Kanadaan\" href=\"https:\/\/www.vuosiamaailmalla.fi\/blog\/2016\/miljonaaripakolaisten-vyory-kanadaan\/\">huimaa vauhtia<\/a> ja viime vuonna Kanadaan muutti enn\u00e4tykselliset <strong>1 050 110 ihmist\u00e4<\/strong>. Se on ensimm\u00e4inen kerta maan historiassa, kun lukema ylitti k\u00e4sitt\u00e4m\u00e4tt\u00f6m\u00e4t miljoona ihmist\u00e4 vuodessa ja v\u00e4est\u00f6\u00f6n suhteutettuna samaa luokkaa Nigerian kaltaisten maiden v\u00e4est\u00f6nkasvun kanssa. Per\u00e4ti 96% kasvusta, eli k\u00e4yt\u00e4nn\u00f6ss\u00e4 kaikki, onkin maahanmuutosta johtuvaa ja noin puolet lukemasta on tilap\u00e4isi\u00e4 &#8221;kansainv\u00e4lisi\u00e4 opiskelijoita&#8221;, joiden m\u00e4\u00e4r\u00e4\u00e4 on korotettu voimakkaasti.<\/p>\n<p style=\"text-align: center;\"><a href=\"\/blog\/wp-content\/uploads\/2023\/40_miljoonaa.jpg\"><img decoding=\"async\" src=\"\/blog\/wp-content\/uploads\/2023\/40_miljoonaa.jpg\" \/><\/a><\/p>\n<p style=\"text-align: center;\"><em>Suuri lukema<\/em><\/p>\n<p style=\"text-align: justify;\">Onkin mielenkiintoista, miten kirjoitin ainoastaan <a title=\"Voimakkaasti kasvava v\u00e4est\u00f6\" href=\"https:\/\/www.vuosiamaailmalla.fi\/blog\/2022\/voimakkaasti-kasvava-vaesto\/\">viime vuoden kev\u00e4\u00e4ll\u00e4<\/a> Kanadan v\u00e4kiluvun ohittaneen juuri 37 miljoonaa asukasta. Kyseess\u00e4 oli vuoden 2021 v\u00e4est\u00f6nlaskennasta saatu lukema, joka perustui tuolloin ker\u00e4ttyyn dataan. T\u00e4m\u00e4 jos jokin kertoo ainoastaan joka viides vuosi suoritettavan v\u00e4est\u00f6nlaskennan ongelmasta pahasti per\u00e4ss\u00e4 laahaavana, joka kuitenkin ajaa kaupunkien suunnittelua sek\u00e4 kasvuarvioita.<\/p>\n<p style=\"text-align: center;\"><a href=\"\/blog\/wp-content\/uploads\/2022\/census_2021.jpg\"><img decoding=\"async\" src=\"\/blog\/wp-content\/uploads\/2022\/census_2021.jpg\" \/><\/a><\/p>\n<p style=\"text-align: center;\"><em>V\u00e4est\u00f6nlaskenta laahaa per\u00e4ss\u00e4<\/em><\/p>\n<p style=\"text-align: justify;\">Kotiprovinssimme British Columbia ylitti samaisessa laskennassa <a title=\"British Columbia ylitti 5 miljoonaa asukasta\" href=\"https:\/\/www.vuosiamaailmalla.fi\/blog\/2019\/british-columbia-ylitti-5-miljoonaa-asukasta\/\">viisi miljoonaa asukasta<\/a>, mutta lukeman arvioidaan olevan t\u00e4n\u00e4 p\u00e4iv\u00e4n\u00e4 jo 5,48 miljoonaa eli vain karvan alle Suomen koko v\u00e4kiluvun! Vancouver oli puolestaan viimeisimmiss\u00e4 tilastoissa 2,64 miljoonan asukkaan koti, mutta lukeman arvioidaan olevan t\u00e4n\u00e4 p\u00e4iv\u00e4n\u00e4 2,85 miljoonaa ja <a title=\"Kolmen miljoonan asukkaan Vancouver\" href=\"https:\/\/www.vuosiamaailmalla.fi\/blog\/2025\/kolmen-miljoonan-asukkaan-vancouver\/\">kolmen miljoonan asukkaan<\/a> rajan rikkoutuminen lieneekin todenn\u00e4k\u00f6ist\u00e4 seuraavan kahden vuoden aikana. Kasvua t\u00e4nne muutettuamme on ollut yli puoli miljoonaa ihmist\u00e4!<\/p>\n<p style=\"text-align: justify;\">Eik\u00e4 v\u00e4est\u00f6nkasvu todellakaan pys\u00e4htynyt 40 miljoonan lukemaan ja t\u00e4t\u00e4 kirjoitusta nyt puolitoista kuukautta j\u00e4lkik\u00e4teen kirjoittaessani, maan v\u00e4kiluvun arvellaan olevan jo 219 000 ihmist\u00e4 enemm\u00e4n. Se tarkoittaa yli Oulun kaupungin verran uusia asukkaita puolessatoista kuukaudessa!!<\/p>\n<p style=\"text-align: center;\"><a href=\"\/blog\/wp-content\/uploads\/2023\/vaestokello.jpg\"><img decoding=\"async\" src=\"\/blog\/wp-content\/uploads\/2023\/vaestokello.jpg\" \/><\/a><\/p>\n<p style=\"text-align: center;\"><em>Kasvu ei seisahdu hetkeksik\u00e4\u00e4n<\/em><\/p>\n<p style=\"text-align: justify;\">Onkin helppoa n\u00e4hd\u00e4, ettei t\u00e4m\u00e4n hetken v\u00e4est\u00f6r\u00e4j\u00e4hdyksess\u00e4 ole mit\u00e4\u00e4n tolkkua. 40 miljoonan ylityksen uutisoinnissa positiivisia ovat olleet ainoastaan virallisten tahojen kommentit, jotka julistavat tapahtumassa olevan aihetta juhlaan. K\u00e4yt\u00e4nn\u00f6ss\u00e4 kaikki tavalliset kanadalaiset n\u00e4kev\u00e4t tapahtuneen negatiivisena, sill\u00e4 ihmiset ymp\u00e4ri maata kokevat viime vuosien r\u00e4j\u00e4hdysm\u00e4isen kasvun sys\u00e4nneen maan sy\u00f6ksykierteeseen.<\/p>\n<p style=\"text-align: justify;\">Suurimpia jokap\u00e4iv\u00e4isi\u00e4 ongelmia ovat <a title=\"Karannut kanadalainen unelma\" href=\"https:\/\/www.vuosiamaailmalla.fi\/blog\/2015\/karannut-kanadalainen-unelma\/\">asumisen kalleus<\/a>, terveydenhuollon ja koulutuksen kriisi sek\u00e4 <a title=\"Siet\u00e4m\u00e4tt\u00f6m\u00e4n ruuhkainen metropoli\" href=\"https:\/\/www.vuosiamaailmalla.fi\/blog\/2015\/sietamattoman-ruuhkainen-metropoli\/\">liikenne<\/a>, jotka ovat kaikki pahentuneet tuntuvasti p\u00e4\u00e4ministeri Justin Trudeaun <a title=\"Tuloksettomat parlamenttivaalit\" href=\"https:\/\/www.vuosiamaailmalla.fi\/blog\/2021\/tuloksettomat-parlamenttivaalit\/\">kahden hallituskauden<\/a> aikana. Jonkinlainen k\u00e4\u00e4nnepiste koettiin vuonna 2015, jolloin asuntojen hinnat nousivat lyhyess\u00e4 ajassa pilviin ja ovat sittemmin vain jatkaneet kohoamistaan. Artikkelit omakotitaloista joissa asuu laittomasti jopa 20 vuokralaista, sek\u00e4 valokuvat kerrostaloasuntojen komeroihin ja keitti\u00f6ihin sijoitetuista s\u00e4ngyist\u00e4 ovat niin normaalia, etteiv\u00e4t uutiset niist\u00e4 en\u00e4\u00e4 h\u00e4tk\u00e4hdyt\u00e4 ihmisi\u00e4. Vuoden 2020 koronapandemian j\u00e4ljilt\u00e4 my\u00f6s terveydenhuolto on suurimmassa kriisiss\u00e4\u00e4n ikin\u00e4 ja sairaalapotilaiden makuuttamisesta k\u00e4yt\u00e4vill\u00e4 sek\u00e4 ty\u00f6ntekij\u00e4pulan vuoksi \u00f6isin suljetuista ensiapuosastoista on tullut suuri ongelma ymp\u00e4ri maata.<\/p>\n<p style=\"text-align: justify;\">Koulut erityisesti suurkaupunkien alueella ovat monin paikoin niin ruuhkaisia, ett\u00e4 oppilaat opiskelevat tilap\u00e4isiss\u00e4 parakeissa. Esimerkiksi kotikaupunkimme Burnaby joutui viime vuonna sopeutumaan jopa yli <strong>tuhanteen<\/strong> ennusteet ylitt\u00e4neeseen uuteen oppilaaseen ja Surreyss\u00e4 keskustellaan jo kaksikerroksisista parakkikouluista.<\/p>\n<p style=\"text-align: center;\"><a href=\"\/blog\/wp-content\/uploads\/2015\/aamuruuhkaa_ykkostiella8.jpg\"><img decoding=\"async\" src=\"\/blog\/wp-content\/uploads\/2015\/thumbs\/thumbs_aamuruuhkaa_ykkostiella8.jpg\" \/><\/a><a href=\"\/blog\/wp-content\/uploads\/2022\/tunneliehdotus3.jpg\"><img decoding=\"async\" src=\"\/blog\/wp-content\/uploads\/2022\/thumbs\/thumbs_tunneliehdotus3.jpg\" \/><\/a><\/p>\n<p style=\"text-align: center;\"><em>Infrastruktuuri laahaa kasvun per\u00e4ss\u00e4<\/em><\/p>\n<p style=\"text-align: justify;\">Liikenne suurkaupungeissa on ruuhkautunut eritt\u00e4in pahoin, kun yh\u00e4 enenev\u00e4 m\u00e4\u00e4r\u00e4 autoja taistelee samasta, monin paikoin 1970-luvulla rakennetusta liikenneinfrasta. <a title=\"Uusi George Massey Bridge\" href=\"https:\/\/www.vuosiamaailmalla.fi\/blog\/2015\/uusi-george-masseyn-silta-tulee\/\">Uudet tiehankkeet<\/a> kohtaavat nekin valtavaa vastustusta ja projektien kokoa pienenet\u00e4\u00e4n joko <a title=\"Poliitikkojen vesitt\u00e4m\u00e4 suurhanke\" href=\"https:\/\/www.vuosiamaailmalla.fi\/blog\/2022\/poliitikkojen-pilaama-suurhanke\/\">poliittisista syist\u00e4<\/a> tai sitten pienen, mutta \u00e4\u00e4nekk\u00e4\u00e4n ymp\u00e4rist\u00f6v\u00e4en tyynnytt\u00e4miseksi. Paikoin uudishankkeetkin rakennetaan samaan vuosikymmenien takaiseen kapasiteettiin, kuten <a title=\"Pattullo Bridgen rakennusty\u00f6maalla\" href=\"https:\/\/www.vuosiamaailmalla.fi\/blog\/2024\/pattullo-bridgen-rakennustyomaalla\/\">uusi <em>Pattullo Bridge<\/em><\/a>. <a title=\"Broadway SkyTrain rakenteille\" href=\"https:\/\/www.vuosiamaailmalla.fi\/blog\/2020\/broadway-skytrain-rakenteille\/\">Julkista liikennett\u00e4 laajennetaan<\/a> sit\u00e4kin miljardeilla, mutta projektien valmistumisessa kest\u00e4\u00e4 helposti vuosikymmenen ja monet hankkeet ovat jo valmistuessaan kapasiteettinsa rajoilla, kun asemanseudut on rakennettu jo ennakkoon <a title=\"Burnaby rakentaa metropolia\" href=\"https:\/\/www.vuosiamaailmalla.fi\/blog\/2017\/city-of-lougheed-ja-southcity\/\">t\u00e4yteen tornitaloja<\/a>.<\/p>\n<p style=\"text-align: justify;\">N\u00e4iden ollessa asioita jotka koskettavat kanadalaisia joka p\u00e4iv\u00e4, on ihmisten vaikea ymm\u00e4rt\u00e4\u00e4 miksi v\u00e4est\u00f6nkasvussa on aihetta iloon. Hallituksen mukaan sit\u00e4 tarvitaan &#8221;ratkaisemaan ty\u00f6voimapula&#8221;, mik\u00e4 on argumentti jonka jopa tilastokeskus <em>StatCan<\/em> osin kiist\u00e4\u00e4. Ratkaisu asuntopulaan on p\u00e4\u00e4tt\u00e4jien mukaan puolestaan vain &#8221;rakentaa enemm\u00e4n&#8221; ja poliitikot heitt\u00e4v\u00e4tkin kilvan ilmoille entist\u00e4 suurempia lukemia uusista vuokra-asunnoista. N\u00e4m\u00e4 ovat kuitenkin tyhji\u00e4 lupauksia, sill\u00e4 korkeat rakennuskustannukset eiv\u00e4t tue yksityisen puolen rakentaa toivottuja m\u00e4\u00e4ri\u00e4. Julkisissa projekteissa pullonkaulaksi muodostuu puolestaan se, ettei rakennusty\u00f6l\u00e4isill\u00e4 ole varaa asua l\u00e4hell\u00e4 ty\u00f6maita, joten projekteja ei saada edes rahalla k\u00e4yntiin.<\/p>\n<p style=\"text-align: center;\"><a href=\"\/blog\/wp-content\/uploads\/2023\/south_park_canada.jpg\"><img decoding=\"async\" src=\"\/blog\/wp-content\/uploads\/2023\/south_park_canada.jpg\" \/><\/a><\/p>\n<p style=\"text-align: center;\"><em>Kanadalaiset eiv\u00e4t ymm\u00e4rr\u00e4 kasvua<\/em><\/p>\n<p style=\"text-align: justify;\">K\u00e4sitt\u00e4m\u00e4tt\u00f6mien lukemien keskell\u00e4 jotkut ovatkin alkaneet tosissaan kysell\u00e4, josko <a title=\"Kanadan Fidel Castro\" href=\"https:\/\/www.vuosiamaailmalla.fi\/blog\/2024\/kanadan-fidel-castro\/\">Trudeaun<\/a> hallituksen <a title=\"Justin Trudeaun valtakauden p\u00e4\u00e4t\u00f6s\" href=\"https:\/\/www.vuosiamaailmalla.fi\/blog\/2025\/justin-trudeaun-valtakauden-paatos\/\">perimm\u00e4isen\u00e4 tarkoituksena<\/a> on edist\u00e4\u00e4 <em>Century Initiativea<\/em>. Kyseess\u00e4 on rahakas lobbausj\u00e4rjest\u00f6 l\u00e4heisill\u00e4 yhteyksill\u00e4 nykyiseen liberaalihallitukseen, jonka kirjattuna pyrkimyksen\u00e4 on edist\u00e4\u00e4 Kanadan kasvua kohti <strong>100 miljoonaa<\/strong> asukasta vuonna 2100 maan &#8221;poliittisen merkityksen kasvattamiseksi&#8221;.<\/p>\n<p style=\"text-align: center;\"><a href=\"\/blog\/wp-content\/uploads\/2023\/40_miljoonaa_kanadalaista2.jpg\"><img decoding=\"async\" src=\"\/blog\/wp-content\/uploads\/2023\/thumbs\/thumbs_40_miljoonaa_kanadalaista2.jpg\" \/><\/a><a href=\"\/blog\/wp-content\/uploads\/2023\/40_miljoonaa_kanadalaista3.jpg\"><img decoding=\"async\" src=\"\/blog\/wp-content\/uploads\/2023\/thumbs\/thumbs_40_miljoonaa_kanadalaista3.jpg\" \/><\/a><\/p>\n<p style=\"text-align: center;\"><em>Kuinka monta kanadalaista on tarpeeksi?<\/em><\/p>\n<p style=\"text-align: justify;\">Piti t\u00e4t\u00e4 salaliittoteoriana tai ei, jopa StatCanin virallinen arvio on, ett\u00e4 nykyisell\u00e4 tahdilla 50 miljoonaa asukasta ylittyy vuonna 2043 ja v\u00e4kiluku on vuosisadan lopussa yli 80 miljoonaa. Nykyisell\u00e4 v\u00e4est\u00f6politiikalla onkin t\u00e4ten peruuttamattomia vaikutuksia, jotka tulevat vaikuttamaan tulevina vuosikymmenin\u00e4 merkitt\u00e4v\u00e4sti jokaisen kanadalaisen ja erityisesti seuraavan sukupolven el\u00e4m\u00e4\u00e4n. \u00c4\u00e4ret\u00f6n kasvu tekee my\u00f6s mahdottomaksi Kanadan kaikki ilmastotavoitteet, mutta juuri siksi kukaan p\u00e4\u00e4tt\u00e4j\u00e4 ei koskaan puhukaan n\u00e4ist\u00e4 kahdesta aiheesta samassa yhteydess\u00e4, aivan kuin niill\u00e4 ei olisi mit\u00e4\u00e4n tekemist\u00e4 kesken\u00e4\u00e4n.<\/p>\n<p style=\"text-align: center;\"><a href=\"\/blog\/wp-content\/uploads\/2023\/40_miljoonaa_kanadalaista1.jpg\"><img decoding=\"async\" src=\"\/blog\/wp-content\/uploads\/2023\/40_miljoonaa_kanadalaista1.jpg\" \/><\/a><\/p>\n<p style=\"text-align: center;\"><em>Aihetta juhlaan?<\/em><\/p>\n","protected":false},"excerpt":{"rendered":"<p>Muuttaessamme Kanadaan kev\u00e4ttalvella 2012, Kanadan v\u00e4kiluvuksi arvioitiin 33,5 miljoonaa asukasta. Muutostamme on kulunut nyt reilut yksitoista vuotta, min\u00e4 aikana v\u00e4est\u00f6nkasvu on voimistunut niin, ett\u00e4 t\u00e4n\u00e4\u00e4n kes\u00e4kuun 16. p\u00e4iv\u00e4 uutisoitiin Kanadan asukasluvun ylitt\u00e4neen merkitt\u00e4v\u00e4n 40 miljoonan asukkaan rajan. T\u00e4m\u00e4 tarkoittaa, ett\u00e4 Kanadaan on muuttanut meid\u00e4n j\u00e4lkeemme 6,5 miljoonaa ihmist\u00e4 eli yli Suomen asukasluvun verran!<\/p>\n","protected":false},"author":1,"featured_media":13204,"comment_status":"open","ping_status":"closed","sticky":false,"template":"","format":"standard","meta":{"_jetpack_memberships_contains_paid_content":false,"footnotes":""},"categories":[17,3,4],"tags":[25,1803,935,1249],"class_list":["post-13167","post","type-post","status-publish","format-standard","has-post-thumbnail","hentry","category-arki-kanadassa","category-arki-ulkomailla","category-asuminen-kanadassa","tag-ajankohtaista","tag-century-initiative","tag-kanada","tag-vaesto"],"jetpack_featured_media_url":"https:\/\/www.vuosiamaailmalla.fi\/blog\/wp-content\/uploads\/40_miljoonaa_banner.jpg","jetpack_sharing_enabled":true,"_links":{"self":[{"href":"https:\/\/www.vuosiamaailmalla.fi\/blog\/wp-json\/wp\/v2\/posts\/13167","targetHints":{"allow":["GET"]}}],"collection":[{"href":"https:\/\/www.vuosiamaailmalla.fi\/blog\/wp-json\/wp\/v2\/posts"}],"about":[{"href":"https:\/\/www.vuosiamaailmalla.fi\/blog\/wp-json\/wp\/v2\/types\/post"}],"author":[{"embeddable":true,"href":"https:\/\/www.vuosiamaailmalla.fi\/blog\/wp-json\/wp\/v2\/users\/1"}],"replies":[{"embeddable":true,"href":"https:\/\/www.vuosiamaailmalla.fi\/blog\/wp-json\/wp\/v2\/comments?post=13167"}],"version-history":[{"count":11,"href":"https:\/\/www.vuosiamaailmalla.fi\/blog\/wp-json\/wp\/v2\/posts\/13167\/revisions"}],"predecessor-version":[{"id":13925,"href":"https:\/\/www.vuosiamaailmalla.fi\/blog\/wp-json\/wp\/v2\/posts\/13167\/revisions\/13925"}],"wp:featuredmedia":[{"embeddable":true,"href":"https:\/\/www.vuosiamaailmalla.fi\/blog\/wp-json\/wp\/v2\/media\/13204"}],"wp:attachment":[{"href":"https:\/\/www.vuosiamaailmalla.fi\/blog\/wp-json\/wp\/v2\/media?parent=13167"}],"wp:term":[{"taxonomy":"category","embeddable":true,"href":"https:\/\/www.vuosiamaailmalla.fi\/blog\/wp-json\/wp\/v2\/categories?post=13167"},{"taxonomy":"post_tag","embeddable":true,"href":"https:\/\/www.vuosiamaailmalla.fi\/blog\/wp-json\/wp\/v2\/tags?post=13167"}],"curies":[{"name":"wp","href":"https:\/\/api.w.org\/{rel}","templated":true}]}}