{"id":13246,"date":"2023-08-30T13:08:57","date_gmt":"2023-08-30T20:08:57","guid":{"rendered":"https:\/\/www.vuosiamaailmalla.fi\/blog\/?p=13246"},"modified":"2026-01-19T23:04:05","modified_gmt":"2026-01-20T07:04:05","slug":"17-vuotta-maailmalla","status":"publish","type":"post","link":"https:\/\/www.vuosiamaailmalla.fi\/blog\/2023\/17-vuotta-maailmalla\/","title":{"rendered":"17 vuotta maailmalla"},"content":{"rendered":"<p style=\"text-align: justify;\">Vuosi on taas kulunut ja lienemme kaikki j\u00e4lleen hieman viisaampia. Etev\u00e4mpi on ainakin tytt\u00e4remme, jolle tuli elokuun alussa ik\u00e4\u00e4 jo kaksi vuotta! Syntt\u00e4reit\u00e4 onkin vietetty l\u00e4hes koko kes\u00e4; ensin Suomessa, sitten itse juhlap\u00e4iv\u00e4n\u00e4 p\u00e4iv\u00e4hoidossa ja ensi viikonloppuna viel\u00e4 kotosalla kes\u00e4lomilta palanneiden tuttavien kanssa &#8211; melkoinen urakka siis!<\/p>\n<p><!--more--><\/p>\n<p style=\"text-align: justify;\"><a title=\"16 vuotta maailmalla\" href=\"https:\/\/www.vuosiamaailmalla.fi\/blog\/2022\/16-vuotta-maailmalla\/\">Menneen vuoden<\/a> merkkitapahtumia oli tytt\u00e4remme aloitus perhep\u00e4iv\u00e4hoidossa viime syyskuussa. Fiona oli tuolloin 13 kuukauden ik\u00e4inen ja j\u00e4nnitimmekin hieman ensimm\u00e4isi\u00e4 hoitop\u00e4ivi\u00e4. Kaikki on sujunut kuitenkin hyvin ja alkujaan elsalvadorilainen hoitot\u00e4ti on ollut todella mukava, joten joka aamuinen hoitoon vienti ei aiheuta itkua. Hieman haastavaa p\u00e4iv\u00e4hoito alussa silti oli, sill\u00e4 Fiona ei tuolloin viel\u00e4 k\u00e4vellyt, mutta t\u00e4m\u00e4 korjaantui jo ensimm\u00e4isten kahden kuukauden aikana. Kaksikielisyys ei ole my\u00f6sk\u00e4\u00e4n tuntunut sekoittavan tyt\u00e4rt\u00e4mme ja suomenkielen sekaan on tupsahtanut jo englanninkielisi\u00e4 sanoja, sek\u00e4 mahdollisesti jopa pikkaisen espanjaakin.<\/p>\n<p style=\"text-align: center;\"><a href=\"\/blog\/wp-content\/uploads\/2023\/paivahoidossa1.jpg\"><img decoding=\"async\" src=\"\/blog\/wp-content\/uploads\/2023\/thumbs\/thumbs_paivahoidossa1.jpg\" \/><\/a><\/p>\n<p style=\"text-align: center;\"><em>P\u00e4iv\u00e4hoidossa on mukavaa<\/em><\/p>\n<p style=\"text-align: justify;\">Fionan menness\u00e4 hoitoon, palasi Niina puolestaan <a title=\"\u00c4itiysvapaan korkea hinta\" href=\"https:\/\/www.vuosiamaailmalla.fi\/blog\/2026\/vanhempainvapaan-loppu\/\">\u00e4itiysvapaalta<\/a> t\u00f6ihin. J\u00e4lkik\u00e4teen mietittyn\u00e4 h\u00e4nen olisi ollut ehk\u00e4 j\u00e4rkevint\u00e4 pit\u00e4\u00e4 t\u00e4ysi vanhempainvapaa, joka on Kanadassa maksimissaan 18 kuukautta. Taloudellisessa mieless\u00e4 t\u00f6ihin paluu oli toki j\u00e4rkev\u00e4 ratkaisu, joskin Niina on tehnyt t\u00e4m\u00e4n vuoden ainoastaan puoliaikaista p\u00e4iv\u00e4\u00e4 eli 20 tunnin viikkoa. Se on mukavaa, sill\u00e4 se mahdollistaa h\u00e4nen viett\u00e4\u00e4 aikaa tytt\u00e4remme kanssa pelkkien iltatuntien sijaan.<\/p>\n<p style=\"text-align: justify;\">Matkustusrintamalla alkoi viime vuonna tapahtua useamman vuoden hiljaiselon j\u00e4lkeen. Minulla on ollut vuoden aikana yhteens\u00e4 <a title=\"Ty\u00f6matka aavikolle\" href=\"https:\/\/www.vuosiamaailmalla.fi\/blog\/2022\/tyomatka-aavikolle\/\">kolme ty\u00f6matkaa<\/a> <a title=\"Kolme p\u00e4iv\u00e4\u00e4 Salt Lake Cityss\u00e4\" href=\"https:\/\/www.vuosiamaailmalla.fi\/blog\/2023\/kolme-paivaa-salt-lake-cityssa\/\">kiehtovaan Utahiin<\/a> ja lis\u00e4\u00e4 on tulossa. Lokakuussa vietimme kolmistaan pitk\u00e4n viikonlopun <a title=\"Koko perheen kiitosp\u00e4iv\u00e4 Uclueletissa\" href=\"https:\/\/www.vuosiamaailmalla.fi\/blog\/2022\/koko-perheen-kiitospaiva-uclueletissa\/\">Tofinossa<\/a>, josta min\u00e4 sain t\u00e4h\u00e4n menness\u00e4 ainoan koronatartuntamme. Siit\u00e4 kuitenkin selvittiin ja p\u00e4\u00e4si\u00e4isen\u00e4 k\u00e4vimme puolestaan tutkimassa l\u00e4heisen <a title=\"Kolea p\u00e4\u00e4si\u00e4inen Cowichan Valleyss\u00e4\" href=\"https:\/\/www.vuosiamaailmalla.fi\/blog\/2023\/kolea-paasiainen-cowichan-valleyssa\/\">Cowichan Valleyn<\/a> meille tuolloin viel\u00e4 tuntemattomia paikkoja.<\/p>\n<p style=\"text-align: center;\"><a href=\"\/blog\/wp-content\/uploads\/2023\/utah_state_capitol6.jpg\"><img decoding=\"async\" src=\"\/blog\/wp-content\/uploads\/2023\/thumbs\/thumbs_utah_state_capitol6.jpg\" \/><\/a><a href=\"\/blog\/wp-content\/uploads\/2022\/landscape_arch3.jpg\"><img decoding=\"async\" src=\"\/blog\/wp-content\/uploads\/2022\/thumbs\/thumbs_landscape_arch3.jpg\" \/><\/a><br \/>\n<a href=\"\/blog\/wp-content\/uploads\/2022\/wild_pacific_trail_rattailla3.jpg\"><img decoding=\"async\" src=\"\/blog\/wp-content\/uploads\/2022\/thumbs\/thumbs_wild_pacific_trail_rattailla3.jpg\" \/><\/a><a href=\"\/blog\/wp-content\/uploads\/2023\/malahat_skywalk11.jpg\"><img decoding=\"async\" src=\"\/blog\/wp-content\/uploads\/2023\/thumbs\/thumbs_malahat_skywalk11.jpg\" \/><\/a><\/p>\n<p style=\"text-align: center;\"><em>Ty\u00f6- ja vapaa-ajan matkoja<\/em><\/p>\n<p style=\"text-align: justify;\">Vuoden isoin matka oli kolmen ja puolen viikon kes\u00e4loma Suomessa, joka oli <a title=\"Pitk\u00e4ll\u00e4 kes\u00e4lomalla Suomessa\" href=\"https:\/\/www.vuosiamaailmalla.fi\/blog\/2022\/pitkalla-kesalomalla-suomessa\/\">viime vuoteen<\/a> verrattuna sangen erilainen kokemus, tytt\u00e4remme ollessa nyt vanhempi. Vuodenvaihde meni puolestaan jo nelj\u00e4tt\u00e4 kertaa kotosalla, jossa joulua kanssamme viettiv\u00e4t <a title=\"Luminen joulu vieraiden seurassa\" href=\"https:\/\/www.vuosiamaailmalla.fi\/blog\/2022\/luminen-joulu-vieraiden-seurassa\/\">Niinan vanhemmat<\/a>. Meill\u00e4 olikin hauskat joulun pyh\u00e4t, vaikkakin lumikaaos ja pakkanen aiheuttivatkin h\u00e4mminki\u00e4.<\/p>\n<p style=\"text-align: center;\"><a href=\"\/blog\/wp-content\/uploads\/2023\/maisematerassilla.jpg\"><img decoding=\"async\" src=\"\/blog\/wp-content\/uploads\/2023\/thumbs\/thumbs_maisematerassilla.jpg\" \/><\/a><a href=\"\/blog\/wp-content\/uploads\/2022\/syksyn_lehtia1.jpg\"><img decoding=\"async\" src=\"\/blog\/wp-content\/uploads\/2022\/thumbs\/thumbs_syksyn_lehtia1.jpg\" \/><\/a><\/p>\n<p style=\"text-align: center;\"><em>Nopeasti mennyt loppuvuosi<\/em><\/p>\n<p><a href=\"\/blog\/wp-content\/uploads\/2022\/joulun_valoja.jpg\"><img decoding=\"async\" src=\"\/blog\/wp-content\/uploads\/2022\/joulun_valoja.jpg\" \/><\/a><\/p>\n<p style=\"text-align: center;\"><em>Joulun vieraita<\/em><\/p>\n<p style=\"text-align: justify;\">Kuluva kes\u00e4 on ollut mahtavaa aikaa ja keli Vancouverissa p\u00e4\u00e4asiassa eritt\u00e4in hyv\u00e4, <a title=\"Kaikki enn\u00e4tykset rikkonut mets\u00e4palokausi\" href=\"https:\/\/www.vuosiamaailmalla.fi\/blog\/2023\/kaikki-ennatykset-rikkonut-metsapalokausi\/\">enn\u00e4tyksellisest\u00e4 mets\u00e4palokaudesta<\/a> huolimatta. Olemme kiert\u00e4neet ahkerasti eri leikkipuistoja ja erityisesti on tullut kokeiltua lukuisia <em>spray parkkeja<\/em>, jotka tuovat ihanaa viilennyst\u00e4 helteiseen p\u00e4iv\u00e4\u00e4n.<\/p>\n<p style=\"text-align: center;\"><a href=\"\/blog\/wp-content\/uploads\/2023\/spray_park1.jpg\"><img decoding=\"async\" src=\"\/blog\/wp-content\/uploads\/2023\/thumbs\/thumbs_spray_park1.jpg\" \/><\/a><a href=\"\/blog\/wp-content\/uploads\/2023\/spray_park2.jpg\"><img decoding=\"async\" src=\"\/blog\/wp-content\/uploads\/2023\/thumbs\/thumbs_spray_park2.jpg\" \/><\/a><\/p>\n<p style=\"text-align: center;\"><em>Spray parkit ovat hellep\u00e4iv\u00e4n pelastus<\/em><\/p>\n<p style=\"text-align: justify;\">Alkava kahdeksastoista vuotemme maailmalla jatkanee nykyisell\u00e4 linjalla. Tiedossa on varmaankin joitain <a title=\"Pikavierailu Utahissa\" href=\"https:\/\/www.vuosiamaailmalla.fi\/blog\/2024\/pikavierailu-utahissa\/\">ty\u00f6matkoja Yhdysvaltoihin<\/a> ja my\u00f6s <a title=\"Perheloma Comox Valleyss\u00e4\" href=\"https:\/\/www.vuosiamaailmalla.fi\/blog\/2023\/perheloma-comox-valleyssa\/\">seuraava loma Vancouverinsaarella<\/a> on jo varattuna. Joulukin menee varmaan <a title=\"Vehre\u00e4 joululoma\" href=\"https:\/\/www.vuosiamaailmalla.fi\/blog\/2024\/vehrea-joululoma\/\">j\u00e4lleen kotosalla<\/a> Burnabyss\u00e4, mik\u00e4 alkaa olla meill\u00e4 jo perinne.<\/p>\n<p style=\"text-align: justify;\">Vuoden aikana pyrkimyksen\u00e4 on taatusti n\u00e4hd\u00e4 tuttujamme sek\u00e4 muita <a title=\"Piparintuoksuinen joulunalus\" href=\"https:\/\/www.vuosiamaailmalla.fi\/blog\/2023\/piparin-tuoksuiset-joulumyyjaiset\/\">paikallisia lapsiperheit\u00e4<\/a> aiempaa enemm\u00e4n. Nyt kahden vuoden i\u00e4ss\u00e4 lasten syntym\u00e4p\u00e4iv\u00e4kutsuja lienee tiedossa niit\u00e4kin v\u00e4h\u00e4n v\u00e4li\u00e4, joten tilaisuuksia t\u00e4h\u00e4n on tulossa. Suomen suuntaankin tekisi j\u00e4lleen mieli ensi vuonna, sill\u00e4 kaksi edellist\u00e4 kes\u00e4lomaa ovat olleet kummatkin todella mukavia matkoja. Kes\u00e4aikaan matkustaessa my\u00f6sk\u00e4\u00e4n sairastelu ei ole samanlainen murhe kuin talviaikaan, eik\u00e4 mukaan tarvitse my\u00f6sk\u00e4\u00e4n pakata paksuja talvivaatteita.<\/p>\n<p style=\"text-align: center;\"><a href=\"\/blog\/wp-content\/uploads\/2022\/matkalla_suomeen1.jpg\"><img decoding=\"async\" src=\"\/blog\/wp-content\/uploads\/2022\/matkalla_suomeen1.jpg\" \/><\/a><\/p>\n<p style=\"text-align: center;\"><em>Viime kes\u00e4n matkatavara paljoutta<\/em><\/p>\n<p style=\"text-align: justify;\">Ty\u00f6- ja asuinkuvioita on aina vaikea ennustaa, mutta kovin suuria muutoksia ei ole ainakaan ennakoitavissa. Tuleva vuosi saattaakin olla pitk\u00e4lti kopio t\u00e4st\u00e4 vuodesta ja sit\u00e4 v\u00e4ritt\u00e4\u00e4 takuuvarmasti tytt\u00e4remme kasvaminen sek\u00e4 leikkien muuttuminen lapsimaisemmaksi, kun taaperovaihe j\u00e4\u00e4 taakse. Aika kuluu niin nopeasti, ett\u00e4 ensimm\u00e4isen vuoden vauvavaihe tuntuu meist\u00e4 jo kaukaiselta muistolta ja ilman valokuvia sek\u00e4 videoita jo helposti unohtuvalta.<\/p>\n<p style=\"text-align: justify;\">Oli edess\u00e4 millainen vuosi tahansa, selontekoa siit\u00e4 n\u00e4hd\u00e4\u00e4n kyll\u00e4 taas vuoden p\u00e4\u00e4st\u00e4 <a title=\"18 vuotta maailmalla\" href=\"https:\/\/www.vuosiamaailmalla.fi\/blog\/2024\/18-vuotta-maailmalla\/\">omassa viestiss\u00e4\u00e4n<\/a>.<\/p>\n","protected":false},"excerpt":{"rendered":"<p>Vuosi on taas kulunut ja lienemme kaikki j\u00e4lleen hieman viisaampia. Etev\u00e4mpi on ainakin tytt\u00e4remme, jolle tuli elokuun alussa ik\u00e4\u00e4 jo kaksi vuotta! Syntt\u00e4reit\u00e4 onkin vietetty l\u00e4hes koko kes\u00e4; ensin Suomessa, sitten itse juhlap\u00e4iv\u00e4n\u00e4 p\u00e4iv\u00e4hoidossa ja ensi viikonloppuna viel\u00e4 kotosalla kes\u00e4lomilta palanneiden tuttavien kanssa &#8211; melkoinen urakka siis!<\/p>\n","protected":false},"author":1,"featured_media":0,"comment_status":"open","ping_status":"closed","sticky":false,"template":"","format":"standard","meta":{"_jetpack_memberships_contains_paid_content":false,"footnotes":""},"categories":[17,3,4],"tags":[25,34,935],"class_list":["post-13246","post","type-post","status-publish","format-standard","hentry","category-arki-kanadassa","category-arki-ulkomailla","category-asuminen-kanadassa","tag-ajankohtaista","tag-arki","tag-kanada"],"jetpack_featured_media_url":"","jetpack_sharing_enabled":true,"_links":{"self":[{"href":"https:\/\/www.vuosiamaailmalla.fi\/blog\/wp-json\/wp\/v2\/posts\/13246","targetHints":{"allow":["GET"]}}],"collection":[{"href":"https:\/\/www.vuosiamaailmalla.fi\/blog\/wp-json\/wp\/v2\/posts"}],"about":[{"href":"https:\/\/www.vuosiamaailmalla.fi\/blog\/wp-json\/wp\/v2\/types\/post"}],"author":[{"embeddable":true,"href":"https:\/\/www.vuosiamaailmalla.fi\/blog\/wp-json\/wp\/v2\/users\/1"}],"replies":[{"embeddable":true,"href":"https:\/\/www.vuosiamaailmalla.fi\/blog\/wp-json\/wp\/v2\/comments?post=13246"}],"version-history":[{"count":8,"href":"https:\/\/www.vuosiamaailmalla.fi\/blog\/wp-json\/wp\/v2\/posts\/13246\/revisions"}],"predecessor-version":[{"id":14222,"href":"https:\/\/www.vuosiamaailmalla.fi\/blog\/wp-json\/wp\/v2\/posts\/13246\/revisions\/14222"}],"wp:attachment":[{"href":"https:\/\/www.vuosiamaailmalla.fi\/blog\/wp-json\/wp\/v2\/media?parent=13246"}],"wp:term":[{"taxonomy":"category","embeddable":true,"href":"https:\/\/www.vuosiamaailmalla.fi\/blog\/wp-json\/wp\/v2\/categories?post=13246"},{"taxonomy":"post_tag","embeddable":true,"href":"https:\/\/www.vuosiamaailmalla.fi\/blog\/wp-json\/wp\/v2\/tags?post=13246"}],"curies":[{"name":"wp","href":"https:\/\/api.w.org\/{rel}","templated":true}]}}