{"id":1329,"date":"2010-12-02T19:41:28","date_gmt":"2010-12-03T03:41:28","guid":{"rendered":"http:\/\/13.53.127.146\/?p=1329"},"modified":"2021-02-10T20:23:45","modified_gmt":"2021-02-11T04:23:45","slug":"talven-ihmemaa","status":"publish","type":"post","link":"https:\/\/www.vuosiamaailmalla.fi\/blog\/2010\/talven-ihmemaa\/","title":{"rendered":"Talven ihmemaa"},"content":{"rendered":"<p style=\"text-align: justify;\">Niin vaan k\u00e4vi, ett\u00e4 eilen mainitsemani pakkaset saivat jatkokseen lunta viime y\u00f6n ja t\u00e4n\u00e4isen p\u00e4iv\u00e4n aikana. Lunta tulikin yhteens\u00e4 sellaiset 15cm, joten Berliini onkin muuttunut vuorokaudessa kylm\u00e4st\u00e4 ja pime\u00e4st\u00e4 suurkaupungista todelliseksi talven ihmemaaksi.<\/p>\n<p style=\"text-align: justify;\">T\u00e4m\u00e4n muutoksen n\u00e4ki heti aamulla, sill\u00e4 ty\u00f6paikallemme kulkeva M6-raitiovaunu oli j\u00e4m\u00e4ht\u00e4nyt jonnekin ja n\u00e4ytt\u00f6taulu n\u00e4ytti 40 minuuttia seuraavan tuloon. Toisella raitiovaunulla kuljin sitten <em>Hackescher Marktin<\/em> S-Bahn asemalle ja siit\u00e4 S-Bahnilla pys\u00e4kinv\u00e4lin <em>Friedrichstra\u00dfen<\/em> asemalle. S-Bahnitkin kulkivat n\u00e4ytt\u00f6taulun mukaan ep\u00e4s\u00e4\u00e4nn\u00f6llisesti ja t\u00e4p\u00f6t\u00e4yteen junaan ahtauduttua odotettiin hetken, kun kuljettaja joutui tekem\u00e4\u00e4n pari yrityst\u00e4 pakkasesta kangistuneet ovet sulkeakseen. Friedrichstra\u00dfen asemalla sitten U6-metron kyytiin, joka oli my\u00f6skin t\u00e4ynn\u00e4 ihmisi\u00e4. Sill\u00e4 sitten <a title=\"P\u00e4\u00e4si\u00e4inen t\u00e4ynn\u00e4 dinosauruksia\" href=\"https:\/\/www.vuosiamaailmalla.fi\/?p=1121\"><em>Naturkundemuseumin<\/em><\/a> asemalle, jolta lumisia katuja pitkin toimistolle. Toimistolla oli kuitenkin ihanan l\u00e4mmin ja p\u00e4iv\u00e4n aikana oli ihana katsella hetkitt\u00e4in eritt\u00e4inkin sakeaa lumisadetta. Kotiin p\u00e4\u00e4stiin metron ja bussin yhdistelm\u00e4ll\u00e4, M6:sta kun ei n\u00e4kynyt tai kuulunut.<\/p>\n<p><!--more--><\/p>\n<p style=\"text-align: center;\"><a href=\"\/blog\/wp-content\/uploads\/2010\/luminen_parveke.jpg\" target=\"_blank\" rel=\"noopener\"><img decoding=\"async\" style=\"border: 0px none; margin: 5px;\" src=\"\/blog\/wp-content\/uploads\/2010\/thumbs\/thumbs_luminen_parveke.jpg\" \/><\/a><a href=\"\/blog\/wp-content\/uploads\/2010\/joulukuusi_ja_maisema2.jpg\" target=\"_blank\" rel=\"noopener\"><img decoding=\"async\" style=\"border: 0px none; margin: 5px;\" src=\"\/blog\/wp-content\/uploads\/2010\/thumbs\/thumbs_joulukuusi_ja_maisema2.jpg\" \/><\/a><a href=\"\/blog\/wp-content\/uploads\/2010\/joulukuusi_ja_maisema1.jpg\" target=\"_blank\" rel=\"noopener\"><img decoding=\"async\" style=\"border: 0px none; margin: 5px;\" src=\"\/blog\/wp-content\/uploads\/2010\/thumbs\/thumbs_joulukuusi_ja_maisema1.jpg\" \/><\/a><\/p>\n<p style=\"text-align: center;\"><em>Talvinen parvekkeemme joulukuusemme loisteessa<\/em><\/p>\n<p style=\"text-align: justify;\">Talvi on ihanaa, mutta t\u00e4\u00e4ll\u00e4 se saa aina kaupungin sekaisin. Aurauskalustoa ei juuri ole, joten k\u00e4velyteit\u00e4 &#8221;aurataan&#8221; esimerkiksi harjakoneilla. Kadut aurataan jonkinlaisilla aurakoneilla, mutta ty\u00f6 on eritt\u00e4in hidasta ja mist\u00e4\u00e4n risteysalueiden kunnollisesta puhistamisesta ja lumen poiskuljettamisesta ei ole puhettakaan. Niinp\u00e4 ratikkakuskit joutuvat k\u00e4\u00e4ntelem\u00e4\u00e4n k\u00e4sin vaihteita, joiden toiminnan kiskoille pakkautunut lumi on est\u00e4nyt. Autobaanoillakin rytisee, kun ihmiset yritt\u00e4v\u00e4t kikkailla kuka kitkarenkailla, kuka kes\u00e4renkailla lumisateen keskell\u00e4.<\/p>\n<p style=\"text-align: justify;\">Onhan se lumi ihanaa ja tekee maisemasta kauniin talvisen, mutta suurkaupungissa sit\u00e4 ei tarvitsisi muutamaa sentti\u00e4 enemp\u00e4\u00e4. T\u00e4m\u00e4n on k\u00e4yt\u00e4nt\u00f6 selke\u00e4sti osoittanut. N\u00e4m\u00e4 on kuitenkin niit\u00e4 asioita joihin ei voi vaikuttaa, joten tilanteeseen pit\u00e4\u00e4 vain j\u00e4lleen sopeutua.<\/p>\n","protected":false},"excerpt":{"rendered":"<p>Niin vaan k\u00e4vi, ett\u00e4 eilen mainitsemani pakkaset saivat jatkokseen lunta viime y\u00f6n ja t\u00e4n\u00e4isen p\u00e4iv\u00e4n aikana. Lunta tulikin yhteens\u00e4 sellaiset 15cm, joten Berliini onkin muuttunut vuorokaudessa kylm\u00e4st\u00e4 ja pime\u00e4st\u00e4 suurkaupungista todelliseksi talven ihmemaaksi. T\u00e4m\u00e4n muutoksen n\u00e4ki heti aamulla, sill\u00e4 ty\u00f6paikallemme kulkeva M6-raitiovaunu oli j\u00e4m\u00e4ht\u00e4nyt jonnekin ja n\u00e4ytt\u00f6taulu n\u00e4ytti 40 minuuttia seuraavan tuloon. Toisella raitiovaunulla kuljin &hellip; <a href=\"https:\/\/www.vuosiamaailmalla.fi\/blog\/2010\/talven-ihmemaa\/\" class=\"more-link\">Jatka lukemista<span class=\"screen-reader-text\"> &#8221;Talven ihmemaa&#8221;<\/span><\/a><\/p>\n","protected":false},"author":1,"featured_media":11808,"comment_status":"open","ping_status":"open","sticky":false,"template":"","format":"standard","meta":{"_jetpack_memberships_contains_paid_content":false,"footnotes":""},"categories":[18,3,5],"tags":[34,932,49,264,190,270,202],"class_list":["post-1329","post","type-post","status-publish","format-standard","has-post-thumbnail","hentry","category-arki-saksassa","category-arki-ulkomailla","category-asuminen-saksassa","tag-arki","tag-asunto","tag-berliini","tag-joulu","tag-saksa","tag-saa","tag-talvi"],"jetpack_featured_media_url":"https:\/\/www.vuosiamaailmalla.fi\/blog\/wp-content\/uploads\/luminen_parveke_banner-1.jpg","jetpack_sharing_enabled":true,"_links":{"self":[{"href":"https:\/\/www.vuosiamaailmalla.fi\/blog\/wp-json\/wp\/v2\/posts\/1329","targetHints":{"allow":["GET"]}}],"collection":[{"href":"https:\/\/www.vuosiamaailmalla.fi\/blog\/wp-json\/wp\/v2\/posts"}],"about":[{"href":"https:\/\/www.vuosiamaailmalla.fi\/blog\/wp-json\/wp\/v2\/types\/post"}],"author":[{"embeddable":true,"href":"https:\/\/www.vuosiamaailmalla.fi\/blog\/wp-json\/wp\/v2\/users\/1"}],"replies":[{"embeddable":true,"href":"https:\/\/www.vuosiamaailmalla.fi\/blog\/wp-json\/wp\/v2\/comments?post=1329"}],"version-history":[{"count":2,"href":"https:\/\/www.vuosiamaailmalla.fi\/blog\/wp-json\/wp\/v2\/posts\/1329\/revisions"}],"predecessor-version":[{"id":11809,"href":"https:\/\/www.vuosiamaailmalla.fi\/blog\/wp-json\/wp\/v2\/posts\/1329\/revisions\/11809"}],"wp:featuredmedia":[{"embeddable":true,"href":"https:\/\/www.vuosiamaailmalla.fi\/blog\/wp-json\/wp\/v2\/media\/11808"}],"wp:attachment":[{"href":"https:\/\/www.vuosiamaailmalla.fi\/blog\/wp-json\/wp\/v2\/media?parent=1329"}],"wp:term":[{"taxonomy":"category","embeddable":true,"href":"https:\/\/www.vuosiamaailmalla.fi\/blog\/wp-json\/wp\/v2\/categories?post=1329"},{"taxonomy":"post_tag","embeddable":true,"href":"https:\/\/www.vuosiamaailmalla.fi\/blog\/wp-json\/wp\/v2\/tags?post=1329"}],"curies":[{"name":"wp","href":"https:\/\/api.w.org\/{rel}","templated":true}]}}