{"id":13311,"date":"2023-10-15T14:24:29","date_gmt":"2023-10-15T21:24:29","guid":{"rendered":"https:\/\/www.vuosiamaailmalla.fi\/blog\/?p=13311"},"modified":"2023-10-19T20:13:25","modified_gmt":"2023-10-20T03:13:25","slug":"ilahduttava-greater-vancouver-zoo","status":"publish","type":"post","link":"https:\/\/www.vuosiamaailmalla.fi\/blog\/2023\/ilahduttava-greater-vancouver-zoo\/","title":{"rendered":"Ilahduttava Greater Vancouver Zoo"},"content":{"rendered":"<p style=\"text-align: justify;\">Harva tiet\u00e4\u00e4, mutta Vancouveristakin l\u00f6ytyy el\u00e4intarha. 49 hehtaarin kokoinen alue sijaitsee kuitenkin kaukana itse Vancouverista, l\u00e4hell\u00e4 Aldergroven esikaupunkia, mink\u00e4 vuoksi se on turistien sijaan l\u00e4hinn\u00e4 paikallisten suosima vierailukohde. El\u00e4intarha avautui vuonna 1970 alkujaan el\u00e4inten kasvatustarhana, mutta 90-luvulle tultaessa se siirtyi normaalin el\u00e4intarhan suuntaan, keskittyen villiel\u00e4inten suojeluun sek\u00e4 toimintaan <a title=\"Petolintujen hoitokeskus sek\u00e4 vilkas pikkukentt\u00e4\" href=\"https:\/\/www.vuosiamaailmalla.fi\/blog\/2016\/petolintujen-hoitokeskus-seka-vilkas-pikkukentta\/\">luonnosta pelastettujen el\u00e4inten<\/a> kotina.<\/p>\n<p><!--more--><\/p>\n<p style=\"text-align: center;\"><a href=\"\/blog\/wp-content\/uploads\/2023\/aldergroven_elaintarha1.jpg\"><img decoding=\"async\" src=\"\/blog\/wp-content\/uploads\/2023\/aldergroven_elaintarha1.jpg\" \/><\/a><\/p>\n<p style=\"text-align: center;\"><em>El\u00e4intarha syv\u00e4ll\u00e4 esikaupungissa<\/em><\/p>\n<p style=\"text-align: justify;\">2,8 miljoonan asukkaan metropolialueen ainoana el\u00e4intarhana, alueella vierailee vuoden aikana runsaasti ihmisi\u00e4 sek\u00e4 erityisesti lapsiperheit\u00e4, joille se on loistava vierailukohde. Kaksi viikkoa sitten paikalla vierailimme mekin, viett\u00e4en kaunista syyslauantaita.<\/p>\n<p style=\"text-align: center;\"><a href=\"\/blog\/wp-content\/uploads\/2023\/kaunis_syyspaiva.jpg\"><img decoding=\"async\" src=\"\/blog\/wp-content\/uploads\/2023\/kaunis_syyspaiva.jpg\" \/><\/a><\/p>\n<p style=\"text-align: center;\"><em>Kaunis keli syysretkelle<\/em><\/p>\n<p style=\"text-align: justify;\"><a title=\"Huoli koronaviruksesta\" href=\"https:\/\/www.vuosiamaailmalla.fi\/blog\/2020\/huolta-koronaviruksen-kanssa\/\">Koronavuonna 2020<\/a> l\u00e4hinn\u00e4 ulkosalla oleva el\u00e4intarha oli \u00e4\u00e4rimm\u00e4isen suosittu ja sen j\u00e4ljilt\u00e4 tarhaa onkin kohennettu useilla uusilla investoinneilla. Esimerkiksi tarhan p\u00e4\u00e4rakennus on t\u00e4ysin uusi ja kirahviaitauksen luokse on avattu uusi katselutasanne hyvill\u00e4 n\u00e4kymill\u00e4.<\/p>\n<p style=\"text-align: center;\"><a href=\"\/blog\/wp-content\/uploads\/2023\/greater_vancouver_zoon_elaimia1.jpg\"><img decoding=\"async\" src=\"\/blog\/wp-content\/uploads\/2023\/thumbs\/thumbs_greater_vancouver_zoon_elaimia1.jpg\" \/><\/a><a href=\"\/blog\/wp-content\/uploads\/2023\/greater_vancouver_zoon_elaimia15.jpg\"><img decoding=\"async\" src=\"\/blog\/wp-content\/uploads\/2023\/thumbs\/thumbs_greater_vancouver_zoon_elaimia15.jpg\" \/><\/a><a href=\"\/blog\/wp-content\/uploads\/2023\/greater_vancouver_zoon_elaimia11.jpg\"><img decoding=\"async\" src=\"\/blog\/wp-content\/uploads\/2023\/thumbs\/thumbs_greater_vancouver_zoon_elaimia11.jpg\" \/><\/a><\/p>\n<p style=\"text-align: center;\"><em>Kirahvien aitaus on uusi<\/em><\/p>\n<p style=\"text-align: justify;\">Tarhan aitaukset ovat moneen muuhun el\u00e4intarhaan verrattuna laajoja ja eri el\u00e4imi\u00e4 on sijoitettu kesken\u00e4\u00e4n samoihin aitauksiin. Aikoinaan laajimpiin aitauksiin suoritettiin jopa &#8221;safarimatkoja&#8221; ja el\u00e4intarhan suunnitelmana on palauttaa uusia osia tarhasta t\u00e4llaiseen tilaan.<\/p>\n<p style=\"text-align: center;\"><a href=\"\/blog\/wp-content\/uploads\/2023\/greater_vancouver_zoo_kartta.jpg\"><img decoding=\"async\" src=\"\/blog\/wp-content\/uploads\/2023\/greater_vancouver_zoo_kartta.jpg\" \/><\/a><\/p>\n<p style=\"text-align: center;\"><em>49 hehtaarin mittainen puisto<\/em><\/p>\n<p style=\"text-align: center;\"><a href=\"\/blog\/wp-content\/uploads\/2023\/greater_vancouver_zoon_elaimia13.jpg\"><img decoding=\"async\" src=\"\/blog\/wp-content\/uploads\/2023\/thumbs\/thumbs_greater_vancouver_zoon_elaimia13.jpg\" \/><\/a><a href=\"\/blog\/wp-content\/uploads\/2023\/greater_vancouver_zoon_elaimia17.jpg\"><img decoding=\"async\" src=\"\/blog\/wp-content\/uploads\/2023\/thumbs\/thumbs_greater_vancouver_zoon_elaimia17.jpg\" \/><\/a><a href=\"\/blog\/wp-content\/uploads\/2023\/greater_vancouver_zoon_elaimia5.jpg\"><img decoding=\"async\" src=\"\/blog\/wp-content\/uploads\/2023\/thumbs\/thumbs_greater_vancouver_zoon_elaimia5.jpg\" \/><\/a><br \/>\n<a href=\"\/blog\/wp-content\/uploads\/2023\/greater_vancouver_zoon_elaimia9.jpg\"><img decoding=\"async\" src=\"\/blog\/wp-content\/uploads\/2023\/thumbs\/thumbs_greater_vancouver_zoon_elaimia9.jpg\" \/><\/a><a href=\"\/blog\/wp-content\/uploads\/2023\/greater_vancouver_zoon_elaimia10.jpg\"><img decoding=\"async\" src=\"\/blog\/wp-content\/uploads\/2023\/thumbs\/thumbs_greater_vancouver_zoon_elaimia10.jpg\" \/><\/a><a href=\"\/blog\/wp-content\/uploads\/2023\/greater_vancouver_zoon_elaimia6.jpg\"><img decoding=\"async\" src=\"\/blog\/wp-content\/uploads\/2023\/thumbs\/thumbs_greater_vancouver_zoon_elaimia6.jpg\" \/><\/a><\/p>\n<p style=\"text-align: center;\"><em>Runsas kokoelma el\u00e4imi\u00e4<\/em><\/p>\n<p style=\"text-align: justify;\">Alue on ylip\u00e4\u00e4t\u00e4\u00e4n sangen laaja mutta tasainen ja siksi helppo k\u00e4vell\u00e4. Jos k\u00e4vely ei kuitenkaan hotsita, kiert\u00e4\u00e4 el\u00e4intarhan ymp\u00e4ri pieni junarata, joka on lapsiperheisen suosima vaihtoehto. Me emme junan kyytiin t\u00e4ll\u00e4 kertaa nousseet, vaan kiersimme alueen rauhalliseen tahtiin jalkapatikassa.<\/p>\n<p style=\"text-align: center;\"><a href=\"\/blog\/wp-content\/uploads\/2023\/elaintarhan_juna1.jpg\"><img decoding=\"async\" src=\"\/blog\/wp-content\/uploads\/2023\/thumbs\/thumbs_elaintarhan_juna1.jpg\" \/><\/a><a href=\"\/blog\/wp-content\/uploads\/2023\/elaintarhan_juna2.jpg\"><img decoding=\"async\" src=\"\/blog\/wp-content\/uploads\/2023\/thumbs\/thumbs_elaintarhan_juna2.jpg\" \/><\/a><\/p>\n<p style=\"text-align: center;\"><em>Junarata tarhan ymp\u00e4ri<\/em><\/p>\n<p style=\"text-align: center;\"><a href=\"\/blog\/wp-content\/uploads\/2023\/greater_vancouver_zoon_elaimia3.jpg\"><img decoding=\"async\" src=\"\/blog\/wp-content\/uploads\/2023\/greater_vancouver_zoon_elaimia3.jpg\" \/><\/a><\/p>\n<p style=\"text-align: center;\"><em>P\u00f6rr\u00f6inen kultapanda<\/em><\/p>\n<p style=\"text-align: justify;\">Koska olimme paikalla heti tarhan avauduttua, saimme katsella el\u00e4imi\u00e4 kaikessa rauhassa. Suurten aitausten vuoksi el\u00e4imet ovat v\u00e4lill\u00e4 et\u00e4\u00e4ll\u00e4, mutta n\u00e4ht\u00e4v\u00e4\u00e4 oli meist\u00e4 silti runsaasti. El\u00e4intarhan arviot netiss\u00e4 ovat yll\u00e4tt\u00e4v\u00e4n jakautuneet ja monissa kommenteissa moititaan tarhaa ahtaista aitauksista sek\u00e4 stressaantuneista el\u00e4imist\u00e4, mutta me emme n\u00e4hneet t\u00e4llaisesta mit\u00e4\u00e4n merkkej\u00e4 ja el\u00e4imill\u00e4 on paljon enemm\u00e4n tilaa kuin esimerkiksi <a title=\"Lapsiperhe vierasilla\" href=\"https:\/\/www.vuosiamaailmalla.fi\/blog\/2011\/lapsiperhe-vierasilla\/\">Berliinin el\u00e4intarhassa<\/a>.<\/p>\n<p style=\"text-align: center;\"><a href=\"\/blog\/wp-content\/uploads\/2023\/greater_vancouver_zoon_elaimia12.jpg\"><img decoding=\"async\" src=\"\/blog\/wp-content\/uploads\/2023\/thumbs\/thumbs_greater_vancouver_zoon_elaimia12.jpg\" \/><\/a><a href=\"\/blog\/wp-content\/uploads\/2023\/greater_vancouver_zoon_elaimia4.jpg\"><img decoding=\"async\" src=\"\/blog\/wp-content\/uploads\/2023\/thumbs\/thumbs_greater_vancouver_zoon_elaimia4.jpg\" \/><\/a><a href=\"\/blog\/wp-content\/uploads\/2023\/greater_vancouver_zoon_elaimia2.jpg\"><img decoding=\"async\" src=\"\/blog\/wp-content\/uploads\/2023\/thumbs\/thumbs_greater_vancouver_zoon_elaimia2.jpg\" \/><\/a><br \/>\n<a href=\"\/blog\/wp-content\/uploads\/2023\/greater_vancouver_zoon_elaimia14.jpg\"><img decoding=\"async\" src=\"\/blog\/wp-content\/uploads\/2023\/thumbs\/thumbs_greater_vancouver_zoon_elaimia14.jpg\" \/><\/a><a href=\"\/blog\/wp-content\/uploads\/2023\/greater_vancouver_zoon_elaimia16.jpg\"><img decoding=\"async\" src=\"\/blog\/wp-content\/uploads\/2023\/thumbs\/thumbs_greater_vancouver_zoon_elaimia16.jpg\" \/><\/a><a href=\"\/blog\/wp-content\/uploads\/2023\/greater_vancouver_zoon_elaimia7.jpg\"><img decoding=\"async\" src=\"\/blog\/wp-content\/uploads\/2023\/thumbs\/thumbs_greater_vancouver_zoon_elaimia7.jpg\" \/><\/a><\/p>\n<p style=\"text-align: center;\"><em>El\u00e4imi\u00e4 aitauksissaan<\/em><\/p>\n<p style=\"text-align: center;\"><a href=\"\/blog\/wp-content\/uploads\/2023\/greater_vancouver_zoon_elaimia8.jpg\"><img decoding=\"async\" src=\"\/blog\/wp-content\/uploads\/2023\/greater_vancouver_zoon_elaimia8.jpg\" \/><\/a><\/p>\n<p style=\"text-align: center;\"><em>Kengu ottaa kevyesti<\/em><\/p>\n<p style=\"text-align: justify;\">El\u00e4inten lis\u00e4ksi n\u00e4ht\u00e4vill\u00e4 on my\u00f6s vaihtuvia n\u00e4yttelyit\u00e4 ja viimeiset pari vuotta vierailijoita on ilahduttanut uusi dinosauruspuisto. Sen hurjasti murisevat sek\u00e4 p\u00e4\u00e4t\u00e4 ja h\u00e4nt\u00e4\u00e4 liikuttavat dinosaurukset ovat lapsista todella hauskoja, joskaan meid\u00e4n perheess\u00e4 ei olla viel\u00e4 siirrytty <a title=\"P\u00e4\u00e4si\u00e4inen t\u00e4ynn\u00e4 dinosauruksia\" href=\"https:\/\/www.vuosiamaailmalla.fi\/blog\/2011\/paasiainen-taynna-dinosauruksia\/\">dinosaurusvaiheeseen<\/a>.<\/p>\n<p style=\"text-align: center;\"><a href=\"\/blog\/wp-content\/uploads\/2023\/dinosauruspuisto1.jpg\"><img decoding=\"async\" src=\"\/blog\/wp-content\/uploads\/2023\/thumbs\/thumbs_dinosauruspuisto1.jpg\" \/><\/a><a href=\"\/blog\/wp-content\/uploads\/2023\/dinosauruspuisto5.jpg\"><img decoding=\"async\" src=\"\/blog\/wp-content\/uploads\/2023\/thumbs\/thumbs_dinosauruspuisto5.jpg\" \/><\/a><br \/>\n<a href=\"\/blog\/wp-content\/uploads\/2023\/dinosauruspuisto3.jpg\"><img decoding=\"async\" src=\"\/blog\/wp-content\/uploads\/2023\/thumbs\/thumbs_dinosauruspuisto3.jpg\" \/><\/a><a href=\"\/blog\/wp-content\/uploads\/2023\/dinosauruspuisto4.jpg\"><img decoding=\"async\" src=\"\/blog\/wp-content\/uploads\/2023\/thumbs\/thumbs_dinosauruspuisto4.jpg\" \/><\/a><\/p>\n<p style=\"text-align: center;\"><em>Uusi dinosauruspuisto<\/em><\/p>\n<p style=\"text-align: center;\"><a href=\"\/blog\/wp-content\/uploads\/2023\/dinosauruspuisto2.jpg\"><img decoding=\"async\" src=\"\/blog\/wp-content\/uploads\/2023\/thumbs\/thumbs_dinosauruspuisto2.jpg\" \/><\/a><\/p>\n<p style=\"text-align: center;\"><em>Pitk\u00e4kaulaunen brontosaurus<\/em><\/p>\n<p style=\"text-align: justify;\">Meist\u00e4 vierailu <em>Greater Vancouver Zoossa<\/em> oli riemukas syysretki ja paikka vaikutti hyvin hoidetulta. Toki se kalpenee monien muiden n\u00e4kemiemme el\u00e4intarhojen, kuten <a title=\"Kev\u00e4inen p\u00e4\u00e4si\u00e4isviikonloppu Hannoverissa\" href=\"https:\/\/www.vuosiamaailmalla.fi\/blog\/2007\/kevainen-paasiaisviikonloppu-hannoverissa\/\">Hannoverin<\/a> ja <a title=\"Viikko kes\u00e4isess\u00e4 Omahassa\" href=\"https:\/\/www.vuosiamaailmalla.fi\/blog\/2014\/viikko-kesaisessa-omahassa\/\">Omahan<\/a> rinnalla, mutta on juuri sopivan kokoinen ja saavutettava lapsiperheille. Lippujen hintakaan ei ole mahdottoman kallis, joskin pys\u00e4k\u00f6innist\u00e4 maksaminen n\u00e4in kaukana kaupungista j\u00e4tti pienesti rahastuksen maun.<\/p>\n<p style=\"text-align: center;\"><a href=\"\/blog\/wp-content\/uploads\/2023\/aldergroven_elaintarha2.jpg\"><img decoding=\"async\" src=\"\/blog\/wp-content\/uploads\/2023\/thumbs\/thumbs_aldergroven_elaintarha2.jpg\" \/><\/a><a href=\"\/blog\/wp-content\/uploads\/2023\/nalkainen_riikinkukko.jpg\"><img decoding=\"async\" src=\"\/blog\/wp-content\/uploads\/2023\/thumbs\/thumbs_nalkainen_riikinkukko.jpg\" \/><\/a><\/p>\n<p style=\"text-align: center;\"><em>El\u00e4intarhan ruokala on kohtuuhintainen<\/em><\/p>\n<p style=\"text-align: justify;\">Aldergroven el\u00e4intarhan historiaan mahtuu jonkin verran el\u00e4inten oloihin liittyvi\u00e4 kohuja sek\u00e4 muutamia onnettomuuksia, kuten pikkutyt\u00f6n p\u00e4\u00e4sy kiinni karhuaitaukseen vuonna 2019 ja susilauman karkaaminen tarhasta vuonna 2022, todenn\u00e4k\u00f6isesti <a title=\"Onnettomuus Squamishin gondolihissill\u00e4\" href=\"https:\/\/www.vuosiamaailmalla.fi\/blog\/2019\/onnettomuus-squamishin-gondolihissilla\/\">ekoterrorismin<\/a> tuloksena. Meille j\u00e4i paikasta kuitenkin positiivinen mielikuva ja palaammekin sinne varmasti uudemman kerran ensi kev\u00e4\u00e4n\u00e4.<\/p>\n","protected":false},"excerpt":{"rendered":"<p>Harva tiet\u00e4\u00e4, mutta Vancouveristakin l\u00f6ytyy el\u00e4intarha. 49 hehtaarin kokoinen alue sijaitsee kuitenkin kaukana itse Vancouverista, l\u00e4hell\u00e4 Aldergroven esikaupunkia, mink\u00e4 vuoksi se on turistien sijaan l\u00e4hinn\u00e4 paikallisten suosima vierailukohde. El\u00e4intarha avautui vuonna 1970 alkujaan el\u00e4inten kasvatustarhana, mutta 90-luvulle tultaessa se siirtyi normaalin el\u00e4intarhan suuntaan, keskittyen villiel\u00e4inten suojeluun sek\u00e4 toimintaan luonnosta pelastettujen el\u00e4inten kotina.<\/p>\n","protected":false},"author":1,"featured_media":13337,"comment_status":"open","ping_status":"closed","sticky":false,"template":"","format":"standard","meta":{"_jetpack_memberships_contains_paid_content":false,"footnotes":""},"categories":[17,3],"tags":[1616,34,384,1816,299],"class_list":["post-13311","post","type-post","status-publish","format-standard","has-post-thumbnail","hentry","category-arki-kanadassa","category-arki-ulkomailla","tag-aldergrove","tag-arki","tag-elaintarha","tag-greater-vancouver-zoo","tag-syksy"],"jetpack_featured_media_url":"https:\/\/www.vuosiamaailmalla.fi\/blog\/wp-content\/uploads\/greater_vancouver_zoo_banner.jpg","jetpack_sharing_enabled":true,"_links":{"self":[{"href":"https:\/\/www.vuosiamaailmalla.fi\/blog\/wp-json\/wp\/v2\/posts\/13311","targetHints":{"allow":["GET"]}}],"collection":[{"href":"https:\/\/www.vuosiamaailmalla.fi\/blog\/wp-json\/wp\/v2\/posts"}],"about":[{"href":"https:\/\/www.vuosiamaailmalla.fi\/blog\/wp-json\/wp\/v2\/types\/post"}],"author":[{"embeddable":true,"href":"https:\/\/www.vuosiamaailmalla.fi\/blog\/wp-json\/wp\/v2\/users\/1"}],"replies":[{"embeddable":true,"href":"https:\/\/www.vuosiamaailmalla.fi\/blog\/wp-json\/wp\/v2\/comments?post=13311"}],"version-history":[{"count":2,"href":"https:\/\/www.vuosiamaailmalla.fi\/blog\/wp-json\/wp\/v2\/posts\/13311\/revisions"}],"predecessor-version":[{"id":13314,"href":"https:\/\/www.vuosiamaailmalla.fi\/blog\/wp-json\/wp\/v2\/posts\/13311\/revisions\/13314"}],"wp:featuredmedia":[{"embeddable":true,"href":"https:\/\/www.vuosiamaailmalla.fi\/blog\/wp-json\/wp\/v2\/media\/13337"}],"wp:attachment":[{"href":"https:\/\/www.vuosiamaailmalla.fi\/blog\/wp-json\/wp\/v2\/media?parent=13311"}],"wp:term":[{"taxonomy":"category","embeddable":true,"href":"https:\/\/www.vuosiamaailmalla.fi\/blog\/wp-json\/wp\/v2\/categories?post=13311"},{"taxonomy":"post_tag","embeddable":true,"href":"https:\/\/www.vuosiamaailmalla.fi\/blog\/wp-json\/wp\/v2\/tags?post=13311"}],"curies":[{"name":"wp","href":"https:\/\/api.w.org\/{rel}","templated":true}]}}