{"id":1337,"date":"2010-12-11T11:44:41","date_gmt":"2010-12-11T19:44:41","guid":{"rendered":"http:\/\/13.53.127.146\/?p=1337"},"modified":"2021-02-27T20:27:34","modified_gmt":"2021-02-28T04:27:34","slug":"rasittava-rasittavampi-tosi-tv","status":"publish","type":"post","link":"https:\/\/www.vuosiamaailmalla.fi\/blog\/2010\/rasittava-rasittavampi-tosi-tv\/","title":{"rendered":"Rasittava tosi-tv"},"content":{"rendered":"<p style=\"text-align: justify;\">Kuten Suomessa, my\u00f6s Saksassa on tosi-tv ollut koko 2000-luvun ensimm\u00e4isen vuosikymmenen ilmi\u00f6 televisiomaailmassa. Samat kansainv\u00e4liset formaatit, kuten <em>Big Brother<\/em>, <em>Germany\u2019s Next Topmodel<\/em> (Mallikoulu), <em>Deutschland sucht den Superstar<\/em> (Idols), <em>Popstars<\/em> ja <em>Let&#8217;s Dance<\/em> (Tanssii T\u00e4htien Kanssa), py\u00f6riv\u00e4t t\u00e4\u00e4ll\u00e4kin p\u00e4\u00e4asiassa kahden suuren kaupallisen kanavaj\u00e4tin Pro7 ja RTL\u00a0toimesta. Erityisen vakiintunut kanavapaikka on Pro7:ll\u00e4 torstai-ilta kello 20:00 j\u00e4lkeen, jolla py\u00f6rii eri vuodenaikoina eri sarja. Nyt syksyn aikana paikalla on py\u00f6rinyt Popstarsin 9. tuotantokausi, jossa <em>LaViVe<\/em> nimiseen yhtyeeseen on etsitty j\u00e4seni\u00e4. Ohjelmaan liittyen <a title=\"Telkkarit\u00e4hti kadulla\" href=\"https:\/\/www.vuosiamaailmalla.fi\/?p=1114\">kerroinkin<\/a> taannoin, miten satuimme n\u00e4kem\u00e4\u00e4n yhden ohjelman juontajista ty\u00f6paikkamme l\u00e4hell\u00e4.<\/p>\n<p><!--more--><\/p>\n<p style=\"text-align: justify;\">Itse en jaksa n\u00e4it\u00e4 tosi-tv sarjoja paljoa katsella, mutta Niina tuppaa seuraamaan muutamia, joten itsekin altistun niille taustamelun muodossa. Niina vetoaa kyseess\u00e4 olevan saksankielen opiskelun, mutta itse en ihan t\u00e4t\u00e4 selityst\u00e4 en\u00e4\u00e4 viidenten\u00e4 vuotena usko.<\/p>\n<p style=\"text-align: justify;\">Niin tai n\u00e4in, vuosien varrella on tullut kiinnitetty\u00e4 huomiota, miten \u00e4rsytt\u00e4viksi sarjat ovatkaan muuttuneet ja miten ylikaupallisia niist\u00e4 on tullut. T\u00e4m\u00e4n viikon torstaina p\u00e4\u00e4ttynyt Popstars meni varmaan pisimm\u00e4lle t\u00e4h\u00e4n menness\u00e4, sill\u00e4 nelihenkisen b\u00e4ndin valintaan tarvittiin per\u00e4ti <span style=\"text-decoration: underline;\">nelj\u00e4<\/span> finaalil\u00e4hetyst\u00e4. Jokaisessa l\u00e4hetyksess\u00e4 valittiin puhelin\u00e4\u00e4netyksell\u00e4 yksi henkil\u00f6 b\u00e4ndiin sek\u00e4 yksi finalisti ulos kilpailusta. Viimeisess\u00e4 nelj\u00e4nness\u00e4 finaalissa homma meni viel\u00e4 potenssiin kolme, kun j\u00e4ljell\u00e4 olleista nelj\u00e4st\u00e4 finalistista \u00e4\u00e4nestettiin yksi kerrallaan joku pois erillisill\u00e4 puhelin\u00e4\u00e4nestyksill\u00e4 kaksi ja puolituntisen megal\u00e4hetyksen aikana. Puhelin\u00e4\u00e4nestyksest\u00e4 saatavat tulot siis todellakin maksimoitiin, kun katsojat soittivat oman suosikkinsa puolesta kolmeen kertaan. Lis\u00e4ksi katsojan ajan tuhlaaminen varmistettiin t\u00e4ll\u00e4 t\u00e4ysin turhalla ohjelma-ajan pident\u00e4misell\u00e4.<\/p>\n<p style=\"text-align: justify;\">Ja se j\u00e4nnityksen kasvattaminen jokaisen pudotettavan kohdalla&#8230; Finalistit patsastelivat lavalla vierekk\u00e4in, juontajan vuorotellen ottaessa yhden kilpailijan valokeilaan. Annettiin hetki j\u00e4nnityst\u00e4 kohottavia kommentteja ja sitten&#8230; takaisin jonoon p\u00e4\u00e4t\u00f6st\u00e4 odottamaan. Ei, viel\u00e4 ei voinut h\u00e4nen tulostaan kertoa, vaan showta piti pitkitt\u00e4\u00e4 ja pitkitt\u00e4\u00e4! Homma oli niin hidasta, ett\u00e4 t\u00e4ss\u00e4 vaiheessa ehti k\u00e4yd\u00e4 suihkussa, ja silti finalistit seisoivat edelleen samassa riviss\u00e4 odottamassa tietoa pudotettavasta! Ja joka v\u00e4liss\u00e4 iski ruudulle varoittamatta lyhyit\u00e4 30 sekunnin mainos-inserttej\u00e4 sek\u00e4 mainostajien logoja.<\/p>\n<p style=\"text-align: justify;\">Voi huoh, millaista katsojan aliarvioimista ja kaupallisuuden ylikorostamista!! Voittekin hyvin kuvitella, ett\u00e4 itselleni on se ja sama kuka voittaa, tai kuka edes kilpailee n\u00e4iss\u00e4 kisoissa, sill\u00e4 itse en yksinkertaisesti jaksa katsoa ohjelmaa, miss\u00e4 tasaisin v\u00e4liajoin ei tapahdu kymmeneen minuuttiin muuta kuin, ett\u00e4 kamerat zoomailevat aivan naamassa kiinni pienen pieni\u00e4 tunteen osoituksia etsien.<\/p>\n<p style=\"text-align: justify;\">Jos jostain pit\u00e4\u00e4 n\u00e4it\u00e4 roskasarjoja kehua, niin tuotantoarvot ovat Saksan versioissa korkeat. Yleens\u00e4 sarjoissa l\u00e4hdet\u00e4\u00e4n aina heti alkukierrosten j\u00e4lkeen maailmalle, jossa kilpailijat asuvat hienosti ja tapaavat oikeita starboja. Ja kyseess\u00e4 on oikeita megat\u00e4hti\u00e4, kuten Popstarsin nyt p\u00e4\u00e4ttyneell\u00e4 tuotantokaudella puolitoista jaksoa vieraillut Robbie Williams, jonka kanssa lauleskeltiin ja naureskeltiin. Musiikkishowssa my\u00f6s vieraili finaalil\u00e4hetyksiss\u00e4 esiintym\u00e4ss\u00e4 monia muitakin tunnettuja pop-t\u00e4hti\u00e4, todenn\u00e4k\u00f6isesti hyv\u00e4n tilin pienest\u00e4 puffista tehden. Ja ei pid\u00e4 unohtaman my\u00f6sk\u00e4\u00e4n juontajia, jotka t\u00e4k\u00e4l\u00e4isiss\u00e4 sarjoissa ovat monesti maailmalla eritt\u00e4in menestyneit\u00e4. Esimerkiksi paikallista Mallikoulua py\u00f6ritt\u00e4\u00e4 supermalli Heidi Klum.<\/p>\n<p style=\"text-align: justify;\">Niin tai n\u00e4in tosi-tv on television rasittavin formaatti, enk\u00e4 liene ainoa mielipiteess\u00e4ni. Kuitenkin senkin rasittavuus on vain kasvamaan p\u00e4in, kun katsojia aliarvioidaan entist\u00e4 pahemmin. Vai mit\u00e4 muuta\u00a0 on n\u00e4iden ohjelmien tauoilla olevat kysymykset showsta tyyliin <em>&#8221;Miss\u00e4 kaupungissa sijaitsee jaksossa n\u00e4hty <a title=\"Maailmaa valaiseva Vapaudenpatsas\" href=\"http:\/\/www.vuosiamaailmalla.fi\/blog\/2011\/maailmaa-valaiseva-vapaudenpatsas\/\">Vapaudenpatsas<\/a>? a)\u00a0<a title=\"Kes\u00e4lomalla New Yorkissa\" href=\"https:\/\/www.vuosiamaailmalla.fi\/?p=9567\">New Yorkissa<\/a> vaiko b) Berliiniss\u00e4&#8221;<\/em>!!<\/p>\n","protected":false},"excerpt":{"rendered":"<p>Kuten Suomessa, my\u00f6s Saksassa on tosi-tv ollut koko 2000-luvun ensimm\u00e4isen vuosikymmenen ilmi\u00f6 televisiomaailmassa. Samat kansainv\u00e4liset formaatit, kuten Big Brother, Germany\u2019s Next Topmodel (Mallikoulu), Deutschland sucht den Superstar (Idols), Popstars ja Let&#8217;s Dance (Tanssii T\u00e4htien Kanssa), py\u00f6riv\u00e4t t\u00e4\u00e4ll\u00e4kin p\u00e4\u00e4asiassa kahden suuren kaupallisen kanavaj\u00e4tin Pro7 ja RTL\u00a0toimesta. Erityisen vakiintunut kanavapaikka on Pro7:ll\u00e4 torstai-ilta kello 20:00 j\u00e4lkeen, jolla &hellip; <a href=\"https:\/\/www.vuosiamaailmalla.fi\/blog\/2010\/rasittava-rasittavampi-tosi-tv\/\" class=\"more-link\">Jatka lukemista<span class=\"screen-reader-text\"> &#8221;Rasittava tosi-tv&#8221;<\/span><\/a><\/p>\n","protected":false},"author":1,"featured_media":12018,"comment_status":"open","ping_status":"open","sticky":false,"template":"","format":"standard","meta":{"_jetpack_memberships_contains_paid_content":false,"footnotes":""},"categories":[18,3],"tags":[25,34,855,190,191,206],"class_list":["post-1337","post","type-post","status-publish","format-standard","has-post-thumbnail","hentry","category-arki-saksassa","category-arki-ulkomailla","tag-ajankohtaista","tag-arki","tag-media","tag-saksa","tag-saksalainen-juttu","tag-tv-sarjat"],"jetpack_featured_media_url":"https:\/\/www.vuosiamaailmalla.fi\/blog\/wp-content\/uploads\/popstars_banner.jpg","jetpack_sharing_enabled":true,"_links":{"self":[{"href":"https:\/\/www.vuosiamaailmalla.fi\/blog\/wp-json\/wp\/v2\/posts\/1337","targetHints":{"allow":["GET"]}}],"collection":[{"href":"https:\/\/www.vuosiamaailmalla.fi\/blog\/wp-json\/wp\/v2\/posts"}],"about":[{"href":"https:\/\/www.vuosiamaailmalla.fi\/blog\/wp-json\/wp\/v2\/types\/post"}],"author":[{"embeddable":true,"href":"https:\/\/www.vuosiamaailmalla.fi\/blog\/wp-json\/wp\/v2\/users\/1"}],"replies":[{"embeddable":true,"href":"https:\/\/www.vuosiamaailmalla.fi\/blog\/wp-json\/wp\/v2\/comments?post=1337"}],"version-history":[{"count":2,"href":"https:\/\/www.vuosiamaailmalla.fi\/blog\/wp-json\/wp\/v2\/posts\/1337\/revisions"}],"predecessor-version":[{"id":12019,"href":"https:\/\/www.vuosiamaailmalla.fi\/blog\/wp-json\/wp\/v2\/posts\/1337\/revisions\/12019"}],"wp:featuredmedia":[{"embeddable":true,"href":"https:\/\/www.vuosiamaailmalla.fi\/blog\/wp-json\/wp\/v2\/media\/12018"}],"wp:attachment":[{"href":"https:\/\/www.vuosiamaailmalla.fi\/blog\/wp-json\/wp\/v2\/media?parent=1337"}],"wp:term":[{"taxonomy":"category","embeddable":true,"href":"https:\/\/www.vuosiamaailmalla.fi\/blog\/wp-json\/wp\/v2\/categories?post=1337"},{"taxonomy":"post_tag","embeddable":true,"href":"https:\/\/www.vuosiamaailmalla.fi\/blog\/wp-json\/wp\/v2\/tags?post=1337"}],"curies":[{"name":"wp","href":"https:\/\/api.w.org\/{rel}","templated":true}]}}