{"id":1339,"date":"2011-02-13T13:28:57","date_gmt":"2011-02-13T21:28:57","guid":{"rendered":"http:\/\/13.53.127.146\/?p=1339"},"modified":"2013-04-12T19:48:23","modified_gmt":"2013-04-13T02:48:23","slug":"muistutus-talvesta","status":"publish","type":"post","link":"https:\/\/www.vuosiamaailmalla.fi\/blog\/2011\/muistutus-talvesta\/","title":{"rendered":"Muistutus talvesta"},"content":{"rendered":"<p style=\"text-align: justify;\">Vaikka Berliiniss\u00e4 onkin jo tovin saanut nautiskella ja poksutella <a title=\"Talvikaaoksen j\u00e4lkeen kev\u00e4t alkoi sitten 8. tammikuuta?\" href=\"https:\/\/www.vuosiamaailmalla.fi\/?p=1496\">kev\u00e4isill\u00e4<\/a> ilmoilla, antoi talvi t\u00e4n\u00e4\u00e4n muistutuksen itsest\u00e4\u00e4n. P\u00e4iv\u00e4ll\u00e4 satoi nimitt\u00e4in lunta, hetken jopa ihan sakeastikin. Onneksi lumi ei sent\u00e4\u00e4n j\u00e4\u00e4nyt maahan, mutta kun ennuste lupaa koko tulevaksi viikoksi nollan tienoilla olevaa, niin tied\u00e4 vaikka t\u00e4\u00e4ll\u00e4kin n\u00e4kyisi loppuviikosta j\u00e4lleen maassa hento valkoinen huntu. Toivottavasti ei nyt sent\u00e4\u00e4n, vaikka onhan kalenterin mukaan menossa viel\u00e4 syd\u00e4ntalvi&#8230;<\/p>\n<p style=\"text-align: justify;\">Tietysti eih\u00e4n t\u00e4ss\u00e4 auta asiasta valittaa, sill\u00e4 samaan aikaan Suomessa hytiss\u00e4\u00e4n kovissa pakkasissa ja katsellaan kolmatta kuukautta enn\u00e4tyskorkeita hankia ja nietoksia. \ud83d\udca1<\/p>\n","protected":false},"excerpt":{"rendered":"<p>Vaikka Berliiniss\u00e4 onkin jo tovin saanut nautiskella ja poksutella kev\u00e4isill\u00e4 ilmoilla, antoi talvi t\u00e4n\u00e4\u00e4n muistutuksen itsest\u00e4\u00e4n. P\u00e4iv\u00e4ll\u00e4 satoi nimitt\u00e4in lunta, hetken jopa ihan sakeastikin. Onneksi lumi ei sent\u00e4\u00e4n j\u00e4\u00e4nyt maahan, mutta kun ennuste lupaa koko tulevaksi viikoksi nollan tienoilla olevaa, niin tied\u00e4 vaikka t\u00e4\u00e4ll\u00e4kin n\u00e4kyisi loppuviikosta j\u00e4lleen maassa hento valkoinen huntu. Toivottavasti ei nyt sent\u00e4\u00e4n, &hellip; <a href=\"https:\/\/www.vuosiamaailmalla.fi\/blog\/2011\/muistutus-talvesta\/\" class=\"more-link\">Jatka lukemista<span class=\"screen-reader-text\"> &#8221;Muistutus talvesta&#8221;<\/span><\/a><\/p>\n","protected":false},"author":1,"featured_media":0,"comment_status":"open","ping_status":"open","sticky":false,"template":"","format":"standard","meta":{"_jetpack_memberships_contains_paid_content":false,"footnotes":""},"categories":[18,3],"tags":[34,49,190,202],"class_list":["post-1339","post","type-post","status-publish","format-standard","hentry","category-arki-saksassa","category-arki-ulkomailla","tag-arki","tag-berliini","tag-saksa","tag-talvi"],"jetpack_featured_media_url":"","jetpack_sharing_enabled":true,"_links":{"self":[{"href":"https:\/\/www.vuosiamaailmalla.fi\/blog\/wp-json\/wp\/v2\/posts\/1339","targetHints":{"allow":["GET"]}}],"collection":[{"href":"https:\/\/www.vuosiamaailmalla.fi\/blog\/wp-json\/wp\/v2\/posts"}],"about":[{"href":"https:\/\/www.vuosiamaailmalla.fi\/blog\/wp-json\/wp\/v2\/types\/post"}],"author":[{"embeddable":true,"href":"https:\/\/www.vuosiamaailmalla.fi\/blog\/wp-json\/wp\/v2\/users\/1"}],"replies":[{"embeddable":true,"href":"https:\/\/www.vuosiamaailmalla.fi\/blog\/wp-json\/wp\/v2\/comments?post=1339"}],"version-history":[{"count":0,"href":"https:\/\/www.vuosiamaailmalla.fi\/blog\/wp-json\/wp\/v2\/posts\/1339\/revisions"}],"wp:attachment":[{"href":"https:\/\/www.vuosiamaailmalla.fi\/blog\/wp-json\/wp\/v2\/media?parent=1339"}],"wp:term":[{"taxonomy":"category","embeddable":true,"href":"https:\/\/www.vuosiamaailmalla.fi\/blog\/wp-json\/wp\/v2\/categories?post=1339"},{"taxonomy":"post_tag","embeddable":true,"href":"https:\/\/www.vuosiamaailmalla.fi\/blog\/wp-json\/wp\/v2\/tags?post=1339"}],"curies":[{"name":"wp","href":"https:\/\/api.w.org\/{rel}","templated":true}]}}