{"id":13390,"date":"2023-10-29T15:16:46","date_gmt":"2023-10-29T22:16:46","guid":{"rendered":"https:\/\/www.vuosiamaailmalla.fi\/blog\/?p=13390"},"modified":"2024-02-10T12:07:18","modified_gmt":"2024-02-10T20:07:18","slug":"ruskan-varittama-tyomatka","status":"publish","type":"post","link":"https:\/\/www.vuosiamaailmalla.fi\/blog\/2023\/ruskan-varittama-tyomatka\/","title":{"rendered":"Ruskan v\u00e4ritt\u00e4m\u00e4 ty\u00f6matka"},"content":{"rendered":"<p style=\"text-align: justify;\">Viimeinen vuosi on vienyt minua ty\u00f6matkoille poikkeuksellisen taajaan ja matkustaminen sai jatkoa t\u00e4ss\u00e4 kuussa, kun matkasin nyt jo nelj\u00e4tt\u00e4 kertaa vuoden sis\u00e4\u00e4n <a title=\"Kolme p\u00e4iv\u00e4\u00e4 Salt Lake Cityss\u00e4\" href=\"https:\/\/www.vuosiamaailmalla.fi\/blog\/2023\/kolme-paivaa-salt-lake-cityssa\/\">Salt Lake Cityyn<\/a>. Matkani tarkoituksena oli ottaa osaa suureen ty\u00f6pajaan ja p\u00e4\u00e4st\u00e4 hiomaan ensi vuoden suunnitelmia muutaman p\u00e4iv\u00e4n ajan. Kuten <a title=\"Maailman suurimman kuopan reunalla\" href=\"https:\/\/www.vuosiamaailmalla.fi\/blog\/2023\/maailman-suurimman-kuopan-reunalla\/\">aiemmillakin reissuilla<\/a>, matkaan tuli mahdutettua my\u00f6s hieman paikallisia maisemia.<\/p>\n<p><!--more--><\/p>\n<p style=\"text-align: center;\"><a href=\"\/blog\/wp-content\/uploads\/2023\/lennolla_utahiin1.jpg\"><img decoding=\"async\" src=\"\/blog\/wp-content\/uploads\/2023\/thumbs\/thumbs_lennolla_utahiin1.jpg\" \/><\/a><a href=\"\/blog\/wp-content\/uploads\/2023\/lennolla_utahiin2.jpg\"><img decoding=\"async\" src=\"\/blog\/wp-content\/uploads\/2023\/thumbs\/thumbs_lennolla_utahiin2.jpg\" \/><\/a><a href=\"\/blog\/wp-content\/uploads\/2023\/lennolla_utahiin3.jpg\"><img decoding=\"async\" src=\"\/blog\/wp-content\/uploads\/2023\/thumbs\/thumbs_lennolla_utahiin3.jpg\" \/><\/a><\/p>\n<p style=\"text-align: center;\"><em>Tuttu aamulento<\/em><\/p>\n<p style=\"text-align: justify;\">Menolento oli jo tutuksi tullut aikainen aamulento, jolla ehtii puoleksi p\u00e4iv\u00e4ksi Salt Lake Cityn ulkopuolella sijaitsevalle toimistollemme. Lentos\u00e4\u00e4 oli pilvinen ja Utahissa vastassa oli\u00a0 rankkoja sadekuuroja. Keli olikin ensimm\u00e4iset kaksi p\u00e4iv\u00e4\u00e4 sangen huono, mik\u00e4 ei haitannut, koska vietimme suurimman osan ajasta hotellimme ikkunattomassa konferenssitilassa.<\/p>\n<p style=\"text-align: center;\"><a href=\"\/blog\/wp-content\/uploads\/2023\/hotellimaisema_pilvinen.jpg\"><img decoding=\"async\" src=\"\/blog\/wp-content\/uploads\/2023\/hotellimaisema_pilvinen.jpg\" \/><\/a><\/p>\n<p style=\"text-align: center;\"><em>Sateinen alkumatka<\/em><\/p>\n<p style=\"text-align: justify;\">Pitkien ty\u00f6p\u00e4ivien p\u00e4\u00e4lle k\u00e4vimme iltaisin kokeilemassa meille uusia pikaruokaketjuja, kuten <em>Zaxby&#8217;s<\/em>, <em>Super Chix<\/em> ja <em>Culver&#8217;s<\/em>. Amerikasta l\u00f6ytyy ruokaketjuja siin\u00e4 m\u00e4\u00e4rin, ett\u00e4 viel\u00e4 n\u00e4in kymmenienkin matkojen j\u00e4lkeen tulee l\u00f6ydetty\u00e4 uusia paikkoja herkutella ja erityisesti Salt Lake Cityn alueelta tuntuu l\u00f6ytyv\u00e4n todella paljon eri ketjujen ravintoloita.<\/p>\n<p style=\"text-align: center;\"><a href=\"\/blog\/wp-content\/uploads\/2023\/rasvaista_roskaruokaa2.jpg\"><img decoding=\"async\" src=\"\/blog\/wp-content\/uploads\/2023\/thumbs\/thumbs_rasvaista_roskaruokaa2.jpg\" \/><\/a><a href=\"\/blog\/wp-content\/uploads\/2023\/rasvaista_roskaruokaa1.jpg\"><img decoding=\"async\" src=\"\/blog\/wp-content\/uploads\/2023\/thumbs\/thumbs_rasvaista_roskaruokaa1.jpg\" \/><\/a><a href=\"\/blog\/wp-content\/uploads\/2023\/herkullisia_herkkuja1.jpg\"><img decoding=\"async\" src=\"\/blog\/wp-content\/uploads\/2023\/thumbs\/thumbs_herkullisia_herkkuja1.jpg\" \/><\/a><\/p>\n<p style=\"text-align: center;\"><em>Matkaan mahtuu aina herkuttelua<\/em><\/p>\n<p style=\"text-align: justify;\">Matkan kolmantena p\u00e4iv\u00e4n\u00e4 pilvet v\u00e4istyiv\u00e4t viimein ja n\u00e4kyviin tulivat alueen upeat vuorijonot. 3582 metri\u00e4 korkea Utahin toiseksi korkein vuori Mount Timpanogos kohoaa tutusti aivan hotellin vierell\u00e4 ja syk\u00e4hdytt\u00e4\u00e4 kerta toisensa j\u00e4lkeen, erityisesti kun vuorijono oli saanut tuoreen lumihunnun. Huomasin nyt my\u00f6s ensimm\u00e4ist\u00e4 kertaa, ett\u00e4 sen rinteill\u00e4 on sangen runsaasti lehtimets\u00e4\u00e4, joka oli ruskasta kirkkaan punaista.<\/p>\n<p style=\"text-align: center;\"><a href=\"\/blog\/wp-content\/uploads\/2023\/hotellimaisema_aurinkoinen.jpg\"><img decoding=\"async\" src=\"\/blog\/wp-content\/uploads\/2023\/thumbs\/thumbs_hotellimaisema_aurinkoinen.jpg\" \/><\/a><a href=\"\/blog\/wp-content\/uploads\/2023\/ensilumi_mount_timpanogosilla4.jpg\"><img decoding=\"async\" src=\"\/blog\/wp-content\/uploads\/2023\/thumbs\/thumbs_ensilumi_mount_timpanogosilla4.jpg\" \/><\/a><a href=\"\/blog\/wp-content\/uploads\/2023\/ensilumi_mount_timpanogosilla5.jpg\"><img decoding=\"async\" src=\"\/blog\/wp-content\/uploads\/2023\/thumbs\/thumbs_ensilumi_mount_timpanogosilla5.jpg\" \/><\/a><br \/>\n<a href=\"\/blog\/wp-content\/uploads\/2023\/ensilumi_mount_timpanogosilla1.jpg\"><img decoding=\"async\" src=\"\/blog\/wp-content\/uploads\/2023\/thumbs\/thumbs_ensilumi_mount_timpanogosilla1.jpg\" \/><\/a><a href=\"\/blog\/wp-content\/uploads\/2023\/ensilumi_mount_timpanogosilla2.jpg\"><img decoding=\"async\" src=\"\/blog\/wp-content\/uploads\/2023\/thumbs\/thumbs_ensilumi_mount_timpanogosilla2.jpg\" \/><\/a><a href=\"\/blog\/wp-content\/uploads\/2023\/ensilumi_mount_timpanogosilla3.jpg\"><img decoding=\"async\" src=\"\/blog\/wp-content\/uploads\/2023\/thumbs\/thumbs_ensilumi_mount_timpanogosilla3.jpg\" \/><\/a><\/p>\n<p style=\"text-align: center;\"><em>Ruskaa Mount Timpanogosilla<\/em><\/p>\n<p style=\"text-align: justify;\">T\u00e4m\u00e4nkertaisella ty\u00f6matkallani oli mittaa nelj\u00e4 p\u00e4iv\u00e4\u00e4 ja paluup\u00e4iv\u00e4 torstaina meill\u00e4 oli muutama tunti aikaa n\u00e4hd\u00e4 paikkoja. P\u00e4\u00e4dyimme kollegani kanssa ajamaan yl\u00f6s l\u00e4heist\u00e4 American Fork Canyonia, joka ty\u00f6ntyy syv\u00e4lle Wasatch Mountainsin vuoristoon. Kanjoni on suosittu ulkoilualue, joka on viikonloppuisin t\u00e4ynn\u00e4 vaeltamaan ja telttailemaan saapuneita utahilaisia. Vierailu kanjonissa edellytt\u00e4\u00e4 kuuden dollarin p\u00e4\u00e4symatkan maksamista, mill\u00e4 yritet\u00e4\u00e4n rajoittaa vierailijoiden runsasta m\u00e4\u00e4r\u00e4\u00e4, hieman <a title=\"Ty\u00f6matka aavikolle\" href=\"https:\/\/www.vuosiamaailmalla.fi\/blog\/2022\/tyomatka-aavikolle\/\">Etel\u00e4-Utahin Moabissa<\/a> sijaitsevan upean <em>Arches National Parkin<\/em> tapaan.<\/p>\n<p style=\"text-align: center;\"><a href=\"\/blog\/wp-content\/uploads\/2023\/american_forks_canyon1.jpg\"><img decoding=\"async\" src=\"\/blog\/wp-content\/uploads\/2023\/thumbs\/thumbs_american_forks_canyon1.jpg\" \/><\/a><a href=\"\/blog\/wp-content\/uploads\/2023\/american_forks_canyon3.jpg\"><img decoding=\"async\" src=\"\/blog\/wp-content\/uploads\/2023\/thumbs\/thumbs_american_forks_canyon3.jpg\" \/><\/a><a href=\"\/blog\/wp-content\/uploads\/2023\/american_forks_canyon4.jpg\"><img decoding=\"async\" src=\"\/blog\/wp-content\/uploads\/2023\/thumbs\/thumbs_american_forks_canyon4.jpg\" \/><\/a><\/p>\n<p style=\"text-align: center;\"><em>American Fork Canyon<\/em><\/p>\n<p style=\"text-align: center;\"><a href=\"\/blog\/wp-content\/uploads\/2023\/american_forks_canyon2.jpg\"><img decoding=\"async\" src=\"\/blog\/wp-content\/uploads\/2023\/thumbs\/thumbs_american_forks_canyon2.jpg\" \/><\/a><\/p>\n<p style=\"text-align: center;\"><em>Syv\u00e4ll\u00e4 vuorten keskell\u00e4<\/em><\/p>\n<p style=\"text-align: justify;\">Torstaisena iltap\u00e4iv\u00e4n\u00e4 ihmisruuhkasta ei ollut tietoakaan ja saimmekin rauhassa ihailla jylhien sein\u00e4mien upeaa ruskaa. Erityisen kaunis on <em>Tibble Fork Reservoirin<\/em> tekoj\u00e4rvi, joka on muodostunut 1960-luvulla kastelutarkoituksiin rakennetun padon my\u00f6t\u00e4. J\u00e4rvi on kes\u00e4isin suosittu paikka meloa sek\u00e4 uida upeissa vuoristomaisemissa. J\u00e4rveen on my\u00f6s istutettu kalaa, joita paikallinen koululaisryhm\u00e4 oli saapunut narraamaan.<\/p>\n<p style=\"text-align: center;\"><a href=\"\/blog\/wp-content\/uploads\/2023\/tibble_fork_reservoir3.jpg\"><img decoding=\"async\" src=\"\/blog\/wp-content\/uploads\/2023\/thumbs\/thumbs_tibble_fork_reservoir3.jpg\" \/><\/a><a href=\"\/blog\/wp-content\/uploads\/2023\/tibble_fork_reservoir4.jpg\"><img decoding=\"async\" src=\"\/blog\/wp-content\/uploads\/2023\/thumbs\/thumbs_tibble_fork_reservoir4.jpg\" \/><\/a><a href=\"\/blog\/wp-content\/uploads\/2023\/tibble_fork_reservoir5.jpg\"><img decoding=\"async\" src=\"\/blog\/wp-content\/uploads\/2023\/thumbs\/thumbs_tibble_fork_reservoir5.jpg\" \/><\/a><br \/>\n<a href=\"\/blog\/wp-content\/uploads\/2023\/tibble_fork_reservoir1.jpg\"><img decoding=\"async\" src=\"\/blog\/wp-content\/uploads\/2023\/thumbs\/thumbs_tibble_fork_reservoir1.jpg\" \/><\/a><a href=\"\/blog\/wp-content\/uploads\/2023\/tibble_fork_reservoir2.jpg\"><img decoding=\"async\" src=\"\/blog\/wp-content\/uploads\/2023\/thumbs\/thumbs_tibble_fork_reservoir2.jpg\" \/><\/a><\/p>\n<p style=\"text-align: center;\"><em>Tibble Fork Reservoirin virkistysalue<\/em><\/p>\n<p style=\"text-align: justify;\">Upeat maisemat sek\u00e4 raikas ilma saivat n\u00e4l\u00e4n her\u00e4\u00e4m\u00e4n ja ajoimme j\u00e4rvelt\u00e4 j\u00e4lkiruoalle legendaariseen <em>Cheesecake Factoryyn<\/em>. L\u00e4hes nelj\u00e4nkymmenen eri juustokakun valikoimasta oli vaikea p\u00e4\u00e4tt\u00e4\u00e4 sit\u00e4 oikeaa, mutta onneksi listalla ei ole huonoja vaihtoehtoja!<\/p>\n<p style=\"text-align: center;\"><a href=\"\/blog\/wp-content\/uploads\/2023\/cheesecake_factory_utah1.jpg\"><img decoding=\"async\" src=\"\/blog\/wp-content\/uploads\/2023\/thumbs\/thumbs_cheesecake_factory_utah1.jpg\" \/><\/a><a href=\"\/blog\/wp-content\/uploads\/2023\/cheesecake_factory_utah2.jpg\"><img decoding=\"async\" src=\"\/blog\/wp-content\/uploads\/2023\/thumbs\/thumbs_cheesecake_factory_utah2.jpg\" \/><\/a><a href=\"\/blog\/wp-content\/uploads\/2023\/cheesecake_factory_utah3.jpg\"><img decoding=\"async\" src=\"\/blog\/wp-content\/uploads\/2023\/thumbs\/thumbs_cheesecake_factory_utah3.jpg\" \/><\/a><\/p>\n<p style=\"text-align: center;\"><em>Juustokakkutaivas<\/em><\/p>\n<p style=\"text-align: center;\"><a href=\"\/blog\/wp-content\/uploads\/2023\/herkullisia_herkkuja2.jpg\"><img decoding=\"async\" src=\"\/blog\/wp-content\/uploads\/2023\/herkullisia_herkkuja2.jpg\" \/><\/a><\/p>\n<p style=\"text-align: center;\"><em>Ei huonoa vaihtoehtoa<\/em><\/p>\n<p style=\"text-align: justify;\">Herkuttelun j\u00e4lkeen suuntasimme lentokent\u00e4lle, josta oma paluulentoni oli <a title=\"Hiihtolomalla Seattlessa\" href=\"https:\/\/www.vuosiamaailmalla.fi\/blog\/2019\/hiihtolomalla-seattlessa\/\">Seattlen<\/a> kautta. Laskeutuminen Seattleen on aina yht\u00e4 upea kokemus, sill\u00e4 kone kaartaa aivan 4392 metri\u00e4 korkean Mount Rainierin vierelt\u00e4, taustallaan 3743 metri\u00e4 korkea Mount Adamsin uinuva tulivuori.<\/p>\n<p style=\"text-align: center;\"><a href=\"\/blog\/wp-content\/uploads\/2023\/laskeutuminen_seatacille1.jpg\"><img decoding=\"async\" src=\"\/blog\/wp-content\/uploads\/2023\/thumbs\/thumbs_laskeutuminen_seatacille1.jpg\" \/><\/a><a href=\"\/blog\/wp-content\/uploads\/2023\/laskeutuminen_seatacille2.jpg\"><img decoding=\"async\" src=\"\/blog\/wp-content\/uploads\/2023\/thumbs\/thumbs_laskeutuminen_seatacille2.jpg\" \/><\/a><a href=\"\/blog\/wp-content\/uploads\/2023\/laskeutuminen_seatacille3.jpg\"><img decoding=\"async\" src=\"\/blog\/wp-content\/uploads\/2023\/thumbs\/thumbs_laskeutuminen_seatacille3.jpg\" \/><\/a><\/p>\n<p style=\"text-align: center;\"><em>Auringonlasku Seattlessa<\/em><\/p>\n<p style=\"text-align: justify;\">Vaihto Seattlessa tarjosi my\u00f6s tilaisuuden ottaa valokuva lentokent\u00e4n viime vuonna avautuneesta maailman pisimm\u00e4st\u00e4 kiitotien ylitt\u00e4v\u00e4st\u00e4 k\u00e4velysillasta, jonka alitse lentokoneet mahtuvat rullaamaan. Silta yhdist\u00e4\u00e4 aiemmin erill\u00e4\u00e4n olleen terminaalin varsinaiseen p\u00e4\u00e4terminaaliin ja on 237 metri\u00e4 pitk\u00e4 sek\u00e4 25 metri\u00e4 korkea, mik\u00e4 mahdollistaa jopa <a title=\"Lent\u00e4v\u00e4 j\u00e4ttil\u00e4inen\" href=\"https:\/\/www.vuosiamaailmalla.fi\/blog\/2016\/jattijumbo-laskeutuu\/\"><em>Airbus A380<\/em> superjumbon<\/a> alittaa se t\u00e4p\u00e4r\u00e4ll\u00e4 yhden metrin turvav\u00e4lill\u00e4. K\u00e4velysilta onkin melkoinen n\u00e4ky, mutta tunnelin olisi voinut olettaa olleen halvempi ratkaisu ongelmaan?<\/p>\n<p style=\"text-align: center;\"><a href=\"\/blog\/wp-content\/uploads\/2023\/seattlen_lentokentta1.jpg\"><img decoding=\"async\" src=\"\/blog\/wp-content\/uploads\/2023\/thumbs\/thumbs_seattlen_lentokentta1.jpg\" \/><\/a><a href=\"\/blog\/wp-content\/uploads\/2023\/seattlen_lentokentta2.jpg\"><img decoding=\"async\" src=\"\/blog\/wp-content\/uploads\/2023\/thumbs\/thumbs_seattlen_lentokentta2.jpg\" \/><\/a><\/p>\n<p style=\"text-align: center;\"><em>Uusi k\u00e4velysilta kiitotien ylitse<\/em><\/p>\n<p style=\"text-align: justify;\">Tuorein ty\u00f6matkani oli j\u00e4lleen onnistunut ja meni nopeaan. Heti seuraavana p\u00e4iv\u00e4n\u00e4 edess\u00e4 oli l\u00e4ht\u00f6 jo toiselle matkalle, matkatessamme perheen kanssa viett\u00e4m\u00e4\u00e4n kiitosp\u00e4iv\u00e4n pitk\u00e4\u00e4 viikonloppua kauniissa Comox Valleyss\u00e4. Utahiin tulee puolestaan matkattua seuraavan kerran tammikuussa, mik\u00e4 on ensimm\u00e4inen ty\u00f6matka alueelle <a title=\"Pikavierailu Utahissa\" href=\"https:\/\/www.vuosiamaailmalla.fi\/blog\/2024\/pikavierailu-utahissa\/\">keskell\u00e4 talvea<\/a>. Salt Lake City tuleekin n\u00e4kym\u00e4\u00e4n blogissa viel\u00e4 useaan otteeseen.<\/p>\n","protected":false},"excerpt":{"rendered":"<p>Viimeinen vuosi on vienyt minua ty\u00f6matkoille poikkeuksellisen taajaan ja matkustaminen sai jatkoa t\u00e4ss\u00e4 kuussa, kun matkasin nyt jo nelj\u00e4tt\u00e4 kertaa vuoden sis\u00e4\u00e4n Salt Lake Cityyn. Matkani tarkoituksena oli ottaa osaa suureen ty\u00f6pajaan ja p\u00e4\u00e4st\u00e4 hiomaan ensi vuoden suunnitelmia muutaman p\u00e4iv\u00e4n ajan. Kuten aiemmillakin reissuilla, matkaan tuli mahdutettua my\u00f6s hieman paikallisia maisemia.<\/p>\n","protected":false},"author":1,"featured_media":13393,"comment_status":"open","ping_status":"closed","sticky":false,"template":"","format":"standard","meta":{"_jetpack_memberships_contains_paid_content":false,"footnotes":""},"categories":[3,7,13,890],"tags":[1819,1821,361,602,1820,1741,1740,11],"class_list":["post-13390","post","type-post","status-publish","format-standard","has-post-thumbnail","hentry","category-arki-ulkomailla","category-matkakertomukset","category-tyoskentely-kanadassa","category-yhdysvallat","tag-american-fork-canyon","tag-mount-timpanogos","tag-ruska","tag-salt-lake-city","tag-tibble-fork-reservoir","tag-tyomatka","tag-utah","tag-matkakertomukset-yhdysvallat"],"jetpack_featured_media_url":"https:\/\/www.vuosiamaailmalla.fi\/blog\/wp-content\/uploads\/tibble_fork_reservoir_banner.jpg","jetpack_sharing_enabled":true,"_links":{"self":[{"href":"https:\/\/www.vuosiamaailmalla.fi\/blog\/wp-json\/wp\/v2\/posts\/13390","targetHints":{"allow":["GET"]}}],"collection":[{"href":"https:\/\/www.vuosiamaailmalla.fi\/blog\/wp-json\/wp\/v2\/posts"}],"about":[{"href":"https:\/\/www.vuosiamaailmalla.fi\/blog\/wp-json\/wp\/v2\/types\/post"}],"author":[{"embeddable":true,"href":"https:\/\/www.vuosiamaailmalla.fi\/blog\/wp-json\/wp\/v2\/users\/1"}],"replies":[{"embeddable":true,"href":"https:\/\/www.vuosiamaailmalla.fi\/blog\/wp-json\/wp\/v2\/comments?post=13390"}],"version-history":[{"count":7,"href":"https:\/\/www.vuosiamaailmalla.fi\/blog\/wp-json\/wp\/v2\/posts\/13390\/revisions"}],"predecessor-version":[{"id":13490,"href":"https:\/\/www.vuosiamaailmalla.fi\/blog\/wp-json\/wp\/v2\/posts\/13390\/revisions\/13490"}],"wp:featuredmedia":[{"embeddable":true,"href":"https:\/\/www.vuosiamaailmalla.fi\/blog\/wp-json\/wp\/v2\/media\/13393"}],"wp:attachment":[{"href":"https:\/\/www.vuosiamaailmalla.fi\/blog\/wp-json\/wp\/v2\/media?parent=13390"}],"wp:term":[{"taxonomy":"category","embeddable":true,"href":"https:\/\/www.vuosiamaailmalla.fi\/blog\/wp-json\/wp\/v2\/categories?post=13390"},{"taxonomy":"post_tag","embeddable":true,"href":"https:\/\/www.vuosiamaailmalla.fi\/blog\/wp-json\/wp\/v2\/tags?post=13390"}],"curies":[{"name":"wp","href":"https:\/\/api.w.org\/{rel}","templated":true}]}}