{"id":13408,"date":"2023-11-18T14:48:36","date_gmt":"2023-11-18T22:48:36","guid":{"rendered":"https:\/\/www.vuosiamaailmalla.fi\/blog\/?p=13408"},"modified":"2024-03-29T22:06:21","modified_gmt":"2024-03-30T05:06:21","slug":"kaikki-ennatykset-rikkonut-metsapalokausi","status":"publish","type":"post","link":"https:\/\/www.vuosiamaailmalla.fi\/blog\/2023\/kaikki-ennatykset-rikkonut-metsapalokausi\/","title":{"rendered":"Kaikki enn\u00e4tykset rikkonut mets\u00e4palokausi"},"content":{"rendered":"<p style=\"text-align: justify;\">Sateisen ja kolean syksyn keskell\u00e4 monen on vaikea muistaa, ett\u00e4 viel\u00e4 kaksi kuukautta sitten Kanadassa tuskailtiin enn\u00e4tyksellisen mets\u00e4palokauden keskell\u00e4. Vaikka Vancouver s\u00e4\u00e4styikin t\u00e4n\u00e4 vuonna kaikkein <a title=\"Maailman huonoin ilmanlaatu\" href=\"https:\/\/www.vuosiamaailmalla.fi\/blog\/2020\/maailman-huonoin-ilmanlaatu\/\">pahimmilta savuhaitoilta<\/a>, rikkoi mennyt kes\u00e4 silti l\u00e4hes kaikki mahdolliset enn\u00e4tykset, uhaten useita merkitt\u00e4vi\u00e4 asutuskeskuksia.<\/p>\n<p><!--more--><\/p>\n<p style=\"text-align: justify;\">Erityisen poikkeuksellisen vuodesta teki se, ett\u00e4 yleens\u00e4 hein\u00e4kuun alkupuolesta alkava mets\u00e4palokausi alkoi t\u00e4n\u00e4 vuonna jo toukokuusta. Kev\u00e4t koitti Albertassa sek\u00e4 Luoteisterritorioiden alueella paljon tavanomaista aiemmin ja oli 10-15 astetta normaalia l\u00e4mpim\u00e4mpi, joten maasto kuivui aikaisin ja ensimm\u00e4iset mets\u00e4palot roihahtivat toukokuussa.<\/p>\n<p style=\"text-align: center;\"><a href=\"\/blog\/wp-content\/uploads\/2023\/okanagan_liekeissa.jpg\"><img decoding=\"async\" src=\"\/blog\/wp-content\/uploads\/2023\/okanagan_liekeissa.jpg\" \/><\/a><\/p>\n<p style=\"text-align: center;\"><em>Aikainen alku mets\u00e4palokaudelle<\/em><\/p>\n<p style=\"text-align: justify;\">Alkukes\u00e4st\u00e4 my\u00f6s Kanadan yleens\u00e4 l\u00e4ntt\u00e4 kosteampi it\u00e4rannikko kuivui siin\u00e4 m\u00e4\u00e4rin, ett\u00e4 erityisesti Quebecin alueella roihahti suuria mets\u00e4paloja, jotka paloivat usean kuukauden ajan. Tilanne oli erityisen paha kes\u00e4-hein\u00e4kuun taitteessa, jolloin paloista syntynyt paksu savu saavutti jopa <a title=\"Kes\u00e4lomalla New Yorkissa\" href=\"https:\/\/www.vuosiamaailmalla.fi\/blog\/2011\/kesalomalla-new-yorkissa\/\">New Yorkin<\/a> ja <a title=\"Washington pime\u00e4n j\u00e4lkeen\" href=\"https:\/\/www.vuosiamaailmalla.fi\/blog\/2013\/washington-pimean-jalkeen\/\">Washingtonin<\/a> suurkaupungit. It\u00e4rannikolla ei ole totuttu Vancouverin ja l\u00e4nsirannikon kaltaiseen mets\u00e4palosavusta johtuvaan huonoon ilmanlaatuun, joten asia sai poikkeuksellisen runsaasti huomiota mediassa, aina Suomea my\u00f6ten.<\/p>\n<p style=\"text-align: justify;\">Vaikka Quebecin 5,2 miljoonan hehtaarin laajuiset mets\u00e4palot olivatkin enn\u00e4tyksellisen laajoja, alkoivat ne laantua hein\u00e4kuun loppua kohden, kun <a title=\"Kiusana Pineapple Express ja nor\u2019easter\" href=\"https:\/\/www.vuosiamaailmalla.fi\/blog\/2014\/pineapple-express-ja-noreaster-kiusana\/\">sik\u00e4l\u00e4inen myrskykausi<\/a> tuo yleens\u00e4 mukanaan kosteutta. Samaan aikaan kes\u00e4 oli kuitenkin vasta aluillaan rutikuivana l\u00e4nness\u00e4 sek\u00e4 erityisesti pohjoisessa, jossa riehui useita j\u00e4ttim\u00e4isi\u00e4 jopa sadan kilometrin laajuisia mets\u00e4paloja valtavan Great Slave Laken ymp\u00e4rist\u00f6ss\u00e4.<\/p>\n<p style=\"text-align: center;\"><a href=\"\/blog\/wp-content\/uploads\/2023\/yellowknifen_ymparysta_tulessa.jpg\"><img decoding=\"async\" src=\"\/blog\/wp-content\/uploads\/2023\/yellowknifen_ymparysta_tulessa.jpg\" \/><\/a><\/p>\n<p style=\"text-align: center;\"><em>Yellowknife tulen piiritt\u00e4m\u00e4n\u00e4<\/em><\/p>\n<p style=\"text-align: justify;\">J\u00e4rven pohjoisrannalla sijaitsee Luoteisterritorioiden p\u00e4\u00e4kaupunki Yellowknife, jota kohti liikkui elokuun alussa useita suuria palorintamia. Koska kaupunkiin johtaa tasan yksi maantie, teki territorion hallitus elokuun 16. p\u00e4iv\u00e4 historiallisen p\u00e4\u00e4t\u00f6ksen koko 20 000 asukkaan kaupungin evakuoinnista. Evakuointi suoritettiin maanteitse sek\u00e4 armeijan avustamana ilmateitse ja evakuointilentoja saapui my\u00f6s Vancouveriin. Muutaman kriittisen p\u00e4iv\u00e4n j\u00e4lkeen alueella saatiin onneksi voimakkaita sadekuuroja, jotka pys\u00e4yttiv\u00e4t palot l\u00e4himmill\u00e4\u00e4n noin 15 kilometrin p\u00e4\u00e4h\u00e4n kaupungista.<\/p>\n<p style=\"text-align: center;\"><a href=\"\/blog\/wp-content\/uploads\/2023\/yellowknifen_evakuointi2.jpg\"><img decoding=\"async\" src=\"\/blog\/wp-content\/uploads\/2023\/thumbs\/thumbs_yellowknifen_evakuointi2.jpg\" \/><\/a><a href=\"\/blog\/wp-content\/uploads\/2023\/yellowknifen_evakuointi1.jpg\"><img decoding=\"async\" src=\"\/blog\/wp-content\/uploads\/2023\/thumbs\/thumbs_yellowknifen_evakuointi1.jpg\" \/><\/a><\/p>\n<p style=\"text-align: center;\"><em>Kaupungin evakuointiin kului kaksi p\u00e4iv\u00e4\u00e4<\/em><\/p>\n<p style=\"text-align: justify;\">Ainoastaan muutamaa p\u00e4iv\u00e4\u00e4 my\u00f6hemmin kaikkien huomio siirtyi British Columbian sis\u00e4maassa sijaitsevaan Kelownan kaupunkiin, kun alkujaan pieni maastopalo yltyi voimakkaiden tuulten ajamana vaaralliseksi suurpaloksi. Tilanne k\u00e4rjistyi elokuun 17. p\u00e4iv\u00e4n iltana yll\u00e4tt\u00e4en ihmiset, jotka havahtuivat tuleen vasta sen ylitetty\u00e4 vuoren harjanteen ja tultua n\u00e4kyviin. Maantiet t\u00e4yttyiv\u00e4t pakenevien asukkaiden autoista vuoden 2016 tuhoisan <a title=\"Fort McMurrayn tulimyrsky\" href=\"https:\/\/www.vuosiamaailmalla.fi\/blog\/2016\/fort-mcmurrayn-tulimyrsky\/\">Fort McMurrayn tulimyrskyn<\/a> tapaan samaan aikaan, kun alueen kaikki paloyksik\u00f6t suuntasivat torjumaan vaarallista palorintamaa.<\/p>\n<p style=\"text-align: center;\"><iframe loading=\"lazy\" title=\"YouTube video player\" src=\"https:\/\/www.youtube-nocookie.com\/embed\/xXIlSL__VOU?si=-1j9XGV5Oof1QkZP\" width=\"560\" height=\"315\" frameborder=\"0\" allowfullscreen=\"allowfullscreen\"><\/iframe><\/p>\n<p style=\"text-align: center;\"><em>Aggressiivinen McDougall Creekin palo<\/em><\/p>\n<p style=\"text-align: justify;\">Dramaattinen k\u00e4\u00e4nne koettiin y\u00f6ll\u00e4, kun tulen onnistui tehd\u00e4 mahdottomana pidetty hyppy kahden kilometrin levyisen Okanagan Laken vastarannalle. Nyt tuli uhkasi koko Kelownan 144 000 asukkaan kaupunkia ja sen keskustaa, mink\u00e4 vuoksi 35 000 ihmist\u00e4 k\u00e4skettiin j\u00e4tt\u00e4m\u00e4\u00e4n pikaisesti kotinsa ja pakenemaan tulen alta.<\/p>\n<p style=\"text-align: center;\"><a href=\"\/blog\/wp-content\/uploads\/2023\/kelowna_metsapalo1.jpg\"><img decoding=\"async\" src=\"\/blog\/wp-content\/uploads\/2023\/thumbs\/thumbs_kelowna_metsapalo1.jpg\" \/><\/a><a href=\"\/blog\/wp-content\/uploads\/2023\/kelowna_metsapalo2.jpg\"><img decoding=\"async\" src=\"\/blog\/wp-content\/uploads\/2023\/thumbs\/thumbs_kelowna_metsapalo2.jpg\" \/><\/a><a href=\"\/blog\/wp-content\/uploads\/2023\/kelowna_metsapalo3.jpg\"><img decoding=\"async\" src=\"\/blog\/wp-content\/uploads\/2023\/thumbs\/thumbs_kelowna_metsapalo3.jpg\" \/><\/a><\/p>\n<p style=\"text-align: center;\"><em>Suurpalo aivan kaupungin kyljess\u00e4<\/em><\/p>\n<p style=\"text-align: justify;\">Sadat palomiehet taistelivat tulta vastaa seuraavat 24 tuntia onnistuen siin\u00e4 m\u00e4\u00e4rin, ett\u00e4 ainoastaan 190 kotia tuhoutui, eik\u00e4 yht\u00e4\u00e4n henke\u00e4 menetetty. Tuli uhkasi jopa 3500 kotia, joten urheiden palomiesten onnistui suorittaa ihme sit\u00e4 vastaan. Monen kodin valvontakameroihin tallentuikin hurjaa materiaalia palomiehist\u00e4 taistelemassa ainoastaan metrien p\u00e4\u00e4ss\u00e4 riehuvaa raivoisaa tulta vastaan. Kahden p\u00e4iv\u00e4n j\u00e4lkeen palo saatiin onneksi kokonaan hallintaan alueen yli kulkeneen saderintaman avustamana.<\/p>\n<p style=\"text-align: center;\"><a href=\"\/blog\/wp-content\/uploads\/2023\/kelowna_metsapalo_kartta.jpg\"><img decoding=\"async\" src=\"\/blog\/wp-content\/uploads\/2023\/kelowna_metsapalo_kartta.jpg\" \/><\/a><\/p>\n<p style=\"text-align: center;\"><em>J\u00e4rven yli hyp\u00e4nnyt tuli<\/em><\/p>\n<p style=\"text-align: justify;\">Mets\u00e4palojen lukum\u00e4\u00e4r\u00e4ss\u00e4 mitattuna vuosi 2023 on ollut sangen tyypillinen vuosi ja yhteens\u00e4 6623 mets\u00e4paloa on vain noin puolet vuoden 1989 enn\u00e4tyksest\u00e4. T\u00e4ysin poikkeuksellista on ollut kuitenkin palojen laajuus, sill\u00e4 mets\u00e4\u00e4 on palanut per\u00e4ti kuusi kertaa normaalia enemm\u00e4n. Yhteens\u00e4 t\u00e4n\u00e4 vuonna paloi mets\u00e4\u00e4 <strong>18,4 miljoonaa hehtaaria<\/strong>, mik\u00e4 vastaa 54% Suomen pinta-alasta! Kanada itsess\u00e4\u00e4n on valtavan kokoinen valtio, mutta silti vuoden 2023 mets\u00e4palot vastaavat 2% senkin maa-alasta!<\/p>\n<p style=\"text-align: center;\"><a href=\"\/blog\/wp-content\/uploads\/2023\/2023_metsapalokartta.jpg\"><img decoding=\"async\" src=\"\/blog\/wp-content\/uploads\/2023\/2023_metsapalokartta.jpg\" \/><\/a><\/p>\n<p style=\"text-align: center;\"><em>Kaksi prosenttia Kanadasta paloi<\/em><\/p>\n<p style=\"text-align: center;\"><a href=\"\/blog\/wp-content\/uploads\/2023\/2023_metsapalojen_laajuus.jpg\"><img decoding=\"async\" src=\"\/blog\/wp-content\/uploads\/2023\/thumbs\/thumbs_2023_metsapalojen_laajuus.jpg\" \/><\/a><a href=\"\/blog\/wp-content\/uploads\/2023\/2023_metsapalojen_lukumaara.jpg\"><img decoding=\"async\" src=\"\/blog\/wp-content\/uploads\/2023\/thumbs\/thumbs_2023_metsapalojen_lukumaara.jpg\" \/><\/a><\/p>\n<p style=\"text-align: center;\"><em>Enn\u00e4tyksellisen tuhon vuosi<\/em><\/p>\n<p style=\"text-align: justify;\">J\u00e4ttim\u00e4isill\u00e4 mets\u00e4paloilla on ollut my\u00f6s vaikutusta ilmastoon ja kes\u00e4n palojen arvioidaan tuottaneen 1740 megatonnia hiilidioksidia, mik\u00e4 on kolme kertaa Kanadan vuosittaiset hiilidioksidip\u00e4\u00e4st\u00f6t. Arvioiden mukaan 2023 onkin ensimm\u00e4inen vuosi, kun maan valtavat mets\u00e4t tuottivat enemm\u00e4n hiilidioksidia kuin niihin sitoutui, mik\u00e4 on huolestuttava tieto.<\/p>\n<p style=\"text-align: center;\"><a href=\"\/blog\/wp-content\/uploads\/2023\/hiilidioksidipaastoja.jpg\"><img decoding=\"async\" src=\"\/blog\/wp-content\/uploads\/2023\/hiilidioksidipaastoja.jpg\" \/><\/a><\/p>\n<p style=\"text-align: center;\"><em>Valtavat hiilidioksidip\u00e4\u00e4st\u00f6t<\/em><\/p>\n<p style=\"text-align: justify;\">Enn\u00e4tyksist\u00e4 huolimatta mets\u00e4palot pysyiv\u00e4t otsikoissa ja ihmisten mieliss\u00e4 ainoastaan <a title=\"V\u00e4rik\u00e4s syksy\" href=\"https:\/\/www.vuosiamaailmalla.fi\/blog\/2023\/varikas-syksy\/\">syyssateisiin saakka<\/a>, jolloin muut aiheet korvasivat ne p\u00e4\u00e4asiallisena huolenaiheena. Esimerkiksi Kelownan kuumana k\u00e4yneiden asuntomarkkinoiden ennakoitiin laskevan suurpalon j\u00e4ljilt\u00e4 ihmisten kannettua huolta alueen tulevaisuudesta, mutta mit\u00e4\u00e4n laskua ei kuitenkaan n\u00e4hty. Hankalaksi mets\u00e4palot ja laajat tuhot tekev\u00e4t silti kotivakuutusten saannin yh\u00e4 laajemmilla alueilla, vakuutusyhti\u00f6iden korotettua riskiarviointejaan viime vuosien tuhojen perusteella.<\/p>\n<p style=\"text-align: center;\"><a href=\"\/blog\/wp-content\/uploads\/2023\/palanutta_metsaa.jpg\"><img decoding=\"async\" src=\"\/blog\/wp-content\/uploads\/2023\/palanutta_metsaa.jpg\" \/><\/a><\/p>\n<p style=\"text-align: center;\"><em>Palanut mets\u00e4 uudistuu<\/em><\/p>\n<p style=\"text-align: justify;\">Moni my\u00f6s miettii, mit\u00e4 ensi vuosi voi tuoda tullessaan. Ennusteita vaikeuttaa meneill\u00e4\u00e4n oleva <em>El Ni\u00f1o<\/em> -jakso, joka l\u00e4mmitt\u00e4\u00e4 tyynt\u00e4merta sek\u00e4 pohjoista ilmastoa. Vaikka ensi vuoden ennakoidaankin olevan kuuma, eiv\u00e4t asiantuntijat silti odota siit\u00e4 t\u00e4m\u00e4n vuoden veroista, vuosien poiketessa usein toisistaan. Paljon riippuu my\u00f6s siit\u00e4 miten runsaasti t\u00e4n\u00e4 talvena saadaan lunta ja millainen <a title=\"Aikainen El Ni\u00f1o kev\u00e4t\" href=\"https:\/\/www.vuosiamaailmalla.fi\/blog\/2024\/aikainen-el-nino-kevat\/\">ensi kev\u00e4\u00e4st\u00e4<\/a> sek\u00e4 alkukes\u00e4st\u00e4 muodostuu, mik\u00e4 n\u00e4ht\u00e4neen vasta tuolloin.<\/p>\n","protected":false},"excerpt":{"rendered":"<p>Sateisen ja kolean syksyn keskell\u00e4 monen on vaikea muistaa, ett\u00e4 viel\u00e4 kaksi kuukautta sitten Kanadassa tuskailtiin enn\u00e4tyksellisen mets\u00e4palokauden keskell\u00e4. Vaikka Vancouver s\u00e4\u00e4styikin t\u00e4n\u00e4 vuonna kaikkein pahimmilta savuhaitoilta, rikkoi mennyt kes\u00e4 silti l\u00e4hes kaikki mahdolliset enn\u00e4tykset, uhaten useita merkitt\u00e4vi\u00e4 asutuskeskuksia.<\/p>\n","protected":false},"author":1,"featured_media":13411,"comment_status":"open","ping_status":"closed","sticky":false,"template":"","format":"standard","meta":{"_jetpack_memberships_contains_paid_content":false,"footnotes":""},"categories":[17,3],"tags":[25,1835,935,584,159,875,1822],"class_list":["post-13408","post","type-post","status-publish","format-standard","has-post-thumbnail","hentry","category-arki-kanadassa","category-arki-ulkomailla","tag-ajankohtaista","tag-el-nino","tag-kanada","tag-kelowna","tag-kesa","tag-metsapalo","tag-yellowknife"],"jetpack_featured_media_url":"https:\/\/www.vuosiamaailmalla.fi\/blog\/wp-content\/uploads\/kelowna_metsapalo_banner.jpg","jetpack_sharing_enabled":true,"_links":{"self":[{"href":"https:\/\/www.vuosiamaailmalla.fi\/blog\/wp-json\/wp\/v2\/posts\/13408","targetHints":{"allow":["GET"]}}],"collection":[{"href":"https:\/\/www.vuosiamaailmalla.fi\/blog\/wp-json\/wp\/v2\/posts"}],"about":[{"href":"https:\/\/www.vuosiamaailmalla.fi\/blog\/wp-json\/wp\/v2\/types\/post"}],"author":[{"embeddable":true,"href":"https:\/\/www.vuosiamaailmalla.fi\/blog\/wp-json\/wp\/v2\/users\/1"}],"replies":[{"embeddable":true,"href":"https:\/\/www.vuosiamaailmalla.fi\/blog\/wp-json\/wp\/v2\/comments?post=13408"}],"version-history":[{"count":5,"href":"https:\/\/www.vuosiamaailmalla.fi\/blog\/wp-json\/wp\/v2\/posts\/13408\/revisions"}],"predecessor-version":[{"id":13568,"href":"https:\/\/www.vuosiamaailmalla.fi\/blog\/wp-json\/wp\/v2\/posts\/13408\/revisions\/13568"}],"wp:featuredmedia":[{"embeddable":true,"href":"https:\/\/www.vuosiamaailmalla.fi\/blog\/wp-json\/wp\/v2\/media\/13411"}],"wp:attachment":[{"href":"https:\/\/www.vuosiamaailmalla.fi\/blog\/wp-json\/wp\/v2\/media?parent=13408"}],"wp:term":[{"taxonomy":"category","embeddable":true,"href":"https:\/\/www.vuosiamaailmalla.fi\/blog\/wp-json\/wp\/v2\/categories?post=13408"},{"taxonomy":"post_tag","embeddable":true,"href":"https:\/\/www.vuosiamaailmalla.fi\/blog\/wp-json\/wp\/v2\/tags?post=13408"}],"curies":[{"name":"wp","href":"https:\/\/api.w.org\/{rel}","templated":true}]}}