{"id":13423,"date":"2023-12-16T21:32:13","date_gmt":"2023-12-17T05:32:13","guid":{"rendered":"https:\/\/www.vuosiamaailmalla.fi\/blog\/?p=13423"},"modified":"2024-01-27T15:11:25","modified_gmt":"2024-01-27T23:11:25","slug":"piparin-tuoksuiset-joulumyyjaiset","status":"publish","type":"post","link":"https:\/\/www.vuosiamaailmalla.fi\/blog\/2023\/piparin-tuoksuiset-joulumyyjaiset\/","title":{"rendered":"Piparintuoksuinen joulunalus"},"content":{"rendered":"<p style=\"text-align: justify;\">Joulumyyj\u00e4iset kuuluvat monen joulunalusaikaan ja Burnabyn <a href=\"https:\/\/scancentre.org\/\"><em>Skandinaviakeskuksella<\/em><\/a> j\u00e4rjestett\u00e4v\u00e4t suomalaiset joulumyyj\u00e4iset ovat yksi Vancouverin alueen lukuisista myyj\u00e4isist\u00e4. Vaikka asummekin vain kymmenen minuuttia keskukselta, olemme k\u00e4yneet myyj\u00e4isiss\u00e4 ainoastaan <a title=\"Suomalaisilla joulumyyj\u00e4isill\u00e4\" href=\"https:\/\/www.vuosiamaailmalla.fi\/blog\/2019\/suomalaisilla-joulumyyjaisilla\/\">kerran aiemmin<\/a>. Itse keskus on kuitenkin tullut meille tutuksi, sill\u00e4 k\u00e4ymme siell\u00e4 joka toinen viikko iloisessa musiikkileikkikoulussa, jossa on ollut t\u00e4n\u00e4 syksyn\u00e4 mukana leikkim\u00e4ss\u00e4 16 suomalaista taaperoa ja vauvaa.<\/p>\n<p><!--more--><\/p>\n<p style=\"text-align: center;\"><a href=\"\/blog\/wp-content\/uploads\/2023\/jouluvalmisteluita.jpg\"><img decoding=\"async\" src=\"\/blog\/wp-content\/uploads\/2023\/jouluvalmisteluita.jpg\" \/><\/a><\/p>\n<p style=\"text-align: center;\"><em>Joulupuuhissa kotosalla<\/em><\/p>\n<p style=\"text-align: center;\"><a href=\"\/blog\/wp-content\/uploads\/2023\/suomalaiset_joulumyyjaiset1.jpg\"><img decoding=\"async\" src=\"\/blog\/wp-content\/uploads\/2023\/thumbs\/thumbs_suomalaiset_joulumyyjaiset1.jpg\" \/><\/a><a href=\"\/blog\/wp-content\/uploads\/2023\/suomalaiset_joulumyyjaiset9.jpg\"><img decoding=\"async\" src=\"\/blog\/wp-content\/uploads\/2023\/thumbs\/thumbs_suomalaiset_joulumyyjaiset9.jpg\" \/><\/a><\/p>\n<p style=\"text-align: center;\"><em>Pitk\u00e4 jono joulumarkkinoille<\/em><\/p>\n<p style=\"text-align: justify;\">Keskuksella j\u00e4rjestett\u00e4v\u00e4t joulumyyj\u00e4iset ovat suosittu tapahtuma ja jokainen Pohjoismaa j\u00e4rjest\u00e4\u00e4 omansa marras-joulukuun taitteessa. Suomalaiset joulumyyj\u00e4iset ajoittuvat yleens\u00e4 marraskuun loppuun, kuten my\u00f6s t\u00e4n\u00e4 vuonna. Paikalle on syyt\u00e4 saapua hyviss\u00e4 ajoin ja meid\u00e4n tullessa paikalle minuutilleen kello yksitoista, oli keskuksen ovilla jo parin sadan ihmisen jono. P\u00e4\u00e4simme kuitenkin nopeasti sis\u00e4lle, miss\u00e4 myyj\u00e4t olivat viritt\u00e4neet tavaransa kauniisti esille.<\/p>\n<p style=\"text-align: center;\"><a href=\"\/blog\/wp-content\/uploads\/2023\/suomalaiset_joulumyyjaiset4.jpg\"><img decoding=\"async\" src=\"\/blog\/wp-content\/uploads\/2023\/thumbs\/thumbs_suomalaiset_joulumyyjaiset4.jpg\" \/><\/a><a href=\"\/blog\/wp-content\/uploads\/2023\/suomalaiset_joulumyyjaiset5.jpg\"><img decoding=\"async\" src=\"\/blog\/wp-content\/uploads\/2023\/thumbs\/thumbs_suomalaiset_joulumyyjaiset5.jpg\" \/><\/a><a href=\"\/blog\/wp-content\/uploads\/2023\/suomalaiset_joulumyyjaiset6.jpg\"><img decoding=\"async\" src=\"\/blog\/wp-content\/uploads\/2023\/thumbs\/thumbs_suomalaiset_joulumyyjaiset6.jpg\" \/><\/a><br \/>\n<a href=\"\/blog\/wp-content\/uploads\/2023\/suomalaiset_joulumyyjaiset2.jpg\"><img decoding=\"async\" src=\"\/blog\/wp-content\/uploads\/2023\/thumbs\/thumbs_suomalaiset_joulumyyjaiset2.jpg\" \/><\/a><a href=\"\/blog\/wp-content\/uploads\/2023\/suomalaiset_joulumyyjaiset3.jpg\"><img decoding=\"async\" src=\"\/blog\/wp-content\/uploads\/2023\/thumbs\/thumbs_suomalaiset_joulumyyjaiset3.jpg\" \/><\/a><a href=\"\/blog\/wp-content\/uploads\/2023\/suomalaiset_joulumyyjaiset7.jpg\"><img decoding=\"async\" src=\"\/blog\/wp-content\/uploads\/2023\/thumbs\/thumbs_suomalaiset_joulumyyjaiset7.jpg\" \/><\/a><\/p>\n<p style=\"text-align: center;\"><em>Myynniss\u00e4 monenlaista esinett\u00e4 ja sy\u00f6t\u00e4v\u00e4\u00e4<\/em><\/p>\n<p style=\"text-align: justify;\">Myynniss\u00e4 oli totuttuun tapaan k\u00e4sit\u00f6it\u00e4, taide-esineit\u00e4 sek\u00e4 tietenkin suomalaista ruokaa, kuten karjalanpiirakoita ja ruisleip\u00e4\u00e4. Leip\u00e4\u00e4 sek\u00e4 joulutorttuja l\u00e4htikin korillinen matkaamme kotona herkuteltavaksi, mink\u00e4 lis\u00e4ksi ihailimme n\u00e4ytill\u00e4 ollutta laajaa karkkivalikoimaa, johon kuului t\u00e4n\u00e4 vuonna my\u00f6s erilaisia karkkikalentereita &#8211; sangen houkuttelevaa!<\/p>\n<p style=\"text-align: center;\"><a href=\"\/blog\/wp-content\/uploads\/2023\/suomalaiset_joulumyyjaiset8.jpg\"><img decoding=\"async\" src=\"\/blog\/wp-content\/uploads\/2023\/suomalaiset_joulumyyjaiset8.jpg\" \/><\/a><\/p>\n<p style=\"text-align: center;\"><em>Tilaisuus t\u00e4ydent\u00e4\u00e4 herkkuvarasto<\/em><\/p>\n<p style=\"text-align: justify;\">Myyj\u00e4isiss\u00e4 oli t\u00e4n\u00e4kin vuonna kova vilin\u00e4 ja suuri osa vieraista vaikutti olevan joko paikallisia suomalaisia tai omaavan suomalaisia sukujuuria, joskin joukossa oli my\u00f6s uteliaita kanadalaisia sek\u00e4 muita pohjoismaalaisia. Satuimme my\u00f6s n\u00e4kem\u00e4\u00e4n muutaman muskarista tutun vanhemman ja lapsia, joita j\u00e4nnitti kovasti itse joulupukin n\u00e4keminen. Meid\u00e4n Fionaa yst\u00e4v\u00e4llinen valkoparta pelotti siin\u00e4 m\u00e4\u00e4rin, ettei pukin polvelle ollut asiaa, mutta saimmepahan otettua hauskan joulukuvan muistoksi tapaamisesta.<\/p>\n<p style=\"text-align: center;\"><a href=\"\/blog\/wp-content\/uploads\/2023\/suomi_muskarin_joulujuhlat3.jpg\"><img decoding=\"async\" src=\"\/blog\/wp-content\/uploads\/2023\/suomi_muskarin_joulujuhlat3.jpg\" \/><\/a><\/p>\n<p style=\"text-align: center;\"><em>Kiltti valkoparta<\/em><\/p>\n<p style=\"text-align: justify;\">Burnabyn suomalaisia joulumyyj\u00e4isi\u00e4 voi kyll\u00e4 suositella l\u00e4mpim\u00e4sti, sill\u00e4 ne ovat perinteisen suomalaiset. Eik\u00e4 vierailu niill\u00e4 maksa mit\u00e4\u00e4n, toisin kuin viime vuosina kylm\u00e4ksi rahastukseksi muuttuneilla <a title=\"Pitk\u00e4st\u00e4 aikaa joulumarkkinoilla\" href=\"https:\/\/www.vuosiamaailmalla.fi\/blog\/2015\/pitkasta-aikaa-joulumarkkinoilla\/\">Vancouverin joulumarkkinoilla<\/a>.<\/p>\n<p style=\"text-align: justify;\">Kaksi viikkoa myyj\u00e4isten j\u00e4lkeen keskuksella j\u00e4rjestettiin muskarin sek\u00e4 sen yhdess\u00e4 toimivan Suomi-koulun yhteiset joulujuhlat. Meill\u00e4kin oli harjoiteltu kotona juhlien esityksi\u00e4, kuten <em>Soihdut sammuu<\/em> -laulua sek\u00e4 <em>Revontulitanssia<\/em>, jonka pienokaiset esittiv\u00e4t. Muuten juhliin kuului vanhaa kunnon yhteislaulua ja piipahtipa paikalla my\u00f6s itse joulupukki, muistaen muskarilaisia pienell\u00e4 pikkujoulupaketilla.<\/p>\n<p style=\"text-align: center;\"><a href=\"\/blog\/wp-content\/uploads\/2023\/suomi_muskarin_joulujuhlat2.jpg\"><img decoding=\"async\" src=\"\/blog\/wp-content\/uploads\/2023\/thumbs\/thumbs_suomi_muskarin_joulujuhlat2.jpg\" \/><\/a><a href=\"\/blog\/wp-content\/uploads\/2023\/suomi_muskarin_joulujuhlat1.jpg\"><img decoding=\"async\" src=\"\/blog\/wp-content\/uploads\/2023\/thumbs\/thumbs_suomi_muskarin_joulujuhlat1.jpg\" \/><\/a><\/p>\n<p style=\"text-align: center;\"><em>Muskarin perinteinen joulujuhla<\/em><\/p>\n<p style=\"text-align: justify;\">Toiminta Skandinaviakeskuksella on todella mukavaa ja se on uskomaton tuuri, ett\u00e4 Vancouverista voi l\u00f6yt\u00e4\u00e4 palan suomalaista kulttuuria. Olemme mukana muskarissa nyt toista vuotta ja tarkoitus on jatkaa toiminnassa my\u00f6s Suomi-koulun kautta, Fionan kasvaessa. Toiminnan kautta tulee tutustuttua my\u00f6s muihin suomalaisiin, joita muuttaa Vancouveriin vuosittain samaan tapana kuin mekin pian <a title=\"12 vuotta Kanadassa\" href=\"https:\/\/www.vuosiamaailmalla.fi\/blog\/2024\/12-vuotta-kanadassa\/\">12 vuotta sitten<\/a>.<\/p>\n<p style=\"text-align: center;\"><a href=\"\/blog\/wp-content\/uploads\/2023\/suomi_muskari3.jpg\"><img decoding=\"async\" src=\"\/blog\/wp-content\/uploads\/2023\/thumbs\/thumbs_suomi_muskari3.jpg\" \/><\/a><a href=\"\/blog\/wp-content\/uploads\/2023\/suomi_muskari1.jpg\"><img decoding=\"async\" src=\"\/blog\/wp-content\/uploads\/2023\/thumbs\/thumbs_suomi_muskari1.jpg\" \/><\/a><a href=\"\/blog\/wp-content\/uploads\/2023\/suomi_muskari2.jpg\"><img decoding=\"async\" src=\"\/blog\/wp-content\/uploads\/2023\/thumbs\/thumbs_suomi_muskari2.jpg\" \/><\/a><\/p>\n<p style=\"text-align: center;\"><em>Muskarivuosi on ollut hauska<\/em><\/p>\n","protected":false},"excerpt":{"rendered":"<p>Joulumyyj\u00e4iset kuuluvat monen joulunalusaikaan ja Burnabyn Skandinaviakeskuksella j\u00e4rjestett\u00e4v\u00e4t suomalaiset joulumyyj\u00e4iset ovat yksi Vancouverin alueen lukuisista myyj\u00e4isist\u00e4. Vaikka asummekin vain kymmenen minuuttia keskukselta, olemme k\u00e4yneet myyj\u00e4isiss\u00e4 ainoastaan kerran aiemmin. Itse keskus on kuitenkin tullut meille tutuksi, sill\u00e4 k\u00e4ymme siell\u00e4 joka toinen viikko iloisessa musiikkileikkikoulussa, jossa on ollut t\u00e4n\u00e4 syksyn\u00e4 mukana leikkim\u00e4ss\u00e4 16 suomalaista taaperoa ja vauvaa.<\/p>\n","protected":false},"author":1,"featured_media":13428,"comment_status":"open","ping_status":"closed","sticky":false,"template":"","format":"standard","meta":{"_jetpack_memberships_contains_paid_content":false,"footnotes":""},"categories":[17,3,1621],"tags":[34,77,589,264,274,1823,1459,198,1035],"class_list":["post-13423","post","type-post","status-publish","format-standard","has-post-thumbnail","hentry","category-arki-kanadassa","category-arki-ulkomailla","category-perhe-kanadassa","tag-arki","tag-burnaby","tag-burnaby-brentwood","tag-joulu","tag-joulumarkkinat","tag-muskari","tag-skandinaviakeskus","tag-suomi","tag-ulkosuomalaisuus"],"jetpack_featured_media_url":"https:\/\/www.vuosiamaailmalla.fi\/blog\/wp-content\/uploads\/suomi_muskarin_joulujuhlat_banner.jpg","jetpack_sharing_enabled":true,"_links":{"self":[{"href":"https:\/\/www.vuosiamaailmalla.fi\/blog\/wp-json\/wp\/v2\/posts\/13423","targetHints":{"allow":["GET"]}}],"collection":[{"href":"https:\/\/www.vuosiamaailmalla.fi\/blog\/wp-json\/wp\/v2\/posts"}],"about":[{"href":"https:\/\/www.vuosiamaailmalla.fi\/blog\/wp-json\/wp\/v2\/types\/post"}],"author":[{"embeddable":true,"href":"https:\/\/www.vuosiamaailmalla.fi\/blog\/wp-json\/wp\/v2\/users\/1"}],"replies":[{"embeddable":true,"href":"https:\/\/www.vuosiamaailmalla.fi\/blog\/wp-json\/wp\/v2\/comments?post=13423"}],"version-history":[{"count":5,"href":"https:\/\/www.vuosiamaailmalla.fi\/blog\/wp-json\/wp\/v2\/posts\/13423\/revisions"}],"predecessor-version":[{"id":13479,"href":"https:\/\/www.vuosiamaailmalla.fi\/blog\/wp-json\/wp\/v2\/posts\/13423\/revisions\/13479"}],"wp:featuredmedia":[{"embeddable":true,"href":"https:\/\/www.vuosiamaailmalla.fi\/blog\/wp-json\/wp\/v2\/media\/13428"}],"wp:attachment":[{"href":"https:\/\/www.vuosiamaailmalla.fi\/blog\/wp-json\/wp\/v2\/media?parent=13423"}],"wp:term":[{"taxonomy":"category","embeddable":true,"href":"https:\/\/www.vuosiamaailmalla.fi\/blog\/wp-json\/wp\/v2\/categories?post=13423"},{"taxonomy":"post_tag","embeddable":true,"href":"https:\/\/www.vuosiamaailmalla.fi\/blog\/wp-json\/wp\/v2\/tags?post=13423"}],"curies":[{"name":"wp","href":"https:\/\/api.w.org\/{rel}","templated":true}]}}