{"id":13431,"date":"2023-12-28T14:10:31","date_gmt":"2023-12-28T22:10:31","guid":{"rendered":"https:\/\/www.vuosiamaailmalla.fi\/blog\/?p=13431"},"modified":"2023-12-28T14:10:31","modified_gmt":"2023-12-28T22:10:31","slug":"stanley-parkin-jattihakkuut","status":"publish","type":"post","link":"https:\/\/www.vuosiamaailmalla.fi\/blog\/2023\/stanley-parkin-jattihakkuut\/","title":{"rendered":"Stanley Parkin j\u00e4ttihakkuut"},"content":{"rendered":"<p style=\"text-align: justify;\">Vancouverin Downtownin niemimaan k\u00e4rjess\u00e4 sijaitseva 405 hehtaarin kokoinen <em>Stanley Park<\/em> on kaupungin vehre\u00e4 jalokivi, jossa l\u00e4hes jokainen Vancouverissa k\u00e4yv\u00e4 vierailee. Puistoa kiert\u00e4v\u00e4 Seawall-k\u00e4velyreitti tarjoaa <a title=\"Kes\u00e4vieraat Suomesta\" href=\"https:\/\/www.vuosiamaailmalla.fi\/blog\/2017\/kesavieraat-suomesta\/\">maailmanluokan maisemat<\/a> ja on varsinkin kes\u00e4isin turistien t\u00e4ytt\u00e4m\u00e4. Puiston keskell\u00e4 suuret l\u00e4nnenhemlockit sek\u00e4 j\u00e4ttim\u00e4iset douglaskuuset kohoavat mets\u00e4n kuninkaina, ulkoilupolkujen kulkiessa ristiin rastiin sankkaa mets\u00e4\u00e4.<\/p>\n<p><!--more--><\/p>\n<p style=\"text-align: center;\"><a href=\"\/blog\/wp-content\/uploads\/2014\/vehrea_stanley_park.jpg\"><img decoding=\"async\" src=\"\/blog\/wp-content\/uploads\/2014\/vehrea_stanley_park.jpg\" \/><\/a><\/p>\n<p style=\"text-align: center;\"><em>Vancouverin vehre\u00e4 jalokivi<\/em><\/p>\n<p style=\"text-align: justify;\">Puisto on normaalisti rauhan tyyssija, mutta viime viikot rauhaa on h\u00e4irinnyt voimakas moottorisahojen melu, kun puiston mets\u00e4\u00e4 harvennetaan kovalla k\u00e4dell\u00e4. Tarkoituksena on kaataa yhteens\u00e4 160 000 puuta (!!) eli noin <strong>nelj\u00e4nnes koko Stanley Parkin puista<\/strong>, mik\u00e4 j\u00e4tt\u00e4\u00e4 j\u00e4lkeens\u00e4 melkoisesti harventuneen ja ehdottomasti erilaisen puiston. Suurin osa kaadettavista puista on onneksi nuoria rankoja, joiden halkaisija on alle 20 senttimetri\u00e4, mutta harvennuksen piiriin kuuluu my\u00f6s 20 000 t\u00e4t\u00e4 suurempaa ja vanhempaa puuta.<\/p>\n<p style=\"text-align: center;\"><a href=\"\/blog\/wp-content\/uploads\/2023\/stanley_parkin_hakkuut1.jpg\"><img decoding=\"async\" src=\"\/blog\/wp-content\/uploads\/2023\/thumbs\/thumbs_stanley_parkin_hakkuut1.jpg\" \/><\/a><a href=\"\/blog\/wp-content\/uploads\/2023\/stanley_parkin_hakkuut2.jpg\"><img decoding=\"async\" src=\"\/blog\/wp-content\/uploads\/2023\/thumbs\/thumbs_stanley_parkin_hakkuut2.jpg\" \/><\/a><\/p>\n<p style=\"text-align: center;\"><em>Harvennushakkuut muokkaavat maisemaa<\/em><\/p>\n<p style=\"text-align: justify;\">Syy dramaattiseen operaatioon on pieni, ainoastaan kolmen sentin mittainen hemlockinperhonen, joka on tehnyt tuhoa puiston alueella useamman vuoden ajan. Laji on luonnollinen osa Kanadan l\u00e4nsirannikon ekosysteemi\u00e4 ja sen m\u00e4\u00e4r\u00e4t lis\u00e4\u00e4ntyv\u00e4t yleens\u00e4 r\u00e4j\u00e4hdysm\u00e4isesti noin joka viidestoista vuosi, aiheuttaen tuhoa tartunnan saaneelle mets\u00e4lle. Tartuntaa kest\u00e4\u00e4 yleens\u00e4 1-3 vuotta, mink\u00e4 aikana perhosen toukat sy\u00f6v\u00e4t erityisesti hemlockien ja douglaskuusien kaikki neulaset, j\u00e4tt\u00e4en j\u00e4lkeens\u00e4 pystyyn kuolleen ja ruskeaksi muuttuneen puun.<\/p>\n<p style=\"text-align: justify;\">Tuho onkin <a title=\"Syksyinen\u00a0Stanley Park\" href=\"https:\/\/www.vuosiamaailmalla.fi\/blog\/2020\/syksyinen-stanley-park\/\">ollut n\u00e4ht\u00e4viss\u00e4<\/a> ymp\u00e4ri Stanley Parkia ja kuolleet puut ovat her\u00e4tt\u00e4neet ihmisten keskuudessa laajaa huolta puiston tulevaisuudesta. Perhosta on tavattu my\u00f6s North Shoren laaksoissa, joissa tuho on ollut onneksi Stanley Parkia pienemp\u00e4\u00e4, eik\u00e4 siell\u00e4 kuolleet puut n\u00e4y kaupunkiin.<\/p>\n<p style=\"text-align: center;\"><a href=\"\/blog\/wp-content\/uploads\/2023\/hemlockinperhonen1.jpg\"><img decoding=\"async\" src=\"\/blog\/wp-content\/uploads\/2023\/thumbs\/thumbs_hemlockinperhonen1.jpg\" \/><\/a><a href=\"\/blog\/wp-content\/uploads\/2023\/hemlockinperhonen2.jpg\"><img decoding=\"async\" src=\"\/blog\/wp-content\/uploads\/2023\/thumbs\/thumbs_hemlockinperhonen2.jpg\" \/><\/a><\/p>\n<p style=\"text-align: center;\"><em>Suuri tuho pienest\u00e4 tuholaisesta<\/em><\/p>\n<p style=\"text-align: justify;\">Toukkaa ja siit\u00e4 kuoriutuvaa perhosta olisi mahdollista torjua ilmamyrkytyksill\u00e4, mutta Kanadan mets\u00e4vironomaiset pit\u00e4v\u00e4t sit\u00e4 paikalliseen luonnon kiertokulkuun kuuluvana ilmi\u00f6n\u00e4, joten tartuntoja ei edes yritet\u00e4 est\u00e4\u00e4. Stanley Parkin kohdalla p\u00e4\u00e4t\u00f6svalta asiasta oli kuitenkin Vancouverin <a title=\"Vancouverin p\u00f6lh\u00f6t p\u00e4\u00e4tt\u00e4j\u00e4t\" href=\"https:\/\/www.vuosiamaailmalla.fi\/blog\/2021\/vancouverin-polhot-paattajat\/\">edellisell\u00e4 puisto-osastolla<\/a>, joka p\u00e4\u00e4tyi olemaan tekem\u00e4tt\u00e4 mit\u00e4\u00e4n. Samainen osasto muistetaan my\u00f6s toimettomuudestaan <a title=\"Ulkoilijat kojoottien saaliina\" href=\"https:\/\/www.vuosiamaailmalla.fi\/blog\/2021\/ulkoilijat-kojoottien-saaliina\/\">ihmisi\u00e4 mets\u00e4st\u00e4neiden kojoottien<\/a> tapauksessa, joten toimettomuus ei yll\u00e4t\u00e4.<\/p>\n<p style=\"text-align: center;\"><iframe loading=\"lazy\" title=\"YouTube video player\" src=\"https:\/\/www.youtube-nocookie.com\/embed\/-EowV0dL2dE?si=i_bFyTMgtgnXxhOn\" width=\"560\" height=\"315\" frameborder=\"0\" allowfullscreen=\"allowfullscreen\"><\/iframe><\/p>\n<p style=\"text-align: center;\"><em>Tuho on luonnollinen osa luonnon kiertokulkua<\/em><\/p>\n<p style=\"text-align: justify;\">Nyt kun toukat ovat k\u00e4ytt\u00e4neet kaiken puumassan ravinnokseen ja tartunta alkaa on ohitse, teki uusi puisto-osasto p\u00e4\u00e4t\u00f6ksen poistaa kaikki kuolleet puut, sill\u00e4 ne muodostavat <a title=\"Kaikkien aikojen enn\u00e4tyshelle\" href=\"https:\/\/www.vuosiamaailmalla.fi\/blog\/2021\/kaikkien-aikojen-ennatyshelle\/\">kuivien kesien<\/a> keskell\u00e4 <a title=\"Kaikki enn\u00e4tykset rikkonut mets\u00e4palokausi\" href=\"https:\/\/www.vuosiamaailmalla.fi\/blog\/2023\/kaikki-ennatykset-rikkonut-metsapalokausi\/\">merkitt\u00e4v\u00e4n mets\u00e4palovaaran<\/a>. Harvennus antaa my\u00f6s tilaa uusien puiden kasvaa vanhojen tilalle ja mets\u00e4n n\u00e4in ollen uudistua. Puistoon tullaan my\u00f6s istuttamaan kymmeni\u00e4tuhansia taimia, joista kasvaa jokin p\u00e4iv\u00e4 uusi upea urbaani kaupunkipuisto. Siihen saakka n\u00e4ky tulee kuitenkin olemaan surullinen, joskin puistoon on muodostunut aiemminkin aukkoja, esimerkiksi vuoden 2006 myrskyss\u00e4.<\/p>\n<p style=\"text-align: center;\"><a href=\"\/blog\/wp-content\/uploads\/2023\/stanley_parkin_myrskytuhoja_2006.jpg\"><img decoding=\"async\" src=\"\/blog\/wp-content\/uploads\/2023\/stanley_parkin_myrskytuhoja_2006.jpg\" \/><\/a><\/p>\n<p style=\"text-align: center;\"><em>Vuoden 2006 myrskytuhoja<\/em><\/p>\n<p style=\"text-align: justify;\">Vaikka tilanne onkin sangen harmillinen, ovat viranomaisten toimet ymm\u00e4rrett\u00e4vi\u00e4 ja vancouverilaisten j\u00e4rkytys asian suhteen onkin ollut yll\u00e4tt\u00e4v\u00e4n maltillista. Onneksi kaupungin liepeilt\u00e4 l\u00f6ytyy edelleen lukuisia <a title=\"Vieraita vanhalta mantereelta\" href=\"https:\/\/www.vuosiamaailmalla.fi\/blog\/2013\/vieraita-vanhalta-mantereelta\/\">muita metsi\u00e4<\/a>, joissa p\u00e4\u00e4see edelleen nauttimaan ikiaikaisista metsist\u00e4 samaan tapaan, kuin koko alue on n\u00e4ytt\u00e4nyt aikoinaan eurooppalaisten saapuessa alueelle 1800-luvulla. Uusi vehre\u00e4 Stanley Park lienee kuitenkin seuraavan sukupolven ylpeys ja j\u00e4\u00e4neekin meilt\u00e4 n\u00e4kem\u00e4tt\u00e4.<\/p>\n","protected":false},"excerpt":{"rendered":"<p>Vancouverin Downtownin niemimaan k\u00e4rjess\u00e4 sijaitseva 405 hehtaarin kokoinen Stanley Park on kaupungin vehre\u00e4 jalokivi, jossa l\u00e4hes jokainen Vancouverissa k\u00e4yv\u00e4 vierailee. Puistoa kiert\u00e4v\u00e4 Seawall-k\u00e4velyreitti tarjoaa maailmanluokan maisemat ja on varsinkin kes\u00e4isin turistien t\u00e4ytt\u00e4m\u00e4. Puiston keskell\u00e4 suuret l\u00e4nnenhemlockit sek\u00e4 j\u00e4ttim\u00e4iset douglaskuuset kohoavat mets\u00e4n kuninkaina, ulkoilupolkujen kulkiessa ristiin rastiin sankkaa mets\u00e4\u00e4.<\/p>\n","protected":false},"author":1,"featured_media":13434,"comment_status":"open","ping_status":"closed","sticky":false,"template":"","format":"standard","meta":{"_jetpack_memberships_contains_paid_content":false,"footnotes":""},"categories":[17,3],"tags":[25,935,197,939],"class_list":["post-13431","post","type-post","status-publish","format-standard","has-post-thumbnail","hentry","category-arki-kanadassa","category-arki-ulkomailla","tag-ajankohtaista","tag-kanada","tag-stanley-park","tag-vancouver"],"jetpack_featured_media_url":"https:\/\/www.vuosiamaailmalla.fi\/blog\/wp-content\/uploads\/stanley_parkin_hakkuut_banner.jpg","jetpack_sharing_enabled":true,"_links":{"self":[{"href":"https:\/\/www.vuosiamaailmalla.fi\/blog\/wp-json\/wp\/v2\/posts\/13431","targetHints":{"allow":["GET"]}}],"collection":[{"href":"https:\/\/www.vuosiamaailmalla.fi\/blog\/wp-json\/wp\/v2\/posts"}],"about":[{"href":"https:\/\/www.vuosiamaailmalla.fi\/blog\/wp-json\/wp\/v2\/types\/post"}],"author":[{"embeddable":true,"href":"https:\/\/www.vuosiamaailmalla.fi\/blog\/wp-json\/wp\/v2\/users\/1"}],"replies":[{"embeddable":true,"href":"https:\/\/www.vuosiamaailmalla.fi\/blog\/wp-json\/wp\/v2\/comments?post=13431"}],"version-history":[{"count":2,"href":"https:\/\/www.vuosiamaailmalla.fi\/blog\/wp-json\/wp\/v2\/posts\/13431\/revisions"}],"predecessor-version":[{"id":13435,"href":"https:\/\/www.vuosiamaailmalla.fi\/blog\/wp-json\/wp\/v2\/posts\/13431\/revisions\/13435"}],"wp:featuredmedia":[{"embeddable":true,"href":"https:\/\/www.vuosiamaailmalla.fi\/blog\/wp-json\/wp\/v2\/media\/13434"}],"wp:attachment":[{"href":"https:\/\/www.vuosiamaailmalla.fi\/blog\/wp-json\/wp\/v2\/media?parent=13431"}],"wp:term":[{"taxonomy":"category","embeddable":true,"href":"https:\/\/www.vuosiamaailmalla.fi\/blog\/wp-json\/wp\/v2\/categories?post=13431"},{"taxonomy":"post_tag","embeddable":true,"href":"https:\/\/www.vuosiamaailmalla.fi\/blog\/wp-json\/wp\/v2\/tags?post=13431"}],"curies":[{"name":"wp","href":"https:\/\/api.w.org\/{rel}","templated":true}]}}