{"id":13447,"date":"2024-01-07T21:03:38","date_gmt":"2024-01-08T05:03:38","guid":{"rendered":"https:\/\/www.vuosiamaailmalla.fi\/blog\/?p=13447"},"modified":"2024-03-29T22:05:39","modified_gmt":"2024-03-30T05:05:39","slug":"vehrea-joululoma","status":"publish","type":"post","link":"https:\/\/www.vuosiamaailmalla.fi\/blog\/2024\/vehrea-joululoma\/","title":{"rendered":"Vehre\u00e4 joululoma"},"content":{"rendered":"<p style=\"text-align: justify;\">Joulu on j\u00e4lleen takana ja vuosi vaihtunut uuteen. Kyseess\u00e4 oli jo viides <a title=\"Ensimm\u00e4inen joulu Kanadassa\" href=\"https:\/\/www.vuosiamaailmalla.fi\/blog\/2018\/ensimmainen-joulu-kanadassa\/\">joulumme Kanadassa<\/a> ja viime vuotiseen tapaan saimme ilahduttavasti Niinan vanhemmat luoksemme joulun pyhiksi. Joulu ei olisi kuitenkaan voinut olla ainakaan keleilt\u00e4\u00e4n <a title=\"Luminen joulu vieraiden seurassa\" href=\"https:\/\/www.vuosiamaailmalla.fi\/blog\/2022\/luminen-joulu-vieraiden-seurassa\/\">viime vuotta<\/a> erilaisempi, sill\u00e4 tuolloin joulun oli pilata suuri viime hetken lumimyrsky sek\u00e4 paukkuva pakkanen, kun t\u00e4n\u00e4 vuonna nautiskeltiin <em>El Ni\u00f1on<\/em> aiheuttamasta <a title=\"Aikainen El Ni\u00f1o kev\u00e4t\" href=\"https:\/\/www.vuosiamaailmalla.fi\/blog\/2024\/aikainen-el-nino-kevat\/\">\u00e4\u00e4rimm\u00e4isen leudosta<\/a> loppuvuodesta.<\/p>\n<p><!--more--><\/p>\n<p style=\"text-align: justify;\">Vieraat saapuivat luoksemme joulukuun 19. p\u00e4iv\u00e4 ja ensimm\u00e4iset p\u00e4iv\u00e4t meniv\u00e4t rennosti kotosalla l\u00e4hestyv\u00e4\u00e4n <a title=\"Piparintuoksuinen joulunalus\" href=\"https:\/\/www.vuosiamaailmalla.fi\/blog\/2023\/piparin-tuoksuiset-joulumyyjaiset\/\">jouluun valmistautuen<\/a>. Vaikka keli olikin p\u00e4\u00e4osin pilvinen, mahtui joulunalukseen my\u00f6s aurinkoista keli\u00e4 n\u00e4hd\u00e4 Vancouveria sek\u00e4 piipahtaa aatonaattona l\u00e4hell\u00e4mme sijaitsevassa <em>Burnaby Village Museumin<\/em> perinteikk\u00e4\u00e4ss\u00e4 joulumaailmassa.<\/p>\n<p style=\"text-align: center;\"><a href=\"\/blog\/wp-content\/uploads\/2023\/vieraiden_kanssa_central_parkissa.jpg\"><img decoding=\"async\" src=\"\/blog\/wp-content\/uploads\/2023\/thumbs\/thumbs_vieraiden_kanssa_central_parkissa.jpg\" \/><\/a><a href=\"\/blog\/wp-content\/uploads\/2023\/piirakkatalkoot.jpg\"><img decoding=\"async\" src=\"\/blog\/wp-content\/uploads\/2023\/thumbs\/thumbs_piirakkatalkoot.jpg\" \/><\/a><br \/>\n<a href=\"\/blog\/wp-content\/uploads\/2023\/vieraiden_kanssa_spanish_banksilla2.jpg\"><img decoding=\"async\" src=\"\/blog\/wp-content\/uploads\/2023\/thumbs\/thumbs_vieraiden_kanssa_spanish_banksilla2.jpg\" \/><\/a><a href=\"\/blog\/wp-content\/uploads\/2023\/vieraiden_kanssa_spanish_banksilla1.jpg\"><img decoding=\"async\" src=\"\/blog\/wp-content\/uploads\/2023\/thumbs\/thumbs_vieraiden_kanssa_spanish_banksilla1.jpg\" \/><\/a><\/p>\n<p style=\"text-align: center;\"><em>Ensip\u00e4ivien puuhailua<\/em><\/p>\n<p style=\"text-align: center;\"><a href=\"\/blog\/wp-content\/uploads\/2023\/deer_lake_iltapanoraama.jpg\"><img decoding=\"async\" src=\"\/blog\/wp-content\/uploads\/2023\/deer_lake_iltapanoraama_pieni.jpg\" \/><\/a><\/p>\n<p style=\"text-align: center;\"><em>Deer Lake ilta-aikaan<\/em><\/p>\n<p style=\"text-align: center;\"><a href=\"\/blog\/wp-content\/uploads\/2023\/joulu_burnaby_village_museumilla3.jpg\"><img decoding=\"async\" src=\"\/blog\/wp-content\/uploads\/2023\/thumbs\/thumbs_joulu_burnaby_village_museumilla3.jpg\" \/><\/a><a href=\"\/blog\/wp-content\/uploads\/2023\/joulu_burnaby_village_museumilla2.jpg\"><img decoding=\"async\" src=\"\/blog\/wp-content\/uploads\/2023\/thumbs\/thumbs_joulu_burnaby_village_museumilla2.jpg\" \/><\/a><a href=\"\/blog\/wp-content\/uploads\/2023\/joulu_burnaby_village_museumilla1.jpg\"><img decoding=\"async\" src=\"\/blog\/wp-content\/uploads\/2023\/thumbs\/thumbs_joulu_burnaby_village_museumilla1.jpg\" \/><\/a><\/p>\n<p style=\"text-align: center;\"><em>Jouluinen Burnaby Village Museum<\/em><\/p>\n<p style=\"text-align: justify;\">Itse jouluaatto kului totuttuun tapaan perinteisiss\u00e4 merkeiss\u00e4 hyv\u00e4st\u00e4 ruoasta nauttien ja illalla lahjoja availlen. T\u00e4m\u00e4n vuoden hittilahjat olivat sek\u00e4 keppi- ett\u00e4 keinohevonen, joista on riitt\u00e4nyt tytt\u00e4rellemme valtavasti iloa joulun j\u00e4lkeen.<\/p>\n<p style=\"text-align: center;\"><a href=\"\/blog\/wp-content\/uploads\/2023\/joululahjoja2.jpg\"><img decoding=\"async\" src=\"\/blog\/wp-content\/uploads\/2023\/thumbs\/thumbs_joululahjoja2.jpg\" \/><\/a><a href=\"\/blog\/wp-content\/uploads\/2023\/joululahjoja1.jpg\"><img decoding=\"async\" src=\"\/blog\/wp-content\/uploads\/2023\/thumbs\/thumbs_joululahjoja1.jpg\" \/><\/a><\/p>\n<p style=\"text-align: center;\"><em>Iloinen jouluaatto<\/em><\/p>\n<p style=\"text-align: justify;\">Tapaninp\u00e4iv\u00e4ksi keli poutaantui ja matkasimme l\u00e4hes kev\u00e4isess\u00e4 s\u00e4\u00e4ss\u00e4 katsastamaan North Vancouverissa sijaitseva uudehko <a title=\"Vilin\u00e4\u00e4 uudella Shipyardsin alueella\" href=\"https:\/\/www.vuosiamaailmalla.fi\/blog\/2022\/vilinaa-uudella-shipyardsin-alueella\/\"><em>The Shipyardsin<\/em> alue<\/a>. Auton sijaan teimme retken <em>Skytrainin<\/em> ja <em>SeaBusin<\/em> kyydiss\u00e4, joista j\u00e4lkimm\u00e4ist\u00e4 on tullut k\u00e4ytetty\u00e4 kaikkina n\u00e4in\u00e4 Vancouverin vuosina ainoastaan muutamia kertoja. Maisemat SeaBusin kyydist\u00e4 sek\u00e4 etenkin Lower Lonsdalen alueelta ovat todella upeat Downtownin suuntaan ja alueella oli runsaasti ihmisi\u00e4 nauttimassa kauniista ulkoiluilmasta.<\/p>\n<p style=\"text-align: center;\"><a href=\"\/blog\/wp-content\/uploads\/2023\/seabusin_kyydissa1.jpg\"><img decoding=\"async\" src=\"\/blog\/wp-content\/uploads\/2023\/thumbs\/thumbs_seabusin_kyydissa1.jpg\" \/><\/a><a href=\"\/blog\/wp-content\/uploads\/2023\/seabusin_kyydissa2.jpg\"><img decoding=\"async\" src=\"\/blog\/wp-content\/uploads\/2023\/thumbs\/thumbs_seabusin_kyydissa2.jpg\" \/><\/a><a href=\"\/blog\/wp-content\/uploads\/2023\/north_vancouver_waterfront_park4.jpg\"><img decoding=\"async\" src=\"\/blog\/wp-content\/uploads\/2023\/thumbs\/thumbs_north_vancouver_waterfront_park4.jpg\" \/><\/a><br \/>\n<a href=\"\/blog\/wp-content\/uploads\/2023\/north_vancouver_waterfront_park3.jpg\"><img decoding=\"async\" src=\"\/blog\/wp-content\/uploads\/2023\/thumbs\/thumbs_north_vancouver_waterfront_park3.jpg\" \/><\/a><a href=\"\/blog\/wp-content\/uploads\/2023\/north_vancouver_waterfront_park2.jpg\"><img decoding=\"async\" src=\"\/blog\/wp-content\/uploads\/2023\/thumbs\/thumbs_north_vancouver_waterfront_park2.jpg\" \/><\/a><a href=\"\/blog\/wp-content\/uploads\/2023\/north_vancouver_waterfront_park1.jpg\"><img decoding=\"async\" src=\"\/blog\/wp-content\/uploads\/2023\/thumbs\/thumbs_north_vancouver_waterfront_park1.jpg\" \/><\/a><\/p>\n<p style=\"text-align: center;\"><em>Retki North Vancouveriin<\/em><\/p>\n<p style=\"text-align: center;\"><a href=\"\/blog\/wp-content\/uploads\/2023\/mosquito_creek_marina1.jpg\"><img decoding=\"async\" src=\"\/blog\/wp-content\/uploads\/2023\/thumbs\/thumbs_mosquito_creek_marina1.jpg\" \/><\/a><a href=\"\/blog\/wp-content\/uploads\/2023\/mosquito_creek_marina2.jpg\"><img decoding=\"async\" src=\"\/blog\/wp-content\/uploads\/2023\/thumbs\/thumbs_mosquito_creek_marina2.jpg\" \/><\/a><\/p>\n<p style=\"text-align: center;\"><em>Mosquito Creekin asuntoveneit\u00e4<\/em><\/p>\n<p style=\"text-align: center;\"><a href=\"\/blog\/wp-content\/uploads\/2023\/vieraiden_kanssa_the_shipyardsilla1.jpg\"><img decoding=\"async\" src=\"\/blog\/wp-content\/uploads\/2023\/thumbs\/thumbs_vieraiden_kanssa_the_shipyardsilla1.jpg\" \/><\/a><a href=\"\/blog\/wp-content\/uploads\/2023\/vieraiden_kanssa_the_shipyardsilla2.jpg\"><img decoding=\"async\" src=\"\/blog\/wp-content\/uploads\/2023\/thumbs\/thumbs_vieraiden_kanssa_the_shipyardsilla2.jpg\" \/><\/a><a href=\"\/blog\/wp-content\/uploads\/2023\/vieraiden_kanssa_the_shipyardsilla4.jpg\"><img decoding=\"async\" src=\"\/blog\/wp-content\/uploads\/2023\/thumbs\/thumbs_vieraiden_kanssa_the_shipyardsilla4.jpg\" \/><\/a><\/p>\n<p style=\"text-align: center;\"><em>Uusi The Shipyardsin alue<\/em><\/p>\n<p style=\"text-align: justify;\">Seuraavana p\u00e4iv\u00e4n\u00e4 matkasimme j\u00e4lleen Vancouveriin sateiseen ja paraikaa <a title=\"Stanley Parkin j\u00e4ttihakkuut\" href=\"https:\/\/www.vuosiamaailmalla.fi\/blog\/2023\/stanley-parkin-jattihakkuut\/\">suuria harvennushakkuita<\/a> kokevaan Stanley Parkiin. Siell\u00e4 sijaitsee <em>Vancouver Aquarium<\/em>, jossa olen k\u00e4ynyt <a title=\"Sapattivieraat k\u00e4ym\u00e4ss\u00e4\" href=\"https:\/\/www.vuosiamaailmalla.fi\/blog\/2015\/sapattivieraat-kaymassa\/\">kahdesti aiemmin<\/a> ja anoppia lukuun ottamatta vierailu olikin kaikille muille ensimm\u00e4inen. Tytt\u00e4remme tykk\u00e4si paikasta kovasti ja tuhansissa kaloissa sek\u00e4 muissa el\u00e4imiss\u00e4 riitti runsaasti ihmetelt\u00e4v\u00e4\u00e4. Olimme onneksi paikalla heti paikan avauduttua, sill\u00e4 vain kaksi tuntia my\u00f6hemmin akvaariossa alkoi olla jo todella ruuhkaista, mik\u00e4 oli hyv\u00e4 aika palata kotiin.<\/p>\n<p style=\"text-align: center;\"><a href=\"\/blog\/wp-content\/uploads\/2023\/jouluinen_akvaario1.jpg\"><img decoding=\"async\" src=\"\/blog\/wp-content\/uploads\/2023\/thumbs\/thumbs_jouluinen_akvaario1.jpg\" \/><\/a><a href=\"\/blog\/wp-content\/uploads\/2023\/jouluinen_akvaario2.jpg\"><img decoding=\"async\" src=\"\/blog\/wp-content\/uploads\/2023\/thumbs\/thumbs_jouluinen_akvaario2.jpg\" \/><\/a><a href=\"\/blog\/wp-content\/uploads\/2023\/akvaarion_asukkaita4.jpg\"><img decoding=\"async\" src=\"\/blog\/wp-content\/uploads\/2023\/thumbs\/thumbs_akvaarion_asukkaita4.jpg\" \/><\/a><br \/>\n<a href=\"\/blog\/wp-content\/uploads\/2023\/akvaariossa2.jpg\"><img decoding=\"async\" src=\"\/blog\/wp-content\/uploads\/2023\/thumbs\/thumbs_akvaariossa2.jpg\" \/><\/a><a href=\"\/blog\/wp-content\/uploads\/2023\/akvaarion_asukkaita2.jpg\"><img decoding=\"async\" src=\"\/blog\/wp-content\/uploads\/2023\/thumbs\/thumbs_akvaarion_asukkaita2.jpg\" \/><\/a><a href=\"\/blog\/wp-content\/uploads\/2023\/akvaarion_asukkaita3.jpg\"><img decoding=\"async\" src=\"\/blog\/wp-content\/uploads\/2023\/thumbs\/thumbs_akvaarion_asukkaita3.jpg\" \/><\/a><br \/>\n<a href=\"\/blog\/wp-content\/uploads\/2023\/akvaariossa1.jpg\"><img decoding=\"async\" src=\"\/blog\/wp-content\/uploads\/2023\/thumbs\/thumbs_akvaariossa1.jpg\" \/><\/a><a href=\"\/blog\/wp-content\/uploads\/2023\/akvaariossa3.jpg\"><img decoding=\"async\" src=\"\/blog\/wp-content\/uploads\/2023\/thumbs\/thumbs_akvaariossa3.jpg\" \/><\/a><a href=\"\/blog\/wp-content\/uploads\/2023\/akvaariossa4.jpg\"><img decoding=\"async\" src=\"\/blog\/wp-content\/uploads\/2023\/thumbs\/thumbs_akvaariossa4.jpg\" \/><\/a><\/p>\n<p style=\"text-align: center;\"><em>Kiehtova Vancouver Aquarium<\/em><\/p>\n<p style=\"text-align: center;\"><a href=\"\/blog\/wp-content\/uploads\/2023\/jouluinen_akvaario3.jpg\"><img decoding=\"async\" src=\"\/blog\/wp-content\/uploads\/2023\/thumbs\/thumbs_jouluinen_akvaario3.jpg\" \/><\/a><a href=\"\/blog\/wp-content\/uploads\/2023\/akvaarion_asukkaita1.jpg\"><img decoding=\"async\" src=\"\/blog\/wp-content\/uploads\/2023\/thumbs\/thumbs_akvaarion_asukkaita1.jpg\" \/><\/a><a href=\"\/blog\/wp-content\/uploads\/2023\/jouluinen_akvaario4.jpg\"><img decoding=\"async\" src=\"\/blog\/wp-content\/uploads\/2023\/thumbs\/thumbs_jouluinen_akvaario4.jpg\" \/><\/a><\/p>\n<p style=\"text-align: center;\"><em>Ulkosalla oli sateista<\/em><\/p>\n<p style=\"text-align: justify;\">V\u00e4lip\u00e4iviin osuivat my\u00f6s Niinan syntym\u00e4p\u00e4iv\u00e4t, jolloin sy\u00f6tiin hyvin niin aamiaisella, kuin my\u00f6s illallisella. N\u00e4ist\u00e4 j\u00e4lkimm\u00e4inen oli minun ja Niinan vierailu <a title=\"Michelinin makuiset syntym\u00e4p\u00e4iv\u00e4t\" href=\"https:\/\/www.vuosiamaailmalla.fi\/blog\/2023\/michelinin-makuiset-syntymapaivat\/\">paikallisessa Michelin-ravintolassa<\/a>, joka oli ruokailuel\u00e4mys vailla vertaa ja muistoisa syntym\u00e4p\u00e4iv\u00e4lahja.<\/p>\n<p style=\"text-align: center;\"><a href=\"\/blog\/wp-content\/uploads\/2023\/aamiaisella_vieraiden_kanssa.jpg\"><img decoding=\"async\" src=\"\/blog\/wp-content\/uploads\/2023\/aamiaisella_vieraiden_kanssa.jpg\" \/><\/a><\/p>\n<p style=\"text-align: center;\"><em>Herkullinen aamiainen<\/em><\/p>\n<p style=\"text-align: justify;\">Toinen v\u00e4lip\u00e4ivien vierailukohde oli <em>Queen Elizabeth Parkissa<\/em> sijaitseva <em>Bloedel Floral Conservatory<\/em>, joka on Vancouverin pieni trooppinen keidas. Lasikupolin sis\u00e4ll\u00e4 asustaa noin sata lintua sek\u00e4 500 eri kasvilajia trooppisissa olosuhteissa. N\u00e4ht\u00e4vill\u00e4 olikin monenlaisia kasveja sek\u00e4 upean <a title=\"V\u00e4rikk\u00e4it\u00e4 lintuja kuvaamassa\" href=\"https:\/\/www.vuosiamaailmalla.fi\/blog\/2013\/varikkaita-lintuja-kuvaamassa\/\">v\u00e4rikk\u00e4it\u00e4 papukaijoja<\/a>. Kierroksen j\u00e4lkeen lounastimme puistossa sijaitsevassa maisemaravintolassa, josta on tullut <a title=\"P\u00e4\u00e4si\u00e4isvieraita\" href=\"https:\/\/www.vuosiamaailmalla.fi\/blog\/2014\/paasiaisvieraita\/\">pienimuotoinen perinne<\/a> appivanhempien\u00a0 useilla aiemmilla vierailuilla. Laskujemme mukaan joulun matka olikin heille jo seitsem\u00e4s kerta Vancouverissa kahdentoista kaupungissa asumamme vuoden aikana!<\/p>\n<p style=\"text-align: center;\"><a href=\"\/blog\/wp-content\/uploads\/2023\/vierailu_bloedellilla1.jpg\"><img decoding=\"async\" src=\"\/blog\/wp-content\/uploads\/2023\/thumbs\/thumbs_vierailu_bloedellilla1.jpg\" \/><\/a><a href=\"\/blog\/wp-content\/uploads\/2023\/vierailu_bloedellilla5.jpg\"><img decoding=\"async\" src=\"\/blog\/wp-content\/uploads\/2023\/thumbs\/thumbs_vierailu_bloedellilla5.jpg\" \/><\/a><a href=\"\/blog\/wp-content\/uploads\/2023\/vierailu_bloedellilla2.jpg\"><img decoding=\"async\" src=\"\/blog\/wp-content\/uploads\/2023\/thumbs\/thumbs_vierailu_bloedellilla2.jpg\" \/><\/a><br \/>\n<a href=\"\/blog\/wp-content\/uploads\/2023\/vierailu_bloedellilla7.jpg\"><img decoding=\"async\" src=\"\/blog\/wp-content\/uploads\/2023\/thumbs\/thumbs_vierailu_bloedellilla7.jpg\" \/><\/a><a href=\"\/blog\/wp-content\/uploads\/2023\/vierailu_bloedellilla3.jpg\"><img decoding=\"async\" src=\"\/blog\/wp-content\/uploads\/2023\/thumbs\/thumbs_vierailu_bloedellilla3.jpg\" \/><\/a><\/p>\n<p style=\"text-align: center;\"><em>Vancouverin vehre\u00e4 paratiisi<\/em><\/p>\n<p style=\"text-align: center;\"><a href=\"\/blog\/wp-content\/uploads\/2023\/vierailu_bloedellilla6.jpg\"><img decoding=\"async\" src=\"\/blog\/wp-content\/uploads\/2023\/thumbs\/thumbs_vierailu_bloedellilla6.jpg\" \/><\/a><a href=\"\/blog\/wp-content\/uploads\/2023\/vierailu_bloedellilla8.jpg\"><img decoding=\"async\" src=\"\/blog\/wp-content\/uploads\/2023\/thumbs\/thumbs_vierailu_bloedellilla8.jpg\" \/><\/a><\/p>\n<p style=\"text-align: center;\"><em>Satoja eksoottisia kasveja<\/em><\/p>\n<p style=\"text-align: center;\"><a href=\"\/blog\/wp-content\/uploads\/2023\/vierailu_bloedellilla4.jpg\"><img decoding=\"async\" src=\"\/blog\/wp-content\/uploads\/2023\/thumbs\/thumbs_vierailu_bloedellilla4.jpg\" \/><\/a><\/p>\n<p style=\"text-align: center;\"><em>Bloedelin v\u00e4rik\u00e4s asukas<\/em><\/p>\n<p style=\"text-align: center;\"><a href=\"\/blog\/wp-content\/uploads\/2023\/queen_elizabeth_parkin_maisema.jpg\"><img decoding=\"async\" src=\"\/blog\/wp-content\/uploads\/2023\/queen_elizabeth_parkin_maisema.jpg\" \/><\/a><\/p>\n<p style=\"text-align: center;\"><em>Pilvinen Downtown lounasravintolasta<\/em><\/p>\n<p style=\"text-align: justify;\">Uudenvuodenaaton ilta oli ilahduttavasti kuiva ja niinp\u00e4 ajoimme viimevuotiseen tapaan Coquitlamiin katsomaan <a title=\"Jouluvalaistu Coquitlam\" href=\"https:\/\/www.vuosiamaailmalla.fi\/blog\/2017\/jouluvalaistu-coquitlam\/\">Lafarge Laken jouluvaloja<\/a>. Ilmaistapahtuma houkuttelee paikalle valtavan m\u00e4\u00e4r\u00e4n ihmisi\u00e4 ja miksip\u00e4 ei, sill\u00e4 jouluvalot ovat joka vuosi hyvin erilaiset. Tungoksesta huolimatta nautimme vierailustamme ja se tarjosi minulle tilaisuuden kokeilla <a title=\"Kameralaitteisto: Samsung Galaxy S23 Ultra\" href=\"https:\/\/www.vuosiamaailmalla.fi\/blog\/2023\/kameralaitteisto-samsung-galaxy-s23-ultra\/\">uuden k\u00e4nnykk\u00e4ni<\/a> k\u00e4sivaraista pime\u00e4nkuvausta, sangen kohtuullisin tuloksin. Varsinainen aattoilta meni kotosalla vuoden vaihtumista odotellessa laajan ja herkullisen juustolajitelman, sek\u00e4 kiintoisan lautapelin \u00e4\u00e4rell\u00e4.<\/p>\n<p style=\"text-align: center;\"><a href=\"\/blog\/wp-content\/uploads\/2023\/lafarge_lake_valot3.jpg\"><img decoding=\"async\" src=\"\/blog\/wp-content\/uploads\/2023\/thumbs\/thumbs_lafarge_lake_valot3.jpg\" \/><\/a><a href=\"\/blog\/wp-content\/uploads\/2023\/lafarge_lake_valot2.jpg\"><img decoding=\"async\" src=\"\/blog\/wp-content\/uploads\/2023\/thumbs\/thumbs_lafarge_lake_valot2.jpg\" \/><\/a><a href=\"\/blog\/wp-content\/uploads\/2023\/lafarge_lake_valot4.jpg\"><img decoding=\"async\" src=\"\/blog\/wp-content\/uploads\/2023\/thumbs\/thumbs_lafarge_lake_valot4.jpg\" \/><\/a><br \/>\n<a href=\"\/blog\/wp-content\/uploads\/2023\/lafarge_lake_valot1.jpg\"><img decoding=\"async\" src=\"\/blog\/wp-content\/uploads\/2023\/thumbs\/thumbs_lafarge_lake_valot1.jpg\" \/><\/a><a href=\"\/blog\/wp-content\/uploads\/2023\/lafarge_lake_valot5.jpg\"><img decoding=\"async\" src=\"\/blog\/wp-content\/uploads\/2023\/thumbs\/thumbs_lafarge_lake_valot5.jpg\" \/><\/a><\/p>\n<p style=\"text-align: center;\"><em>Coquitlamin jouluvalot<\/em><\/p>\n<p style=\"text-align: center;\"><a href=\"\/blog\/wp-content\/uploads\/2023\/uudenvuoden_herkut.jpg\"><img decoding=\"async\" src=\"\/blog\/wp-content\/uploads\/2023\/uudenvuoden_herkut.jpg\" \/><\/a><\/p>\n<p style=\"text-align: center;\"><em>Uudenvuodenaaton herkut<\/em><\/p>\n<p style=\"text-align: justify;\">Vuosi 2024 valkeni kauniin aurinkoisena ja uudenvuodenp\u00e4iv\u00e4 oli vieraidemme viimeinen reissup\u00e4iv\u00e4 ennen kotiin paluuta. Hyv\u00e4n s\u00e4\u00e4n innostamina ajoimme Maple Ridgess\u00e4 sijaitsevaan <em>Golden Ears Provincial Parkiin<\/em>, jossa olemme olleet Niinan kanssa edellisen kerran <a title=\"Kes\u00e4y\u00f6 Golden Earsin helmassa\" href=\"https:\/\/www.vuosiamaailmalla.fi\/blog\/2017\/yo-metsan-helmassa\/\">kuusi vuotta sitten<\/a> telttailemassa. Tavoitteenamme oli k\u00e4vell\u00e4 vuolaalle <a title=\"Gold Creek Falls\" href=\"https:\/\/www.vuosiamaailmalla.fi\/blog\/2017\/gold-creek-falls\/\"><em>Golden Creek Fallsille<\/em><\/a>, mutta liikenteelt\u00e4 suljettu tie mutkisti hieman matkaamme. L\u00f6ysimme lopulta oikealle polulle ja sammaleisen mets\u00e4n halki k\u00e4velty\u00e4mme saavutimme muutaman kilometrin p\u00e4\u00e4ss\u00e4 sijaitsevat kohisevat putoukset.<\/p>\n<p style=\"text-align: center;\"><a href=\"\/blog\/wp-content\/uploads\/2024\/uudenvuoden_aamunkoitto.jpg\"><img decoding=\"async\" src=\"\/blog\/wp-content\/uploads\/2024\/uudenvuoden_aamunkoitto.jpg\" \/><\/a><\/p>\n<p style=\"text-align: center;\"><em>Vuoden ensimm\u00e4inen aamu<\/em><\/p>\n<p style=\"text-align: center;\"><a href=\"\/blog\/wp-content\/uploads\/2024\/gold_creek_kavely4.jpg\"><img decoding=\"async\" src=\"\/blog\/wp-content\/uploads\/2024\/thumbs\/thumbs_gold_creek_kavely4.jpg\" \/><\/a><a href=\"\/blog\/wp-content\/uploads\/2024\/gold_creek_kavely2.jpg\"><img decoding=\"async\" src=\"\/blog\/wp-content\/uploads\/2024\/thumbs\/thumbs_gold_creek_kavely2.jpg\" \/><\/a><a href=\"\/blog\/wp-content\/uploads\/2024\/gold_creek_kavely3.jpg\"><img decoding=\"async\" src=\"\/blog\/wp-content\/uploads\/2024\/thumbs\/thumbs_gold_creek_kavely3.jpg\" \/><\/a><\/p>\n<p style=\"text-align: center;\"><em>Vehre\u00e4 mets\u00e4polku<\/em><\/p>\n<p style=\"text-align: center;\"><a href=\"\/blog\/wp-content\/uploads\/2024\/gold_creek_kavely1.jpg\"><img decoding=\"async\" src=\"\/blog\/wp-content\/uploads\/2024\/thumbs\/thumbs_gold_creek_kavely1.jpg\" \/><\/a><a href=\"\/blog\/wp-content\/uploads\/2024\/gold_creek_kavely5.jpg\"><img decoding=\"async\" src=\"\/blog\/wp-content\/uploads\/2024\/thumbs\/thumbs_gold_creek_kavely5.jpg\" \/><\/a><a href=\"\/blog\/wp-content\/uploads\/2024\/gold_creek_kavely6.jpg\"><img decoding=\"async\" src=\"\/blog\/wp-content\/uploads\/2024\/thumbs\/thumbs_gold_creek_kavely6.jpg\" \/><\/a><br \/>\n<a href=\"\/blog\/wp-content\/uploads\/2024\/gold_creek_kavely7.jpg\"><img decoding=\"async\" src=\"\/blog\/wp-content\/uploads\/2024\/thumbs\/thumbs_gold_creek_kavely7.jpg\" \/><\/a><a href=\"\/blog\/wp-content\/uploads\/2024\/gold_creek_kavely8.jpg\"><img decoding=\"async\" src=\"\/blog\/wp-content\/uploads\/2024\/thumbs\/thumbs_gold_creek_kavely8.jpg\" \/><\/a><\/p>\n<p style=\"text-align: center;\"><em>Vuolas Gold Greek Falls<\/em><\/p>\n<p style=\"text-align: center;\"><a href=\"\/blog\/wp-content\/uploads\/2024\/alouette_lake_talvella.jpg\"><img decoding=\"async\" src=\"\/blog\/wp-content\/uploads\/2024\/thumbs\/thumbs_alouette_lake_talvella.jpg\" \/><\/a><\/p>\n<p style=\"text-align: center;\"><em>Hyinen Alouette Lake<\/em><\/p>\n<p style=\"text-align: justify;\">Aikaisin seuraavana aamuna vieraamme suuntasivat matkatavaroineen lentokent\u00e4lle ja kohti Suomea samalla, kun me aloimme raivata kotosalla joulua pois. Olimme Niinan kanssa viel\u00e4 lomalla loppuviikon p\u00e4ivi\u00e4 ennen huomista t\u00f6ihin sek\u00e4 tavalliseen arkeen paluuta.<\/p>\n<p style=\"text-align: justify;\">Joulumme olikin j\u00e4lleen rentouttava ja oli mukavaa, ett\u00e4 leuto keli mahdollisti tehd\u00e4 paljon viime vuotta enemm\u00e4n. Ensi vuonna ajatuksenamme on suunnata jouluksi Suomeen, <a title=\"Pitk\u00e4ll\u00e4 kes\u00e4lomalla Suomessa\" href=\"https:\/\/www.vuosiamaailmalla.fi\/blog\/2022\/pitkalla-kesalomalla-suomessa\/\">kahden edellisvuoden<\/a> Suomen reissujen oltua kes\u00e4lomia. Sinne on kuitenkin runsaasti matkaa ja on kiintoisaa n\u00e4hd\u00e4 millainen alkaneesta vuodesta muodostuu.<\/p>\n","protected":false},"excerpt":{"rendered":"<p>Joulu on j\u00e4lleen takana ja vuosi vaihtunut uuteen. Kyseess\u00e4 oli jo viides joulumme Kanadassa ja viime vuotiseen tapaan saimme ilahduttavasti Niinan vanhemmat luoksemme joulun pyhiksi. Joulu ei olisi kuitenkaan voinut olla ainakaan keleilt\u00e4\u00e4n viime vuotta erilaisempi, sill\u00e4 tuolloin joulun oli pilata suuri viime hetken lumimyrsky sek\u00e4 paukkuva pakkanen, kun t\u00e4n\u00e4 vuonna nautiskeltiin El Ni\u00f1on aiheuttamasta &hellip; <a href=\"https:\/\/www.vuosiamaailmalla.fi\/blog\/2024\/vehrea-joululoma\/\" class=\"more-link\">Jatka lukemista<span class=\"screen-reader-text\"> &#8221;Vehre\u00e4 joululoma&#8221;<\/span><\/a><\/p>\n","protected":false},"author":1,"featured_media":13450,"comment_status":"open","ping_status":"closed","sticky":false,"template":"","format":"standard","meta":{"_jetpack_memberships_contains_paid_content":false,"footnotes":""},"categories":[17,3],"tags":[483,77,1549,88,1835,1256,264,1290,935,1288,1461,184,1115,484,1118,1715,939,1566,725],"class_list":["post-13447","post","type-post","status-publish","format-standard","has-post-thumbnail","hentry","category-arki-kanadassa","category-arki-ulkomailla","tag-bloedel-floral-conservatory","tag-burnaby","tag-burnaby-village-museum","tag-coquitlam","tag-el-nino","tag-golden-ears-provincial-park","tag-joulu","tag-jouluvalot","tag-kanada","tag-lafarge-lake","tag-lights-at-lafarge","tag-north-vancouver","tag-north-vancouver-lonsdale","tag-queen-elizabeth-park","tag-seabus","tag-the-shipyards","tag-vancouver","tag-vancouver-aquarium","tag-vierailu"],"jetpack_featured_media_url":"https:\/\/www.vuosiamaailmalla.fi\/blog\/wp-content\/uploads\/gold_creek_kavely_banner.jpg","jetpack_sharing_enabled":true,"_links":{"self":[{"href":"https:\/\/www.vuosiamaailmalla.fi\/blog\/wp-json\/wp\/v2\/posts\/13447","targetHints":{"allow":["GET"]}}],"collection":[{"href":"https:\/\/www.vuosiamaailmalla.fi\/blog\/wp-json\/wp\/v2\/posts"}],"about":[{"href":"https:\/\/www.vuosiamaailmalla.fi\/blog\/wp-json\/wp\/v2\/types\/post"}],"author":[{"embeddable":true,"href":"https:\/\/www.vuosiamaailmalla.fi\/blog\/wp-json\/wp\/v2\/users\/1"}],"replies":[{"embeddable":true,"href":"https:\/\/www.vuosiamaailmalla.fi\/blog\/wp-json\/wp\/v2\/comments?post=13447"}],"version-history":[{"count":5,"href":"https:\/\/www.vuosiamaailmalla.fi\/blog\/wp-json\/wp\/v2\/posts\/13447\/revisions"}],"predecessor-version":[{"id":13566,"href":"https:\/\/www.vuosiamaailmalla.fi\/blog\/wp-json\/wp\/v2\/posts\/13447\/revisions\/13566"}],"wp:featuredmedia":[{"embeddable":true,"href":"https:\/\/www.vuosiamaailmalla.fi\/blog\/wp-json\/wp\/v2\/media\/13450"}],"wp:attachment":[{"href":"https:\/\/www.vuosiamaailmalla.fi\/blog\/wp-json\/wp\/v2\/media?parent=13447"}],"wp:term":[{"taxonomy":"category","embeddable":true,"href":"https:\/\/www.vuosiamaailmalla.fi\/blog\/wp-json\/wp\/v2\/categories?post=13447"},{"taxonomy":"post_tag","embeddable":true,"href":"https:\/\/www.vuosiamaailmalla.fi\/blog\/wp-json\/wp\/v2\/tags?post=13447"}],"curies":[{"name":"wp","href":"https:\/\/api.w.org\/{rel}","templated":true}]}}