{"id":13481,"date":"2024-02-10T12:03:58","date_gmt":"2024-02-10T20:03:58","guid":{"rendered":"https:\/\/www.vuosiamaailmalla.fi\/blog\/?p=13481"},"modified":"2024-04-19T18:02:18","modified_gmt":"2024-04-20T01:02:18","slug":"pikavierailu-utahissa","status":"publish","type":"post","link":"https:\/\/www.vuosiamaailmalla.fi\/blog\/2024\/pikavierailu-utahissa\/","title":{"rendered":"Pikavierailu Utahissa"},"content":{"rendered":"<p style=\"text-align: justify;\">Lokakuun ty\u00f6matkasta <a title=\"Ruskan v\u00e4ritt\u00e4m\u00e4 ty\u00f6matka\" href=\"https:\/\/www.vuosiamaailmalla.fi\/blog\/2023\/ruskan-varittama-tyomatka\/\">syksyiseen Utahiin<\/a> ehti kulua ainoastaan kolme kuukautta, kunnes l\u00f6ysin j\u00e4lleen itseni tutulta aamulennolta matkalla Salt Lake Cityyn. T\u00e4m\u00e4nkertainen reissuni liittyi kolmip\u00e4iv\u00e4iseen strategiakonferenssiin, johon oli saapumassa yli 500 ihmist\u00e4 eri puolilta maailmaa. Konferenssip\u00e4ivien ollessa maanantaista keskiviikkoon, lensin Utahiin jo ennakkoon sunnuntaina.<\/p>\n<p><!--more--><\/p>\n<p style=\"text-align: justify;\">Ainoan suoran yhteyden Vancouverin ja Salt Lake Cityn v\u00e4lill\u00e4 tarjoaa amerikkalainen <em>Delta Air Lines<\/em> -lentoyhti\u00f6, yhdell\u00e4 p\u00e4ivitt\u00e4isell\u00e4 vuorolla. Ilahduttavasti t\u00e4lle lennolle on usein saatavissa <em>upgradeja<\/em> lentopisteill\u00e4 ja niinp\u00e4 menolentoni olikin business-luokassa. Kokemus ei kuitenkaan ole j\u00e4rin ihmeellinen kahden ja puolen tunnin lennolla pieness\u00e4 Embraer-koneessa, mutta tarjosi silti mukavan alun reissuun.<\/p>\n<p style=\"text-align: center;\"><a href=\"\/blog\/wp-content\/uploads\/2024\/bisnesluokassa.jpg\"><img decoding=\"async\" src=\"\/blog\/wp-content\/uploads\/2024\/bisnesluokassa.jpg\" \/><\/a><\/p>\n<p style=\"text-align: center;\"><em>Aamulento business-luokassa<\/em><\/p>\n<p style=\"text-align: center;\"><a href=\"\/blog\/wp-content\/uploads\/2024\/luminen_salt_lake.jpg\"><img decoding=\"async\" src=\"\/blog\/wp-content\/uploads\/2024\/thumbs\/thumbs_luminen_salt_lake.jpg\" \/><\/a><a href=\"\/blog\/wp-content\/uploads\/2024\/luminen_salt_lake2.jpg\"><img decoding=\"async\" src=\"\/blog\/wp-content\/uploads\/2024\/thumbs\/thumbs_luminen_salt_lake2.jpg\" \/><\/a><a href=\"\/blog\/wp-content\/uploads\/2024\/luminen_salt_lake3.jpg\"><img decoding=\"async\" src=\"\/blog\/wp-content\/uploads\/2024\/thumbs\/thumbs_luminen_salt_lake3.jpg\" \/><\/a><\/p>\n<p style=\"text-align: center;\"><em>Talvinen Utah<\/em><\/p>\n<p style=\"text-align: justify;\">Matkaseurana oli useampi Vancouverista oleva kollega ja lentokent\u00e4lt\u00e4 suuntasimme ensit\u00f6iksemme hotellille j\u00e4tt\u00e4m\u00e4\u00e4n laukkumme. Yleens\u00e4 ty\u00f6matkani Salt Lake Cityyn ovat olleet <a title=\"Maailman suurimman kuopan reunalla\" href=\"https:\/\/www.vuosiamaailmalla.fi\/blog\/2023\/maailman-suurimman-kuopan-reunalla\/\">kaukana esikaupungissa<\/a> sijaitsevalle p\u00e4\u00e4konttorillemme, mutta konferenssin pitopaikkana oli ydinkeskustassa sijaitseva nelj\u00e4n t\u00e4hden hotelli.<\/p>\n<p style=\"text-align: center;\"><a href=\"\/blog\/wp-content\/uploads\/2024\/little_america_hotel1.jpg\"><img decoding=\"async\" src=\"\/blog\/wp-content\/uploads\/2024\/little_america_hotel1.jpg\" \/><\/a><\/p>\n<p style=\"text-align: center;\"><em>Konferenssihotelli<\/em><\/p>\n<p style=\"text-align: justify;\">Hotelli oli n\u00e4pp\u00e4r\u00e4 pitopaikka konferenssille, mutta se kalpeni naapurissa kohoavan <em>The Grand America<\/em> -hotellin vierell\u00e4. 24-kerroksinen ja tasan satametri\u00e4 korkea hotelli on Salt Lake Cityn suurin hotelli per\u00e4ti 775 huoneellaan ja kaupungin ainoa viiden t\u00e4hden hotelli. Hotellin aulassa kannattaakin piipahtaa, sill\u00e4 rakennuksen sisustus uhkuu vanhan ajan mahtia, vaikka se onkin valmistunut vuonna 2001. N\u00e4emm\u00e4 sit\u00e4 osataan edelleen rakentaa hienoa, jos raha ei vain ole esteen\u00e4.<\/p>\n<p style=\"text-align: center;\"><a href=\"\/blog\/wp-content\/uploads\/2024\/grand_america_hotel2.jpg\"><img decoding=\"async\" src=\"\/blog\/wp-content\/uploads\/2024\/thumbs\/thumbs_grand_america_hotel2.jpg\" \/><\/a><a href=\"\/blog\/wp-content\/uploads\/2024\/grand_america_hotel1.jpg\"><img decoding=\"async\" src=\"\/blog\/wp-content\/uploads\/2024\/thumbs\/thumbs_grand_america_hotel1.jpg\" \/><\/a><\/p>\n<p style=\"text-align: center;\"><em>Hulppea The Grand America<\/em><\/p>\n<p style=\"text-align: center;\"><a href=\"\/blog\/wp-content\/uploads\/2024\/grand_america_hotel_sisalta1.jpg\"><img decoding=\"async\" src=\"\/blog\/wp-content\/uploads\/2024\/thumbs\/thumbs_grand_america_hotel_sisalta1.jpg\" \/><\/a><a href=\"\/blog\/wp-content\/uploads\/2024\/grand_america_hotel_sisalta2.jpg\"><img decoding=\"async\" src=\"\/blog\/wp-content\/uploads\/2024\/thumbs\/thumbs_grand_america_hotel_sisalta2.jpg\" \/><\/a><a href=\"\/blog\/wp-content\/uploads\/2024\/grand_america_hotel_sisalta3.jpg\"><img decoding=\"async\" src=\"\/blog\/wp-content\/uploads\/2024\/thumbs\/thumbs_grand_america_hotel_sisalta3.jpg\" \/><\/a><\/p>\n<p style=\"text-align: center;\"><em>Vanhan ajan tunnelmaa<\/em><\/p>\n<p style=\"text-align: justify;\">Salt Lake City on tyypillinen amerikkalainen kaupunki siin\u00e4 mieless\u00e4, ettei sen ydinkeskustassa asu valtavasti ihmisi\u00e4. Keskusta onkin viikonloppuisin hiljainen, mihin vaikuttaa my\u00f6s kaupungin syv\u00e4sti uskonnollinen mormoniv\u00e4est\u00f6, joka pit\u00e4\u00e4 sunnuntaita pyh\u00e4n\u00e4 lepop\u00e4iv\u00e4n\u00e4.<\/p>\n<p style=\"text-align: center;\"><a href=\"\/blog\/wp-content\/uploads\/2024\/talvinen_salt_lake_city3.jpg\"><img decoding=\"async\" src=\"\/blog\/wp-content\/uploads\/2024\/talvinen_salt_lake_city3.jpg\" \/><\/a><\/p>\n<p style=\"text-align: center;\"><em>Sunnuntaisin autio ydinkeskusta<\/em><\/p>\n<p style=\"text-align: justify;\">T\u00e4m\u00e4 saattaa yll\u00e4tt\u00e4\u00e4 kaupungissa vierailevan, sill\u00e4 keskustassa oli avoinna ainoastaan muutama kahvila, kaikkien muiden liikkeiden ollessa kiinni. Meill\u00e4 olikin vaikeuksia l\u00f6yt\u00e4\u00e4 lounaspaikkaa, mutta onneksi suosikkini <em>The Cheesecake Factory<\/em> oli auki sunnuntainakin ja siksi hyvin kiireinen.<\/p>\n<p style=\"text-align: center;\"><a href=\"\/blog\/wp-content\/uploads\/2024\/talvinen_salt_lake_city2.jpg\"><img decoding=\"async\" src=\"\/blog\/wp-content\/uploads\/2024\/thumbs\/thumbs_talvinen_salt_lake_city2.jpg\" \/><\/a><a href=\"\/blog\/wp-content\/uploads\/2024\/talvinen_salt_lake_city4.jpg\"><img decoding=\"async\" src=\"\/blog\/wp-content\/uploads\/2024\/thumbs\/thumbs_talvinen_salt_lake_city4.jpg\" \/><\/a><br \/>\n<a href=\"\/blog\/wp-content\/uploads\/2024\/talvinen_salt_lake_city5.jpg\"><img decoding=\"async\" src=\"\/blog\/wp-content\/uploads\/2024\/thumbs\/thumbs_talvinen_salt_lake_city5.jpg\" \/><\/a><a href=\"\/blog\/wp-content\/uploads\/2024\/joseph_smith_memorial_building.jpg\"><img decoding=\"async\" src=\"\/blog\/wp-content\/uploads\/2024\/thumbs\/thumbs_joseph_smith_memorial_building.jpg\" \/><\/a><\/p>\n<p style=\"text-align: center;\"><em>Vanhempaa arkkitehtuuria<\/em><\/p>\n<p style=\"text-align: justify;\">Keskustan katujen ollessa autiot, pistiv\u00e4t kaupungin kodittomat t\u00e4ll\u00e4 kertaa silm\u00e4\u00e4n aiempaa enemm\u00e4n. <a title=\"Kolme p\u00e4iv\u00e4\u00e4 Salt Lake Cityss\u00e4\" href=\"https:\/\/www.vuosiamaailmalla.fi\/blog\/2023\/kolme-paivaa-salt-lake-cityssa\/\">Aiemmilla reissuilla<\/a> olen pit\u00e4nyt Salt Lake City\u00e4 eritt\u00e4in siistin\u00e4 kaupunkina, etenkin l\u00e4nsirannikon suurkaupunkeihin <a title=\"Rikollisille luovutettu paratiisi\" href=\"https:\/\/www.vuosiamaailmalla.fi\/blog\/2021\/rikollisille-luovutettu-paratiisi\/\">verrattuna<\/a>, mutta n\u00e4emm\u00e4 kodittomuus ja <a title=\"T\u00e4ydellisen ep\u00e4onnistunut huumepolitiikka\" href=\"https:\/\/www.vuosiamaailmalla.fi\/blog\/2024\/taydellisen-epaonnistunut-huumepolitiikka\/\">huumeidenk\u00e4ytt\u00f6<\/a> ovat todellisuutta my\u00f6s Utahissa.<\/p>\n<p style=\"text-align: justify;\">Erityisesti t\u00e4m\u00e4n n\u00e4kee kaupungin julkisessa liikenteess\u00e4, johon kuuluu nelj\u00e4n linjan muodostama raitiovaunuverkosto. Raitiovaunujen k\u00e4ytt\u00f6 keskusta-alueella on ilmaista, joten kyydiss\u00e4 kulkee monenlaista kulkijaa erityisesti viikonloppuna, tehden kyydist\u00e4 muille v\u00e4hemm\u00e4n miellytt\u00e4v\u00e4n.<\/p>\n<p style=\"text-align: center;\"><a href=\"\/blog\/wp-content\/uploads\/2024\/talvinen_salt_lake_city1.jpg\"><img decoding=\"async\" src=\"\/blog\/wp-content\/uploads\/2024\/talvinen_salt_lake_city1.jpg\" \/><\/a><\/p>\n<p style=\"text-align: center;\"><em>Raitiovaunuliikennett\u00e4<\/em><\/p>\n<p style=\"text-align: justify;\">Lounaan j\u00e4lkeen suuntasimme l\u00e4heiselle <em>Temple Squaren<\/em> alueelle, joka on mormonikirkon maailmankeskus. Siell\u00e4 vierailimme kuuntelemassa joka sunnuntaista urkuharjoitusta kuuluisassa Tabernacle-rakennuksessa, jota pidet\u00e4\u00e4n yhten\u00e4 maailman parhaana akustisena tilana. Olemme Niinan kanssa kuulleet samaiset urut aikoinaan ensimm\u00e4isell\u00e4 Utahin lomamatkallamme ja urkujen sointi on huikean harrasta.<\/p>\n<p style=\"text-align: center;\"><a href=\"\/blog\/wp-content\/uploads\/2024\/tabernacle_urkuharjoitus1.jpg\"><img decoding=\"async\" src=\"\/blog\/wp-content\/uploads\/2024\/tabernacle_urkuharjoitus1.jpg\" \/><\/a><\/p>\n<p style=\"text-align: center;\"><em>Harras urkuharjoitus<\/em><\/p>\n<p style=\"text-align: justify;\">Harjoitusten p\u00e4\u00e4tytty\u00e4 kello oli kaksi ja aikaisin aamulla her\u00e4nneet kollegani p\u00e4\u00e4ttiv\u00e4t suunnata hotellille lep\u00e4\u00e4m\u00e4\u00e4n. Minua ei kuitenkaan v\u00e4sytt\u00e4nyt, joten k\u00e4velin muutama korttelia l\u00e4nteen, jossa sijaitsee vuonna 1909 valmistunut <em>Union Pacific<\/em> -rautatieyhti\u00f6n entinen asemarakennus. Historiallinen rakennus on t\u00e4ll\u00e4 hetkell\u00e4 kiinni, sill\u00e4 sen ymp\u00e4rille rakennetaan uutta luksushotellia, jonka lis\u00e4siipen\u00e4 se tulee toimimaan.<\/p>\n<p style=\"text-align: center;\"><a href=\"\/blog\/wp-content\/uploads\/2024\/salt_lake_city_union_pacific.jpg\"><img decoding=\"async\" src=\"\/blog\/wp-content\/uploads\/2024\/thumbs\/thumbs_salt_lake_city_union_pacific.jpg\" \/><\/a><a href=\"\/blog\/wp-content\/uploads\/2024\/deveraux_mansion.jpg\"><img decoding=\"async\" src=\"\/blog\/wp-content\/uploads\/2024\/thumbs\/thumbs_deveraux_mansion.jpg\" \/><\/a><\/p>\n<p style=\"text-align: center;\"><em>Entinen p\u00e4\u00e4rautatieasema ja l\u00e4heinen kartano<\/em><\/p>\n<p style=\"text-align: justify;\">Rakennuksen takana sijaitsee <em>The Gateway<\/em> nime\u00e4 kantava laaja ostoskortteli. Vuonna 2001 valmistunut\u00a0 kattamaton ulkoilmakeskus oli alkujaan suosittu ostospaikka, mutta vuonna 2012 avautunut <em>City Creek Center<\/em> aivan Temple Squaren vierell\u00e4 on sittemmin ottanut keskustashoppailun kruunun itselleen. Gatewaylla onkin ollut vaikeuksia pysy\u00e4 kehityksen mukana ja keskusta riivasivat pitk\u00e4\u00e4n my\u00f6s kodittomat, jotka on kuitenkin onnistuttu viime vuosina h\u00e4\u00e4t\u00e4m\u00e4\u00e4n alueelta.<\/p>\n<p style=\"text-align: center;\"><a href=\"\/blog\/wp-content\/uploads\/2024\/the_gateway_ostoskeskus1.jpg\"><img decoding=\"async\" src=\"\/blog\/wp-content\/uploads\/2024\/thumbs\/thumbs_the_gateway_ostoskeskus1.jpg\" \/><\/a><a href=\"\/blog\/wp-content\/uploads\/2024\/talvinen_salt_lake_city6.jpg\"><img decoding=\"async\" src=\"\/blog\/wp-content\/uploads\/2024\/thumbs\/thumbs_talvinen_salt_lake_city6.jpg\" \/><\/a><a href=\"\/blog\/wp-content\/uploads\/2024\/talvinen_salt_lake_city7.jpg\"><img decoding=\"async\" src=\"\/blog\/wp-content\/uploads\/2024\/thumbs\/thumbs_talvinen_salt_lake_city7.jpg\" \/><\/a><br \/>\n<a href=\"\/blog\/wp-content\/uploads\/2024\/salt_lake_imax.jpg\"><img decoding=\"async\" src=\"\/blog\/wp-content\/uploads\/2024\/thumbs\/thumbs_salt_lake_imax.jpg\" \/><\/a><a href=\"\/blog\/wp-content\/uploads\/2024\/the_gateway_ostoskeskus2.jpg\"><img decoding=\"async\" src=\"\/blog\/wp-content\/uploads\/2024\/thumbs\/thumbs_the_gateway_ostoskeskus2.jpg\" \/><\/a><\/p>\n<p style=\"text-align: center;\"><em>Vapaa-ajankeskus The Gateway<\/em><\/p>\n<p style=\"text-align: justify;\">Nykyisin Gateway on enemm\u00e4nkin vapaa-ajan keskus, jossa on runsaasti toimintaa nuorille sek\u00e4 perheille. Yksi hauska paikka on erinomainen <em>Clark Planetarium<\/em>, joka on t\u00e4ysin ilmainen. Planetaarion sis\u00e4lt\u00e4 l\u00f6ytyy my\u00f6s <a title=\"Oppenheimer 15\/70mm IMAX\" href=\"https:\/\/www.vuosiamaailmalla.fi\/blog\/2023\/oppenheimer-15-70mm-imax\/\">IMAX-teatteri<\/a>, jossa k\u00e4vin tappamassa aikaa katsomalla dokumentin uudesta James Webb -avaruusteleskoopista.<\/p>\n<p style=\"text-align: center;\"><a href=\"\/blog\/wp-content\/uploads\/2024\/the_gateway_ostoskeskus4.jpg\"><img decoding=\"async\" src=\"\/blog\/wp-content\/uploads\/2024\/thumbs\/thumbs_the_gateway_ostoskeskus4.jpg\" \/><\/a><a href=\"\/blog\/wp-content\/uploads\/2024\/the_gateway_ostoskeskus3.jpg\"><img decoding=\"async\" src=\"\/blog\/wp-content\/uploads\/2024\/thumbs\/thumbs_the_gateway_ostoskeskus3.jpg\" \/><\/a><br \/>\n<a href=\"\/blog\/wp-content\/uploads\/2024\/the_gateway_ostoskeskus5.jpg\"><img decoding=\"async\" src=\"\/blog\/wp-content\/uploads\/2024\/thumbs\/thumbs_the_gateway_ostoskeskus5.jpg\" \/><\/a><a href=\"\/blog\/wp-content\/uploads\/2024\/the_gateway_ostoskeskus6.jpg\"><img decoding=\"async\" src=\"\/blog\/wp-content\/uploads\/2024\/thumbs\/thumbs_the_gateway_ostoskeskus6.jpg\" \/><\/a><\/p>\n<p style=\"text-align: center;\"><em>Sunnuntai on hiljainen p\u00e4iv\u00e4<\/em><\/p>\n<p style=\"text-align: justify;\">Sunnuntaisin my\u00f6s The Gateway on l\u00e4hes kuollut, mutta korvaani tarttui silti kaiuttimista kuulutettu mainos &#8221;Frendit-el\u00e4myksest\u00e4&#8221;. Aihe sai minut kiinnostumaan ja kyse on kolmen kuukauden mittaisesta erikoisn\u00e4yttelyst\u00e4, joka tarjoaa mahdollisuuden sukeltaa 90-luvun suositun televisiosarjan maailmaan ja lavasteisiin. Frendien varsinaisen asuintalon <a title=\"Elokuvamaisemia ja Concorden kyydiss\u00e4\" href=\"https:\/\/www.vuosiamaailmalla.fi\/blog\/2011\/elokuvamaisemia-ja-concorden-kyydissa\/\">New Yorkissa n\u00e4hty\u00e4ni<\/a>, innostuin tilaisuudesta vierailla n\u00e4yttelyss\u00e4 etenkin, kun se oli viimeist\u00e4 viikkoaan Salt Lake Cityss\u00e4.<\/p>\n<p style=\"text-align: center;\"><a href=\"\/blog\/wp-content\/uploads\/2024\/the_friends_experience1.jpg\"><img decoding=\"async\" src=\"\/blog\/wp-content\/uploads\/2024\/thumbs\/thumbs_the_friends_experience1.jpg\" \/><\/a><a href=\"\/blog\/wp-content\/uploads\/2024\/the_friends_experience2.jpg\"><img decoding=\"async\" src=\"\/blog\/wp-content\/uploads\/2024\/thumbs\/thumbs_the_friends_experience2.jpg\" \/><\/a><a href=\"\/blog\/wp-content\/uploads\/2024\/the_friends_experience3.jpg\"><img decoding=\"async\" src=\"\/blog\/wp-content\/uploads\/2024\/thumbs\/thumbs_the_friends_experience3.jpg\" \/><\/a><\/p>\n<p style=\"text-align: center;\"><em>Frendit-el\u00e4mys<\/em><\/p>\n<p style=\"text-align: justify;\">P\u00e4\u00e4symaksu n\u00e4yttelyyn oli todella suolainen, $35 dollaria, mik\u00e4 on per\u00e4ti $49 Kanadan dollaria. Siihen hintaan p\u00e4\u00e4see n\u00e4kem\u00e4\u00e4n ja ottamaan valokuvia kuudessa eri lavasteessa, kuten Monican asunnon ikoninen keitti\u00f6, Joeyn ja Chandlerin k\u00e4mpp\u00e4 sek\u00e4 tietenkin kuvitteellinen <em>Central Perkin<\/em> kahvio ja sen kuuluisa oranssi sohva.<\/p>\n<p style=\"text-align: center;\"><a href=\"\/blog\/wp-content\/uploads\/2024\/the_friends_experience4.jpg\"><img decoding=\"async\" src=\"\/blog\/wp-content\/uploads\/2024\/thumbs\/thumbs_the_friends_experience4.jpg\" \/><\/a><a href=\"\/blog\/wp-content\/uploads\/2024\/the_friends_experience6.jpg\"><img decoding=\"async\" src=\"\/blog\/wp-content\/uploads\/2024\/thumbs\/thumbs_the_friends_experience6.jpg\" \/><\/a><a href=\"\/blog\/wp-content\/uploads\/2024\/the_friends_experience7.jpg\"><img decoding=\"async\" src=\"\/blog\/wp-content\/uploads\/2024\/thumbs\/thumbs_the_friends_experience7.jpg\" \/><\/a><\/p>\n<p style=\"text-align: center;\"><em>Tuttuja lavasteita<\/em><\/p>\n<p style=\"text-align: justify;\">Vaikka n\u00e4yttely onkin hauska ja nostalgisia muistoja her\u00e4tt\u00e4v\u00e4, ei se ollut l\u00e4hellek\u00e4\u00e4n p\u00e4\u00e4symaksun arvoinen, eik\u00e4 sit\u00e4 voi t\u00e4ten suositella. Vastaavia n\u00e4yttelyit\u00e4 l\u00f6ytyy my\u00f6s muista maista ja kaupungeista, ja ehk\u00e4 ne ovat parempia. Valokuvat eiv\u00e4t my\u00f6sk\u00e4\u00e4n ole yht\u00e4 hauskoja yksin otettuna ja muutamissa paikoissa olisikin ollut tilaisuus lavastaa kavereiden kanssa hauska kuva.<\/p>\n<p style=\"text-align: center;\"><a href=\"\/blog\/wp-content\/uploads\/2024\/the_friends_experience5.jpg\"><img decoding=\"async\" src=\"\/blog\/wp-content\/uploads\/2024\/thumbs\/thumbs_the_friends_experience5.jpg\" \/><\/a><a href=\"\/blog\/wp-content\/uploads\/2024\/the_friends_experience8.jpg\"><img decoding=\"async\" src=\"\/blog\/wp-content\/uploads\/2024\/thumbs\/thumbs_the_friends_experience8.jpg\" \/><\/a><a href=\"\/blog\/wp-content\/uploads\/2024\/the_friends_experience9.jpg\"><img decoding=\"async\" src=\"\/blog\/wp-content\/uploads\/2024\/thumbs\/thumbs_the_friends_experience9.jpg\" \/><\/a><\/p>\n<p style=\"text-align: center;\"><em>Ei p\u00e4\u00e4symaksun arvoinen kokemus<\/em><\/p>\n<p style=\"text-align: justify;\">Illalla hotellillamme j\u00e4rjestettiin konferenssin aloitusiltamat, jossa oli mukava n\u00e4hd\u00e4 kollegoita ymp\u00e4ri maailmaa. Seuraavan p\u00e4iv\u00e4n ohjelma oli t\u00e4ynn\u00e4 mielenkiintoisia paneelikeskusteluja sek\u00e4 avainpuheenvuoroja alkaneeseen vuoteen liittyen ja p\u00e4iv\u00e4 meni joutuisaan.<\/p>\n<p style=\"text-align: justify;\">Iltap\u00e4iv\u00e4n aikana sain kuitenkin tekstiviestin kotopuolesta. Tytt\u00e4remme oli ollut jo matkaan l\u00e4htiess\u00e4ni hieman kipe\u00e4 ja nyt syyksi paljastui korona. Tieto sai minut miettim\u00e4\u00e4n matkani jatkoa, sill\u00e4 oli mahdollista, ett\u00e4 minullakin on korona it\u00e4m\u00e4ss\u00e4. K\u00e4vinkin ostamassa apteekista koronatestin, joka oli kuitenkin onneksi negatiivinen.<\/p>\n<p style=\"text-align: center;\"><a href=\"\/blog\/wp-content\/uploads\/2024\/konferenssi_iltamat1.jpg\"><img decoding=\"async\" src=\"\/blog\/wp-content\/uploads\/2024\/thumbs\/thumbs_konferenssi_iltamat1.jpg\" \/><\/a><a href=\"\/blog\/wp-content\/uploads\/2024\/konferenssi_iltamat2.jpg\"><img decoding=\"async\" src=\"\/blog\/wp-content\/uploads\/2024\/thumbs\/thumbs_konferenssi_iltamat2.jpg\" \/><\/a><\/p>\n<p style=\"text-align: center;\"><em>Hauskat iltamat<\/em><\/p>\n<p style=\"text-align: justify;\">Hyv\u00e4 uutinen ei kuitenkaan tuonut varmuutta millainen kuntoni olisi seuraavien kahden p\u00e4iv\u00e4n aikana. Huolena oli (onneksi harvinainen) voimakas sairastuminen Amerikassa ja jumittuminen useaksi p\u00e4iv\u00e4ksi hotelliin. P\u00e4\u00e4timmekin pomoni kanssa, ett\u00e4 vaihdan lentojani niin, ett\u00e4 lenn\u00e4n viel\u00e4 samana iltana takaisin kotiin. Muutaman tunnin p\u00e4\u00e4st\u00e4 istuinkin jo lentokoneessa kohti Vancouveria.<\/p>\n<p style=\"text-align: center;\"><a href=\"\/blog\/wp-content\/uploads\/2024\/konferenssipaiva.jpg\"><img decoding=\"async\" src=\"\/blog\/wp-content\/uploads\/2024\/konferenssipaiva.jpg\" \/><\/a><\/p>\n<p style=\"text-align: center;\"><em>Kiintoisat puheet j\u00e4iv\u00e4t lyhyeen<\/em><\/p>\n<p style=\"text-align: justify;\">N\u00e4in ollen nelip\u00e4iv\u00e4iseksi suunniteltu ty\u00f6matkani kutistui ainoastaan 40 tunnin mittaiseksi, mutta ratkaisu oli silti t\u00e4ysin oikea. Kaksi p\u00e4iv\u00e4\u00e4 my\u00f6hemmin testasin nimitt\u00e4in itsekin positiiviseksi koronaan, joka oli kuitenkin onneksi kaikilla eritt\u00e4in mieto, l\u00e4hinn\u00e4 flunssa pienell\u00e4 kuumeilulla. Paljon helpompi kuin ensimm\u00e4inen koronani lokakuussa 2022, joka oli my\u00f6s tuolloin aivan <a title=\"Ty\u00f6matka aavikolle\" href=\"https:\/\/www.vuosiamaailmalla.fi\/blog\/2022\/tyomatka-aavikolle\/\">ty\u00f6matkan ymp\u00e4rill\u00e4<\/a>.<\/p>\n<p style=\"text-align: justify;\">Takaiskusta huolimatta reissu oli silti sangen onnistunut ja osallistuminen maanantain sessioihin oli kaikkein t\u00e4rkeint\u00e4. Reissussa ollessaan pit\u00e4\u00e4 kuitenkin olla joustava tilanteen muuttumisen suhteen ja t\u00e4ll\u00e4 kertaa matkasta muodostui tynk\u00e4. Itse kaupunkiin tulee kuitenkin palattua taas pian uudelleen kuluvan kev\u00e4\u00e4n aikana.<\/p>\n","protected":false},"excerpt":{"rendered":"<p>Lokakuun ty\u00f6matkasta syksyiseen Utahiin ehti kulua ainoastaan kolme kuukautta, kunnes l\u00f6ysin j\u00e4lleen itseni tutulta aamulennolta matkalla Salt Lake Cityyn. T\u00e4m\u00e4nkertainen reissuni liittyi kolmip\u00e4iv\u00e4iseen strategiakonferenssiin, johon oli saapumassa yli 500 ihmist\u00e4 eri puolilta maailmaa. Konferenssip\u00e4ivien ollessa maanantaista keskiviikkoon, lensin Utahiin jo ennakkoon sunnuntaina.<\/p>\n","protected":false},"author":1,"featured_media":13484,"comment_status":"open","ping_status":"closed","sticky":false,"template":"","format":"standard","meta":{"_jetpack_memberships_contains_paid_content":false,"footnotes":""},"categories":[3,7,13,890],"tags":[1433,1487,602,1826,1794,1741,1740,11],"class_list":["post-13481","post","type-post","status-publish","format-standard","has-post-thumbnail","hentry","category-arki-ulkomailla","category-matkakertomukset","category-tyoskentely-kanadassa","category-yhdysvallat","tag-frendit","tag-koronavirus","tag-salt-lake-city","tag-tabernacle","tag-temple-square","tag-tyomatka","tag-utah","tag-matkakertomukset-yhdysvallat"],"jetpack_featured_media_url":"https:\/\/www.vuosiamaailmalla.fi\/blog\/wp-content\/uploads\/talvinen_salt_lake_city_banner.jpg","jetpack_sharing_enabled":true,"_links":{"self":[{"href":"https:\/\/www.vuosiamaailmalla.fi\/blog\/wp-json\/wp\/v2\/posts\/13481","targetHints":{"allow":["GET"]}}],"collection":[{"href":"https:\/\/www.vuosiamaailmalla.fi\/blog\/wp-json\/wp\/v2\/posts"}],"about":[{"href":"https:\/\/www.vuosiamaailmalla.fi\/blog\/wp-json\/wp\/v2\/types\/post"}],"author":[{"embeddable":true,"href":"https:\/\/www.vuosiamaailmalla.fi\/blog\/wp-json\/wp\/v2\/users\/1"}],"replies":[{"embeddable":true,"href":"https:\/\/www.vuosiamaailmalla.fi\/blog\/wp-json\/wp\/v2\/comments?post=13481"}],"version-history":[{"count":7,"href":"https:\/\/www.vuosiamaailmalla.fi\/blog\/wp-json\/wp\/v2\/posts\/13481\/revisions"}],"predecessor-version":[{"id":13597,"href":"https:\/\/www.vuosiamaailmalla.fi\/blog\/wp-json\/wp\/v2\/posts\/13481\/revisions\/13597"}],"wp:featuredmedia":[{"embeddable":true,"href":"https:\/\/www.vuosiamaailmalla.fi\/blog\/wp-json\/wp\/v2\/media\/13484"}],"wp:attachment":[{"href":"https:\/\/www.vuosiamaailmalla.fi\/blog\/wp-json\/wp\/v2\/media?parent=13481"}],"wp:term":[{"taxonomy":"category","embeddable":true,"href":"https:\/\/www.vuosiamaailmalla.fi\/blog\/wp-json\/wp\/v2\/categories?post=13481"},{"taxonomy":"post_tag","embeddable":true,"href":"https:\/\/www.vuosiamaailmalla.fi\/blog\/wp-json\/wp\/v2\/tags?post=13481"}],"curies":[{"name":"wp","href":"https:\/\/api.w.org\/{rel}","templated":true}]}}