{"id":13492,"date":"2023-10-12T14:16:28","date_gmt":"2023-10-12T21:16:28","guid":{"rendered":"https:\/\/www.vuosiamaailmalla.fi\/blog\/?p=13492"},"modified":"2024-02-19T16:34:19","modified_gmt":"2024-02-20T00:34:19","slug":"perheloma-comox-valleyssa","status":"publish","type":"post","link":"https:\/\/www.vuosiamaailmalla.fi\/blog\/2023\/perheloma-comox-valleyssa\/","title":{"rendered":"Perheloma Comox Valleyss\u00e4"},"content":{"rendered":"<p style=\"text-align: justify;\">Lokakuussa juhlittava kiitosp\u00e4iv\u00e4n pitk\u00e4 viikonloppu on ollut yleens\u00e4 meid\u00e4n perheess\u00e4 l\u00e4himatkailun aikaa. Viime vuonna vietimme tuolloin pitk\u00e4n viikonlopun aina yht\u00e4 ihanassa <a title=\"Koko perheen kiitosp\u00e4iv\u00e4 Uclueletissa\" href=\"https:\/\/www.vuosiamaailmalla.fi\/blog\/2022\/koko-perheen-kiitospaiva-uclueletissa\/\">Tofinossa<\/a> ja sit\u00e4 edelt\u00e4v\u00e4n\u00e4 vuonna matkakohde oli <a title=\"Salt Spring Islandin kiitosp\u00e4iv\u00e4\" href=\"https:\/\/www.vuosiamaailmalla.fi\/blog\/2021\/salt-spring-islandin-kiitospaiva\/\">Salt Spring Island<\/a>. My\u00f6s t\u00e4m\u00e4n vuoden matka sijoittui Vancouverinsaarelle, mist\u00e4 l\u00f6ytyy edelleen meille uusia ja tuntemattomia matkailukohteita.<\/p>\n<p><!--more--><\/p>\n<p style=\"text-align: justify;\">P\u00e4\u00e4si\u00e4isen viikonloppumatkamme sateiseen <a title=\"Kolea p\u00e4\u00e4si\u00e4inen Cowichan Valleyss\u00e4\" href=\"https:\/\/www.vuosiamaailmalla.fi\/blog\/2023\/kolea-paasiainen-cowichan-valleyssa\/\">Cowichan Valleyhin<\/a> oli koleasta s\u00e4\u00e4st\u00e4 huolimatta hauska tutkimusmatka valtavan Vancouverinsaaren etel\u00e4osaan. Hyvin samanlainen alue l\u00f6ytyy kuitenkin my\u00f6s kaksi sataa kilometri\u00e4 rannikkoa yl\u00f6sp\u00e4in, jossa sijaitseva Comox Valley oli viime viikonlopun reissumme kohde.<\/p>\n<p style=\"text-align: center;\"><iframe loading=\"lazy\" style=\"border: 0;\" src=\"https:\/\/www.google.com\/maps\/embed?pb=!1m28!1m12!1m3!1d952785.5022925216!2d-124.51367843348889!3d49.54372657772623!2m3!1f0!2f0!3f0!3m2!1i1024!2i768!4f13.1!4m13!3e6!4m5!1s0x548673f143a94fb3%3A0xbb9196ea9b81f38b!2svancouver!3m2!1d49.2827291!2d-123.12073749999999!4m5!1s0x54881323e6b8d565%3A0xac88f5631961c5c!2scomox!3m2!1d49.673513299999996!2d-124.9282659!5e1!3m2!1sfi!2sca!4v1708387514719!5m2!1sfi!2sca\" width=\"600\" height=\"450\" allowfullscreen=\"allowfullscreen\"><\/iframe><\/p>\n<p style=\"text-align: center;\"><em>L\u00e4hell\u00e4 sijaitseva Comox Valley<\/em><\/p>\n<p style=\"text-align: justify;\">Matkaan l\u00e4hdettiin perjantaina aurinkoisessa s\u00e4\u00e4ss\u00e4. Aurinko l\u00e4mmitti meit\u00e4 ihanasti Horseshoe Bayn lauttaterminaalilla odotellessa ja my\u00f6s lauttamatkalla Nanaimoon. <a title=\"Kaikki enn\u00e4tykset rikkonut mets\u00e4palokausi\" href=\"https:\/\/www.vuosiamaailmalla.fi\/blog\/2023\/kaikki-ennatykset-rikkonut-metsapalokausi\/\">Vakavasta mets\u00e4palokaudesta<\/a> huolimatta l\u00e4nsirannikolla on t\u00e4n\u00e4 vuonna v\u00e4ltytty pahimmalta mets\u00e4palosavulta ja Vancouverin taakse j\u00e4\u00e4v\u00e4 siluetti n\u00e4kyikin hyvin lautan kannelta.<\/p>\n<p style=\"text-align: center;\"><a href=\"\/blog\/wp-content\/uploads\/2023\/horseshoe_bay_panoraama.jpg\"><img decoding=\"async\" src=\"\/blog\/wp-content\/uploads\/2023\/horseshoe_bay_panoraama_pieni.jpg\" \/><\/a><\/p>\n<p style=\"text-align: center;\"><em>Aurinkoinen Horseshoe Bay<\/em><\/p>\n<p style=\"text-align: center;\"><a href=\"\/blog\/wp-content\/uploads\/2023\/lahdossa_horseshoe_baysta1.jpg\"><img decoding=\"async\" src=\"\/blog\/wp-content\/uploads\/2023\/thumbs\/thumbs_lahdossa_horseshoe_baysta1.jpg\" \/><\/a><a href=\"\/blog\/wp-content\/uploads\/2023\/maisema_lautalta.jpg\"><img decoding=\"async\" src=\"\/blog\/wp-content\/uploads\/2023\/thumbs\/thumbs_maisema_lautalta.jpg\" \/><\/a><\/p>\n<p style=\"text-align: center;\"><em>Upea syyss\u00e4\u00e4<\/em><\/p>\n<p style=\"text-align: center;\"><a href=\"\/blog\/wp-content\/uploads\/2023\/vancouver_merelta_panoraama.jpg\"><img decoding=\"async\" src=\"\/blog\/wp-content\/uploads\/2023\/vancouver_merelta_panoraama_pieni.jpg\" \/><\/a><\/p>\n<p style=\"text-align: center;\"><em>Taakse j\u00e4\u00e4v\u00e4 Vancouver<\/em><\/p>\n<p style=\"text-align: justify;\">Comox Valley sijaitsee Nanaimosta 117 kilometri\u00e4 pohjoiseen ja matkan voi taittaa moottoritiet\u00e4 pitkin noin tunnissa. Meill\u00e4 ei ollut kuitenkaan mik\u00e4\u00e4n kiire ja niinp\u00e4 ajoimmekin vanhaa rantatiet\u00e4 pitkin, joka poikkeaa rannikon jokaisessa taajamassa.<\/p>\n<p style=\"text-align: center;\"><a href=\"\/blog\/wp-content\/uploads\/2023\/union_bay_maisema1.jpg\"><img decoding=\"async\" src=\"\/blog\/wp-content\/uploads\/2023\/thumbs\/thumbs_union_bay_maisema1.jpg\" \/><\/a><a href=\"\/blog\/wp-content\/uploads\/2023\/union_bay_maisema2.jpg\"><img decoding=\"async\" src=\"\/blog\/wp-content\/uploads\/2023\/thumbs\/thumbs_union_bay_maisema2.jpg\" \/><\/a><\/p>\n<p style=\"text-align: center;\"><em>Rantatien maisemia<\/em><\/p>\n<p style=\"text-align: justify;\">Olimme perill\u00e4 iltap\u00e4iv\u00e4st\u00e4 ja hienon kelin rohkaisemina ajoimme <em>Goose Spit Bayn<\/em> niemeen, josta aukeavat hienot merimaisemat. Niemi suojaa Comoxin edustaa ja sen nokassa sijaitsee Kanadan merivoimien koulutuskeskus. Vaikka niemennokka onkin t\u00e4st\u00e4 johtuen yleis\u00f6n tavoittamattomissa, ovat itse niemi ja sen kaksi rantaa paikallisten suosimia paikkoja viett\u00e4\u00e4 kaunista p\u00e4iv\u00e4\u00e4. Suositut ovat my\u00f6s niemen kumpareelle johtavat portaat, joiden huipulta saa yleiskuvan alueesta.<\/p>\n<p style=\"text-align: center;\"><a href=\"\/blog\/wp-content\/uploads\/2023\/goose_spit_bay1.jpg\"><img decoding=\"async\" src=\"\/blog\/wp-content\/uploads\/2023\/thumbs\/thumbs_goose_spit_bay1.jpg\" \/><\/a><a href=\"\/blog\/wp-content\/uploads\/2023\/goose_spit_bay2.jpg\"><img decoding=\"async\" src=\"\/blog\/wp-content\/uploads\/2023\/thumbs\/thumbs_goose_spit_bay2.jpg\" \/><\/a><a href=\"\/blog\/wp-content\/uploads\/2023\/goose_spit_bay3.jpg\"><img decoding=\"async\" src=\"\/blog\/wp-content\/uploads\/2023\/thumbs\/thumbs_goose_spit_bay3.jpg\" \/><\/a><\/p>\n<p style=\"text-align: center;\"><em>Goose Spit Bayn ulkoilualue<\/em><\/p>\n<p style=\"text-align: justify;\">Yksi syy matkaamme oli netist\u00e4 l\u00f6yt\u00e4m\u00e4mme ihana majoitus, joka oli n\u00e4tisti kalustettu piharakennus hieman kyl\u00e4taajaman ulkopuolella. Vaikka <em>AirBnB<\/em> onkin paraikaa <a title=\"Tiukat s\u00e4\u00e4nn\u00f6t lyhytaikaiselle vuokraukselle\" href=\"https:\/\/www.vuosiamaailmalla.fi\/blog\/2023\/tiukat-saannot-lyhytaikaiselle-vuokraukselle\/\">kiistanalainen palvelu<\/a> ymp\u00e4ri British Columbiaa, tarjosi herttainen majoituksemme mieleen j\u00e4\u00e4v\u00e4n el\u00e4myksen.<\/p>\n<p style=\"text-align: center;\"><a href=\"\/blog\/wp-content\/uploads\/2023\/comox_airbnb1.jpg\"><img decoding=\"async\" src=\"\/blog\/wp-content\/uploads\/2023\/thumbs\/thumbs_comox_airbnb1.jpg\" \/><\/a><a href=\"\/blog\/wp-content\/uploads\/2023\/comox_airbnb2.jpg\"><img decoding=\"async\" src=\"\/blog\/wp-content\/uploads\/2023\/thumbs\/thumbs_comox_airbnb2.jpg\" \/><\/a><br \/>\n<a href=\"\/blog\/wp-content\/uploads\/2023\/comox_airbnb3.jpg\"><img decoding=\"async\" src=\"\/blog\/wp-content\/uploads\/2023\/thumbs\/thumbs_comox_airbnb3.jpg\" \/><\/a><a href=\"\/blog\/wp-content\/uploads\/2023\/comox_airbnb4.jpg\"><img decoding=\"async\" src=\"\/blog\/wp-content\/uploads\/2023\/thumbs\/thumbs_comox_airbnb4.jpg\" \/><\/a><\/p>\n<p style=\"text-align: center;\"><em>Tunnelmallinen majoitus<\/em><\/p>\n<p style=\"text-align: justify;\">14 800 asukkaan Comox on rauhallinen pikkukyl\u00e4, jonka asujaimisto on keskim\u00e4\u00e4r\u00e4ist\u00e4 vanhempaa. Alue on suosittu paikka el\u00e4k\u00f6ity\u00e4, mutta nuorempaa v\u00e4ke\u00e4 kyl\u00e4\u00e4n tuo siell\u00e4 sijaitseva Kanadan ilmavoimien tukikohta. Tukikohta on alueen suurin ty\u00f6nantaja noin 1400 ty\u00f6paikallaan ja se perustettiin toisen maailmansodan sek\u00e4 Pearl Harborin hy\u00f6kk\u00e4yksen j\u00e4lkeen. Sodan j\u00e4lkeen suunnitelmat pysyv\u00e4st\u00e4 tukikohdasta meniv\u00e4t kuitenkin j\u00e4ihin, mutta armeija palasi paikalle kylm\u00e4n sodan my\u00f6t\u00e4 vuonna 1952. Tuolloin Comoxin tukikohdasta tuli osa laajaa koko Kanadan pohjoista rannikkoa kattavaa tutkaverkostoa Neuvostoliiton Yhdysvaltoihin suuntautuvan mahdollista ilmahy\u00f6kk\u00e4yksen varalle.<\/p>\n<p style=\"text-align: center;\"><a href=\"\/blog\/wp-content\/uploads\/2023\/comox_lentomuseo4.jpg\"><img decoding=\"async\" src=\"\/blog\/wp-content\/uploads\/2023\/thumbs\/thumbs_comox_lentomuseo4.jpg\" \/><\/a><a href=\"\/blog\/wp-content\/uploads\/2023\/comox_lentomuseo5.jpg\"><img decoding=\"async\" src=\"\/blog\/wp-content\/uploads\/2023\/thumbs\/thumbs_comox_lentomuseo5.jpg\" \/><\/a><a href=\"\/blog\/wp-content\/uploads\/2023\/comox_lentomuseo6.jpg\"><img decoding=\"async\" src=\"\/blog\/wp-content\/uploads\/2023\/thumbs\/thumbs_comox_lentomuseo6.jpg\" \/><\/a><\/p>\n<p style=\"text-align: center;\"><em>Ilmavoimien lentokonemuseo<\/em><\/p>\n<p style=\"text-align: center;\"><a href=\"\/blog\/wp-content\/uploads\/2023\/comox_lentomuseo7.jpg\"><img decoding=\"async\" src=\"\/blog\/wp-content\/uploads\/2023\/comox_lentomuseo7.jpg\" \/><\/a><\/p>\n<p style=\"text-align: center;\"><em>K\u00e4yt\u00f6st\u00e4 poistettu h\u00e4vitt\u00e4j\u00e4<\/em><\/p>\n<p style=\"text-align: justify;\">Tukikohtaa on nykyisin ilmavoimien 19. lentueen koti ja sen kiitorata toimii my\u00f6s alueen siviililentokent\u00e4n kiitoratana. Tukikohdan yhteydess\u00e4 sijaitsee my\u00f6s toimintaa laajasti avaava museo, mutta kohde ei vaikuttanut kaikkein kiintoisimmalta kaksi vuotiaalle tytt\u00e4rellemme. Kiintoisa oli sen sijaan museon edustalla sijaitseva ilmainen lentokonepuisto, jossa on n\u00e4ht\u00e4viss\u00e4 kymmenkunta armeijan entist\u00e4 lentokonetta ja helikopteria, joita on k\u00e4ytetty <a title=\"Tosiel\u00e4m\u00e4n haaksirikkoutuneet\" href=\"https:\/\/www.vuosiamaailmalla.fi\/blog\/2012\/tosielaman-haaksirikkoutuneet\/\">l\u00e4nsirannikon pelastustoiminnassa<\/a>. Vierailu puistossa kannattaa siis perheillekin, sill\u00e4 n\u00e4ht\u00e4vill\u00e4 on monta erilaista lentokonetta.<\/p>\n<p style=\"text-align: center;\"><a href=\"\/blog\/wp-content\/uploads\/2023\/comox_lentomuseo1.jpg\"><img decoding=\"async\" src=\"\/blog\/wp-content\/uploads\/2023\/thumbs\/thumbs_comox_lentomuseo1.jpg\" \/><\/a><a href=\"\/blog\/wp-content\/uploads\/2023\/comox_lentomuseo2.jpg\"><img decoding=\"async\" src=\"\/blog\/wp-content\/uploads\/2023\/thumbs\/thumbs_comox_lentomuseo2.jpg\" \/><\/a><a href=\"\/blog\/wp-content\/uploads\/2023\/comox_lentomuseo3.jpg\"><img decoding=\"async\" src=\"\/blog\/wp-content\/uploads\/2023\/thumbs\/thumbs_comox_lentomuseo3.jpg\" \/><\/a><\/p>\n<p style=\"text-align: center;\"><em>Pelastuskalustoa<\/em><\/p>\n<p style=\"text-align: justify;\">Puistolta ajoimme Comoxin keskustaan, jonka edustalla sijaitsee pieni satama-alue. Alueelta l\u00f6ytyy uusi mukava leikkipuisto, jonka yhteydess\u00e4 on muutama ruokaa myyv\u00e4 <em>food truck<\/em>. Niist\u00e4 ostetun lounaan j\u00e4lkeen k\u00e4velimme sataman rantapengert\u00e4 ja pitk\u00e4\u00e4 laituria, jolta avautui maisema horisontissa siint\u00e4v\u00e4lle j\u00e4\u00e4tik\u00f6lle, joka sijaitsee 1960 metrin korkeudessa.<\/p>\n<p style=\"text-align: center;\"><a href=\"\/blog\/wp-content\/uploads\/2023\/comox_food_truck.jpg\"><img decoding=\"async\" src=\"\/blog\/wp-content\/uploads\/2023\/thumbs\/thumbs_comox_food_truck.jpg\" \/><\/a><a href=\"\/blog\/wp-content\/uploads\/2023\/comox_leikkikentta.jpg\"><img decoding=\"async\" src=\"\/blog\/wp-content\/uploads\/2023\/thumbs\/thumbs_comox_leikkikentta.jpg\" \/><\/a><\/p>\n<p style=\"text-align: center;\"><em>Leikkipuisto Comoxissa<\/em><\/p>\n<p style=\"text-align: center;\"><a href=\"\/blog\/wp-content\/uploads\/2023\/comox_satama1.jpg\"><img decoding=\"async\" src=\"\/blog\/wp-content\/uploads\/2023\/thumbs\/thumbs_comox_satama1.jpg\" \/><\/a><a href=\"\/blog\/wp-content\/uploads\/2023\/comox_satama2.jpg\"><img decoding=\"async\" src=\"\/blog\/wp-content\/uploads\/2023\/thumbs\/thumbs_comox_satama2.jpg\" \/><\/a><a href=\"\/blog\/wp-content\/uploads\/2023\/comox_satama4.jpg\"><img decoding=\"async\" src=\"\/blog\/wp-content\/uploads\/2023\/thumbs\/thumbs_comox_satama4.jpg\" \/><\/a><br \/>\n<a href=\"\/blog\/wp-content\/uploads\/2023\/comox_satama3.jpg\"><img decoding=\"async\" src=\"\/blog\/wp-content\/uploads\/2023\/thumbs\/thumbs_comox_satama3.jpg\" \/><\/a><a href=\"\/blog\/wp-content\/uploads\/2023\/comox_satama5.jpg\"><img decoding=\"async\" src=\"\/blog\/wp-content\/uploads\/2023\/thumbs\/thumbs_comox_satama5.jpg\" \/><\/a><\/p>\n<p style=\"text-align: center;\"><em>Kaunis p\u00e4iv\u00e4 ulkoiluun<\/em><\/p>\n<p style=\"text-align: justify;\">Liikkeell\u00e4 oli hienon s\u00e4\u00e4n innoittamana v\u00e4ke\u00e4, mutta Comox ja sen p\u00e4\u00e4katu ovat silti viikonloppuisin sangen hiljaiset. Poikkesimme kahvilla pieness\u00e4 leipomossa, mill\u00e4 matkalla huomiomme kiinnitti vanhuksille suunnattujen palveluiden ja liikkeiden poikkeuksellisen suuri m\u00e4\u00e4r\u00e4, vahvistaen tietoa suositusta el\u00e4kepaikkakunnasta.<\/p>\n<p style=\"text-align: center;\"><a href=\"\/blog\/wp-content\/uploads\/2023\/comox_keskusta.jpg\"><img decoding=\"async\" src=\"\/blog\/wp-content\/uploads\/2023\/comox_keskusta.jpg\" \/><\/a><\/p>\n<p style=\"text-align: center;\"><em>Comoxin verkkainen keskusta<\/em><\/p>\n<p style=\"text-align: justify;\">Alueen merkitt\u00e4vin joki on Comoxin ja viereisen Courtenayn kaupungin v\u00e4list\u00e4 mereen laskeva Puntledge River. Kymmenen kilometri\u00e4 jokea yl\u00e4juoksuun sijaitsee Nymph Fallsin putoukset, joille on parkkipaikalta lyhyt k\u00e4velymatka. Putousten sijaan kyseess\u00e4 on koskista, jotka olivat kuivan kes\u00e4n j\u00e4ljilt\u00e4 sangen pienet. Paikka on kuitenkin kes\u00e4isin paikallisten suosima vilvoittelupaikka kosken pieniss\u00e4 kallio-onkaloissa.<\/p>\n<p style=\"text-align: center;\"><a href=\"\/blog\/wp-content\/uploads\/2023\/nymph_falls3.jpg\"><img decoding=\"async\" src=\"\/blog\/wp-content\/uploads\/2023\/thumbs\/thumbs_nymph_falls3.jpg\" \/><\/a><a href=\"\/blog\/wp-content\/uploads\/2023\/nymph_falls1.jpg\"><img decoding=\"async\" src=\"\/blog\/wp-content\/uploads\/2023\/thumbs\/thumbs_nymph_falls1.jpg\" \/><\/a><a href=\"\/blog\/wp-content\/uploads\/2023\/nymph_falls2.jpg\"><img decoding=\"async\" src=\"\/blog\/wp-content\/uploads\/2023\/thumbs\/thumbs_nymph_falls2.jpg\" \/><\/a><\/p>\n<p style=\"text-align: center;\"><em>Nymph Fallsin koski<\/em><\/p>\n<p style=\"text-align: justify;\">Seuraavana p\u00e4iv\u00e4n\u00e4 ajoimme aamusta Campbell Riveriin, joka sijaitsee Comoxista noin 50 kilometri\u00e4 pohjoiseen. Olemme vierailleet kaupungissa vuonna 2019 osana lomamatkaamme Bella Coolaan ja syy uuteen vierailuumme oli vierailu siell\u00e4 sijaitsevassa kotiel\u00e4inpihassa. Asuintalon pihapiiriss\u00e4 sijaitsevassa tarhassa olikin runsaasti eri kotiel\u00e4imi\u00e4 n\u00e4ht\u00e4v\u00e4n\u00e4 ja el\u00e4imi\u00e4 sai sek\u00e4 koskea ett\u00e4 ottaa syliin, mik\u00e4 oli kovasti tytt\u00e4remme mieleen.<\/p>\n<p style=\"text-align: center;\"><a href=\"\/blog\/wp-content\/uploads\/2023\/holly_hill_farm1.jpg\"><img decoding=\"async\" src=\"\/blog\/wp-content\/uploads\/2023\/thumbs\/thumbs_holly_hill_farm1.jpg\" \/><\/a><a href=\"\/blog\/wp-content\/uploads\/2023\/holly_hill_farm2.jpg\"><img decoding=\"async\" src=\"\/blog\/wp-content\/uploads\/2023\/thumbs\/thumbs_holly_hill_farm2.jpg\" \/><\/a><a href=\"\/blog\/wp-content\/uploads\/2023\/holly_hill_farm8.jpg\"><img decoding=\"async\" src=\"\/blog\/wp-content\/uploads\/2023\/thumbs\/thumbs_holly_hill_farm8.jpg\" \/><\/a><\/p>\n<p style=\"text-align: center;\"><em>Hauska kotiel\u00e4inpiha<\/em><\/p>\n<p style=\"text-align: center;\"><a href=\"\/blog\/wp-content\/uploads\/2023\/holly_hill_farm3.jpg\"><img decoding=\"async\" src=\"\/blog\/wp-content\/uploads\/2023\/thumbs\/thumbs_holly_hill_farm3.jpg\" \/><\/a><a href=\"\/blog\/wp-content\/uploads\/2023\/holly_hill_farm4.jpg\"><img decoding=\"async\" src=\"\/blog\/wp-content\/uploads\/2023\/thumbs\/thumbs_holly_hill_farm4.jpg\" \/><\/a><a href=\"\/blog\/wp-content\/uploads\/2023\/holly_hill_farm5.jpg\"><img decoding=\"async\" src=\"\/blog\/wp-content\/uploads\/2023\/thumbs\/thumbs_holly_hill_farm5.jpg\" \/><\/a><br \/>\n<a href=\"\/blog\/wp-content\/uploads\/2023\/holly_hill_farm7.jpg\"><img decoding=\"async\" src=\"\/blog\/wp-content\/uploads\/2023\/thumbs\/thumbs_holly_hill_farm7.jpg\" \/><\/a><a href=\"\/blog\/wp-content\/uploads\/2023\/holly_hill_farm6.jpg\"><img decoding=\"async\" src=\"\/blog\/wp-content\/uploads\/2023\/thumbs\/thumbs_holly_hill_farm6.jpg\" \/><\/a><\/p>\n<p style=\"text-align: center;\"><em>L\u00e4hikontaktia el\u00e4inten kanssa<\/em><\/p>\n<p style=\"text-align: justify;\">El\u00e4inpihan l\u00e4hist\u00f6ll\u00e4 sijaitsee my\u00f6s kehuttu ruokapaikka, joka on oikea vanhan ajan tienvarsiravintola, asiaankuuluvalla sisutuksella. Muutoin emme viett\u00e4neet juurikaan aikaa Campbell Riveriss\u00e4, joka on keskustaltaan hieman aneeminen ja eloton kaupunki.<\/p>\n<p style=\"text-align: center;\"><a href=\"\/blog\/wp-content\/uploads\/2023\/ideal_cafe.jpg\"><img decoding=\"async\" src=\"\/blog\/wp-content\/uploads\/2023\/ideal_cafe.jpg\" \/><\/a><\/p>\n<p style=\"text-align: center;\"><em>Vanhanajan ravintola<\/em><\/p>\n<p style=\"text-align: justify;\">Sen sijaan suuntasimme uudemman kerran Puntledge Riverin varteen, jossa sijaitsee sangen suuri kalankasvattamo. Kasvattamot ovat t\u00e4rke\u00e4 osa l\u00e4nsirannikon lohikannan yll\u00e4pitoa ja sellainen l\u00f6ytyy monien jokien varrelta. Syksy on <a title=\"Lohennousua Serpentine Riverill\u00e4\" href=\"https:\/\/www.vuosiamaailmalla.fi\/blog\/2020\/lohennousua-serpentine-riverilla\/\">lohennousun aikaa<\/a> ja Puntledge Riveri\u00e4 n\u00e4ihin aikoihin tuhansia lohia tavoitteenaan kuteminen synnyinseudullaan.<\/p>\n<p style=\"text-align: center;\"><a href=\"\/blog\/wp-content\/uploads\/2023\/puntledge_river_hatchery2.jpg\"><img decoding=\"async\" src=\"\/blog\/wp-content\/uploads\/2023\/thumbs\/thumbs_puntledge_river_hatchery2.jpg\" \/><\/a><a href=\"\/blog\/wp-content\/uploads\/2023\/puntledge_river_hatchery1.jpg\"><img decoding=\"async\" src=\"\/blog\/wp-content\/uploads\/2023\/thumbs\/thumbs_puntledge_river_hatchery1.jpg\" \/><\/a><a href=\"\/blog\/wp-content\/uploads\/2023\/puntledge_river_hatchery3.jpg\"><img decoding=\"async\" src=\"\/blog\/wp-content\/uploads\/2023\/thumbs\/thumbs_puntledge_river_hatchery3.jpg\" \/><\/a><\/p>\n<p style=\"text-align: center;\"><em>Vierailu kalankasvattamolla<\/em><\/p>\n<p style=\"text-align: justify;\">Kalankasvattamoihin on yleens\u00e4 vapaa p\u00e4\u00e4sy ja niiss\u00e4 p\u00e4\u00e4seekin todistamaan suuren kalaparven vaellusta. Lohilla on niille luontainen vimmattu hinku pyrki\u00e4 mahdollisimman pitk\u00e4lle yl\u00e4juoksuun ja kaloja hyppiikin vedest\u00e4 siell\u00e4 t\u00e4\u00e4ll\u00e4. Tapahtumaa on hauska lastenkin seurata ja yritt\u00e4\u00e4 arvata mist\u00e4 seuraava kala hypp\u00e4\u00e4.<\/p>\n<p style=\"text-align: center;\"><a href=\"\/blog\/wp-content\/uploads\/2023\/puntledge_river_hatchery4.jpg\"><img decoding=\"async\" src=\"\/blog\/wp-content\/uploads\/2023\/thumbs\/thumbs_puntledge_river_hatchery4.jpg\" \/><\/a><a href=\"\/blog\/wp-content\/uploads\/2023\/puntledge_river_hatchery5.jpg\"><img decoding=\"async\" src=\"\/blog\/wp-content\/uploads\/2023\/thumbs\/thumbs_puntledge_river_hatchery5.jpg\" \/><\/a><\/p>\n<p style=\"text-align: center;\"><em>Kiivas lohennousu<\/em><\/p>\n<p style=\"text-align: justify;\">Kasvattamolta on ainoastaan lyhyt ajomatka Comox Valleyn kolmanteen taajamaan Cumberlandiin. T\u00e4m\u00e4n pienen 4500 asukkaan kyl\u00e4n historia juontaa seudulta 1800-luvun lopussa l\u00f6ytyneeseen hiiliesiintym\u00e4\u00e4, joka toi etenkin 1900-luvun alussa paikkakunnalle ty\u00f6t\u00e4 ja vaurautta. Ty\u00f6 alkeellisissa kaivoksissa oli kuitenkin vaarallista ja hiilip\u00f6lyn aiheuttamissa r\u00e4j\u00e4hdyksiss\u00e4 kuoli 1920-luvulla yhteens\u00e4 l\u00e4hes 150 kaivosty\u00f6l\u00e4ist\u00e4, joista suurin osa kiinalaisia vierasty\u00f6l\u00e4isi\u00e4.<\/p>\n<p style=\"text-align: justify;\">Kyl\u00e4n historiaan voi tutustua sit\u00e4 varten perustetussa kaivosmuseossa, jossa meill\u00e4 ei ollut kuitenkaan aikaa vierailla. Itse kyl\u00e4 vaikutti kyll\u00e4 hyvin vieh\u00e4tt\u00e4v\u00e4lt\u00e4 ja oli yll\u00e4tt\u00e4v\u00e4nkin virke\u00e4. L\u00e4piajon perusteella Cumberlandissa on nykyisin useita hyvi\u00e4 ravintoloita sek\u00e4 muutama paikallinen olutpanimo, jotka houkuttelevat paikalle ihmisi\u00e4.<\/p>\n<p style=\"text-align: center;\"><a href=\"\/blog\/wp-content\/uploads\/2023\/cumberland1.jpg\"><img decoding=\"async\" src=\"\/blog\/wp-content\/uploads\/2023\/thumbs\/thumbs_cumberland1.jpg\" \/><\/a><a href=\"\/blog\/wp-content\/uploads\/2023\/cumberland3.jpg\"><img decoding=\"async\" src=\"\/blog\/wp-content\/uploads\/2023\/thumbs\/thumbs_cumberland3.jpg\" \/><\/a><a href=\"\/blog\/wp-content\/uploads\/2023\/cumberland2.jpg\"><img decoding=\"async\" src=\"\/blog\/wp-content\/uploads\/2023\/thumbs\/thumbs_cumberland2.jpg\" \/><\/a><\/p>\n<p style=\"text-align: center;\"><em>Historiallinen Cumberland<\/em><\/p>\n<p style=\"text-align: justify;\">Cumberlandin l\u00e4hell\u00e4 merenrannassa sijaitsee pieni Roystonin taajama. Se oli aikoinaan paikka jossa alueen sahoilta tuleva puutavara lastattiin laivoihin Vancouveriin myyntiin viet\u00e4v\u00e4ksi. Paikka on kuitenkin tuulinen, mik\u00e4 oli ongelma saapuville laivoille. Ratkaisuksi keksittiin upottaa 14 k\u00e4yt\u00f6st\u00e4 poistettua laivaa, jotka muodostavat viel\u00e4 nykyisinkin muutama sata metri\u00e4 pitk\u00e4n vallin. Roystonin edustan rantavesi my\u00f6skin matalaa ja laivojen ruosteisia hylkyj\u00e4 t\u00f6rr\u00f6tt\u00e4\u00e4 edelleen vedest\u00e4.<\/p>\n<p style=\"text-align: center;\"><a href=\"\/blog\/wp-content\/uploads\/2023\/royston_shipwrecks2.jpg\"><img decoding=\"async\" src=\"\/blog\/wp-content\/uploads\/2023\/thumbs\/thumbs_royston_shipwrecks2.jpg\" \/><\/a><a href=\"\/blog\/wp-content\/uploads\/2023\/royston_shipwrecks1.jpg\"><img decoding=\"async\" src=\"\/blog\/wp-content\/uploads\/2023\/thumbs\/thumbs_royston_shipwrecks1.jpg\" \/><\/a><\/p>\n<p style=\"text-align: center;\"><em>Roystonin laivahylyt<\/em><\/p>\n<p style=\"text-align: justify;\">Iltap\u00e4iv\u00e4n p\u00e4\u00e4tteeksi kiiruhdimme viel\u00e4 Courtenayn keskustaan, joka on Comox Valleyn suurin kaupunki 27 700 asukkaallaan. Syy kiireeseemme oli ehti\u00e4 noutaa muutama donitsi kaupungin kehutusta leivonnaiskaupasta, minne ehdimme juuri ja juuri ennen ovien sulkeutumista.<\/p>\n<p style=\"text-align: justify;\">Courtenay on alueen kaupallinen keskus, mutta sen lis\u00e4ksi kaupungissa on sangen v\u00e4h\u00e4n n\u00e4ht\u00e4v\u00e4\u00e4 ja sen vieh\u00e4tt\u00e4vyytt\u00e4 sy\u00f6 sangen n\u00e4kyv\u00e4 ongelma kodittomien suhteen erityisesti kaupungintalon liepeill\u00e4. Keskustasta l\u00f6ytyy kuitenkin vieh\u00e4tt\u00e4v\u00e4n oloisia kahviloita sek\u00e4 pieni\u00e4 k\u00e4sity\u00f6liikkeit\u00e4, joten siell\u00e4 voi k\u00e4ytt\u00e4\u00e4 aikaa oleskeluun. Meille riitti kuitenkin vain ajaa keskustan katuja ennen paluuta majapaikallemme.<\/p>\n<p style=\"text-align: center;\"><a href=\"\/blog\/wp-content\/uploads\/2023\/courtenay1.jpg\"><img decoding=\"async\" src=\"\/blog\/wp-content\/uploads\/2023\/thumbs\/thumbs_courtenay1.jpg\" \/><\/a><a href=\"\/blog\/wp-content\/uploads\/2023\/courtenay2.jpg\"><img decoding=\"async\" src=\"\/blog\/wp-content\/uploads\/2023\/thumbs\/thumbs_courtenay2.jpg\" \/><\/a><a href=\"\/blog\/wp-content\/uploads\/2023\/courtenay3.jpg\"><img decoding=\"async\" src=\"\/blog\/wp-content\/uploads\/2023\/thumbs\/thumbs_courtenay3.jpg\" \/><\/a><\/p>\n<p style=\"text-align: center;\"><em>Courtenayn hiljainen keskusta<\/em><\/p>\n<p style=\"text-align: justify;\">Lyhyt viikonloppureissumme oli palkitseva ja alkujaan tyls\u00e4ksi oletetusta Comox Valleyst\u00e4 l\u00f6ytyi yll\u00e4tt\u00e4v\u00e4nkin paljon n\u00e4ht\u00e4v\u00e4\u00e4. Monille vancouverilaisille alue on sangen tuntematon, hieman Cowichan Valleyn tapaan, mutta sielt\u00e4 voi silti l\u00f6yt\u00e4\u00e4 monenlaista n\u00e4ht\u00e4v\u00e4\u00e4 ja alueella on takanaan kiintoisa historia.<\/p>\n<p style=\"text-align: justify;\">Ulkoilua harrastavalle alueelta l\u00f6ytyisi viel\u00e4 enemm\u00e4nkin teht\u00e4v\u00e4\u00e4, sill\u00e4 l\u00e4nsipuolen vuoriston lomasta l\u00f6ytyy lukuisia vaelluspolkuja. Courtenayn l\u00e4nsipuolella sijaitsee my\u00f6s <em>Mount Washingtonin<\/em> laskettelukeskus, joka on merkitt\u00e4vin Vancouverinsaarella sijaitseva keskus. Sen alppikyl\u00e4 ja maisemahissit j\u00e4iv\u00e4t kuitenkin t\u00e4ll\u00e4 kertaa n\u00e4kem\u00e4tt\u00e4 ja ehk\u00e4p\u00e4 paikalle tulee saavuttua joskus uudestaan suksien kanssa.<\/p>\n","protected":false},"excerpt":{"rendered":"<p>Lokakuussa juhlittava kiitosp\u00e4iv\u00e4n pitk\u00e4 viikonloppu on ollut yleens\u00e4 meid\u00e4n perheess\u00e4 l\u00e4himatkailun aikaa. Viime vuonna vietimme tuolloin pitk\u00e4n viikonlopun aina yht\u00e4 ihanassa Tofinossa ja sit\u00e4 edelt\u00e4v\u00e4n\u00e4 vuonna matkakohde oli Salt Spring Island. My\u00f6s t\u00e4m\u00e4n vuoden matka sijoittui Vancouverinsaarelle, mist\u00e4 l\u00f6ytyy edelleen meille uusia ja tuntemattomia matkailukohteita.<\/p>\n","protected":false},"author":1,"featured_media":13496,"comment_status":"open","ping_status":"closed","sticky":false,"template":"","format":"standard","meta":{"_jetpack_memberships_contains_paid_content":false,"footnotes":""},"categories":[9,7],"tags":[1831,1827,1830,1828,1829,935,1540,1832,955],"class_list":["post-13492","post","type-post","status-publish","format-standard","has-post-thumbnail","hentry","category-kanada","category-matkakertomukset","tag-campbell-river","tag-comox","tag-comox-valley","tag-courtenay","tag-cumberland","tag-kanada","tag-lohennousu","tag-nymph-falls","tag-vancouverinsaari"],"jetpack_featured_media_url":"https:\/\/www.vuosiamaailmalla.fi\/blog\/wp-content\/uploads\/puntledge_river_hatchery_banner.jpg","jetpack_sharing_enabled":true,"_links":{"self":[{"href":"https:\/\/www.vuosiamaailmalla.fi\/blog\/wp-json\/wp\/v2\/posts\/13492","targetHints":{"allow":["GET"]}}],"collection":[{"href":"https:\/\/www.vuosiamaailmalla.fi\/blog\/wp-json\/wp\/v2\/posts"}],"about":[{"href":"https:\/\/www.vuosiamaailmalla.fi\/blog\/wp-json\/wp\/v2\/types\/post"}],"author":[{"embeddable":true,"href":"https:\/\/www.vuosiamaailmalla.fi\/blog\/wp-json\/wp\/v2\/users\/1"}],"replies":[{"embeddable":true,"href":"https:\/\/www.vuosiamaailmalla.fi\/blog\/wp-json\/wp\/v2\/comments?post=13492"}],"version-history":[{"count":6,"href":"https:\/\/www.vuosiamaailmalla.fi\/blog\/wp-json\/wp\/v2\/posts\/13492\/revisions"}],"predecessor-version":[{"id":13499,"href":"https:\/\/www.vuosiamaailmalla.fi\/blog\/wp-json\/wp\/v2\/posts\/13492\/revisions\/13499"}],"wp:featuredmedia":[{"embeddable":true,"href":"https:\/\/www.vuosiamaailmalla.fi\/blog\/wp-json\/wp\/v2\/media\/13496"}],"wp:attachment":[{"href":"https:\/\/www.vuosiamaailmalla.fi\/blog\/wp-json\/wp\/v2\/media?parent=13492"}],"wp:term":[{"taxonomy":"category","embeddable":true,"href":"https:\/\/www.vuosiamaailmalla.fi\/blog\/wp-json\/wp\/v2\/categories?post=13492"},{"taxonomy":"post_tag","embeddable":true,"href":"https:\/\/www.vuosiamaailmalla.fi\/blog\/wp-json\/wp\/v2\/tags?post=13492"}],"curies":[{"name":"wp","href":"https:\/\/api.w.org\/{rel}","templated":true}]}}