{"id":13520,"date":"2024-03-09T13:28:30","date_gmt":"2024-03-09T21:28:30","guid":{"rendered":"https:\/\/www.vuosiamaailmalla.fi\/blog\/?p=13520"},"modified":"2024-03-23T11:26:06","modified_gmt":"2024-03-23T18:26:06","slug":"yhdeksan-tonnin-patja","status":"publish","type":"post","link":"https:\/\/www.vuosiamaailmalla.fi\/blog\/2024\/yhdeksan-tonnin-patja\/","title":{"rendered":"Yhdeks\u00e4n tonnin patja"},"content":{"rendered":"<p style=\"text-align: justify;\">Hyvi\u00e4 y\u00f6unia t\u00e4rke\u00e4mp\u00e4\u00e4 asiaa ei liene olemassakaan, sill\u00e4 ihminen viett\u00e4\u00e4 kolmanneksen el\u00e4m\u00e4st\u00e4\u00e4n s\u00e4ngyss\u00e4. N\u00e4in ollen nukkumiseen ja unen laatuun kannattaakin panostaa, sill\u00e4 se vaikuttaa kenties kaikkein eniten omaan el\u00e4m\u00e4nlaatuun. Nukkuminen on kuitenkin hyvin yksil\u00f6llist\u00e4 ja siksip\u00e4 uuden patjan ostaminen onkin yksi rasittavimpia asioita.<\/p>\n<p><!--more--><\/p>\n<p><em>This post is also available\u00a0<a title=\"Tempur-Pedic LuxeBreeze Review\" href=\"https:\/\/www.vuosiamaailmalla.fi\/blog\/2024\/tempur-pedic-luxebreeze-review\/\">in English<\/a>.<\/em><\/p>\n<p style=\"text-align: justify;\">Itse kuulun useimmiten huonosti nukkuvien hikoilijoiden ryhm\u00e4\u00e4n. <a title=\"Herman Miller Aeron\" href=\"https:\/\/www.vuosiamaailmalla.fi\/blog\/2016\/herman-miller-aeron\/\">Istumaty\u00f6t\u00e4 tekev\u00e4n\u00e4<\/a> ja liikuntaa liian v\u00e4h\u00e4n harrastavana, ajoittaiset lihaskivut ovatkin tuttuja, mutta voiko t\u00e4h\u00e4n vaikuttaa ilman liikunnan tuntuvaa lis\u00e4\u00e4mist\u00e4?<\/p>\n<p style=\"text-align: justify;\">Kysymys oli ehtinyt py\u00f6rinyt mieless\u00e4 tovin, sill\u00e4 olimme Niinan kanssa miettineet uuden patjan hankintaa. Vanha patjamme, amerikkalaisen <em>Tempur-Pedicin<\/em> alimman hintaluokan <em>Cloud ES<\/em> -malli, oli juuri saavuttanut kymmenen vuoden i\u00e4n, joten patjan korvaaminen alkoi olla ajankohtaista. Patja perustui avaruushallinto NASA:n alun perin <a title=\"Apollon jalanj\u00e4ljiss\u00e4 Houston Space Centerill\u00e4\" href=\"https:\/\/www.vuosiamaailmalla.fi\/blog\/2014\/apollon-jalanjaljilla-houston-space-centerilla\/\">astronauteille<\/a> kehitt\u00e4m\u00e4\u00e4n vaahtomuovimateriaaliin, joka mukautuu nukkujan mukaan, tarjoten t\u00e4ydellist\u00e4 tukea koko vartalon mitalta. Emme olleet aiemmin omistaneet vaahtomuovipatjaa, mutta vakuutuimme sellaisen paremmuudesta patjoja vuonna 2013 verratessamme.<\/p>\n<p style=\"text-align: center;\"><a href=\"\/blog\/wp-content\/uploads\/2023\/vanha_cloud_es.jpg\"><img decoding=\"async\" src=\"\/blog\/wp-content\/uploads\/2023\/vanha_cloud_es.jpg\" \/><\/a><\/p>\n<p style=\"text-align: center;\"><em>Vanha patja oli vaihdon tarpeessa<\/em><\/p>\n<p style=\"text-align: justify;\">Vanha patja palveli meit\u00e4 hyvin, vaikka se tuntuikin aluksi kovalta. Uusi patja vaatii aina sis\u00e4\u00e4najoa ja muutaman kuukauden j\u00e4lkeen Cloud ES alkoi tuntua hyv\u00e4lt\u00e4. Se tarjosi hyvi\u00e4 y\u00f6unia noin kahdeksan vuoden ajan, jonka j\u00e4lkeen siin\u00e4 alkoi tuntumaan pehme\u00e4mpi\u00e4 ja kovempia alueita. Patja piti kuitenkin edelleen sangen hyvin muotonsa, mink\u00e4 vuoksi meid\u00e4n ei ollut mahdollista hy\u00f6ty\u00e4 patjoille my\u00f6nnett\u00e4v\u00e4st\u00e4 kymmenen vuoden takuusta. Muodot kuitenkin heikensiv\u00e4t unenlaatua ja erityisesti alasel\u00e4n lihaskipuja alkoi ilmenty\u00e4 aiempaa useammin.<\/p>\n<p style=\"text-align: justify;\">Uuden patjan hankkiminen olikin selvi\u00f6, sill\u00e4 kymmenen vuotta on pitk\u00e4 aika p\u00e4ivitt\u00e4in tuntikausia k\u00e4yt\u00f6ss\u00e4 olevalle tuotteelle. Uuden patjan ostaminen on kuitenkin eritt\u00e4in rasittavaa puuhaa, sill\u00e4 merkkej\u00e4 ja malleja on markkinoilla tuhoton m\u00e4\u00e4r\u00e4. Eri patjoilla p\u00e4\u00e4see toki makaamaan liikkeiss\u00e4, mutta lyhytaikainen kokeilu ei yleens\u00e4 kerro juuri mit\u00e4\u00e4n kokonaisista y\u00f6unista niill\u00e4.<\/p>\n<p style=\"text-align: justify;\">Perusteellisen tutkimuksen j\u00e4lkeen p\u00e4\u00e4timme rajata vaihtoehdot tutun merkin alle. Vanha patjamme oli palvellut meit\u00e4 hyvin ja lomamatkojen j\u00e4lkeiset y\u00f6unet omassa s\u00e4ngyss\u00e4 tuntuivat yleens\u00e4 taivaallisilta, joten seuraavakin patja olisi vaahtomuovinen. Mutta vaikka merkki olikin helppo valinta, kuuluu Tempur-Pedicin mallistoon laaja m\u00e4\u00e4r\u00e4 malleja, joista jokaisesta on viel\u00e4 useampi eri kovuusasteen versio. Liikkeiss\u00e4 p\u00e4\u00e4see toki koemakaamaan eri malleja, mutta patjan pehmeys on merkitt\u00e4v\u00e4 tekij\u00e4 ja lopullisen p\u00e4\u00e4t\u00f6ksen joutuukin tekem\u00e4\u00e4n pienesti mutu-tuntumalta.<\/p>\n<p style=\"text-align: justify;\">Koska uni on niin t\u00e4rke\u00e4\u00e4 ja lihaskivut todella \u00e4rsytt\u00e4vi\u00e4, p\u00e4\u00e4timme investoida parhaaseen mahdolliseen patjaan, sill\u00e4 hyville y\u00f6unille ei voi laskea hintaa. Ja koska min\u00e4 olen kuuma nukkuja, p\u00e4\u00e4timme hankkia yleismallin sijaan <strong>viilent\u00e4v\u00e4n patjan<\/strong>, jollaista emme ole aiemmin kokeneet.<\/p>\n<p style=\"text-align: center;\"><a href=\"\/blog\/wp-content\/uploads\/2024\/luxebreeze_kerrokset.jpg\"><img decoding=\"async\" src=\"\/blog\/wp-content\/uploads\/2024\/luxebreeze_kerrokset.jpg\" \/><\/a><\/p>\n<p style=\"text-align: center;\"><em>Lukuisia vaahtokerroksia<\/em><\/p>\n<p style=\"text-align: justify;\">Viilent\u00e4vien patjojen toiminta perustuu patjan sis\u00e4ll\u00e4 oleviin lukuisiin kerroksiin, jotka levitt\u00e4v\u00e4t vartalosta huokuvan l\u00e4mm\u00f6n laajemmalle alueelle, joita ilmavampi alakerros haihduttaa. Patjoissa saattaa olla jopa viisi eri kerrosta, jotka kasvattavat patjan paksuutta huomattavasti, joidenkin materiaalien tukiessa ja toisten viilent\u00e4ess\u00e4 vartaloa.<\/p>\n<p style=\"text-align: justify;\">Tempur-Pedicin Pohjois-Amerikan lippulaivamallin nimi on <em>LuxeBreeze<\/em> ja juuri t\u00e4h\u00e4n malliin p\u00e4\u00e4dyimme. Patja tuntui liikkeess\u00e4 ylelliselt\u00e4 ja sen pinta muita viile\u00e4mm\u00e4lt\u00e4. S\u00e4nkymme on kookas ja kokoa kutsutaan Pohjois-Amerikaksi <em>King Sizeksi<\/em>. Mallilla on kokoa 76 x 80 tuumaa (193 x 203 cm) ja t\u00e4ss\u00e4 koossa LuxeBreeze painaa huikeat 64 kiloa. Patjalla on my\u00f6s paksuutta muhkeat 13 tuumaa (33 cm), mik\u00e4 tekee siit\u00e4 melkoisen m\u00f6hk\u00e4leen nukkua!<\/p>\n<p style=\"text-align: center;\"><a href=\"\/blog\/wp-content\/uploads\/2024\/tempur-pedic_luxebreeze.jpg\"><img decoding=\"async\" src=\"\/blog\/wp-content\/uploads\/2024\/thumbs\/thumbs_tempur-pedic_luxebreeze.jpg\" \/><\/a><a href=\"\/blog\/wp-content\/uploads\/2024\/luxebreeze_soft4.jpg\"><img decoding=\"async\" src=\"\/blog\/wp-content\/uploads\/2024\/thumbs\/thumbs_luxebreeze_soft4.jpg\" \/><\/a><\/p>\n<p style=\"text-align: center;\"><em>Lippulaiva LuxeBreeze<\/em><\/p>\n<p style=\"text-align: justify;\">Onneksi patjan toimitusta ei kuitenkaan tarvitse murehtia, sill\u00e4 toimitus sis\u00e4ltyy t\u00e4ss\u00e4 hintaluokassa hintaan, mutta mietitt\u00e4v\u00e4\u00e4 piisaa silti patjan kovuuden suhteen. Meit\u00e4 l\u00e4hell\u00e4 olevassa patjaliikkeess\u00e4 oli kokeiltavissa ainoastaan LuxeBreezen kovempi Firm-malli, joka tuntui hyv\u00e4lt\u00e4 liikkeess\u00e4, mutta jonka koko y\u00f6n mittaista kokemusta oli vaikea arvioida. Pelkomme oli, ett\u00e4 Firm-malli olisi sel\u00e4lle liian kova, joten tilasimme lopulta kokeilematta Soft-mallin.<\/p>\n<p style=\"text-align: justify;\">P\u00e4\u00e4t\u00f6st\u00e4 helpotti tieto siit\u00e4, ett\u00e4 meill\u00e4 olisi 100 p\u00e4iv\u00e4\u00e4 aikaa vaihtaa patja toiseen, jos emme pit\u00e4isi siit\u00e4. Vaihdon voisi kuitenkin tehd\u00e4 ainoastaan kerran. Kanadassa on myynniss\u00e4 LuxeBreezist\u00e4 kahta mallia, <em>Firm<\/em> ja <em>Soft<\/em>, kun taas jenkeiss\u00e4 saatavilla on my\u00f6s <em>Medium<\/em>\u00a0<em>Hybrid<\/em>, joka on kenties paras ensivalinta, koska siit\u00e4 on helppo vaihtaa oikealta tuntuvaan suuntaan.<\/p>\n<p style=\"text-align: justify;\">Hintaa King Size koon lippulaivapatjalle kertyy huomattavasti ja ohjehinta veroineen olikin hulppeat <strong>$9,000 dollaria<\/strong> eli\u00a0 6,100\u20ac euroa!! Patjat myyd\u00e4\u00e4n kuitenkin huikeilla katteilla ja hinnasta oli saatavissa alennusta per\u00e4ti 20%, mik\u00e4 on edelleen kallis ostos. Viel\u00e4 suuremman alennuksen olisi voinut neuvotella kertaalleen palautetusta patjasta, joita liikkeiss\u00e4 olevat patjat yleens\u00e4 ovat, mutta meist\u00e4 alennus oli liian pieni ja ajatus k\u00e4ytetyst\u00e4 patjasta tuntui meist\u00e4 oudolta.<\/p>\n<p style=\"text-align: justify;\">Kovasti odotettu patja saapui parissa viikossa ja se mahtui <a title=\"Uusi h\u00e4ik\u00e4isev\u00e4 OLED\" href=\"https:\/\/www.vuosiamaailmalla.fi\/blog\/2024\/uusi-haikaiseva-oled\/\">uuden televisiomme<\/a> tapaan napakasti asuinpilvenpiirt\u00e4j\u00e4mme hissiin. Kuljetusmiehet asettivat painavan patjan s\u00e4ngylle paikalleen ja veiv\u00e4t vanhan patjamme menness\u00e4\u00e4n, mik\u00e4 teki toimituksesta helpon.<\/p>\n<p style=\"text-align: center;\"><a href=\"\/blog\/wp-content\/uploads\/2023\/luxebreeze_soft2.jpg\"><img decoding=\"async\" src=\"\/blog\/wp-content\/uploads\/2023\/thumbs\/thumbs_luxebreeze_soft2.jpg\" \/><\/a><a href=\"\/blog\/wp-content\/uploads\/2023\/luxebreeze_soft3.jpg\"><img decoding=\"async\" src=\"\/blog\/wp-content\/uploads\/2023\/thumbs\/thumbs_luxebreeze_soft3.jpg\" \/><\/a><a href=\"\/blog\/wp-content\/uploads\/2023\/luxebreeze_soft1.jpg\"><img decoding=\"async\" src=\"\/blog\/wp-content\/uploads\/2023\/thumbs\/thumbs_luxebreeze_soft1.jpg\" \/><\/a><\/p>\n<p style=\"text-align: center;\"><em>Pehme\u00e4 patja paikallaan<\/em><\/p>\n<p style=\"text-align: justify;\">Ensivaikutelma pehme\u00e4st\u00e4 LuxeBreezest\u00e4 oli yll\u00e4tt\u00e4v\u00e4, sill\u00e4 Soft-mallinen patja oli <em>todella<\/em> pehme\u00e4, suorastaan upottava. Samaan aikaan se kuitenkin mukautui vartalon ymp\u00e4rille niin t\u00e4ydellisesti, etten ole koskaan tuntenut vastaavaa. Patjalla maatessa ei tuntunut ainuttakaan painepistett\u00e4, vaan se tuntui kannattavan tasaisesti joka puolelta.<\/p>\n<p style=\"text-align: justify;\">Pehmeys oli silti meist\u00e4 h\u00e4mment\u00e4v\u00e4\u00e4 ja patjaan upposi siin\u00e4 m\u00e4\u00e4rin, ett\u00e4 k\u00e4\u00e4ntyily oli aavistuksen hankalaa. Se voi toki olla ominaisuus liiallisesta k\u00e4\u00e4ntyilyst\u00e4 k\u00e4rsiville.<\/p>\n<p style=\"text-align: justify;\">Olimme henkisesti valmistautuneet, ett\u00e4 uusi patja tarvitsisi useita \u00f6it\u00e4 meihin ja me siihen tottuaksemme. Ensimm\u00e4iset y\u00f6t olivat silti pettymys, sill\u00e4 ne tuottivat alaselk\u00e4\u00e4n aiemmin sielt\u00e4 puuttunutta kipua. Itse en yleens\u00e4 tykk\u00e4\u00e4 liian pehmeist\u00e4 patjoista, jollaisia esimerkiksi hotellien patjat ovat j\u00e4rjest\u00e4\u00e4n. P\u00e4\u00e4tin kuitenkin antaa patjalle kunnon mahdollisuuden ja eri tyynyj\u00e4 kokeillessa nukkumisen laatu paranikin.<\/p>\n<p style=\"text-align: justify;\">Kului kaksi ja puoli kuukautta, mutta patja ei siltik\u00e4\u00e4n t\u00e4ysin miellytt\u00e4nyt minua. Niina oli patjan suhteen hieman tyytyv\u00e4isempi, joskin h\u00e4nkin my\u00f6nsi sen olevan eritt\u00e4in pehme\u00e4 nukkua. Pehmeys oli huomattavaa etenkin patjan reunoilta, joissa ei ollut paljoakaan tukea nukkua <a title=\"Valmiina vauvan tuloon\" href=\"https:\/\/www.vuosiamaailmalla.fi\/blog\/2021\/valmiina-vauvan-tuloon\/\">lastens\u00e4nkymme<\/a> vieress\u00e4.<\/p>\n<p style=\"text-align: justify;\">Pitk\u00e4llisen p\u00e4hk\u00e4ilyn j\u00e4lkeen palasimmekin liikkeeseen kokeilemaan muita patjoja ja etenkin LuxeBreezen Firm-mallia. Kovempi patja tuntui edelleen hyv\u00e4lt\u00e4, mutta pitk\u00e4aikainen k\u00e4ytt\u00f6 aiheutti p\u00e4hk\u00e4ily\u00e4. Vaikka riskin\u00e4 olikin j\u00e4\u00e4d\u00e4 kovemman patjan omistajaksi, p\u00e4\u00e4timme lopulta vaihdattaa patjamme Firm-malliin.<\/p>\n<p style=\"text-align: center;\"><a href=\"\/blog\/wp-content\/uploads\/2023\/luxebreeze_firm1.jpg\"><img decoding=\"async\" src=\"\/blog\/wp-content\/uploads\/2023\/thumbs\/thumbs_luxebreeze_firm1.jpg\" \/><\/a><a href=\"\/blog\/wp-content\/uploads\/2023\/luxebreeze_firm2.jpg\"><img decoding=\"async\" src=\"\/blog\/wp-content\/uploads\/2023\/thumbs\/thumbs_luxebreeze_firm2.jpg\" \/><\/a><\/p>\n<p style=\"text-align: center;\"><em>Vaihtomalli on paljon parempi<\/em><\/p>\n<p style=\"text-align: justify;\">Uusi patja tuntui v\u00e4litt\u00f6m\u00e4sti paremmalta ja ensimm\u00e4isten \u00f6iden unenlaatu oli hyv\u00e4. Uusikin patja vaati kuitenkin sis\u00e4\u00e4najoa ja vasta kolmen kuukauden j\u00e4lkeen se alkoi tuntua t\u00e4ydelliselt\u00e4. Sin\u00e4 aikana l\u00f6ysimme Niinan kanssa my\u00f6s omat suosikkityynymme, paksumman tyynyn ollessa minun makuuni ja ohuempi Niinan.<\/p>\n<p style=\"text-align: center;\"><a href=\"\/blog\/wp-content\/uploads\/2023\/luxebreeze_firm3.jpg\"><img decoding=\"async\" src=\"\/blog\/wp-content\/uploads\/2023\/thumbs\/thumbs_luxebreeze_firm3.jpg\" \/><\/a><a href=\"\/blog\/wp-content\/uploads\/2023\/luxebreeze_firm5.jpg\"><img decoding=\"async\" src=\"\/blog\/wp-content\/uploads\/2023\/thumbs\/thumbs_luxebreeze_firm5.jpg\" \/><\/a><\/p>\n<p style=\"text-align: center;\"><em>Viile\u00e4lt\u00e4 tuntuva pinta<\/em><\/p>\n<p style=\"text-align: justify;\">Firm-mallia ei voi kutsua mill\u00e4\u00e4n tapaa &#8221;kovaksi&#8221; patjaksi, sill\u00e4 nukkuminen sill\u00e4 on mukavaa, vaikka se ei vain upotakaan samalla tavalla. Vaahtomuovi halaa vartaloa kauttaaltaan ja painepisteet puuttuvat, mik\u00e4 on ehdottomasti hyv\u00e4n vaahtomuovipatjan parhaita puolia.<\/p>\n<p style=\"text-align: justify;\">Uuden patjan reunalla on mahdollista nukkua ja k\u00e4\u00e4ntyminen sill\u00e4 on huomattavasti helpompaa. Patja my\u00f6s vaimentaa liike-energiaa niin, ettei vieress\u00e4 nukkujan k\u00e4\u00e4ntyily\u00e4 tunne laisinkaan. Tempur-Pedic luottaa tuotteisiinsa niin paljon, ett\u00e4 mainoksissa k\u00e4ytetty kuuluisa testi on asettaa punaviinilasi patjalle samaan aikaan, kun joku k\u00e4\u00e4ntyilee sen toisella laidalla. Testi\u00e4 ei kyll\u00e4 tulisi mieleen kokeilla itse, mutta sen todenper\u00e4isyyteen on helppo uskoa.<\/p>\n<p style=\"text-align: center;\"><iframe loading=\"lazy\" title=\"YouTube video player\" src=\"https:\/\/www.youtube-nocookie.com\/embed\/Pupt7ljeV4A?si=lFK80Ctsf2eeSJvs\" width=\"560\" height=\"315\" frameborder=\"0\" allowfullscreen=\"allowfullscreen\"><\/iframe><\/p>\n<p style=\"text-align: center;\"><em>Kuuluisa mainos<\/em><\/p>\n<p style=\"text-align: justify;\">Mutta miten hyvin LuxeBeezen paljon mainostettu viilennys toimii? Tempur-Pedicin mukaan LuxeBreeze on y\u00f6n aikana per\u00e4ti <strong>10 astetta<\/strong> viile\u00e4mpi halvempiin malleihin verrattuna. Onkin pakko my\u00f6nt\u00e4\u00e4, ett\u00e4 patja tuntuu nukkumaan tullessa lakanoiden kanssakin mukavan viile\u00e4lt\u00e4 (ei kylm\u00e4lt\u00e4) ja sen kerrokset siirt\u00e4v\u00e4t l\u00e4mp\u00f6\u00e4 nukkujaa ymp\u00e4r\u00f6iville alueille.<\/p>\n<p style=\"text-align: center;\"><a href=\"\/blog\/wp-content\/uploads\/2024\/viilennetty_patja.jpg\"><img decoding=\"async\" src=\"\/blog\/wp-content\/uploads\/2024\/thumbs\/thumbs_viilennetty_patja.jpg\" \/><\/a><a href=\"\/blog\/wp-content\/uploads\/2024\/korkea_patja.jpg\"><img decoding=\"async\" src=\"\/blog\/wp-content\/uploads\/2024\/thumbs\/thumbs_korkea_patja.jpg\" \/><\/a><\/p>\n<p style=\"text-align: center;\"><em>Viilennys tekee patjoista paksuja<\/em><\/p>\n<p style=\"text-align: justify;\">Siit\u00e4 huolimatta, patjan kanssa on silti mahdollista hikoilla ja jotkut LuxeBreezen ostaneet ovatkin olleet pettyneit\u00e4 viilennyksen tehoon. Kuuden kuukauden y\u00f6unien perusteella viilennyksest\u00e4 on omasta mielest\u00e4ni apua, mutta se ei ole t\u00e4ydellinen ratkaisu todella kuumille nukkujille. Asiaan vaikuttanee my\u00f6s patjan alla k\u00e4ytetty kehikko ja paljonko se mahdollistaa ilman vaihtua.<\/p>\n<p style=\"text-align: justify;\">Kehikkoihin liittyen Tempur-Pedic myy my\u00f6s motorisoituja s\u00e4ngyn runkoja, jotka kiinnostivat meit\u00e4, sill\u00e4 patjan pieni nostaminen p\u00e4\u00e4puolelta sek\u00e4 alasel\u00e4n tukeminen saattaisivat edelleen parantaa unta. Kehikot maksavat kuitenkin tuhansia ja sellaisen k\u00e4ytt\u00e4minen nykyisen s\u00e4ngynrunkomme kanssa tekisi s\u00e4ngyst\u00e4 liian korkean, joten olimme tyytyv\u00e4isi\u00e4 pelk\u00e4n patjan hankintaan.<\/p>\n<p style=\"text-align: center;\"><a href=\"\/blog\/wp-content\/uploads\/2024\/luxebreeze_motorisoitu_alusta.jpg\"><img decoding=\"async\" src=\"\/blog\/wp-content\/uploads\/2024\/luxebreeze_motorisoitu_alusta.jpg\" \/><\/a><\/p>\n<p style=\"text-align: center;\"><em>Motorisoitu kehikko j\u00e4i ostamatta<\/em><\/p>\n<p style=\"text-align: justify;\">Kuuden kuukauden y\u00f6unien j\u00e4lkeen Tempur-Pedicin LuxeBreeze on ollut meist\u00e4 hintansa arvoinen hankinta, sill\u00e4 se on poistanut lihaskivut ja se on viile\u00e4mpi nukkua. Sill\u00e4 nukkuessa tiet\u00e4\u00e4 my\u00f6s nukkuvansa markkinoiden parhaimmistoon kuuluvalla patjalla, mik\u00e4 voi j\u00e4\u00e4d\u00e4 mietitytt\u00e4m\u00e4\u00e4n halvemman <em>ProBreeze<\/em> -mallin ostanutta.<\/p>\n<p style=\"text-align: justify;\">Selv\u00e4ksi on silti k\u00e4ynyt, ettei kallis tarkoita v\u00e4ltt\u00e4m\u00e4tt\u00e4 hyv\u00e4\u00e4 ja Soft-malli ei yksinkertaisesti soveltunut meille, kun taasen Firm-malli on erinomainen. Valtava merkitys on my\u00f6s oikeanlaisella tyynyll\u00e4 ja eri tyynyj\u00e4 kannattaakin kokeilla itselleen sopivan l\u00f6yt\u00e4\u00e4kseen. Oikealla tyynyll\u00e4 voikin olla kalliimpaa patjaa suurempi merkitys ja halvempi patja voinee tuntua aivan yht\u00e4 hyv\u00e4lt\u00e4 oikean tyynyn kanssa.<\/p>\n<p style=\"text-align: justify;\">Vaikka hankintamme olikin hyvin kallis, ei y\u00f6unille voi asettaa hintaa. Oletamme my\u00f6s uuden patjan palvelevan samat 8-10 vuotta, mink\u00e4 j\u00e4lkeen l\u00e4hes mik\u00e4 tahansa patja on auttamatta k\u00e4ytt\u00f6ik\u00e4ns\u00e4 loppupuolella.<\/p>\n<p style=\"text-align: justify;\">T\u00e4t\u00e4 kirjoittaessa, Tempur-Pedic ei myy Suomessa t\u00e4ysin samaa LuxeBreeze mallia, mutta myynniss\u00e4 on hieman samanlainen <em>Pro Luxe SmartCool<\/em> malli, joka on my\u00f6skin 30 senttimetri\u00e4 paksu ja sis\u00e4lt\u00e4\u00e4 viilent\u00e4v\u00e4n kerroksen. Kyseess\u00e4 on kuitenkin eri malli, joten t\u00e4m\u00e4n kirjoituksen kokemuksia ei voine soveltaa siihen t\u00e4ysin, vaikka havainnot patjojen eroista lienev\u00e4tkin samansuuntaisia.<\/p>\n<p style=\"text-align: justify;\">Kunhan patjallemme kertyy enemm\u00e4n ik\u00e4\u00e4, tulen p\u00e4ivitt\u00e4m\u00e4\u00e4n t\u00e4t\u00e4 kirjoitusta tiedolla siit\u00e4, miten hyvin se kest\u00e4\u00e4 pitk\u00e4aikaisessa k\u00e4yt\u00f6ss\u00e4 ja josko unenlaadussa esiintyy pitk\u00e4ll\u00e4 ajalla eroja. Kiintoisaa tulee olemaan my\u00f6s n\u00e4hd\u00e4 josko patjan viilennys toimii yht\u00e4 hyvin kes\u00e4ll\u00e4, kuin nyt talvella, joten p\u00e4ivitt\u00e4nenkin t\u00e4t\u00e4 kirjoitustani yhden vuoden kohdalla.<\/p>\n","protected":false},"excerpt":{"rendered":"<p>Hyvi\u00e4 y\u00f6unia t\u00e4rke\u00e4mp\u00e4\u00e4 asiaa ei liene olemassakaan, sill\u00e4 ihminen viett\u00e4\u00e4 kolmanneksen el\u00e4m\u00e4st\u00e4\u00e4n s\u00e4ngyss\u00e4. N\u00e4in ollen nukkumiseen ja unen laatuun kannattaakin panostaa, sill\u00e4 se vaikuttaa kenties kaikkein eniten omaan el\u00e4m\u00e4nlaatuun. Nukkuminen on kuitenkin hyvin yksil\u00f6llist\u00e4 ja siksip\u00e4 uuden patjan ostaminen onkin yksi rasittavimpia asioita.<\/p>\n","protected":false},"author":1,"featured_media":13529,"comment_status":"open","ping_status":"closed","sticky":false,"template":"","format":"standard","meta":{"_jetpack_memberships_contains_paid_content":false,"footnotes":""},"categories":[6],"tags":[34,1834,1833],"class_list":["post-13520","post","type-post","status-publish","format-standard","has-post-thumbnail","hentry","category-laitteita-ja-vempaimia","tag-arki","tag-luxebreeze","tag-tempur-pedic"],"jetpack_featured_media_url":"https:\/\/www.vuosiamaailmalla.fi\/blog\/wp-content\/uploads\/luxebreeze_banner.jpg","jetpack_sharing_enabled":true,"_links":{"self":[{"href":"https:\/\/www.vuosiamaailmalla.fi\/blog\/wp-json\/wp\/v2\/posts\/13520","targetHints":{"allow":["GET"]}}],"collection":[{"href":"https:\/\/www.vuosiamaailmalla.fi\/blog\/wp-json\/wp\/v2\/posts"}],"about":[{"href":"https:\/\/www.vuosiamaailmalla.fi\/blog\/wp-json\/wp\/v2\/types\/post"}],"author":[{"embeddable":true,"href":"https:\/\/www.vuosiamaailmalla.fi\/blog\/wp-json\/wp\/v2\/users\/1"}],"replies":[{"embeddable":true,"href":"https:\/\/www.vuosiamaailmalla.fi\/blog\/wp-json\/wp\/v2\/comments?post=13520"}],"version-history":[{"count":6,"href":"https:\/\/www.vuosiamaailmalla.fi\/blog\/wp-json\/wp\/v2\/posts\/13520\/revisions"}],"predecessor-version":[{"id":13539,"href":"https:\/\/www.vuosiamaailmalla.fi\/blog\/wp-json\/wp\/v2\/posts\/13520\/revisions\/13539"}],"wp:featuredmedia":[{"embeddable":true,"href":"https:\/\/www.vuosiamaailmalla.fi\/blog\/wp-json\/wp\/v2\/media\/13529"}],"wp:attachment":[{"href":"https:\/\/www.vuosiamaailmalla.fi\/blog\/wp-json\/wp\/v2\/media?parent=13520"}],"wp:term":[{"taxonomy":"category","embeddable":true,"href":"https:\/\/www.vuosiamaailmalla.fi\/blog\/wp-json\/wp\/v2\/categories?post=13520"},{"taxonomy":"post_tag","embeddable":true,"href":"https:\/\/www.vuosiamaailmalla.fi\/blog\/wp-json\/wp\/v2\/tags?post=13520"}],"curies":[{"name":"wp","href":"https:\/\/api.w.org\/{rel}","templated":true}]}}