{"id":13533,"date":"2024-03-23T21:49:50","date_gmt":"2024-03-24T04:49:50","guid":{"rendered":"https:\/\/www.vuosiamaailmalla.fi\/blog\/?p=13533"},"modified":"2024-03-23T22:06:30","modified_gmt":"2024-03-24T05:06:30","slug":"maksullinen-luonto","status":"publish","type":"post","link":"https:\/\/www.vuosiamaailmalla.fi\/blog\/2024\/maksullinen-luonto\/","title":{"rendered":"Maksullinen luonto"},"content":{"rendered":"<p style=\"text-align: justify;\">Kanadan v\u00e4kiluku kasvaa paraikaa <a title=\"Kanadan v\u00e4est\u00f6r\u00e4j\u00e4hdys\" href=\"https:\/\/www.vuosiamaailmalla.fi\/blog\/2023\/kanadan-vaestorajahdys\/\">r\u00e4j\u00e4hdysm\u00e4ist\u00e4 vauhtia<\/a> ja hallitsemattomalla kasvulla on huomattavia negatiivisia vaikutuksia ihmisten arkeen. Asumisen hinta on ollut jo vuosien ajan yli <a title=\"Karannut kanadalainen unelma\" href=\"https:\/\/www.vuosiamaailmalla.fi\/blog\/2015\/karannut-kanadalainen-unelma\/\">monien kipurajan<\/a>, mutta alati lis\u00e4\u00e4ntyv\u00e4 m\u00e4\u00e4r\u00e4 ihmisi\u00e4 aiheuttaa my\u00f6s <a title=\"Siet\u00e4m\u00e4tt\u00f6m\u00e4n ruuhkainen metropoli\" href=\"https:\/\/www.vuosiamaailmalla.fi\/blog\/2015\/sietamattoman-ruuhkainen-metropoli\/\">huomattavia ruuhkia<\/a> niin maanteill\u00e4 kuin luonnossakin.<\/p>\n<p><!--more--><\/p>\n<p style=\"text-align: center;\"><a href=\"\/blog\/wp-content\/uploads\/2015\/aamuruuhkaa_ykkostiella8.jpg\"><img decoding=\"async\" src=\"\/blog\/wp-content\/uploads\/2015\/aamuruuhkaa_ykkostiella8.jpg\" \/><\/a><\/p>\n<p style=\"text-align: center;\"><em>Kaikkialla on nykyisin ruuhkaista<\/em><\/p>\n<p style=\"text-align: justify;\">Koska maahanmuuton mink\u00e4\u00e4nlainen rajoittaminen tai edes hidastaminen tuntuu olevan poliittisesti mahdotonta, ainoa ratkaisu ongelmaan on rakentaa enemm\u00e4n. Se on toki mahdollista maanteiden, <a title=\"Broadway SkyTrain rakenteille\" href=\"https:\/\/www.vuosiamaailmalla.fi\/blog\/2020\/broadway-skytrain-rakenteille\/\">julkisen liikenteen<\/a> ja esimerkiksi sairaaloiden kohdalla, mutta miten lis\u00e4t\u00e4 ihmisten p\u00e4\u00e4sy\u00e4 luontoon? On hullua, ett\u00e4 samalla kun Vancouverin v\u00e4kiluku hipoo kolmea miljoonaa, palvelee v\u00e4est\u00f6\u00e4 sama m\u00e4\u00e4r\u00e4 puistoja ja luontoa kuin, kun kaupungin v\u00e4kiluku oli puolet v\u00e4hemm\u00e4n!<\/p>\n<p style=\"text-align: justify;\">T\u00e4\u00e4ll\u00e4 asumiemme <a title=\"12 vuotta Kanadassa\" href=\"https:\/\/www.vuosiamaailmalla.fi\/blog\/2024\/12-vuotta-kanadassa\/\">kahdentoista vuoden<\/a> aikana Vancouverin metropolialueelle on avattu ainoastaan <strong>yksi<\/strong> kokonaan uusi luonnonpuisto, <a title=\"Tulipalon j\u00e4lki\u00e4 sek\u00e4 uusi puisto Surreyss\u00e4\" href=\"https:\/\/www.vuosiamaailmalla.fi\/blog\/2016\/tulipalon-jalkia-seka-uusi-puisto-surreyssa\/\"><em>Surrey Bend Regional Park<\/em><\/a>, joka sekin on kooltaan pieni. Muita lis\u00e4yksi\u00e4 ovat olleet pienet kaupunkialueille avatut korttelipuistot, jotka ovat rakennettuja ymp\u00e4rist\u00f6j\u00e4 ilman mink\u00e4\u00e4nlaisia luontoarvoja.<\/p>\n<p style=\"text-align: center;\"><a href=\"\/blog\/wp-content\/uploads\/2016\/surrey_bend_regional_park7.jpg\"><img decoding=\"async\" src=\"\/blog\/wp-content\/uploads\/2016\/surrey_bend_regional_park7.jpg\" \/><\/a><\/p>\n<p style=\"text-align: center;\"><em>Ainoa uusi puisto<\/em><\/p>\n<p style=\"text-align: justify;\">Lopputulos onkin, ett\u00e4 yh\u00e4 enenev\u00e4 m\u00e4\u00e4r\u00e4 ihmisi\u00e4 hy\u00f6dynt\u00e4\u00e4 samaa m\u00e4\u00e4r\u00e4\u00e4 puistoja, mik\u00e4 on tehnyt puistoista niin ruuhkaisia, ettei moniin tule en\u00e4\u00e4 l\u00e4hdetty\u00e4. Kes\u00e4 on luonnollisesti vilkkainta ulkoiluaikaa, mutta viel\u00e4 t\u00e4nne muuttaessamme oli t\u00e4ysin mahdollista kes\u00e4viikonloppuisinkin ottaa ja menn\u00e4 <a title=\"Hollyburn Mountain\" href=\"https:\/\/www.vuosiamaailmalla.fi\/blog\/2014\/hollyburn-mountain\/\">North Shorelle vaeltamaan<\/a> tai uimaan <a title=\"Sasamat Lake sek\u00e4 Admiralty Point\" href=\"https:\/\/www.vuosiamaailmalla.fi\/blog\/2012\/sasamat-lake-seka-admiralty-point\/\">Sasamat Lakelle<\/a>. Nykyisin t\u00e4m\u00e4 on t\u00e4ysin mahdotonta, jollet ole paikalla kukonlaulun aikaan tai tehnyt ennakkovarausta.<\/p>\n<p style=\"text-align: center;\"><a href=\"\/blog\/wp-content\/uploads\/2012\/melojia_sasamat_lakella.jpg\"><img decoding=\"async\" src=\"\/blog\/wp-content\/uploads\/2012\/thumbs\/thumbs_melojia_sasamat_lakella.jpg\" \/><\/a><a href=\"\/blog\/wp-content\/uploads\/2014\/hollyburn_mountainin_huipulla.jpg\"><img decoding=\"async\" src=\"\/blog\/wp-content\/uploads\/2014\/thumbs\/thumbs_hollyburn_mountainin_huipulla.jpg\" \/><\/a><\/p>\n<p style=\"text-align: center;\"><em>Aiemmin luontoon pystyi vain l\u00e4hte\u00e4<\/em><\/p>\n<p style=\"text-align: justify;\">Ensimm\u00e4iset varausj\u00e4rjestelm\u00e4t puistoihin esiteltiin koronaepidemian alussa, kun kotiinsa eristetyt ihmiset <a title=\"Puolieristyksiss\u00e4 kev\u00e4\u00e4n keskell\u00e4\" href=\"https:\/\/www.vuosiamaailmalla.fi\/blog\/2020\/puolieristyksissa-kevaan-keskella\/\">pakenivat m\u00f6kkih\u00f6peryytt\u00e4<\/a> sankoin joukoin ulos luontoon. Vuosi 2020 olikin ensimm\u00e4inen kerta, kun keskeiset puistot tukkeutuivat vieraista ja provinssihallitus toi nelj\u00e4\u00e4n suosituimpaan puistoon varausj\u00e4rjestelm\u00e4n.<\/p>\n<p style=\"text-align: center;\"><a href=\"\/blog\/wp-content\/uploads\/2020\/kaunis_keli_pitt_lakella3.jpg\"><img decoding=\"async\" src=\"\/blog\/wp-content\/uploads\/2020\/kaunis_keli_pitt_lakella3.jpg\" \/><\/a><\/p>\n<p style=\"text-align: center;\"><em>Korona t\u00e4ytti luonnon<\/em><\/p>\n<p style=\"text-align: justify;\">Varauksen tekeminen vaati suunnitelmien laatimista ennakkoon, mutta ainakin varaaminen oli ilmaista. Varaamisella on ollut kuitenkin se ennakoimaton puoli, ett\u00e4 ihmiset varaavat nyt aikoja satunnaisesti ja j\u00e4tt\u00e4v\u00e4t saapumatta paikalle, koska varaus oli ilmainen. Tuloksena parkkialueet ovat vilkkainakin aikoina puolityhji\u00e4 samalla, kun moni ilman varausta j\u00e4\u00e4nyt joutuu keksim\u00e4\u00e4n muuta tekemist\u00e4.<\/p>\n<p style=\"text-align: justify;\">Varausj\u00e4rjestelm\u00e4 ei olekaan toiminut hyvin, mutta se on silti j\u00e4\u00e4nyt voimaan <a title=\"Ulos pandemiasta\" href=\"https:\/\/www.vuosiamaailmalla.fi\/blog\/2022\/ulos-pandemiasta\/\">koronan laannuttuakin<\/a>. J\u00e4rjestelm\u00e4 k\u00e4sitt\u00e4\u00e4 t\u00e4t\u00e4 kirjoittaessa <a title=\"Pilvihattaraa Mount Seymourilla\" href=\"https:\/\/www.vuosiamaailmalla.fi\/blog\/2014\/pilvihattaraa-mount-seymourilla\/\">Mount Seymourin<\/a>, Garibaldin, <a title=\"Kes\u00e4y\u00f6 Golden Earsin helmassa\" href=\"https:\/\/www.vuosiamaailmalla.fi\/blog\/2017\/yo-metsan-helmassa\/\">Golden Earsin<\/a> sek\u00e4 <a title=\"Kuvankaunis Joffre Lakes\" href=\"https:\/\/www.vuosiamaailmalla.fi\/blog\/2015\/kuvankaunis-joffre-lakes\/\">Joffre Lakesin<\/a> luonnonpuistot ja on voimassa kes\u00e4aikaan. Talviaikaan p\u00e4\u00e4sy on edelleen vapaata, eik\u00e4 vaadi varausta Seymouria lukuun ottamatta, joka on talvisin<a title=\"Paluu Mount Seymourin rinteisiin\" href=\"https:\/\/www.vuosiamaailmalla.fi\/blog\/2019\/paluu-mount-seymourin-rinteisiin\/\"> aktiivinen laskettelukeskus<\/a>.<\/p>\n<p style=\"text-align: center;\"><a href=\"\/blog\/wp-content\/uploads\/2015\/lower_joffre_lake_pilkahdus.jpg\"><img decoding=\"async\" src=\"\/blog\/wp-content\/uploads\/2015\/thumbs\/thumbs_lower_joffre_lake_pilkahdus.jpg\" \/><\/a><a href=\"\/blog\/wp-content\/uploads\/2014\/seymourin_huipulla.jpg\"><img decoding=\"async\" src=\"\/blog\/wp-content\/uploads\/2014\/thumbs\/thumbs_seymourin_huipulla.jpg\" \/><\/a><a href=\"\/blog\/wp-content\/uploads\/2014\/sumuiset_vuoret2.jpg\"><img decoding=\"async\" src=\"\/blog\/wp-content\/uploads\/2014\/thumbs\/thumbs_sumuiset_vuoret2.jpg\" \/><\/a><\/p>\n<p style=\"text-align: center;\"><em>Luontokohteita joihin pit\u00e4\u00e4 tehd\u00e4 varaus<\/em><\/p>\n<p style=\"text-align: justify;\">Uutta on kuitenkin puistoissa k\u00e4ymisen muuttuminen maksulliseksi. Itse puistot ovat toki edelleen ilmaisia vierailla, mutta l\u00e4hes kaikissa vieraileminen vaatii autolla saapumista ja juuri t\u00e4h\u00e4n alueen kaupungit ovat alkaneet iske\u00e4, muuttaen pys\u00e4k\u00f6intialueita maksulliseksi. Syyksi on annettu &#8221;ruuhkautumisen v\u00e4hent\u00e4minen&#8221;, mik\u00e4 on osin h\u00f6lm\u00f6 syy, koska kaupungit eiv\u00e4t ole laajentaneet paikoitusalueita laisinkaan, mutta todellisuudessa syyn\u00e4 on kaupunkien halu tehd\u00e4 puistoilla rahaa sek\u00e4 rajoittaa muiden kuin asukkaiden vierailua puistoissa.<\/p>\n<p style=\"text-align: justify;\">Erityisesti n\u00e4in on toiminut West Vancouver, jossa tuli helmikuussa voimaan maksullinen pys\u00e4k\u00f6inti useassa suositussa puistossa, kuten <em>Whytecliff Park<\/em>, ihana <a title=\"Kaksi vuodenaikaa\" href=\"https:\/\/www.vuosiamaailmalla.fi\/blog\/2012\/kaksi-vuodenaikaa\/\"><em>Lighthouse Park<\/em><\/a> ja hieman yll\u00e4tt\u00e4en my\u00f6s pikkuinen <a title=\"Whyte Lake\" href=\"https:\/\/www.vuosiamaailmalla.fi\/blog\/2015\/whyte-lake\/\"><em>Whyte Lake<\/em><\/a>. Puhetta on ollut my\u00f6s suositun <em>Ambleside Parkin<\/em> rantapuiston pys\u00e4k\u00f6innin muuttamisesta maksulliseksi kaupungin keskustassa, joskin p\u00e4\u00e4t\u00f6s asiasta on edelleen p\u00f6yd\u00e4ll\u00e4.<\/p>\n<p style=\"text-align: center;\"><a href=\"\/blog\/wp-content\/uploads\/2015\/vieraat_lighthouse_parkissa3.jpg\"><img decoding=\"async\" src=\"\/blog\/wp-content\/uploads\/2015\/thumbs\/thumbs_vieraat_lighthouse_parkissa3.jpg\" \/><\/a><a href=\"\/blog\/wp-content\/uploads\/2015\/whyte_lake_polku1.jpg\"><img decoding=\"async\" src=\"\/blog\/wp-content\/uploads\/2015\/thumbs\/thumbs_whyte_lake_polku1.jpg\" \/><\/a><\/p>\n<p style=\"text-align: center;\"><em>Jatkossa maksullista luontoa<\/em><\/p>\n<p style=\"text-align: justify;\">Muita maksullisen pys\u00e4k\u00f6innin puistoja ovat <a title=\"Lynn Loop\" href=\"https:\/\/www.vuosiamaailmalla.fi\/blog\/2012\/lynn-loop\/\">Lynn Valley<\/a> sek\u00e4 kaunis <a title=\"Jug Island Beach\" href=\"https:\/\/www.vuosiamaailmalla.fi\/blog\/2015\/jug-island-beach\/\">Belcarra<\/a>. My\u00f6s oma Burnabymme suunnittelee kes\u00e4isin eritt\u00e4in suositun ja siksi ruuhkaisen <em>Barnet Marine Parkin<\/em> muuttamista maksulliseksi, mink\u00e4 lis\u00e4ksi pys\u00e4k\u00f6intiajan pituutta rajoitettaisiin muutamaan tuntiin.<\/p>\n<p style=\"text-align: center;\"><a href=\"\/blog\/wp-content\/uploads\/2015\/jug_island_panoraama.jpg\"><img decoding=\"async\" src=\"\/blog\/wp-content\/uploads\/2015\/jug_island_panoraama_pieni.jpg\" \/><\/a><\/p>\n<p style=\"text-align: center;\"><em>Belcarra on kaunis kolkka<\/em><\/p>\n<p style=\"text-align: justify;\">Kaikki mainitut puistot ovat eritt\u00e4in rakastettuja ja suuri ongelma on pys\u00e4k\u00f6innin kalleus. Pys\u00e4k\u00f6intimaksut eiv\u00e4t nimitt\u00e4in ole nominaalisia, vaan veroineen yli viisi dollaria tunnilta, mik\u00e4 tekee tyypillisest\u00e4 5-6 tunnin vaelluksesta helposti $30 dollarin retken! Jotkut kaupungit, kuten West Vancouver, tarjoavat omille asukkailleen vuosittaista $20 dollarin pys\u00e4k\u00f6intipassia, mik\u00e4 on toki kohtuullinen, mutta syrjii pahasti metropolialueen muita asukkaita. Jos useampikin kaupunki tekee saman, tuloksena on nurkkakuntaisuus, jossa kaikki h\u00e4vi\u00e4v\u00e4t.<\/p>\n<p style=\"text-align: justify;\">Trendi onkin eritt\u00e4in huolestuttava ja se aiheuttaa suurta vihastusta vancouverilaisissa, joille luonnon l\u00e4heisyys ja helppo (sek\u00e4 ilmainen) p\u00e4\u00e4sy luontoon ovat olleet <strong>paikallinen el\u00e4m\u00e4ntapa<\/strong>. Nyt kun v\u00e4est\u00f6 kasvaa hallitsemattomasti, t\u00e4m\u00e4 tapa on katoamassa, sill\u00e4 <a title=\"Provinssi tuli vuokralaisten avuksi\" href=\"https:\/\/www.vuosiamaailmalla.fi\/blog\/2017\/provinssi-tuli-vuokralaisten-avuksi\/\">kalliin asumisen<\/a> kanssa k\u00e4rvistelevill\u00e4 ihmisill\u00e4 ei yksinkertaisesti ole varaa luontoon.<\/p>\n<p style=\"text-align: center;\"><a href=\"\/blog\/wp-content\/uploads\/2017\/teltan_pystytys1.jpg\"><img decoding=\"async\" src=\"\/blog\/wp-content\/uploads\/2017\/thumbs\/thumbs_teltan_pystytys1.jpg\" \/><\/a><a href=\"\/blog\/wp-content\/uploads\/2018\/telttailua_nairn_fallsilla1.jpg\"><img decoding=\"async\" src=\"\/blog\/wp-content\/uploads\/2018\/thumbs\/thumbs_telttailua_nairn_fallsilla1.jpg\" \/><\/a><\/p>\n<p style=\"text-align: center;\"><em>Leirint\u00e4paikat ovat kortilla<\/em><\/p>\n<p style=\"text-align: justify;\">Samaan aikaan koko ongelmaan olisi olemassa yksinkertainen ratkaisu, maahanmuuton rajoittamisen lis\u00e4ksi ja se on avata uusia puistoja ihmisten nautittavaksi. Ei tarvitse kuin vilkaista karttaa n\u00e4hd\u00e4kseen, ett\u00e4 Vancouverin pohjois- ja it\u00e4puolella on parinkymmenen kilometrin s\u00e4teell\u00e4 valtavat m\u00e4\u00e4r\u00e4t vuoristoa, joka on t\u00e4ysin <a title=\"Kanadan mahtava er\u00e4maa\" href=\"https:\/\/www.vuosiamaailmalla.fi\/blog\/2014\/kanadan-mahtava-eramaa\/\">rauhoitettua er\u00e4maata<\/a>. Muutama uusi tie syv\u00e4lle vuoriston moniin laaksoihin avaisi tuhansia hehtaareja uutta ulkoilualuetta, mahdollistaisi rakentaa satoja uusia vaelluspolkuja sek\u00e4 tuhansia <a title=\"Aktiivinen leirint\u00e4viikonloppu Pembertonissa\" href=\"https:\/\/www.vuosiamaailmalla.fi\/blog\/2018\/aktiivinen-leirintaviikonloppu-pembertonissa\/\">uusia leirint\u00e4paikkoja<\/a>, joille kaikille on huutava kysynt\u00e4. Aihe on kuitenkin niin tabu, ettei siit\u00e4 puhu yksik\u00e4\u00e4n poliitikko siit\u00e4k\u00e4\u00e4n huolimatta, ett\u00e4 kaikki t\u00e4m\u00e4 er\u00e4maa on valtion omistamaa ja siten helposti\u00a0 hy\u00f6dynnett\u00e4viss\u00e4 asukkaiden iloksi.<\/p>\n<p style=\"text-align: justify;\">Keskustelun t\u00e4ydest\u00e4 puutteesta johtuen l\u00e4nsirannikon luontoon painottuva el\u00e4m\u00e4ntapa jatkaakin kuihtumistaan, mink\u00e4 huomaa ihan omassakin arjessa. Ruuhkaisiin puistoihin ja esimerkiksi North Shorelle ei tule en\u00e4\u00e4 l\u00e4hdetty\u00e4 ja maksullisen pys\u00e4k\u00f6innin puistot j\u00e4\u00e4v\u00e4t meilt\u00e4 t\u00e4ysin v\u00e4liin, mik\u00e4 on monen muunkin johtop\u00e4\u00e4t\u00f6s ja tappio t\u00e4\u00e4ll\u00e4 asuville.<\/p>\n","protected":false},"excerpt":{"rendered":"<p>Kanadan v\u00e4kiluku kasvaa paraikaa r\u00e4j\u00e4hdysm\u00e4ist\u00e4 vauhtia ja hallitsemattomalla kasvulla on huomattavia negatiivisia vaikutuksia ihmisten arkeen. Asumisen hinta on ollut jo vuosien ajan yli monien kipurajan, mutta alati lis\u00e4\u00e4ntyv\u00e4 m\u00e4\u00e4r\u00e4 ihmisi\u00e4 aiheuttaa my\u00f6s huomattavia ruuhkia niin maanteill\u00e4 kuin luonnossakin.<\/p>\n","protected":false},"author":1,"featured_media":13553,"comment_status":"open","ping_status":"closed","sticky":false,"template":"","format":"standard","meta":{"_jetpack_memberships_contains_paid_content":false,"footnotes":""},"categories":[17,3],"tags":[25,34,935,789,938,939,943],"class_list":["post-13533","post","type-post","status-publish","format-standard","has-post-thumbnail","hentry","category-arki-kanadassa","category-arki-ulkomailla","tag-ajankohtaista","tag-arki","tag-kanada","tag-luontopolku","tag-vaellus","tag-vancouver","tag-west-vancouver"],"jetpack_featured_media_url":"https:\/\/www.vuosiamaailmalla.fi\/blog\/wp-content\/uploads\/pysakointia_puistossa_banner.jpg","jetpack_sharing_enabled":true,"_links":{"self":[{"href":"https:\/\/www.vuosiamaailmalla.fi\/blog\/wp-json\/wp\/v2\/posts\/13533","targetHints":{"allow":["GET"]}}],"collection":[{"href":"https:\/\/www.vuosiamaailmalla.fi\/blog\/wp-json\/wp\/v2\/posts"}],"about":[{"href":"https:\/\/www.vuosiamaailmalla.fi\/blog\/wp-json\/wp\/v2\/types\/post"}],"author":[{"embeddable":true,"href":"https:\/\/www.vuosiamaailmalla.fi\/blog\/wp-json\/wp\/v2\/users\/1"}],"replies":[{"embeddable":true,"href":"https:\/\/www.vuosiamaailmalla.fi\/blog\/wp-json\/wp\/v2\/comments?post=13533"}],"version-history":[{"count":6,"href":"https:\/\/www.vuosiamaailmalla.fi\/blog\/wp-json\/wp\/v2\/posts\/13533\/revisions"}],"predecessor-version":[{"id":13557,"href":"https:\/\/www.vuosiamaailmalla.fi\/blog\/wp-json\/wp\/v2\/posts\/13533\/revisions\/13557"}],"wp:featuredmedia":[{"embeddable":true,"href":"https:\/\/www.vuosiamaailmalla.fi\/blog\/wp-json\/wp\/v2\/media\/13553"}],"wp:attachment":[{"href":"https:\/\/www.vuosiamaailmalla.fi\/blog\/wp-json\/wp\/v2\/media?parent=13533"}],"wp:term":[{"taxonomy":"category","embeddable":true,"href":"https:\/\/www.vuosiamaailmalla.fi\/blog\/wp-json\/wp\/v2\/categories?post=13533"},{"taxonomy":"post_tag","embeddable":true,"href":"https:\/\/www.vuosiamaailmalla.fi\/blog\/wp-json\/wp\/v2\/tags?post=13533"}],"curies":[{"name":"wp","href":"https:\/\/api.w.org\/{rel}","templated":true}]}}