{"id":13558,"date":"2024-03-29T21:56:57","date_gmt":"2024-03-30T04:56:57","guid":{"rendered":"https:\/\/www.vuosiamaailmalla.fi\/blog\/?p=13558"},"modified":"2024-03-29T21:56:57","modified_gmt":"2024-03-30T04:56:57","slug":"aikainen-el-nino-kevat","status":"publish","type":"post","link":"https:\/\/www.vuosiamaailmalla.fi\/blog\/2024\/aikainen-el-nino-kevat\/","title":{"rendered":"Aikainen El Ni\u00f1o kev\u00e4t"},"content":{"rendered":"<p style=\"text-align: justify;\">Nykyaikainen s\u00e4\u00e4tiede on tarkka laskelmissaan ja viime kes\u00e4n ennuste tuolloin aktivoitumassa olleesta <em>El Ni\u00f1osta<\/em> on toteutunut pitk\u00e4lti ennustetun kaltaisena. Mennyt kes\u00e4 oli kaikin tilastoin tarkasteltuna enn\u00e4tyksellisen kuiva, mik\u00e4 aiheutti Kanadassa <a title=\"Kaikki enn\u00e4tykset rikkonut mets\u00e4palokausi\" href=\"https:\/\/www.vuosiamaailmalla.fi\/blog\/2023\/kaikki-ennatykset-rikkonut-metsapalokausi\/\">valtavia mets\u00e4paloja<\/a>. Kuluva talvi on ollut my\u00f6skin hyvin lauha, mik\u00e4 kaikki kuuluu El Ni\u00f1oon, joka on noin joka seitsem\u00e4s vuosi toistuva tyynenmeren s\u00e4\u00e4ilmi\u00f6.<\/p>\n<p><!--more--><\/p>\n<p style=\"text-align: center;\"><a href=\"\/blog\/wp-content\/uploads\/2024\/tyypillinen_el_nino.jpg\"><img decoding=\"async\" src=\"\/blog\/wp-content\/uploads\/2024\/tyypillinen_el_nino.jpg\" \/><\/a><\/p>\n<p style=\"text-align: center;\"><em>Tyypillinen El Ni\u00f1o vuosi<\/em><\/p>\n<p style=\"text-align: justify;\">Kyseess\u00e4 on toinen El Ni\u00f1omme Kanadassa asuttujen <a title=\"12 vuotta Kanadassa\" href=\"https:\/\/www.vuosiamaailmalla.fi\/blog\/2024\/12-vuotta-kanadassa\/\">12 vuoden<\/a> aikana ja edellinen s\u00e4\u00e4ilmi\u00f6 osui vuosille 2015-2016. Vuoden 2015 talvi oli <a title=\"Lunta etsim\u00e4ss\u00e4 Sun Peaksilla\" href=\"https:\/\/www.vuosiamaailmalla.fi\/blog\/2015\/lunta-etsimassa-sun-peaksilla\/\">umpisurkea laskettelulle<\/a> ja sit\u00e4 seurannut kes\u00e4 oli ensimm\u00e4inen kerta, kun mets\u00e4palosavu <a title=\"Savun peitt\u00e4m\u00e4 kaupunki\" href=\"https:\/\/www.vuosiamaailmalla.fi\/blog\/2015\/savun-peittama-kaupunki\/\">peitti Vancouverin<\/a>, mist\u00e4 on tullut sittemmin l\u00e4hes jokavuotinen kiusa. Seuraava talvi ja vuoden 2016 kev\u00e4t olivat laskettelun kannalta parempia, joskin lunta saatiin <a title=\"El Ni\u00f1o talven lopputulos\" href=\"https:\/\/www.vuosiamaailmalla.fi\/blog\/2016\/el-nino-talven-lopputulema\/\">hyvin ep\u00e4tasaisesti<\/a> eri puolilla British Columbiaa.<\/p>\n<p style=\"text-align: center;\"><a href=\"\/blog\/wp-content\/uploads\/2023\/tulipalo_mount_seymourilla.jpg\"><img decoding=\"async\" src=\"\/blog\/wp-content\/uploads\/2023\/tulipalo_mount_seymourilla.jpg\" \/><\/a><\/p>\n<p style=\"text-align: center;\"><em>Kes\u00e4ll\u00e4 l\u00e4hivuorillakin paloi<\/em><\/p>\n<p style=\"text-align: justify;\">Kuluva talvi on ollut my\u00f6s samansuuntainen ja vaikka sadep\u00e4ivi\u00e4 onkin piisannut, on sade tullut vuorillakin veten\u00e4. N\u00e4in ollen vuorten lumikertym\u00e4 on alhainen ja t\u00e4t\u00e4 kirjoittaessa ainoastaan Whistler on l\u00e4hell\u00e4 normaalia lumikertym\u00e4\u00e4 903 cm lukemalla. Vancouverin pohjoispuolen keskuksissa lukemat ovat vain <strong>puolet<\/strong> normaalista, Cypressin lumikertym\u00e4n ollessa surkeat 537 cm, Grousen 608 cm ja Seymourin vaivaiset 622 cm.\u00a0 Rajan etel\u00e4puolella <a title=\"Mount Bakerin syv\u00e4ss\u00e4 lumihangessa\" href=\"https:\/\/www.vuosiamaailmalla.fi\/blog\/2016\/mount-bakerin-syvissa-hangissa\/\">legendaarisen Mount Bakerin<\/a> t\u00e4m\u00e4n talven lumikertym\u00e4 on &#8221;ainoastaan&#8221; 11 metri\u00e4, mik\u00e4 on viitisen metri\u00e4 normaalia v\u00e4hemm\u00e4n ja noin puolet enn\u00e4tysvuosista.<\/p>\n<p style=\"text-align: justify;\">Vaikka mainitut lukemat ovatkin sangen kohtuullisia, elettiin laskettelukeskuksissa ep\u00e4toivoisia aikoja viel\u00e4 maaliskuun ensip\u00e4ivin\u00e4. Whistleriss\u00e4 oli rinteiss\u00e4 lunta niin v\u00e4h\u00e4n, ett\u00e4 keskus jopa &#8221;piilotti&#8221; lumitiedot nettisivuiltaan. North Shoren keskukset olivat kiinni, kun rinteist\u00e4 pilkotti l\u00e4pi ruskea maasto. Tilanne helpottui vasta maaliskuun ensimm\u00e4isell\u00e4 viikolla, kun kylm\u00e4 saderintama pudotti vuorille muutamassa p\u00e4iv\u00e4ss\u00e4 noin kaksi metri\u00e4 tuoretta lunta.<\/p>\n<p style=\"text-align: center;\"><a href=\"\/blog\/wp-content\/uploads\/2024\/lumi_sekoittaa_liikenteen.jpg\"><img decoding=\"async\" src=\"\/blog\/wp-content\/uploads\/2024\/thumbs\/thumbs_lumi_sekoittaa_liikenteen.jpg\" \/><\/a><a href=\"\/blog\/wp-content\/uploads\/2024\/tammikuun_lumikasoja1.jpg\"><img decoding=\"async\" src=\"\/blog\/wp-content\/uploads\/2024\/thumbs\/thumbs_tammikuun_lumikasoja1.jpg\" \/><\/a><\/p>\n<p style=\"text-align: center;\"><em>Talvi tuli rymin\u00e4ll\u00e4<\/em><\/p>\n<p style=\"text-align: center;\"><a href=\"\/blog\/wp-content\/uploads\/2024\/tammikuun_lumikasoja2.jpg\"><img decoding=\"async\" src=\"\/blog\/wp-content\/uploads\/2024\/tammikuun_lumikasoja2.jpg\" \/><\/a><\/p>\n<p style=\"text-align: center;\"><em>Hetken maa on kaunis<\/em><\/p>\n<p style=\"text-align: justify;\">Sateen keskell\u00e4 l\u00e4nsirannikkolaisia on kuitenkin hemmoteltu <a title=\"Kev\u00e4\u00e4n l\u00e4mp\u00f6\u00e4\" href=\"https:\/\/www.vuosiamaailmalla.fi\/blog\/2021\/kevaan-lampoa\/\">aikaisella kev\u00e4\u00e4ll\u00e4<\/a> ja useammalla aurinkoisella jaksolla, jotka ovat saaneet luonnon kukkimaan paikoin enn\u00e4tysaikaisin. Ensimm\u00e4iset krookukset puskivat maasta jo helmikuun lopussa ja maaliskuun puoliv\u00e4liss\u00e4 kirsikkapuut alkoivat kukkia monin paikoin.<\/p>\n<p style=\"text-align: center;\"><a href=\"\/blog\/wp-content\/uploads\/2024\/kevainen_ambleside_park5.jpg\"><img decoding=\"async\" src=\"\/blog\/wp-content\/uploads\/2024\/kevainen_ambleside_park5.jpg\" \/><\/a><\/p>\n<p style=\"text-align: center;\"><em>Kirsikankukkien loistoa<\/em><\/p>\n<p style=\"text-align: justify;\">Kauniiden aurinkojaksojen aikana onkin kelvannut l\u00e4hte\u00e4 ulos ja helmikuun lopulla teimme koko perheen aamup\u00e4iv\u00e4retken North Vancouverin <a title=\"Kev\u00e4isi\u00e4 polkuja\" href=\"https:\/\/www.vuosiamaailmalla.fi\/blog\/2016\/kevaisia-polkuja\/\">Deep Coveen<\/a>. Emme ole vierailleet alueella vuosiin, sill\u00e4 se on viikonloppuisin ruuhkainen ja siksi ep\u00e4miellytt\u00e4v\u00e4 vierailla. Vapaa perjantai oli kuitenkin loistava aika vierailla Deep Covessa ilman mink\u00e4\u00e4nlaista ruuhkaa ja nauttia aurinkoisista vuonomaisemista. Maisemat her\u00e4ttiv\u00e4t tietenkin n\u00e4l\u00e4n, jota tuli paikattua legendaarisen <em>Honey Doughnutsin<\/em> rasvaisilla donitseilla.<\/p>\n<p style=\"text-align: center;\"><a href=\"\/blog\/wp-content\/uploads\/2024\/kevainen_deep_cove1.jpg\"><img decoding=\"async\" src=\"\/blog\/wp-content\/uploads\/2024\/thumbs\/thumbs_kevainen_deep_cove1.jpg\" \/><\/a><a href=\"\/blog\/wp-content\/uploads\/2024\/kevainen_deep_cove2.jpg\"><img decoding=\"async\" src=\"\/blog\/wp-content\/uploads\/2024\/thumbs\/thumbs_kevainen_deep_cove2.jpg\" \/><\/a><a href=\"\/blog\/wp-content\/uploads\/2024\/kevainen_deep_cove3.jpg\"><img decoding=\"async\" src=\"\/blog\/wp-content\/uploads\/2024\/thumbs\/thumbs_kevainen_deep_cove3.jpg\" \/><\/a><\/p>\n<p style=\"text-align: center;\"><em>Luonnonkaunis Deep Cove<\/em><\/p>\n<p style=\"text-align: center;\"><a href=\"\/blog\/wp-content\/uploads\/2024\/kevainen_deep_cove4.jpg\"><img decoding=\"async\" src=\"\/blog\/wp-content\/uploads\/2024\/kevainen_deep_cove4.jpg\" \/><\/a><\/p>\n<p style=\"text-align: center;\"><em>Vapaap\u00e4iv\u00e4n retkell\u00e4<\/em><\/p>\n<p style=\"text-align: center;\"><a href=\"\/blog\/wp-content\/uploads\/2024\/honey_doughnuts3.jpg\"><img decoding=\"async\" src=\"\/blog\/wp-content\/uploads\/2024\/thumbs\/thumbs_honey_doughnuts3.jpg\" \/><\/a><a href=\"\/blog\/wp-content\/uploads\/2024\/honey_doughnuts1.jpg\"><img decoding=\"async\" src=\"\/blog\/wp-content\/uploads\/2024\/thumbs\/thumbs_honey_doughnuts1.jpg\" \/><\/a><a href=\"\/blog\/wp-content\/uploads\/2024\/honey_doughnuts2.jpg\"><img decoding=\"async\" src=\"\/blog\/wp-content\/uploads\/2024\/thumbs\/thumbs_honey_doughnuts2.jpg\" \/><\/a><\/p>\n<p style=\"text-align: center;\"><em>Legendaariset donitsit<\/em><\/p>\n<p style=\"text-align: justify;\">Maaliskuun alkuun osui kev\u00e4\u00e4n toinen aurinkojakso, jolloin ajoimme puolestaan Tsawwasseniin. Aivan <a title=\"Kriisi Kanadan rajoilla\" href=\"https:\/\/www.vuosiamaailmalla.fi\/blog\/2017\/kriisi-kanadan-rajoilla\/\">Yhdysvaltojen rajan<\/a> luona sijaitseva <em>Diefenbaker Park<\/em> on pieni mukava puisto sangen isolla leikkipuistolla. Puistossa n\u00e4kee usein sorsia, mik\u00e4 on mukavaa perheen pienimmille ja puiston kukkaistutukset ovat suorastaan huikeita.<\/p>\n<p style=\"text-align: center;\"><a href=\"\/blog\/wp-content\/uploads\/2024\/diefenbaker_park4.jpg\"><img decoding=\"async\" src=\"\/blog\/wp-content\/uploads\/2024\/thumbs\/thumbs_diefenbaker_park4.jpg\" \/><\/a><a href=\"\/blog\/wp-content\/uploads\/2024\/diefenbaker_park1.jpg\"><img decoding=\"async\" src=\"\/blog\/wp-content\/uploads\/2024\/thumbs\/thumbs_diefenbaker_park1.jpg\" \/><\/a><br \/>\n<a href=\"\/blog\/wp-content\/uploads\/2024\/diefenbaker_park2.jpg\"><img decoding=\"async\" src=\"\/blog\/wp-content\/uploads\/2024\/thumbs\/thumbs_diefenbaker_park2.jpg\" \/><\/a><a href=\"\/blog\/wp-content\/uploads\/2024\/diefenbaker_park3.jpg\"><img decoding=\"async\" src=\"\/blog\/wp-content\/uploads\/2024\/thumbs\/thumbs_diefenbaker_park3.jpg\" \/><\/a><\/p>\n<p style=\"text-align: center;\"><em>Hauska Diefenbaker Park<\/em><\/p>\n<p style=\"text-align: justify;\">Viimeisin kev\u00e4tretkemme oli viime sunnuntain vierailu West Vancouverin <em>Ambleside Parkissa<\/em>. Emme ole k\u00e4yneet siell\u00e4k\u00e4\u00e4n useampaan vuoteen ja idea retkeen syntyi kirjoittaessani vastik\u00e4\u00e4n <a title=\"Maksullinen luonto\" href=\"https:\/\/www.vuosiamaailmalla.fi\/blog\/2024\/maksullinen-luonto\/\">maksulliseksi muuttuvista<\/a> ulkoilualueista. Valitettavasti my\u00f6s Ambleside Park kuuluu listalle puistoista, joissa pys\u00e4k\u00f6innin muuttumista maksulliseksi harkitaan paraikaa, joten p\u00e4\u00e4timme tehd\u00e4 sinne retken ennen tilanteen muuttumista.<\/p>\n<p style=\"text-align: center;\"><a href=\"\/blog\/wp-content\/uploads\/2024\/kevainen_ambleside_park3.jpg\"><img decoding=\"async\" src=\"\/blog\/wp-content\/uploads\/2024\/thumbs\/thumbs_kevainen_ambleside_park3.jpg\" \/><\/a><a href=\"\/blog\/wp-content\/uploads\/2024\/kevainen_ambleside_park4.jpg\"><img decoding=\"async\" src=\"\/blog\/wp-content\/uploads\/2024\/thumbs\/thumbs_kevainen_ambleside_park4.jpg\" \/><\/a><a href=\"\/blog\/wp-content\/uploads\/2024\/kevainen_ambleside_park2.jpg\"><img decoding=\"async\" src=\"\/blog\/wp-content\/uploads\/2024\/thumbs\/thumbs_kevainen_ambleside_park2.jpg\" \/><\/a><\/p>\n<p style=\"text-align: center;\"><em>Vilkas Ambleside Park<\/em><\/p>\n<p style=\"text-align: justify;\">Perill\u00e4 k\u00e4vi selv\u00e4ksi, ett\u00e4 kaunis s\u00e4\u00e4 oli saanut liikkeelle puoli kaupunkia ja pys\u00e4k\u00f6innin l\u00f6yt\u00e4minen olikin vaikeaa. Parkkeerattuamme tapasimme rannassa l\u00e4hist\u00f6ll\u00e4 asuvan suomalaisen lapsiperheen, joka on tullut meille tutuksi hauskasta <a title=\"Piparintuoksuinen joulunalus\" href=\"https:\/\/www.vuosiamaailmalla.fi\/blog\/2023\/piparin-tuoksuiset-joulumyyjaiset\/\">suomimuskarista<\/a>.<\/p>\n<p style=\"text-align: center;\"><a href=\"\/blog\/wp-content\/uploads\/2024\/kevainen_ambleside_park6.jpg\"><img decoding=\"async\" src=\"\/blog\/wp-content\/uploads\/2024\/thumbs\/thumbs_kevainen_ambleside_park6.jpg\" \/><\/a><a href=\"\/blog\/wp-content\/uploads\/2024\/burrard_inlet_maisema1.jpg\"><img decoding=\"async\" src=\"\/blog\/wp-content\/uploads\/2024\/thumbs\/thumbs_burrard_inlet_maisema1.jpg\" \/><\/a><a href=\"\/blog\/wp-content\/uploads\/2024\/burrard_inlet_maisema2.jpg\"><img decoding=\"async\" src=\"\/blog\/wp-content\/uploads\/2024\/thumbs\/thumbs_burrard_inlet_maisema2.jpg\" \/><\/a><\/p>\n<p style=\"text-align: center;\"><em>Merellinen puisto<\/em><\/p>\n<p style=\"text-align: justify;\">Yhdess\u00e4 ihailimme kauniin merellist\u00e4 maisemaa, joka tekee Amblesidesta erityisen Vancouverin puistojen joukossa. Puistolta johtaa my\u00f6s k\u00e4velyreitti hieman l\u00e4nnemp\u00e4n\u00e4 sijaitsevalle pienemm\u00e4lle <em>John Lawson Parkille<\/em>, jossa sijaitsee huomattavan kokoinen leikkipuisto. Puistossa vier\u00e4htikin tovin verran, lasten telmiess\u00e4 kaikissa mahdollisissa paikoissa.<\/p>\n<p style=\"text-align: center;\"><a href=\"\/blog\/wp-content\/uploads\/2024\/john_lawson_park.jpg\"><img decoding=\"async\" src=\"\/blog\/wp-content\/uploads\/2024\/thumbs\/thumbs_john_lawson_park.jpg\" \/><\/a><a href=\"\/blog\/wp-content\/uploads\/2024\/kevainen_ambleside_park1.jpg\"><img decoding=\"async\" src=\"\/blog\/wp-content\/uploads\/2024\/thumbs\/thumbs_kevainen_ambleside_park1.jpg\" \/><\/a><\/p>\n<p style=\"text-align: center;\"><em>John Lawson Parkin telmint\u00e4\u00e4<\/em><\/p>\n<p style=\"text-align: justify;\">Nyt kun laskettelu on j\u00e4\u00e4nyt l\u00e4hes tyystin v\u00e4liin, ei v\u00e4h\u00e4luminen talvi ole koskettanut itse\u00e4 samalla tavalla. Sen huono puoli on kuitenkin, ett\u00e4 tulevasta kes\u00e4st\u00e4 voi tulla enn\u00e4tyksellisen kuiva ja kuivuus voi pakottaa merkitt\u00e4viin veden s\u00e4\u00e4st\u00f6toimiin.<\/p>\n<p style=\"text-align: justify;\"><a title=\"Vesihuollon miljardihankkeet\" href=\"https:\/\/www.vuosiamaailmalla.fi\/blog\/2020\/vesihuollon-miljardihankkeet\/\">Vancouverin alueen vesihuolto<\/a> nojaa voimakkaasti kes\u00e4n aikana vuorilla sulavaan lumeen, joka t\u00e4ydent\u00e4\u00e4 laaksoissa sijaitsevia juomavesivarantoja. Jos vuorilla oleva lumi sulaa liian aikaisin, ei kaikkea vett\u00e4 pystyt\u00e4 hy\u00f6dynt\u00e4m\u00e4\u00e4n ja vedest\u00e4 voi tulla loppukes\u00e4st\u00e4 pulaa, mik\u00e4 on ironista lauhkealla sademets\u00e4vy\u00f6hykkeell\u00e4 sijaitsevalle kaupungille, jonka talvi on kuitenkin muutoin <a title=\"Runsassateinen tammikuu\" href=\"https:\/\/www.vuosiamaailmalla.fi\/blog\/2020\/runsassateinen-tammikuu\/\">hyvin sateinen<\/a>.<\/p>\n","protected":false},"excerpt":{"rendered":"<p>Nykyaikainen s\u00e4\u00e4tiede on tarkka laskelmissaan ja viime kes\u00e4n ennuste tuolloin aktivoitumassa olleesta El Ni\u00f1osta on toteutunut pitk\u00e4lti ennustetun kaltaisena. Mennyt kes\u00e4 oli kaikin tilastoin tarkasteltuna enn\u00e4tyksellisen kuiva, mik\u00e4 aiheutti Kanadassa valtavia mets\u00e4paloja. Kuluva talvi on ollut my\u00f6skin hyvin lauha, mik\u00e4 kaikki kuuluu El Ni\u00f1oon, joka on noin joka seitsem\u00e4s vuosi toistuva tyynenmeren s\u00e4\u00e4ilmi\u00f6.<\/p>\n","protected":false},"author":1,"featured_media":13561,"comment_status":"open","ping_status":"closed","sticky":false,"template":"","format":"standard","meta":{"_jetpack_memberships_contains_paid_content":false,"footnotes":""},"categories":[17,3],"tags":[25,34,562,1835,935,160,173,184,270,202,871,939,943],"class_list":["post-13558","post","type-post","status-publish","format-standard","has-post-thumbnail","hentry","category-arki-kanadassa","category-arki-ulkomailla","tag-ajankohtaista","tag-arki","tag-deep-cove","tag-el-nino","tag-kanada","tag-kevat","tag-laskettelu","tag-north-vancouver","tag-saa","tag-talvi","tag-tsawwassen","tag-vancouver","tag-west-vancouver"],"jetpack_featured_media_url":"https:\/\/www.vuosiamaailmalla.fi\/blog\/wp-content\/uploads\/kevainen_ambleside_park_banner.jpg","jetpack_sharing_enabled":true,"_links":{"self":[{"href":"https:\/\/www.vuosiamaailmalla.fi\/blog\/wp-json\/wp\/v2\/posts\/13558","targetHints":{"allow":["GET"]}}],"collection":[{"href":"https:\/\/www.vuosiamaailmalla.fi\/blog\/wp-json\/wp\/v2\/posts"}],"about":[{"href":"https:\/\/www.vuosiamaailmalla.fi\/blog\/wp-json\/wp\/v2\/types\/post"}],"author":[{"embeddable":true,"href":"https:\/\/www.vuosiamaailmalla.fi\/blog\/wp-json\/wp\/v2\/users\/1"}],"replies":[{"embeddable":true,"href":"https:\/\/www.vuosiamaailmalla.fi\/blog\/wp-json\/wp\/v2\/comments?post=13558"}],"version-history":[{"count":4,"href":"https:\/\/www.vuosiamaailmalla.fi\/blog\/wp-json\/wp\/v2\/posts\/13558\/revisions"}],"predecessor-version":[{"id":13563,"href":"https:\/\/www.vuosiamaailmalla.fi\/blog\/wp-json\/wp\/v2\/posts\/13558\/revisions\/13563"}],"wp:featuredmedia":[{"embeddable":true,"href":"https:\/\/www.vuosiamaailmalla.fi\/blog\/wp-json\/wp\/v2\/media\/13561"}],"wp:attachment":[{"href":"https:\/\/www.vuosiamaailmalla.fi\/blog\/wp-json\/wp\/v2\/media?parent=13558"}],"wp:term":[{"taxonomy":"category","embeddable":true,"href":"https:\/\/www.vuosiamaailmalla.fi\/blog\/wp-json\/wp\/v2\/categories?post=13558"},{"taxonomy":"post_tag","embeddable":true,"href":"https:\/\/www.vuosiamaailmalla.fi\/blog\/wp-json\/wp\/v2\/tags?post=13558"}],"curies":[{"name":"wp","href":"https:\/\/api.w.org\/{rel}","templated":true}]}}