{"id":1357,"date":"2012-11-19T18:03:05","date_gmt":"2012-11-20T02:03:05","guid":{"rendered":"http:\/\/13.53.127.146\/?p=1357"},"modified":"2021-02-01T19:09:34","modified_gmt":"2021-02-02T03:09:34","slug":"kaksi-vuodenaikaa","status":"publish","type":"post","link":"https:\/\/www.vuosiamaailmalla.fi\/blog\/2012\/kaksi-vuodenaikaa\/","title":{"rendered":"Kaksi vuodenaikaa"},"content":{"rendered":"<p style=\"text-align: justify;\">Paikallinen <a title=\"Laskettelukausi alkoi Vancouverissa\" href=\"https:\/\/www.vuosiamaailmalla.fi\/?p=1308\">laskettelukausi alkoi<\/a> viime viikolla, kun kaksi Vancouverin kolmesta paikallisesta laskettelukeskuksesta avasi osan rinteist\u00e4\u00e4n innokkaimpien laskettelijoiden iloksi. Kuten tuolloin kirjoitin, on t\u00e4t\u00e4 ollut v\u00e4h\u00e4n vaikea uskoa t\u00e4\u00e4ll\u00e4 sateisesta keskustasta k\u00e4sin. Sill\u00e4 vaikka vuorilla onkin silminn\u00e4hden valkeaa, voiko siell\u00e4 kuitenkaan olla jo netiss\u00e4 mainitut yli 30 sentti\u00e4 lunta? Asiaa ei auttanut kuin l\u00e4hte\u00e4 itse toteamaan ja niinp\u00e4 ajoimmekin eilen yl\u00f6s <a title=\"Kev\u00e4thangilla Cypress Mountainilla\" href=\"https:\/\/www.vuosiamaailmalla.fi\/?p=8864\">Cypress Mountainille<\/a>.<\/p>\n<p style=\"text-align: justify;\">L\u00e4mp\u00f6\u00e4 oli alhaalla Vancouverissa noin +7 astetta, mutta puoliv\u00e4liss\u00e4 pilvien tasolle p\u00e4\u00e4stess\u00e4 l\u00e4mp\u00f6tila oli pudonnut jo noin +3 asteen tienoille. Sakeassa sadepilvess\u00e4 l\u00e4mp\u00f6tila jatkoi tippumistaan aina nollan tienoille saakka ja ylh\u00e4\u00e4ll\u00e4 satelikin j\u00e4\u00e4t\u00e4v\u00e4\u00e4 tihkua. Ja ihme ja kumma, lunta oli kuin olikin tien vierell\u00e4 noin 700 metrin korkeudelta aina perille 900 metriin saakka. Perill\u00e4 lunta olikin sitten ihan reilusti ja oli kuin olisi siirtynyt viidess\u00e4 minuutissa vuodenajasta toiseen.<\/p>\n<p><!--more--><\/p>\n<p style=\"text-align: center;\"><a href=\"\/blog\/wp-content\/uploads\/2012\/lunta_cypressilla4.jpg\"><img decoding=\"async\" style=\"border: 0px none; margin: 5px;\" src=\"\/blog\/wp-content\/uploads\/2012\/thumbs\/thumbs_lunta_cypressilla4.jpg\" alt=\"\" \/><\/a><a href=\"\/blog\/wp-content\/uploads\/2012\/lunta_cypressilla5.jpg\"><img decoding=\"async\" style=\"border: 0px none; margin: 5px;\" src=\"\/blog\/wp-content\/uploads\/2012\/thumbs\/thumbs_lunta_cypressilla5.jpg\" alt=\"\" \/><\/a><\/p>\n<p style=\"text-align: center;\"><em>Lunta ohoi!<\/em><\/p>\n<p style=\"text-align: justify;\">Ylh\u00e4\u00e4ll\u00e4 kauhakuormaajat aurailivat paksun lumipeitteen alla olevia parkkipaikkoja. Ensimm\u00e4inen viikonloppu n\u00e4ytti houkutelleen paikalle satam\u00e4\u00e4rin innokkaita laskijoita, joita ei n\u00e4ytt\u00e4nyt haittaavan j\u00e4\u00e4t\u00e4v\u00e4 tihkusade ja vesisumu, mik\u00e4 kertonee ett\u00e4 joku muukin on odottanut ensilunta innoissaan.<\/p>\n<p style=\"text-align: center;\"><a href=\"\/blog\/wp-content\/uploads\/2012\/lunta_cypressilla3.jpg\"><img decoding=\"async\" style=\"border: 0px none; margin: 5px;\" src=\"\/blog\/wp-content\/uploads\/2012\/thumbs\/thumbs_lunta_cypressilla3.jpg\" alt=\"\" \/><\/a><a href=\"\/blog\/wp-content\/uploads\/2012\/lunta_cypressilla6.jpg\"><img decoding=\"async\" style=\"border: 0px none; margin: 5px;\" src=\"\/blog\/wp-content\/uploads\/2012\/thumbs\/thumbs_lunta_cypressilla6.jpg\" alt=\"\" \/><\/a><\/p>\n<p style=\"text-align: center;\"><em>Talvinen Cypress Mountainin parkkialue<\/em><\/p>\n<p style=\"text-align: justify;\">Lumen keskell\u00e4 oli hauska leikitell\u00e4 hetken aikaa autolla tyhj\u00e4n parkkipaikan j\u00e4isell\u00e4 pinnalla, tosin jatkuvan nelivedon kanssa autoa ei saanut juuri luisumaan. Pienen leikittelyn j\u00e4lkeen palasimme vuorelta alas ja ajoimme l\u00e4heiselle <em>Lighthouse Parkin<\/em> puistolle. T\u00e4m\u00e4 West Vancouverin l\u00e4nsip\u00e4\u00e4ss\u00e4\u00a0niemennokassa sijaitseva pieni puisto on suosikkejamme, sill\u00e4 siell\u00e4 on monia mukavia polkuja suurten puiden lomassa, paljaiden rantakallioiden lomassa.<\/p>\n<p style=\"text-align: center;\"><a href=\"\/blog\/wp-content\/uploads\/2012\/lighthouse_park_majakka.jpg\"><img decoding=\"async\" style=\"border: 0px none; margin: 5px;\" src=\"\/blog\/wp-content\/uploads\/2012\/lighthouse_park_majakka.jpg\" alt=\"\" \/><\/a><\/p>\n<p style=\"text-align: center;\"><em>Lighthouse Parkin majakka<\/em><\/p>\n<p style=\"text-align: justify;\">Kiersimme vain parin kilometrin lyhyen reitin, mutta pys\u00e4htelimme monessa kohtaa kuuntelemaan aaltojen iskua rantakallioita vasten. Meri oli rauhaton ja aallot tyrskysiv\u00e4t kivi\u00e4 vasten. Sunnuntaiksi olikin ennustettu myrsky\u00e4 ja se osoittautuikin sangen voimakkaaksi y\u00f6ll\u00e4. Ikkunat vain v\u00e4risiv\u00e4t ja naksuivat tuulenpuuskien painaessa korkealla sijaitsevan asuntomme ikkunoita vasten. Verhojen perusteella n\u00e4ytti my\u00f6s silt\u00e4, ett\u00e4 koko rakennus heilui hitusen tuulen voimasta, mutta mist\u00e4\u00e4n muusta t\u00e4t\u00e4 ei kuitenkaan havainnut.<\/p>\n<p style=\"text-align: center;\"><a href=\"\/blog\/wp-content\/uploads\/2012\/lighthouse_park_rantakallioita3.jpg\"><img decoding=\"async\" style=\"border: 0px none; margin: 5px;\" src=\"\/blog\/wp-content\/uploads\/2012\/thumbs\/thumbs_lighthouse_park_rantakallioita3.jpg\" alt=\"\" \/><\/a><a href=\"\/blog\/wp-content\/uploads\/2012\/lighthouse_park_rantakallioita2.jpg\"><img decoding=\"async\" style=\"border: 0px none; margin: 5px;\" src=\"\/blog\/wp-content\/uploads\/2012\/thumbs\/thumbs_lighthouse_park_rantakallioita2.jpg\" alt=\"\" \/><\/a><a href=\"\/blog\/wp-content\/uploads\/2012\/lighthouse_park_rantakallioita1.jpg\"><img decoding=\"async\" style=\"border: 0px none; margin: 5px;\" src=\"\/blog\/wp-content\/uploads\/2012\/thumbs\/thumbs_lighthouse_park_rantakallioita1.jpg\" alt=\"\" \/><\/a><\/p>\n<p style=\"text-align: center;\"><em>Paljaita rantakallioita<\/em><\/p>\n<p style=\"text-align: justify;\">Vancouverissa on sangen mielenkiintoisaa, miten <a title=\"Sumu kietoi Fogcouverin\" href=\"https:\/\/www.vuosiamaailmalla.fi\/?p=9400\">paikallisia s\u00e4\u00e4ilmi\u00f6t<\/a> voivat olla ja miten vuorilla on niin eri vuodenaika kuin alhaalla kaupungissa. Nyt kun olemme todenneet ett\u00e4 sit\u00e4 lunta tosiaankin on vuorilla, ei voi kuin odottaa hieman kauniimpia kelej\u00e4, ett\u00e4 p\u00e4\u00e4see ensimm\u00e4ist\u00e4 kertaa rinteeseen. Tulevan viikonlopun ennuste odottaa edelleen tarkentumistaan, mutta se voi hyvinkin olla potentiaalinen t\u00e4m\u00e4n kauden avaukseen&#8230;<\/p>\n","protected":false},"excerpt":{"rendered":"<p>Paikallinen laskettelukausi alkoi viime viikolla, kun kaksi Vancouverin kolmesta paikallisesta laskettelukeskuksesta avasi osan rinteist\u00e4\u00e4n innokkaimpien laskettelijoiden iloksi. Kuten tuolloin kirjoitin, on t\u00e4t\u00e4 ollut v\u00e4h\u00e4n vaikea uskoa t\u00e4\u00e4ll\u00e4 sateisesta keskustasta k\u00e4sin. Sill\u00e4 vaikka vuorilla onkin silminn\u00e4hden valkeaa, voiko siell\u00e4 kuitenkaan olla jo netiss\u00e4 mainitut yli 30 sentti\u00e4 lunta? Asiaa ei auttanut kuin l\u00e4hte\u00e4 itse toteamaan ja &hellip; <a href=\"https:\/\/www.vuosiamaailmalla.fi\/blog\/2012\/kaksi-vuodenaikaa\/\" class=\"more-link\">Jatka lukemista<span class=\"screen-reader-text\"> &#8221;Kaksi vuodenaikaa&#8221;<\/span><\/a><\/p>\n","protected":false},"author":1,"featured_media":11485,"comment_status":"open","ping_status":"open","sticky":false,"template":"","format":"standard","meta":{"_jetpack_memberships_contains_paid_content":false,"footnotes":""},"categories":[17,3],"tags":[25,34,933,935,426,299,270,202,939,943],"class_list":["post-1357","post","type-post","status-publish","format-standard","has-post-thumbnail","hentry","category-arki-kanadassa","category-arki-ulkomailla","tag-ajankohtaista","tag-arki","tag-cypress-mountain","tag-kanada","tag-lighthouse-park","tag-syksy","tag-saa","tag-talvi","tag-vancouver","tag-west-vancouver"],"jetpack_featured_media_url":"https:\/\/www.vuosiamaailmalla.fi\/blog\/wp-content\/uploads\/lunta_cypressilla_banner-1.jpg","jetpack_sharing_enabled":true,"_links":{"self":[{"href":"https:\/\/www.vuosiamaailmalla.fi\/blog\/wp-json\/wp\/v2\/posts\/1357","targetHints":{"allow":["GET"]}}],"collection":[{"href":"https:\/\/www.vuosiamaailmalla.fi\/blog\/wp-json\/wp\/v2\/posts"}],"about":[{"href":"https:\/\/www.vuosiamaailmalla.fi\/blog\/wp-json\/wp\/v2\/types\/post"}],"author":[{"embeddable":true,"href":"https:\/\/www.vuosiamaailmalla.fi\/blog\/wp-json\/wp\/v2\/users\/1"}],"replies":[{"embeddable":true,"href":"https:\/\/www.vuosiamaailmalla.fi\/blog\/wp-json\/wp\/v2\/comments?post=1357"}],"version-history":[{"count":2,"href":"https:\/\/www.vuosiamaailmalla.fi\/blog\/wp-json\/wp\/v2\/posts\/1357\/revisions"}],"predecessor-version":[{"id":11487,"href":"https:\/\/www.vuosiamaailmalla.fi\/blog\/wp-json\/wp\/v2\/posts\/1357\/revisions\/11487"}],"wp:featuredmedia":[{"embeddable":true,"href":"https:\/\/www.vuosiamaailmalla.fi\/blog\/wp-json\/wp\/v2\/media\/11485"}],"wp:attachment":[{"href":"https:\/\/www.vuosiamaailmalla.fi\/blog\/wp-json\/wp\/v2\/media?parent=1357"}],"wp:term":[{"taxonomy":"category","embeddable":true,"href":"https:\/\/www.vuosiamaailmalla.fi\/blog\/wp-json\/wp\/v2\/categories?post=1357"},{"taxonomy":"post_tag","embeddable":true,"href":"https:\/\/www.vuosiamaailmalla.fi\/blog\/wp-json\/wp\/v2\/tags?post=1357"}],"curies":[{"name":"wp","href":"https:\/\/api.w.org\/{rel}","templated":true}]}}