{"id":13681,"date":"2024-07-27T16:04:05","date_gmt":"2024-07-27T23:04:05","guid":{"rendered":"https:\/\/www.vuosiamaailmalla.fi\/blog\/?p=13681"},"modified":"2025-03-17T23:15:11","modified_gmt":"2025-03-18T06:15:11","slug":"kanada-on-rikki","status":"publish","type":"post","link":"https:\/\/www.vuosiamaailmalla.fi\/blog\/2024\/kanada-on-rikki\/","title":{"rendered":"Kanada on rikki"},"content":{"rendered":"<p style=\"text-align: justify;\">Hein\u00e4kuun ensimm\u00e4inen p\u00e4iv\u00e4 juhlittiin <a title=\"Canada Dayn ilotulituksia\" href=\"https:\/\/www.vuosiamaailmalla.fi\/blog\/2016\/canada-dayn-ilotulituksia\/\">Kanadan itsen\u00e4isyysp\u00e4iv\u00e4<\/a> <em>Canada Dayta<\/em>, liittovaltion t\u00e4ytt\u00e4ess\u00e4 t\u00e4n\u00e4 vuonna 157 vuotta. Normaalisti sangen riehakasta sek\u00e4 voimakkaan kansallisylpeyden t\u00e4ytt\u00e4m\u00e4\u00e4 juhlaa varjosti kuitenkin t\u00e4n\u00e4 vuonna lis\u00e4\u00e4ntyv\u00e4 apatia maan tilaa kohtaa, sill\u00e4 tuoreen gallupin mukaan seitsem\u00e4n kanadalaista kymmenest\u00e4 on sit\u00e4 mielt\u00e4, ett\u00e4 Kanada on rikki.<\/p>\n<p><!--more--><\/p>\n<p style=\"text-align: justify;\">Kanadaa on pidetty vuosikymmeni\u00e4 esimerkillisen\u00e4 ja edistyksellisen\u00e4 maana, jonka imago on ollut l\u00e4hestulkoon pelk\u00e4st\u00e4\u00e4n\u00a0 positiivinen. Maine onkin houkutellut maahan vuosikymmenien ajan <a title=\"Maahanmuutto bisnesluokassa\" href=\"https:\/\/www.vuosiamaailmalla.fi\/blog\/2012\/maahanmuutto-bisnesluokassa\/\">miljoonia maahanmuuttajia<\/a>, joiden integroitumista osaksi kanadalaista yhteiskuntaa on pidetty esimerkillisen\u00e4. My\u00f6s kanadalaisia instituutioita on arvostettu laajasti, kuten maan julkista terveydenhuoltoj\u00e4rjestelm\u00e4\u00e4, <a title=\"T\u00e4ydellisen ep\u00e4onnistunut huumepolitiikka\" href=\"https:\/\/www.vuosiamaailmalla.fi\/blog\/2024\/taydellisen-epaonnistunut-huumepolitiikka\/\">rauhallista yhteiskuntaa<\/a> sek\u00e4 maan johtavaa esiintymist\u00e4 maailmann\u00e4ytt\u00e4m\u00f6ll\u00e4.<\/p>\n<p style=\"text-align: center;\"><a href=\"\/blog\/wp-content\/uploads\/2024\/canada_dayn_juhlintaa_burnabyssa.jpg\"><img decoding=\"async\" src=\"\/blog\/wp-content\/uploads\/2024\/thumbs\/thumbs_canada_dayn_juhlintaa_burnabyssa.jpg\" \/><\/a><a href=\"\/blog\/wp-content\/uploads\/2024\/canada_dayn_juhlintaa_ottawassa.jpg\"><img decoding=\"async\" src=\"\/blog\/wp-content\/uploads\/2024\/thumbs\/thumbs_canada_dayn_juhlintaa_ottawassa.jpg\" \/><\/a><\/p>\n<p style=\"text-align: center;\"><em>Normaalisti riehakasta juhlintaa<\/em><\/p>\n<p style=\"text-align: justify;\">Mekin tunsimme suurta ylpeytt\u00e4 saadessamme viisi vuotta sitten <a title=\"Uunituoreet Kanadan kansalaiset\" href=\"https:\/\/www.vuosiamaailmalla.fi\/blog\/2019\/uunituoreet-kanadan-kansalaiset\/\">Kanadan kansalaisuuden<\/a>, asuttuamme maassa tuolloin seitsem\u00e4n vuoden ajan. Kanada tuntui maalta, jonka eteen on valmis tekem\u00e4\u00e4n t\u00f6it\u00e4 &#8211; tunne, joka on kokenut viimeisen viiden vuoden aikana kolhuja.<\/p>\n<p style=\"text-align: justify;\">Suurinta apatia Kanadan tilaa kohtaa on t\u00e4rke\u00e4ss\u00e4 18-34 vuotiaiden ik\u00e4ryhm\u00e4ss\u00e4, josta per\u00e4ti 78% sanoo maan tarvitsevan korjaamista. Nuoret tuntevat suurta ahdistusta maan tulevaisuudesta, sek\u00e4 yleist\u00e4 n\u00e4k\u00f6alattomuutta el\u00e4m\u00e4st\u00e4. Etenkin vuodesta 2015 l\u00e4htien <a title=\"Karannut kanadalainen unelma\" href=\"https:\/\/www.vuosiamaailmalla.fi\/blog\/2015\/karannut-kanadalainen-unelma\/\">r\u00e4j\u00e4hdysm\u00e4isesti noussut<\/a> asumisen hinta on tehnyt monien arjesta ep\u00e4toivoista kituuttamista, johon viime vuosien inflaatio on lis\u00e4nnyt entisest\u00e4\u00e4n. My\u00f6s ty\u00f6llisyys huolettaa monia ja erityisesti vastavalmistuneilla opiskelijoilla on\u00a0 huomattavia hankaluuksia ty\u00f6llisty\u00e4 siit\u00e4kin huolimatta, ett\u00e4 viralliset <a title=\"Kanadan ty\u00f6llisyystilanne (2023)\" href=\"https:\/\/www.vuosiamaailmalla.fi\/blog\/2023\/kanadan-tyollisyystilanne-2023\/\">ty\u00f6llisyyslukemat<\/a> ovat viel\u00e4 maltillisia.<\/p>\n<p style=\"text-align: center;\"><a href=\"\/blog\/wp-content\/uploads\/2024\/ruokapankki.jpg\"><img decoding=\"async\" src=\"\/blog\/wp-content\/uploads\/2024\/ruokapankki.jpg\" \/><\/a><\/p>\n<p style=\"text-align: center;\"><em>Ruokapankit ovat kovilla<\/em><\/p>\n<p style=\"text-align: justify;\">Kanadalaisten yksi suurimpia huolenaiheita on my\u00f6s perinteisen yhteis\u00f6llisyyden katoaminen, mik\u00e4 on yhdist\u00e4nyt kanadalaisia jo 157 vuoden ajan. Yhteiskunta tuntuu hajautuneen pieniin ja eripuraisiin, yleens\u00e4 etnisi\u00e4 rajoja seuraaviin ryhmiin, joilla ei ole samaa visiota Kanadan tulevaisuudesta.<\/p>\n<p style=\"text-align: justify;\">Huoli maan tulevaisuudesta on helppo jakaa itsekin, sill\u00e4 etenkin p\u00e4\u00e4ministeri <a title=\"Kanadan Fidel Castro\" href=\"https:\/\/www.vuosiamaailmalla.fi\/blog\/2024\/kanadan-fidel-castro\/\">Justin Trudeaun<\/a> vuodesta 2015 <a title=\"Kanada \u00e4\u00e4nesti muutoksen puolesta\" href=\"https:\/\/www.vuosiamaailmalla.fi\/blog\/2015\/kanada-aanesti-muutoksen-puolesta\/\">alkanutta hallintoa<\/a> on leimannut lis\u00e4\u00e4ntyv\u00e4 ep\u00e4tasa-arvo ja perinnearvojen polkeminen. Trudeau itse on tehnyt selv\u00e4ksi mielipiteens\u00e4 siit\u00e4, ett\u00e4 kaikenlainen nationalismi sek\u00e4 oman maansa ja sen arvojen rakastaminen ovat vaarallista, mink\u00e4 sijaan huomio on kiinnitetty eri v\u00e4hemmist\u00f6ryhmien kesken\u00e4\u00e4n hyvinkin ristiriitaisten arvojen ylikorostamiseen. T\u00e4m\u00e4 ole my\u00f6sk\u00e4\u00e4n j\u00e4\u00e4nyt puheen tasolle, vaan liberaalihallitus on syyt\u00e4nyt <strong>kymmeni\u00e4 miljardeja<\/strong> hankkeisiin, jotka ovat keskittyneet syyllist\u00e4m\u00e4\u00e4n suurta enemmist\u00f6\u00e4 ja kyseenalaistamaan maan historiaa. T\u00e4m\u00e4 on n\u00e4kynyt erityisesti arvostetun<a title=\"Viihdeuutisia ja valheellisia lehtikirjoituksia\" href=\"https:\/\/www.vuosiamaailmalla.fi\/blog\/2015\/eroja-uutismedi\/\">\u00a0yleisradioyhti\u00f6 CBC:n<\/a> toiminnassa sek\u00e4 ohjelmistossa.<\/p>\n<p style=\"text-align: justify;\">Ihmisten on my\u00f6skin vaikea ymm\u00e4rt\u00e4\u00e4, miten asuminen voi olla niin kallista maailman toiseksi suurimmassa valtiossa. Kanadan suurkaupungit ovat olleet jo pitk\u00e4\u00e4n <a title=\"Pohjois-Amerikan kallein kaupunki\" href=\"https:\/\/www.vuosiamaailmalla.fi\/blog\/2012\/pohjois-amerikan-kallein-kaupunki\/\">kalliita asua<\/a>, mutta vuoden 2015 j\u00e4lkeen asuminen on kallistunut sellaisin harppauksin, ett\u00e4 ty\u00f6ss\u00e4k\u00e4yvill\u00e4kin on vaikeuksia el\u00e4tt\u00e4\u00e4 itsens\u00e4. T\u00e4m\u00e4 n\u00e4kyy moottoriteiden lev\u00e4hdyspaikoille kasvaneissa jopa satojen asukkaiden <a title=\"False Creekin kelluva ghetto\" href=\"https:\/\/www.vuosiamaailmalla.fi\/blog\/2024\/false-creekin-kelluva-ghetto\/\">teltta- ja asuntoautokyliss\u00e4<\/a> (niin kutsuttuja <em>Trudeau Towneja<\/em>), joiden asukkaat ovat usein tavallisia p\u00e4ivitt\u00e4in ty\u00f6ss\u00e4k\u00e4yvi\u00e4 ihmisi\u00e4.<\/p>\n<p style=\"text-align: center;\"><a href=\"\/blog\/wp-content\/uploads\/2024\/telttaleiri_vancouverissa.jpg\"><img decoding=\"async\" src=\"\/blog\/wp-content\/uploads\/2024\/telttaleiri_vancouverissa.jpg\" \/><\/a><\/p>\n<p style=\"text-align: center;\"><em>Telttakyli\u00e4 on nykyisin kaikkialla<\/em><\/p>\n<p style=\"text-align: justify;\">Torontoa ja Vancouveria vuosikymmeni\u00e4 koskettanut ongelma kalliista asunnoista onkin levinnyt ensimm\u00e4ist\u00e4 kertaa my\u00f6s pienempiin kaupunkeihin, joiden asuntomarkkinat ovat mullistuneet. Esimerkiksi <a title=\"Huoli laskevasta \u00f6ljyn hinnasta\" href=\"https:\/\/www.vuosiamaailmalla.fi\/blog\/2015\/huoli-laskevasta-oljyn-hinnasta\/\">energiamarkkinoiden heilahdusten<\/a> my\u00f6t\u00e4 pitk\u00e4\u00e4n edullisena pysyneess\u00e4 Albertassa asumisen hinta on viime vuosina r\u00e4j\u00e4ht\u00e4nyt, kun talonsa Vancouverissa tai Torontossa myyneet ovat muuttaneet sinne halvemman el\u00e4m\u00e4n per\u00e4ss\u00e4, tehden provinssista muutamassa vuodessa kalliin.<\/p>\n<p style=\"text-align: justify;\">Kaikkein suurimman k\u00e4denj\u00e4ljen Kanadaan on kuitenkin j\u00e4tt\u00e4m\u00e4ss\u00e4 liberaalihallituksen radikaali maahanmuuttopolitiikka, joka irtautui heti Trudeaun valtaan tultua <a title=\"Kanada lis\u00e4\u00e4 maahanmuuttoa\" href=\"https:\/\/www.vuosiamaailmalla.fi\/blog\/2016\/kanada-lisaa-maahanmuuttoa\/\">perinteisist\u00e4 lukemista<\/a>. Kanadassa oli vuosikymmenen ajan politiikka noin 250,000 vuosittaisesta nettomaahanmuuttajasta, mik\u00e4 oli m\u00e4\u00e4r\u00e4 jonka asunto- ja ty\u00f6markkinat pystyiv\u00e4t ottamaan vastaan. Liberaalit kuitenkin tuplasivat lukeman muutamassa vuodessa ja viimeiset pari vuotta maahan on vy\u00f6rynyt v\u00e4liaikaisella statuksella <a title=\"Kanadan v\u00e4est\u00f6r\u00e4j\u00e4hdys\" href=\"https:\/\/www.vuosiamaailmalla.fi\/blog\/2023\/kanadan-vaestorajahdys\/\">yli 1,2 miljoonaa tulijaa<\/a> vuodessa &#8211; yksi Helsinki lis\u00e4\u00e4, joka ikinen vuosi! Tilap\u00e4isten asukkaiden m\u00e4\u00e4r\u00e4 on jo 6,2 prosenttia maan koko v\u00e4kiluvusta, joka se on t\u00e4n\u00e4\u00e4n <strong>41,5 miljoonaa<\/strong>. Kyse on kuitenkin vain arviosta, sill\u00e4 todellista lukua ei edes tiedet\u00e4 tarkkaan.<\/p>\n<p style=\"text-align: center;\"><a href=\"\/blog\/wp-content\/uploads\/2024\/maailman_nopeimmin_kasvavat_maat.jpg\"><img decoding=\"async\" src=\"\/blog\/wp-content\/uploads\/2024\/thumbs\/thumbs_maailman_nopeimmin_kasvavat_maat.jpg\" \/><\/a><a href=\"\/blog\/wp-content\/uploads\/2024\/rajahdysmainen_vaestonkasvu.jpg\"><img decoding=\"async\" src=\"\/blog\/wp-content\/uploads\/2024\/thumbs\/thumbs_rajahdysmainen_vaestonkasvu.jpg\" \/><\/a><\/p>\n<p style=\"text-align: center;\"><em>Huikeasti korotetut maahanmuuttom\u00e4\u00e4r\u00e4t<\/em><\/p>\n<p style=\"text-align: justify;\">M\u00e4\u00e4r\u00e4n lis\u00e4ksi merkitt\u00e4v\u00e4 muutos on n\u00e4hty my\u00f6s maahanmuuton syiss\u00e4. T\u00e4nne muuttaessamme suurin osa tulijoita joutui k\u00e4ym\u00e4\u00e4n l\u00e4pi tarkan seulan, joka ei ollut helppo <a title=\"Ikuisuusprosessi kanadalaisesta ty\u00f6luvasta\" href=\"https:\/\/www.vuosiamaailmalla.fi\/blog\/2012\/ikuisuusprosessi-kanadalaisesta-tyoluvasta\/\">edes meille<\/a>. K\u00e4yt\u00e4nn\u00f6ss\u00e4 Kanada haali vuosikymmenien ajan korkeakoulutettuja nuoria sek\u00e4 ty\u00f6ik\u00e4isi\u00e4, jotka vahvistivat maan taloutta. Kyseess\u00e4 oli malli, jota pidettiin esimerkillisen\u00e4 sen yhteiskuntaa hy\u00f6dytt\u00e4v\u00e4lt\u00e4 vaikutukselta ja se nautti kanadalaisten keskuudessa suurta suosiota.<\/p>\n<p style=\"text-align: justify;\">Kuitenkin viime vuosina maahanmuuton painopiste on siirretty humanit\u00e4\u00e4risiin syihin sek\u00e4 perheenyhdist\u00e4misiin, jonka my\u00f6t\u00e4 Kanadaan on muuttanut valtavia m\u00e4\u00e4ri\u00e4 ihmisi\u00e4 Intiasta, Filippiineilt\u00e4, Kiinasta, Ukrainasta, Syyriasta, Nigeriasta sek\u00e4 Pakistanista. Tulijat ovat my\u00f6s aiempaa vanhempia, kymmenien tuhansien ollessa jo ty\u00f6el\u00e4m\u00e4n ulkopuolella ja tarvitsevan runsaasti terveydenhuollon palveluita.<\/p>\n<p style=\"text-align: center;\"><a href=\"\/blog\/wp-content\/uploads\/2024\/maahanmuuton_kohdemaat.jpg\"><img decoding=\"async\" src=\"\/blog\/wp-content\/uploads\/2024\/maahanmuuton_kohdemaat.jpg\" \/><\/a><\/p>\n<p style=\"text-align: center;\"><em>Vinoutunut maahanmuutto (Ukraina puuttuu lukemista)<\/em><\/p>\n<p style=\"text-align: justify;\">Erityisesti Intian osuus maahanmuutosta on pahasti ylikorostunut, mink\u00e4 lis\u00e4ksi tulijoita on otettu runsaasti vain muutamasta Intian provinssista, joissa on v\u00e4est\u00f6ryhmien v\u00e4lisi\u00e4 levottomuuksia ja jotka ovat tunnettuja mahdollisuudesta ostaa v\u00e4\u00e4rennettyj\u00e4 todistuksia ja asiakirjoja.<\/p>\n<p style=\"text-align: justify;\">Toronton esikaupunkeihin on muodostunut valtavia l\u00e4hes yksinomaan intialaisten asuttamia alueita, joissa asuinolot ovat slummimaiset, kun jopa 20 ihmist\u00e4 asuu samassa talossa. N\u00e4ill\u00e4 alueilla on my\u00f6s raportoitu naisiin kohdistuvaa ahdistelua muita alueita enemm\u00e4n. Lis\u00e4ksi alueiden jengitoiminnasta on tullut aktiivista ja avointa, eiv\u00e4tk\u00e4 <a title=\"Jengisodan keskell\u00e4\" href=\"https:\/\/www.vuosiamaailmalla.fi\/blog\/2021\/jengisodan-keskella\/\">r\u00e4ike\u00e4t ammuskelut<\/a> ole en\u00e4\u00e4 uutinen esimerkiksi Vancouverissa.<\/p>\n<p style=\"text-align: center;\"><a href=\"\/blog\/wp-content\/uploads\/2021\/burnaby_ammuskelu1.jpg\"><img decoding=\"async\" src=\"\/blog\/wp-content\/uploads\/2021\/burnaby_ammuskelu1.jpg\" \/><\/a><\/p>\n<p style=\"text-align: center;\"><em>Vancouverissa k\u00e4yd\u00e4\u00e4n jengisotaa<\/em><\/p>\n<p style=\"text-align: justify;\">Raju muutos tulijam\u00e4\u00e4riss\u00e4 n\u00e4kyy jo ihan katukuvassa ja se on merkitt\u00e4vin tekij\u00e4 asumisen hintatasossa. Se my\u00f6skin v\u00e4hent\u00e4\u00e4 kanadalaisten nuorten ty\u00f6mahdollisuuksissa, kun l\u00e4hes kaikki minimipalkkaty\u00f6 on nykyisin ulkoistettu maahanmuuttajille houkuttelevien valtiontukien johdosta.<\/p>\n<p style=\"text-align: justify;\">Kaikesta t\u00e4st\u00e4 johtuen, kanadalaisten asenne maahanmuuttoa kohtaa muuttuikin t\u00e4n\u00e4 vuonna ensimm\u00e4ist\u00e4 kertaa historiassa <strong>negatiiviseksi<\/strong>. Galluppien mukaan, enemmist\u00f6 kanadalaisista on sit\u00e4 mielt\u00e4, ett\u00e4 maahanmuuttoa on yksinkertaisesti liikaa, eik\u00e4 tulijoille ole tarpeeksi seulontaa.<\/p>\n<p style=\"text-align: justify;\">Muutos on ennenkuulumaton maassa, jossa maahanmuuttoa on pidetty niin pitk\u00e4\u00e4 rikkautena. Sen kuitenkin ymm\u00e4rt\u00e4\u00e4, sill\u00e4 esimerkiksi Vancouverissa on runsaasti alueita, joissa ei tunne olevansa Kanadassa. Muutoksen t\u00e4ytyy olla erityisen shokeeraava kantakanadalaisille, jotka ovat nyky\u00e4\u00e4n monin paikoin v\u00e4hemmist\u00f6. Esimerkiksi 230,000 asukkaan Richmondissa, jossa <a title=\"Vancouverin lentokentt\u00e4 uusille miljoonaluvuille\" href=\"https:\/\/www.vuosiamaailmalla.fi\/blog\/2016\/vancouverin-lentokentta-uusille-miljoonaluvuille\/\">Vancouverin lentokentt\u00e4<\/a> sijaitsee, v\u00e4hemmist\u00f6t (suurin osa kiinalaisia) muodostavat per\u00e4ti <strong>80,3%<\/strong> v\u00e4est\u00f6st\u00e4, ollen selke\u00e4 enemmist\u00f6. Meill\u00e4 t\u00e4\u00e4ll\u00e4 Burnabyss\u00e4 lukema on 67.8%, j\u00e4lleen kerran aasialaisten ollessa enemmist\u00f6. Kaupungeissa alkaakin olemaan kolkkia, joissa ei p\u00e4rj\u00e4\u00e4 englannilla.<\/p>\n<p style=\"text-align: center;\"><a href=\"\/blog\/wp-content\/uploads\/2024\/vahemmistosta_enemmisto.jpg\"><img decoding=\"async\" src=\"\/blog\/wp-content\/uploads\/2024\/vahemmistosta_enemmisto.jpg\" \/><\/a><\/p>\n<p style=\"text-align: center;\"><em>V\u00e4hemmist\u00f6ist\u00e4 enemmist\u00f6<\/em><\/p>\n<p style=\"text-align: justify;\">Apatian sek\u00e4 nopeasti muuttuneen asenneilmaston jakavat my\u00f6s Kanadassa vuosikymmeni\u00e4 asuneet maahanmuuttajat, jotka ovat rakentaneet maahan kotinsa ja kasvattaneet lapsensa kanadalaisen yhteiskunnan osaksi. T\u00e4ll\u00e4 viikolla uutisoitiin Surreyss\u00e4 vuosikymmeni\u00e4 asuneista <a title=\"Vaarallinen raskas liikenne\" href=\"https:\/\/www.vuosiamaailmalla.fi\/blog\/2024\/vaarallinen-raskas-liikenne\/\">kuorma-auton kuljettajista<\/a>, jotka ovat saaneet lunnaita vaativia kiristys- ja uhkausviestej\u00e4 kotiinsa &#8211; jotain, mit\u00e4 n\u00e4iden vanhemmat pakenivat vuosikymmeni\u00e4 aiemmin kotimaistaan.<\/p>\n<p style=\"text-align: justify;\">Samanlaisia ajatuksia on my\u00f6s vastik\u00e4\u00e4n saapuneilla, esimerkiksi Ukrainan pakolaisilla, joita on saapunut Kanadaan noin 250 000. Artikkeleiden mukaan olot Kanadassa ja asumisen kalleus ovat olleet monelle sellainen shokki, ett\u00e4 v\u00e4hint\u00e4\u00e4n sadat ovat palanneet Ukrainaan parempien olojen per\u00e4ss\u00e4 ja tuhannet ovat j\u00e4tt\u00e4neet kokonaan saapumasta.<\/p>\n<p style=\"text-align: center;\"><a href=\"\/blog\/wp-content\/uploads\/2024\/varikas_katukuva.jpg\"><img decoding=\"async\" src=\"\/blog\/wp-content\/uploads\/2024\/varikas_katukuva.jpg\" \/><\/a><\/p>\n<p style=\"text-align: center;\"><em>Katukuvaa Canada Dayna<\/em><\/p>\n<p style=\"text-align: justify;\">Kaiken kohun keskell\u00e4 <a title=\"Selfie-p\u00e4\u00e4ministeri vierailulla\" href=\"https:\/\/www.vuosiamaailmalla.fi\/blog\/2017\/selfie-paaministeri-vierailulla\/\">p\u00e4\u00e4ministeri Justin Trudeau<\/a> ei ole kuitenkaan antautunut arvostelun kohteeksi ja t\u00e4m\u00e4 on v\u00e4ltellyt median sek\u00e4 opposition asiasta esitt\u00e4mi\u00e4 kysymyksi\u00e4. V\u00e4lttely k\u00e4y kuitenkin koko ajan vaikeammaksi, sill\u00e4 tuoreissa gallupeissa 68% haastatelluista toivoo <a title=\"Justin Trudeaun valtakauden p\u00e4\u00e4t\u00f6s\" href=\"https:\/\/www.vuosiamaailmalla.fi\/blog\/2025\/justin-trudeaun-valtakauden-paatos\/\">Trudean eroa<\/a>. T\u00e4m\u00e4n lis\u00e4ksi liberaalit menettiv\u00e4t kes\u00e4kuussa kolmekymment\u00e4 vuotta varmana pidetyn paikan Toronton erikoisvaaleissa, enteillen huomattavaa poliittista muutosta Kanadassa.<\/p>\n<p style=\"text-align: justify;\">N\u00e4in ollen Canadan Dayn juhlinta oli t\u00e4n\u00e4 vuonna huomattavasti normaalia laskuviritteisemp\u00e4\u00e4, per\u00e4ti 35% kokiessa v\u00e4hemm\u00e4n ylpeytt\u00e4 kanadalaisuudestaan, kuin viisi vuotta sitten. Tuleville hallituksille riitt\u00e4\u00e4kin teht\u00e4v\u00e4\u00e4 ja joitain muutoksia lienee my\u00f6s mahdotonta korjata, Trudeaun hallituskauden j\u00e4tetty\u00e4 pysyv\u00e4n k\u00e4denj\u00e4lkens\u00e4 maan historiaan.<\/p>\n<p style=\"text-align: center;\"><a href=\"\/blog\/wp-content\/uploads\/2024\/kanada_on_rikki.jpg\"><img decoding=\"async\" src=\"\/blog\/wp-content\/uploads\/2024\/kanada_on_rikki.jpg\" \/><\/a><\/p>\n<p style=\"text-align: center;\"><em>Kanadan imagoon on tullut s\u00e4r\u00f6j\u00e4<\/em><\/p>\n","protected":false},"excerpt":{"rendered":"<p>Hein\u00e4kuun ensimm\u00e4inen p\u00e4iv\u00e4 juhlittiin Kanadan itsen\u00e4isyysp\u00e4iv\u00e4 Canada Dayta, liittovaltion t\u00e4ytt\u00e4ess\u00e4 t\u00e4n\u00e4 vuonna 157 vuotta. Normaalisti sangen riehakasta sek\u00e4 voimakkaan kansallisylpeyden t\u00e4ytt\u00e4m\u00e4\u00e4 juhlaa varjosti kuitenkin t\u00e4n\u00e4 vuonna lis\u00e4\u00e4ntyv\u00e4 apatia maan tilaa kohtaa, sill\u00e4 tuoreen gallupin mukaan seitsem\u00e4n kanadalaista kymmenest\u00e4 on sit\u00e4 mielt\u00e4, ett\u00e4 Kanada on rikki.<\/p>\n","protected":false},"author":1,"featured_media":13686,"comment_status":"open","ping_status":"closed","sticky":false,"template":"","format":"standard","meta":{"_jetpack_memberships_contains_paid_content":false,"footnotes":""},"categories":[17,3],"tags":[25,80,1287,1230,935,155,1844,1038],"class_list":["post-13681","post","type-post","status-publish","format-standard","has-post-thumbnail","hentry","category-arki-kanadassa","category-arki-ulkomailla","tag-ajankohtaista","tag-canada-day","tag-itsenaisyyspaiva","tag-justin-trudeau","tag-kanada","tag-kanadalainen-juttu","tag-maahanmuutto","tag-pakolaisuus"],"jetpack_featured_media_url":"https:\/\/www.vuosiamaailmalla.fi\/blog\/wp-content\/uploads\/kanada_on_rikki_banner.jpg","jetpack_sharing_enabled":true,"_links":{"self":[{"href":"https:\/\/www.vuosiamaailmalla.fi\/blog\/wp-json\/wp\/v2\/posts\/13681","targetHints":{"allow":["GET"]}}],"collection":[{"href":"https:\/\/www.vuosiamaailmalla.fi\/blog\/wp-json\/wp\/v2\/posts"}],"about":[{"href":"https:\/\/www.vuosiamaailmalla.fi\/blog\/wp-json\/wp\/v2\/types\/post"}],"author":[{"embeddable":true,"href":"https:\/\/www.vuosiamaailmalla.fi\/blog\/wp-json\/wp\/v2\/users\/1"}],"replies":[{"embeddable":true,"href":"https:\/\/www.vuosiamaailmalla.fi\/blog\/wp-json\/wp\/v2\/comments?post=13681"}],"version-history":[{"count":8,"href":"https:\/\/www.vuosiamaailmalla.fi\/blog\/wp-json\/wp\/v2\/posts\/13681\/revisions"}],"predecessor-version":[{"id":13924,"href":"https:\/\/www.vuosiamaailmalla.fi\/blog\/wp-json\/wp\/v2\/posts\/13681\/revisions\/13924"}],"wp:featuredmedia":[{"embeddable":true,"href":"https:\/\/www.vuosiamaailmalla.fi\/blog\/wp-json\/wp\/v2\/media\/13686"}],"wp:attachment":[{"href":"https:\/\/www.vuosiamaailmalla.fi\/blog\/wp-json\/wp\/v2\/media?parent=13681"}],"wp:term":[{"taxonomy":"category","embeddable":true,"href":"https:\/\/www.vuosiamaailmalla.fi\/blog\/wp-json\/wp\/v2\/categories?post=13681"},{"taxonomy":"post_tag","embeddable":true,"href":"https:\/\/www.vuosiamaailmalla.fi\/blog\/wp-json\/wp\/v2\/tags?post=13681"}],"curies":[{"name":"wp","href":"https:\/\/api.w.org\/{rel}","templated":true}]}}