{"id":1372,"date":"2010-12-12T10:48:21","date_gmt":"2010-12-12T18:48:21","guid":{"rendered":"http:\/\/13.53.127.146\/?p=1372"},"modified":"2021-02-10T20:22:00","modified_gmt":"2021-02-11T04:22:00","slug":"jouluvieraan-kanssa-ostoksilla","status":"publish","type":"post","link":"https:\/\/www.vuosiamaailmalla.fi\/blog\/2010\/jouluvieraan-kanssa-ostoksilla\/","title":{"rendered":"Ostoksilla jouluvieraan kanssa"},"content":{"rendered":"<p style=\"text-align: justify;\">Blogissa on pit\u00e4nyt hieman hiljaista viimeiset kaksi viikkoa, mik\u00e4 on johtunut paitsi ty\u00f6kiireist\u00e4, mutta my\u00f6s kahdesta vanhempiemme vierailusta luonamme mennein\u00e4 viikonloppuina. Ensiksi \u00e4itini saapui viikonloppuvierailulle marraskuun viimeisen\u00e4 viikonloppuna, mink\u00e4 j\u00e4lkeen Niinan vanhemmat <a title=\"Jouluinen vierailu Gestapo-museolla sek\u00e4 loistokas show\" href=\"https:\/\/www.vuosiamaailmalla.fi\/?p=1110\">poikkesivat<\/a> j\u00e4lleen luonamme joulukuun ensimm\u00e4isen\u00e4 viikonloppuna. Kaikille vieraille kyseess\u00e4 oli ensimm\u00e4inen kerta saksalaisilla <a title=\"Opas Berliinin joulumarkkinoille\" href=\"https:\/\/www.vuosiamaailmalla.fi\/?p=1385\">joulumarkkinoilla<\/a>, joilla kierrettiinkin vieraiden kanssa ahkeraan.<\/p>\n<p><!--more--><\/p>\n<p style=\"text-align: justify;\">\u00c4itini saapui vieraaksemme perjantaina puolitap\u00e4ivin ja suuntasimme h\u00e4nen kanssaan ensimm\u00e4iseksi <em>Galeria Kaufhofille<\/em> ostoksille. Tai siis Niina suuntasi, minun kierrelless\u00e4 muissa Alexanderplatzin ymp\u00e4ryst\u00e4n liikkeiss\u00e4. Ostosten j\u00e4lkeen ihmettelimme yhdess\u00e4 Galeria Kaufhof tavaratalon n\u00e4yteikkunaa, johon on joka vuosi rakennettu jonkinlainen jouluinen teemamaa. T\u00e4ll\u00e4 kertaa ikkunoita koristavat sadat el\u00e4inaiheiset nuket. Nuket on sijoitettu niin Berliinin maisemiin, kuin talvi-aiheisiin ymp\u00e4rist\u00f6ihinkin, joissa ne pienesti liikkuvat. Nukkien liikkuminen on toteutettu j\u00e4nn\u00e4sti paineilmalla, jonka voimalla esimerkiksi esiintyj\u00e4-kani py\u00f6rittelee lautasia ilmassa, j\u00e4\u00e4kiekkokatsomo tekee aaltoliikett\u00e4 sek\u00e4 monenlaista muuta hauskaa.<\/p>\n<p style=\"text-align: center;\"><a href=\"\/blog\/wp-content\/uploads\/2010\/nukkeja_kaufhofin_ikkunassa2.jpg\" target=\"_blank\" rel=\"noopener\"><img decoding=\"async\" style=\"border: 0px none; margin: 5px;\" src=\"\/blog\/wp-content\/uploads\/2010\/thumbs\/thumbs_nukkeja_kaufhofin_ikkunassa2.jpg\" alt=\"\" \/><\/a><a href=\"\/blog\/wp-content\/uploads\/2010\/nukkeja_kaufhofin_ikkunassa1.jpg\" target=\"_blank\" rel=\"noopener\"><img decoding=\"async\" style=\"border: 0px none; margin: 5px;\" src=\"\/blog\/wp-content\/uploads\/2010\/thumbs\/thumbs_nukkeja_kaufhofin_ikkunassa1.jpg\" alt=\"\" \/><\/a><br \/>\n<a href=\"\/blog\/wp-content\/uploads\/2010\/nukkeja_kaufhofin_ikkunassa4.jpg\" target=\"_blank\" rel=\"noopener\"><img decoding=\"async\" style=\"border: 0px none; margin: 5px;\" src=\"\/blog\/wp-content\/uploads\/2010\/thumbs\/thumbs_nukkeja_kaufhofin_ikkunassa4.jpg\" alt=\"\" \/><\/a><a href=\"\/blog\/wp-content\/uploads\/2010\/nukkeja_kaufhofin_ikkunassa5.jpg\" target=\"_blank\" rel=\"noopener\"><img decoding=\"async\" style=\"border: 0px none; margin: 5px;\" src=\"\/blog\/wp-content\/uploads\/2010\/thumbs\/thumbs_nukkeja_kaufhofin_ikkunassa5.jpg\" alt=\"\" \/><\/a><\/p>\n<p style=\"text-align: center;\"><em>Nukkeshow tavaratalon ikkunassa<\/em><\/p>\n<p style=\"text-align: center;\"><a href=\"\/blog\/wp-content\/uploads\/2010\/nukkeja_kaufhofin_ikkunassa3.jpg\" target=\"_blank\" rel=\"noopener\"><img decoding=\"async\" style=\"border: 0px none; margin: 5px;\" src=\"\/blog\/wp-content\/uploads\/2010\/thumbs\/thumbs_nukkeja_kaufhofin_ikkunassa3.jpg\" alt=\"\" \/><\/a><\/p>\n<p style=\"text-align: justify;\">Nukkien esityst\u00e4 kotvasen ihmeteltyv\u00e4mme, kiersimme nopeasti Alexanderplatzilla olevat joulumarkkinapuodit, joita ei t\u00e4n\u00e4k\u00e4\u00e4n vuonna ollut kuin joitain kymmeni\u00e4. Koukkasimme my\u00f6s Alexan kauppakeskuksen takana sijaitevalla tivolialueella, jolla olikin j\u00e4lleen monenlaista laitetta pystytt\u00e4. Maailmanpy\u00f6r\u00e4 oli <a title=\"Perusteellinen kierros joulumarkkinoilla\" href=\"https:\/\/www.vuosiamaailmalla.fi\/?p=1314\">viime vuotista<\/a> kymmenen metri\u00e4 pienempi, mutta silti 50 metri\u00e4 korkea. Toinen uusi iso kokonaisuus tivolilla oli t\u00e4ysimittainen vuoristorata, joka oli koottu aivan Alexan kylkeen. Perjantai-illan ollessa viel\u00e4 nuori ei tivolialueella ollut viel\u00e4 hirmuinen meno. Ruuhkaisuuskin oli viel\u00e4 pient\u00e4, joten alueen l\u00e4pi oli mukava kulkea.<\/p>\n<p style=\"text-align: center;\"><a href=\"\/blog\/wp-content\/uploads\/2010\/vilinaa_joulumarkkinoilla.jpg\" target=\"_blank\" rel=\"noopener\"><img decoding=\"async\" style=\"border: 0px none; margin: 5px;\" src=\"\/blog\/wp-content\/uploads\/2010\/thumbs\/thumbs_vilinaa_joulumarkkinoilla.jpg\" alt=\"\" \/><\/a><a href=\"\/blog\/wp-content\/uploads\/2010\/joulumarkkinakoju_alexanderplatzilla.jpg\" target=\"_blank\" rel=\"noopener\"><img decoding=\"async\" style=\"border: 0px none; margin: 5px;\" src=\"\/blog\/wp-content\/uploads\/2010\/thumbs\/thumbs_joulumarkkinakoju_alexanderplatzilla.jpg\" alt=\"\" \/><\/a><a href=\"\/blog\/wp-content\/uploads\/2010\/patsas_joulumarkkinoilla.jpg\" target=\"_blank\" rel=\"noopener\"><img decoding=\"async\" style=\"border: 0px none; margin: 5px;\" src=\"\/blog\/wp-content\/uploads\/2010\/thumbs\/thumbs_patsas_joulumarkkinoilla.jpg\" alt=\"\" \/><\/a><\/p>\n<p style=\"text-align: center;\"><em>Alexanderplatzin joulumarkkinat<\/em><\/p>\n<p style=\"text-align: justify;\">Tivolilta suuntasimme meit\u00e4 l\u00e4hinn\u00e4 sijaitseville Rotes Rathausin markkinoille. T\u00e4n\u00e4 vuonna markkina-alue on muotoiltu hieman uudelleen, sill\u00e4 raatihuoneen edess\u00e4 myllerrett\u00e4v\u00e4 metroaseman <a title=\"Marx ja Engels k\u00e4\u00e4nsiv\u00e4t selk\u00e4ns\u00e4 id\u00e4lle\" href=\"https:\/\/www.vuosiamaailmalla.fi\/?p=1465\">ty\u00f6maa<\/a> vie osan aiemmalta alueelta. Aluetta onkin laajennettu enemm\u00e4n tv-tornin suuntaan, mik\u00e4 toimii eritt\u00e4in hyvin. Sama punertava maailmapy\u00f6r\u00e4 on j\u00e4lleen paikallaan, samoin luistinrata <em>Neptunbrunnenin<\/em> suihkul\u00e4hteen ymp\u00e4rill\u00e4. My\u00f6s kivat vanhanaikaisen kadun lavasteet ovat j\u00e4lleen k\u00e4yt\u00f6ss\u00e4 ja alueella on per\u00e4ti kolme vanhanaikaista karusellia. <em>Rotes Rathausin<\/em> markkinoiden tunnelma onkin j\u00e4lleen perinteinen ja rauhallinen, mik\u00e4 vet\u00e4\u00e4 alueelle runsaasti k\u00e4vij\u00f6it\u00e4 ilta-aikaan.<\/p>\n<p style=\"text-align: justify;\">Seuraavana aamuna suuntasimme ostosten merkeiss\u00e4 Steglitziin, joka on kaupungin parhaita ostosalueita Lounais-Berliiniss\u00e4. Paikanp\u00e4\u00e4lle viev\u00e4t muun muassa bussit M48 ja M85, paikallisjuna S1 sek\u00e4 metro U9. Steglitziin on keskustasta matkaa noin 30-45 minuuttia ja siell\u00e4 sijaitsee lukuisia tavarataloja kaupunginosaa halkovan <em>Schlo\u00dfstra\u00dfen<\/em> varrella. N\u00e4ist\u00e4 ehdottomasti n\u00e4ytt\u00e4vin on Steglitzin kaupungintalon ymp\u00e4rille rakennettu <em>Das Schloss<\/em> -kauppakeskus. Sen k\u00e4yt\u00e4v\u00e4t oli koristeltu kauniin jouluisasti ja siell\u00e4 sijaitsevasta kirjakaupasta l\u00f6ysin loistavan kirjan Berliinist\u00e4 heti toisen maailmansodan p\u00e4\u00e4ttymisen j\u00e4lkeen. Kauppakeskuksen erikoisuus on sen kattoon heijastettu valtava videokuva, jossa yleens\u00e4 uiskentelee eksoottisia kaloja. Vuodenaikaan sopivasti kalojen tilalla videolla viiletti t\u00e4ll\u00e4 kertaa joulupukki poroineen.<\/p>\n<p style=\"text-align: center;\"><a href=\"\/blog\/wp-content\/uploads\/2010\/lahdossa_ostoksille.jpg\" target=\"_blank\" rel=\"noopener\"><img decoding=\"async\" style=\"border: 0px none; margin: 5px;\" src=\"\/blog\/wp-content\/uploads\/2010\/lahdossa_ostoksille.jpg\" alt=\"\" \/><\/a><\/p>\n<p style=\"text-align: center;\"><em>L\u00e4hd\u00f6ss\u00e4 Steglitziin<\/em><\/p>\n<p style=\"text-align: center;\"><a href=\"\/blog\/wp-content\/uploads\/2010\/joulukoristeluja_steglitzissa.jpg\" target=\"_blank\" rel=\"noopener\"><img decoding=\"async\" style=\"border: 0px none; margin: 5px;\" src=\"\/blog\/wp-content\/uploads\/2010\/thumbs\/thumbs_joulukoristeluja_steglitzissa.jpg\" alt=\"\" \/><\/a><\/p>\n<p style=\"text-align: center;\"><em>Das Schloss -kauppakeskus koristeltuna<\/em><\/p>\n<p style=\"text-align: justify;\">Das Schlossin lis\u00e4ksi poikkesimme my\u00f6s kaupunginosan uudehkon <em>Karstadin<\/em> ylimm\u00e4ss\u00e4 kerroksessa sijaitsevassa loistavassa ravintolassa. T\u00e4llaisia ravintoloita on monen tavaratalon yl\u00e4kerroissa ja niiss\u00e4 asiakas voi valita ruokansa monista tarjolla olevista ruokalajeista. Valinnan j\u00e4lkeen kokki valmistaa ruoan siin\u00e4 silmiesi edess\u00e4. Hyv\u00e4t lohet sy\u00f6ty\u00e4mme katselimme viel\u00e4 hieman tavaratalon tarjontaa, mink\u00e4 j\u00e4lkeen palasimme bussilla takaisin keskustaan, Gendarmenmarktin luokse.<\/p>\n<p style=\"text-align: justify;\">T\u00e4m\u00e4n upean aukion laidalla sijaitsee <em><a href=\"http:\/\/fassbender-rausch.com\/\">Fassbender &amp; Rauschin<\/a><\/em> kuuluisa suklaapuoti, joka on sijainnut niill\u00e4 sijoilla vuodesta 1890 alkaen. Alunperin n\u00e4m\u00e4 kaksi kuuluisaa berliinil\u00e4ist\u00e4 &#8221;suklaasukua&#8221; olivat mit\u00e4 kovimpia kilpailijoita, joiden molempien suklaapuodit sijaitsivat l\u00e4hekk\u00e4in. Yli sadan vuoden kilpailun j\u00e4lkeen, vuonna 1999, suvut p\u00e4\u00e4tyiv\u00e4t kuitenkin yhdist\u00e4m\u00e4\u00e4n toimintansa ja n\u00e4in syntyi nykyinen Fassbender &amp; Rauschin yhteinen suklaapuoti. Puodin yl\u00e4kerran ravintolassa tarjotaan edelleen satavuotisella reseptill\u00e4 valmistettuja suklaaherkkuja, joita sadat ihmiset saapuvat nauttimaan p\u00e4ivitt\u00e4in. Ravintolan maine on vuosikymmenien aikana kiirinyt kauas, joten kahvilaan joutuu melkeimp\u00e4 aina jonottamaan kotvasen. P\u00f6yd\u00e4n saatuamme, nautimme ravintolassa hyv\u00e4t suklaaleivokset kera kahvin.<\/p>\n<p style=\"text-align: center;\"><a href=\"\/blog\/wp-content\/uploads\/2010\/jouluinen_suklaaleivos.jpg\" target=\"_blank\" rel=\"noopener\"><img decoding=\"async\" style=\"border: 0px none; margin: 5px;\" src=\"\/blog\/wp-content\/uploads\/2010\/jouluinen_suklaaleivos.jpg\" alt=\"\" \/><\/a><\/p>\n<p style=\"text-align: center;\"><em>Herkullinen jouluinen suklaaleivos<\/em><\/p>\n<p style=\"text-align: justify;\">Herkuttelun j\u00e4lkeen kiersimme katutason puodissa myynniss\u00e4 olevia satoja erilaisia suklaita, tryffeleit\u00e4 sek\u00e4 muita herkkuja ihmetellen. Muutamia taisi menn\u00e4 \u00e4itini mukana my\u00f6s tuliaisina Suomeen. Puodissa on ihmetelt\u00e4v\u00e4\u00e4 myynniss\u00e4 olevien satojen suklaatuotteiden lis\u00e4ksi my\u00f6s valtavan kokoisissa suklaasta tehdyiss\u00e4 Berliinin maamerkeiss\u00e4. Suklainen <em>Reichstag<\/em>, <a title=\"Ikoninen Brandenburger Tor\" href=\"https:\/\/www.vuosiamaailmalla.fi\/?p=8080\">Brandenburgin portti<\/a>, <em>Ged\u00e4chtnis-Kirche<\/em> ja televisiotorni ovat upeasti rakennettuja n\u00e4ht\u00e4vyyksi\u00e4, joilla on jokaisella kokoa jopa toista metri\u00e4 suuntaansa. Lis\u00e4ksi pulputtava suklaal\u00e4hde on aina kotvasen ihmettelyn arvoinen.<\/p>\n<p style=\"text-align: center;\"><a href=\"\/blog\/wp-content\/uploads\/2010\/tryffeleita_suklaapuodissa.jpg\" target=\"_blank\" rel=\"noopener\"><img decoding=\"async\" style=\"border: 0px none; margin: 5px;\" src=\"\/blog\/wp-content\/uploads\/2010\/thumbs\/thumbs_tryffeleita_suklaapuodissa.jpg\" alt=\"\" \/><\/a><a href=\"\/blog\/wp-content\/uploads\/2010\/suklaapuoti.jpg\" target=\"_blank\" rel=\"noopener\"><img decoding=\"async\" style=\"border: 0px none; margin: 5px;\" src=\"\/blog\/wp-content\/uploads\/2010\/thumbs\/thumbs_suklaapuoti.jpg\" alt=\"\" \/><\/a><\/p>\n<p style=\"text-align: center;\"><em>Suklaapuodin tarjontaa<\/em><\/p>\n<p style=\"text-align: center;\"><a href=\"\/blog\/wp-content\/uploads\/2010\/suklainen_reichstag.jpg\" target=\"_blank\" rel=\"noopener\"><img decoding=\"async\" style=\"border: 0px none; margin: 5px;\" src=\"\/blog\/wp-content\/uploads\/2010\/thumbs\/thumbs_suklainen_reichstag.jpg\" alt=\"\" \/><\/a><a href=\"\/blog\/wp-content\/uploads\/2010\/suklainen_brandenburgin_portti.jpg\" target=\"_blank\" rel=\"noopener\"><img decoding=\"async\" style=\"border: 0px none; margin: 5px;\" src=\"\/blog\/wp-content\/uploads\/2010\/thumbs\/thumbs_suklainen_brandenburgin_portti.jpg\" alt=\"\" \/><\/a><a href=\"\/blog\/wp-content\/uploads\/2010\/suklainen_quadriga.jpg\" target=\"_blank\" rel=\"noopener\"><img decoding=\"async\" style=\"border: 0px none; margin: 5px;\" src=\"\/blog\/wp-content\/uploads\/2010\/thumbs\/thumbs_suklainen_quadriga.jpg\" alt=\"\" \/><\/a><br \/>\n<a href=\"\/blog\/wp-content\/uploads\/2010\/suklainen_gedachniskirche.jpg\" target=\"_blank\" rel=\"noopener\"><img decoding=\"async\" style=\"border: 0px none; margin: 5px;\" src=\"\/blog\/wp-content\/uploads\/2010\/thumbs\/thumbs_suklainen_gedachniskirche.jpg\" alt=\"\" \/><\/a><a href=\"\/blog\/wp-content\/uploads\/2010\/suklainen_tv-torni.jpg\" target=\"_blank\" rel=\"noopener\"><img decoding=\"async\" style=\"border: 0px none; margin: 5px;\" src=\"\/blog\/wp-content\/uploads\/2010\/thumbs\/thumbs_suklainen_tv-torni.jpg\" alt=\"\" \/><\/a><\/p>\n<p style=\"text-align: center;\"><em>Suklaisia maamerkkej\u00e4<\/em><\/p>\n<p style=\"text-align: center;\"><a href=\"\/blog\/wp-content\/uploads\/2010\/suklaalahde.jpg\" target=\"_blank\" rel=\"noopener\"><img decoding=\"async\" style=\"border: 0px none; margin: 5px;\" src=\"\/blog\/wp-content\/uploads\/2010\/suklaalahde.jpg\" alt=\"\" \/><\/a><\/p>\n<p style=\"text-align: center;\"><em>Suklaal\u00e4hde<\/em><\/p>\n<p style=\"text-align: justify;\">Suklaapuodissa herkuttelun j\u00e4lkeen vierailimme viereisill\u00e4 Gendarmenmarktin joulumarkkinoilla. Ne ovat Berliinin ainoat maksulliset joulumarkkinat, mutta sis\u00e4\u00e4np\u00e4\u00e4symaksu ei ole euroa kummoisempi. Maksusta huolimatta v\u00e4ke\u00e4 riitt\u00e4\u00e4 tungokseksi saakka sangen pienell\u00e4 markkina-alueella. Muista markkinoista eroten alueella on monia suuria telttoja, joiden sis\u00e4ll\u00e4 on myynniss\u00e4 paljon erilaisia k\u00e4sit\u00f6it\u00e4. Kuitenkin k\u00e4sity\u00f6ll\u00e4 on hintansa ja esimerkiksi puusta veistetyt hahmot maksavat helposti satoja, jopa <strong>tuhansia<\/strong>, euroja!<\/p>\n<p style=\"text-align: center;\"><a href=\"\/blog\/wp-content\/uploads\/2010\/vilinaa_gendarmenmarktin_markkinoilla.jpg\" target=\"_blank\" rel=\"noopener\"><img decoding=\"async\" style=\"border: 0px none; margin: 5px;\" src=\"\/blog\/wp-content\/uploads\/2010\/thumbs\/thumbs_vilinaa_gendarmenmarktin_markkinoilla.jpg\" alt=\"\" \/><\/a><a href=\"\/blog\/wp-content\/uploads\/2010\/koju_joulumarkkinoilla.jpg\" target=\"_blank\" rel=\"noopener\"><img decoding=\"async\" style=\"border: 0px none; margin: 5px;\" src=\"\/blog\/wp-content\/uploads\/2010\/thumbs\/thumbs_koju_joulumarkkinoilla.jpg\" alt=\"\" \/><\/a><\/p>\n<p style=\"text-align: center;\"><em>Kojuja Gendarmenmarktin joulumarkkinoilla<\/em><\/p>\n<p style=\"text-align: center;\"><a href=\"\/blog\/wp-content\/uploads\/2010\/kalliita_puuveistoksia.jpg\" target=\"_blank\" rel=\"noopener\"><img decoding=\"async\" style=\"border: 0px none; margin: 5px;\" src=\"\/blog\/wp-content\/uploads\/2010\/kalliita_puuveistoksia.jpg\" alt=\"\" \/><\/a><\/p>\n<p style=\"text-align: center;\"><em>Kalliita puuveistoksia<\/em><\/p>\n<p style=\"text-align: justify;\">Kotiin palasimme kansallisoopperan luona sijaitsevien joulumarkkinoiden kautta, jotka olivat kuitenkin aiempia vuosia vaisummat. Alueella on menossa jonkin verran myllerryst\u00e4, mink\u00e4 vuoksi markkinat eiv\u00e4t ole yht\u00e4 suuret kuin aiemmin. K\u00e4velimmekin l\u00e4hinn\u00e4 vain alueen halki kohti kotia. Illalla piipahdimme yhdess\u00e4 asuntomme l\u00e4hell\u00e4 sijaitsevassa intialaisessa ravintolassa, jonka olemme jo monesti aiemmin todenneet loistavaksi ruokapaikaksi.<\/p>\n<p style=\"text-align: justify;\">Sunnuntai alkoi hieman laiskasti ja vasta keskip\u00e4iv\u00e4ksi suuntasimme ulos lounaalle. Lounaan sy\u00f6ty\u00e4mme otimme junan Charlottenburgiin, jossa vierailimme kaupunginosan omilla joulumarkkinoilla Charlottenburgin linnan edustalla. Joulumarkkinat olivat ihan mukavan kokoiset ja Gendarmenmarktin tapaan isoissa teltoissa oli myyt\u00e4v\u00e4n\u00e4 monenlaista k\u00e4sity\u00f6esinett\u00e4. Itse tein hyv\u00e4n l\u00f6yd\u00f6n, kun bongasin er\u00e4\u00e4ll\u00e4 kauppiaalla mielenkiintoisen kirjan natsien suunnitelmista rakentaa Berliinist\u00e4 sodan j\u00e4lkeen hulppea maailmanp\u00e4\u00e4kaupunki <em>Germania<\/em>. N\u00e4ist\u00e4 suunnitelmista pit\u00e4\u00e4 kertoa tarkemmin t\u00e4\u00e4ll\u00e4 blogissakin, kunhan ehdin kirjaa hieman lukea.<\/p>\n<p style=\"text-align: justify;\">Kylm\u00e4 viima sai meid\u00e4t j\u00e4tt\u00e4m\u00e4\u00e4n Charlottenburgin markkinat sangen pikaisesti ja palasimme l\u00e4nsikeskustaan. Siell\u00e4 kahvittelimme sek\u00e4 kiersimme lyhyk\u00e4isesti viel\u00e4 <em>Breitscheidplatzin<\/em> joulumarkkinoilla. Sen my\u00f6t\u00e4 alkoikin viikonlopun joulumarkkinakiinti\u00f6 olla t\u00e4ysi, mit\u00e4 nyt kotona kotvasen l\u00e4mmitelty\u00e4mme k\u00e4vimme viel\u00e4 nauttimassa grillipihvit s\u00e4mpyl\u00e4n v\u00e4liss\u00e4 Rotes Rathausin markkinoilla.<\/p>\n<p style=\"text-align: center;\"><a href=\"\/blog\/wp-content\/uploads\/2010\/breitenscheidplatzin_joulumarkkinat1.jpg\"><img decoding=\"async\" style=\"border: 0px none; margin: 5px;\" src=\"\/blog\/wp-content\/uploads\/2010\/thumbs\/thumbs_breitenscheidplatzin_joulumarkkinat1.jpg\" alt=\"\" \/><\/a><a href=\"\/blog\/wp-content\/uploads\/2010\/breitenscheidplatzin_joulumarkkinat2.jpg\"><img decoding=\"async\" style=\"border: 0px none; margin: 5px;\" src=\"\/blog\/wp-content\/uploads\/2010\/thumbs\/thumbs_breitenscheidplatzin_joulumarkkinat2.jpg\" alt=\"\" \/><\/a><a href=\"\/blog\/wp-content\/uploads\/2010\/lansi-berliinin_joulumarkkinat.jpg\"><img decoding=\"async\" style=\"border: 0px none; margin: 5px;\" src=\"\/blog\/wp-content\/uploads\/2010\/thumbs\/thumbs_lansi-berliinin_joulumarkkinat.jpg\" alt=\"\" \/><\/a><\/p>\n<p style=\"text-align: center;\"><em>L\u00e4nsikeskustan joulumarkkinat<\/em><\/p>\n<p style=\"text-align: justify;\">Sunnuntai-ilta huipentui tuomiokirkossa j\u00e4rjestettyyn joulukonserttiin, jonka olin netist\u00e4 edelt\u00e4v\u00e4n\u00e4 viikkona bongannut. Norjalainen noin 30 hengen kuoro oli saapunut Berliiniin laulamaan skandinaavisia joulus\u00e4velmi\u00e4, joka kuulosti ajankohtaan sopivalta tapahtumalta. Kirkko olikin sangen t\u00e4ynn\u00e4 ja itse puolitoistatuntinen esitys upea. Norjalaiset lauloivat todella taidokkaasti ja Berliinin eritt\u00e4in upea tuomiokirkko tarjosi konsertille hienot puitteet. Varsinkin akustiikka oli aivan mielet\u00f6n, sill\u00e4 laulun loppuessa \u00e4\u00e4ni kaikui katon holvauksissa viel\u00e4 toista sekuntia!<\/p>\n<p style=\"text-align: center;\"><a href=\"\/blog\/wp-content\/uploads\/2010\/tuomiokirkko_ennen_esitysta.jpg\" target=\"_blank\" rel=\"noopener\"><img decoding=\"async\" style=\"border: 0px none; margin: 5px;\" src=\"\/blog\/wp-content\/uploads\/2010\/tuomiokirkko_ennen_esitysta.jpg\" alt=\"\" \/><\/a><\/p>\n<p style=\"text-align: center;\"><em>Upea tuomiokirkon p\u00e4\u00e4alttari<\/em><\/p>\n<p style=\"text-align: center;\"><a href=\"\/blog\/wp-content\/uploads\/2010\/norjalainen_lapsikuoro.jpg\" target=\"_blank\" rel=\"noopener\"><img decoding=\"async\" style=\"border: 0px none; margin: 5px;\" src=\"\/blog\/wp-content\/uploads\/2010\/thumbs\/thumbs_norjalainen_lapsikuoro.jpg\" alt=\"\" \/><\/a><a href=\"\/blog\/wp-content\/uploads\/2010\/norjalainen_kuoro.jpg\" target=\"_blank\" rel=\"noopener\"><img decoding=\"async\" style=\"border: 0px none; margin: 5px;\" src=\"\/blog\/wp-content\/uploads\/2010\/thumbs\/thumbs_norjalainen_kuoro.jpg\" alt=\"\" \/><\/a><\/p>\n<p style=\"text-align: center;\"><em>Norjalaiset kuorot<\/em><\/p>\n<p style=\"text-align: justify;\">Konsertin puoliv\u00e4liss\u00e4 esiintynyt pieni poikakuoro oli my\u00f6s loistava, sill\u00e4 pikkupoikien \u00e4\u00e4ni oli todella hento. Konsertti oli kaikin puolin loistava, vaikka siin\u00e4 esitetyt kappaleet olivatkin p\u00e4\u00e4osin meille suomalaisille tuntemattomia. Kaipa sit\u00e4 on sitten monia omia joululauluja Norjassa, sill\u00e4 vain kaksi kappaletta kuulosti meist\u00e4 tutulta. Konsertti oli kuitenkin loistava p\u00e4\u00e4t\u00f6s aktiiviselle viikonlopullemme ja \u00e4itini mukavalle vierailulle luonamme. Seuraavana viikonloppuna tulleiden Niinan vanhempien kanssa puuhasimme sitten v\u00e4h\u00e4n toisenlaista, miss\u00e4 lis\u00e4\u00e4 toisessa <a title=\"Jouluinen vierailu Gestapo-museolla sek\u00e4 loistokas show\" href=\"https:\/\/www.vuosiamaailmalla.fi\/?p=1110\">viestiss\u00e4<\/a>.<\/p>\n","protected":false},"excerpt":{"rendered":"<p>Blogissa on pit\u00e4nyt hieman hiljaista viimeiset kaksi viikkoa, mik\u00e4 on johtunut paitsi ty\u00f6kiireist\u00e4, mutta my\u00f6s kahdesta vanhempiemme vierailusta luonamme mennein\u00e4 viikonloppuina. Ensiksi \u00e4itini saapui viikonloppuvierailulle marraskuun viimeisen\u00e4 viikonloppuna, mink\u00e4 j\u00e4lkeen Niinan vanhemmat poikkesivat j\u00e4lleen luonamme joulukuun ensimm\u00e4isen\u00e4 viikonloppuna. Kaikille vieraille kyseess\u00e4 oli ensimm\u00e4inen kerta saksalaisilla joulumarkkinoilla, joilla kierrettiinkin vieraiden kanssa ahkeraan.<\/p>\n","protected":false},"author":1,"featured_media":11805,"comment_status":"open","ping_status":"open","sticky":false,"template":"","format":"standard","meta":{"_jetpack_memberships_contains_paid_content":false,"footnotes":""},"categories":[18,3],"tags":[28,34,49,421,51,56,63,69,433,122,264,274,172,190],"class_list":["post-1372","post","type-post","status-publish","format-standard","has-post-thumbnail","hentry","category-arki-saksassa","category-arki-ulkomailla","tag-alexanderplatz","tag-arki","tag-berliini","tag-berliinin-joulumarkkinat","tag-berlin-charlottenburg","tag-berlin-mitte","tag-berlin-steglitz","tag-berliner-dom","tag-galeria-kaufhof","tag-gendarmenmarkt","tag-joulu","tag-joulumarkkinat","tag-lansi-berliini","tag-saksa"],"jetpack_featured_media_url":"https:\/\/www.vuosiamaailmalla.fi\/blog\/wp-content\/uploads\/kalliita_puuveistoksia_banner-1.jpg","jetpack_sharing_enabled":true,"_links":{"self":[{"href":"https:\/\/www.vuosiamaailmalla.fi\/blog\/wp-json\/wp\/v2\/posts\/1372","targetHints":{"allow":["GET"]}}],"collection":[{"href":"https:\/\/www.vuosiamaailmalla.fi\/blog\/wp-json\/wp\/v2\/posts"}],"about":[{"href":"https:\/\/www.vuosiamaailmalla.fi\/blog\/wp-json\/wp\/v2\/types\/post"}],"author":[{"embeddable":true,"href":"https:\/\/www.vuosiamaailmalla.fi\/blog\/wp-json\/wp\/v2\/users\/1"}],"replies":[{"embeddable":true,"href":"https:\/\/www.vuosiamaailmalla.fi\/blog\/wp-json\/wp\/v2\/comments?post=1372"}],"version-history":[{"count":2,"href":"https:\/\/www.vuosiamaailmalla.fi\/blog\/wp-json\/wp\/v2\/posts\/1372\/revisions"}],"predecessor-version":[{"id":11806,"href":"https:\/\/www.vuosiamaailmalla.fi\/blog\/wp-json\/wp\/v2\/posts\/1372\/revisions\/11806"}],"wp:featuredmedia":[{"embeddable":true,"href":"https:\/\/www.vuosiamaailmalla.fi\/blog\/wp-json\/wp\/v2\/media\/11805"}],"wp:attachment":[{"href":"https:\/\/www.vuosiamaailmalla.fi\/blog\/wp-json\/wp\/v2\/media?parent=1372"}],"wp:term":[{"taxonomy":"category","embeddable":true,"href":"https:\/\/www.vuosiamaailmalla.fi\/blog\/wp-json\/wp\/v2\/categories?post=1372"},{"taxonomy":"post_tag","embeddable":true,"href":"https:\/\/www.vuosiamaailmalla.fi\/blog\/wp-json\/wp\/v2\/tags?post=1372"}],"curies":[{"name":"wp","href":"https:\/\/api.w.org\/{rel}","templated":true}]}}