{"id":13748,"date":"2024-09-02T14:34:39","date_gmt":"2024-09-02T21:34:39","guid":{"rendered":"https:\/\/www.vuosiamaailmalla.fi\/blog\/?p=13748"},"modified":"2026-01-19T23:02:21","modified_gmt":"2026-01-20T07:02:21","slug":"18-vuotta-maailmalla","status":"publish","type":"post","link":"https:\/\/www.vuosiamaailmalla.fi\/blog\/2024\/18-vuotta-maailmalla\/","title":{"rendered":"18 vuotta maailmalla"},"content":{"rendered":"<p style=\"text-align: justify;\">Samalla kun kes\u00e4 alkaa k\u00e4\u00e4nty\u00e4 syksyksi, tulee j\u00e4lleen kuluneeksi yksi vuosi lis\u00e4\u00e4 ulkomailla asumista. Elokuun viimeisin\u00e4 p\u00e4ivin\u00e4 tulikin \u00e4skett\u00e4in kuluneeksi jo 18 vuotta siit\u00e4, kun <a title=\"Kolme p\u00e4iv\u00e4\u00e4 l\u00e4ht\u00f6\u00f6n\" href=\"https:\/\/www.vuosiamaailmalla.fi\/blog\/2006\/kolme-paivaa-lahtoon\/\">l\u00e4hdimme Saksaan<\/a> suureen seikkailuun, jolla olemme yh\u00e4 edelleen!<\/p>\n<p><!--more--><\/p>\n<p style=\"text-align: justify;\">N\u00e4it\u00e4 kirjoituksia kirjoittaessa prosessini alkaa yleens\u00e4 aina <a title=\"17 vuotta maailmalla\" href=\"https:\/\/www.vuosiamaailmalla.fi\/blog\/2023\/17-vuotta-maailmalla\/\">viimevuotisen kirjoitukseni<\/a> lukemisella, jotta n\u00e4en mit\u00e4 sit\u00e4 tulikaan ennustettua tulevasta vuodesta. Luetun perusteella povasin menneen vuoden olevan aiemman jatkumo ja sis\u00e4lt\u00e4v\u00e4n runsaasti perhe-el\u00e4m\u00e4\u00e4 tytt\u00e4remme kanssa, mik\u00e4 olikin totta. Mit\u00e4 emme kuitenkaan viel\u00e4 tuolloin aavistaneet oli, ett\u00e4 meille syntyisi seuraavana kes\u00e4n\u00e4 <a title=\"Ikimuistoinen perheenlis\u00e4ys\" href=\"https:\/\/www.vuosiamaailmalla.fi\/blog\/2024\/ikimuistoinen-perheenlisays\/\">toinen tyt\u00e4r<\/a>!<\/p>\n<p style=\"text-align: center;\"><a href=\"\/blog\/wp-content\/uploads\/2024\/raskausaika1.jpg\"><img decoding=\"async\" src=\"\/blog\/wp-content\/uploads\/2024\/thumbs\/thumbs_raskausaika1.jpg\" \/><\/a><a href=\"\/blog\/wp-content\/uploads\/2024\/uninen_tulokas3.jpg\"><img decoding=\"async\" src=\"\/blog\/wp-content\/uploads\/2024\/thumbs\/thumbs_uninen_tulokas3.jpg\" \/><\/a><\/p>\n<p style=\"text-align: center;\"><em>Vuoden merkitt\u00e4vin tapahtuma!<\/em><\/p>\n<p style=\"text-align: justify;\">Ennen t\u00e4m\u00e4n tiedon saamista, vietimme kuitenkin hauskan syksyn, johon kuului viikonloppu l\u00e4heisess\u00e4 <a title=\"Perheloma Comox Valleyss\u00e4\" href=\"https:\/\/www.vuosiamaailmalla.fi\/blog\/2023\/perheloma-comox-valleyssa\/\">Comox Valleyss\u00e4<\/a>, sek\u00e4 muutamia <a title=\"Ruskan v\u00e4ritt\u00e4m\u00e4 ty\u00f6matka\" href=\"https:\/\/www.vuosiamaailmalla.fi\/blog\/2023\/ruskan-varittama-tyomatka\/\">ty\u00f6matkoja Yhdysvaltojen<\/a> puolelle. Joulua vietimme puolestaan jo viidett\u00e4 kertaa kotosalla ja saimme t\u00e4n\u00e4kin vuonna <a title=\"Vehre\u00e4 joululoma\" href=\"https:\/\/www.vuosiamaailmalla.fi\/blog\/2024\/vehrea-joululoma\/\">vieraaksemme Niinan vanhemmat<\/a>, jolle p\u00e4\u00e4simme kertomaan ilouutiset tulossa olevasta toisesta lapsesta. Uutinen vauvasta pysyi kuitenkin l\u00e4hiperheen tietona aina <a title=\"Suuri apu isovanhemmista\" href=\"https:\/\/www.vuosiamaailmalla.fi\/blog\/2024\/suuri-apu-isovanhemmista\/\">Livian syntym\u00e4\u00e4n<\/a> saakka, joka tapahtui hauskasti omana syntym\u00e4p\u00e4iv\u00e4n\u00e4ni!<\/p>\n<p style=\"text-align: center;\"><a href=\"\/blog\/wp-content\/uploads\/2023\/puntledge_river_hatchery1.jpg\"><img decoding=\"async\" src=\"\/blog\/wp-content\/uploads\/2023\/thumbs\/thumbs_puntledge_river_hatchery1.jpg\" \/><\/a><a href=\"\/blog\/wp-content\/uploads\/2023\/ensilumi_mount_timpanogosilla4.jpg\"><img decoding=\"async\" src=\"\/blog\/wp-content\/uploads\/2023\/thumbs\/thumbs_ensilumi_mount_timpanogosilla4.jpg\" \/><\/a><a href=\"\/blog\/wp-content\/uploads\/2023\/tibble_fork_reservoir2.jpg\"><img decoding=\"async\" src=\"\/blog\/wp-content\/uploads\/2023\/thumbs\/thumbs_tibble_fork_reservoir2.jpg\" \/><\/a><\/p>\n<p style=\"text-align: center;\"><em>Viimeisen vuoden matkoja<\/em><\/p>\n<p style=\"text-align: center;\"><a href=\"\/blog\/wp-content\/uploads\/2023\/north_vancouver_waterfront_park2.jpg\"><img decoding=\"async\" src=\"\/blog\/wp-content\/uploads\/2023\/north_vancouver_waterfront_park2.jpg\" \/><\/a><\/p>\n<p style=\"text-align: center;\"><em>Joulun tutut vieraat<\/em><\/p>\n<p style=\"text-align: justify;\">Syntym\u00e4p\u00e4ivi\u00e4 vietti joulukuussa my\u00f6s Niina, jolle tuli nyt vuorostaan t\u00e4yteen py\u00f6reit\u00e4 <a title=\"Michelinin makuiset syntym\u00e4p\u00e4iv\u00e4t\" href=\"https:\/\/www.vuosiamaailmalla.fi\/blog\/2023\/michelinin-makuiset-syntymapaivat\/\">hienon illallisen parissa<\/a>. Rahaa onkin palanut viimeisen vuoden aikana melkoisesti, sill\u00e4 vuoteen on mahtunut runsaasti hankintoja. Ensimm\u00e4inen ostos oli <a title=\"Yhdeks\u00e4n tonnin patja\" href=\"https:\/\/www.vuosiamaailmalla.fi\/blog\/2024\/yhdeksan-tonnin-patja\/\">uusi patja<\/a>, johon upposi melkoinen pino dollareita, mutta johon on my\u00f6skin ollut ihana uppoutua joka ikinen ilta. Hintava hankinta oli my\u00f6skin <a title=\"Uusi h\u00e4ik\u00e4isev\u00e4 OLED\" href=\"https:\/\/www.vuosiamaailmalla.fi\/blog\/2024\/uusi-haikaiseva-oled\/\">upouusi huipputelevisio<\/a>, jolle on riitt\u00e4nyt k\u00e4ytt\u00f6\u00e4 jo noin 700 tunnin edest\u00e4! Aivan \u00e4skett\u00e4in loppukes\u00e4st\u00e4 p\u00e4ivitysvuoroon tuli my\u00f6skin <a title=\"Kameralaitteisto: Canon EOS 5D Mark III\" href=\"https:\/\/www.vuosiamaailmalla.fi\/blog\/2014\/kameralaitteisto-canon-eos-5d-mark-iii\/\">pitk\u00e4aikainen j\u00e4rjestelm\u00e4kamerani<\/a> sek\u00e4 l\u00e4hes koko kuvauskalusto, josta pit\u00e4\u00e4 kirjoittaa tarkemmat arviot paremmalla ajalla.<\/p>\n<p style=\"text-align: center;\"><a href=\"\/blog\/wp-content\/uploads\/2023\/luxebreeze_firm2.jpg\"><img decoding=\"async\" src=\"\/blog\/wp-content\/uploads\/2023\/thumbs\/thumbs_luxebreeze_firm2.jpg\" \/><\/a><a href=\"\/blog\/wp-content\/uploads\/2024\/lg_g3_1.jpg\"><img decoding=\"async\" src=\"\/blog\/wp-content\/uploads\/2024\/thumbs\/thumbs_lg_g3_1.jpg\" \/><\/a><\/p>\n<p style=\"text-align: center;\"><em>Menneen vuoden hankintoja<\/em><\/p>\n<p style=\"text-align: justify;\">Livian syntym\u00e4n vuoksi t\u00e4n\u00e4 kes\u00e4n\u00e4 ei tullut tehty\u00e4 Suomen matkaa, mutta sellainen on jo varattuna <a title=\"Hyyt\u00e4v\u00e4 perhejoulu Suomessa\" href=\"https:\/\/www.vuosiamaailmalla.fi\/blog\/2025\/hyytava-perhejoulu-suomessa\/\">tulevaksi jouluksi<\/a>. Matka tulee olemaan ensimm\u00e4inen joulumme Suomessa <a title=\"Joululoma nostalgisissa merkeiss\u00e4\" href=\"https:\/\/www.vuosiamaailmalla.fi\/blog\/2020\/joululoma-nostalgisissa-merkeissa\/\">viiteen vuoteen<\/a> ja tytt\u00f6jemme ensimm\u00e4inen joulu poissa kotoa. Sit\u00e4 ennen viet\u00e4mme <a title=\"Luonnonrauhaa Tofinossa\" href=\"https:\/\/www.vuosiamaailmalla.fi\/blog\/2024\/luonnonrauhaa-tofinossa\/\">pitk\u00e4n viikonlopun<\/a> aina yht\u00e4 ihanassa Tofinossa meren pauhua kuunnellen. Muitakin matkoja on suunnitelmissa useita, ulottuen aina vuoteen 2026 saakka, kun otamme kaiken irti Niinan 18 kuukautta pitk\u00e4st\u00e4 <a title=\"\u00c4itiysvapaan korkea hinta\" href=\"https:\/\/www.vuosiamaailmalla.fi\/blog\/2026\/vanhempainvapaan-loppu\/\">\u00e4itiysvapaasta<\/a>.<\/p>\n<p style=\"text-align: center;\"><a href=\"\/blog\/wp-content\/uploads\/2024\/kaukaiset_vieraat2.jpg\"><img decoding=\"async\" src=\"\/blog\/wp-content\/uploads\/2024\/kaukaiset_vieraat2.jpg\" \/><\/a><\/p>\n<p style=\"text-align: center;\"><em>\u00c4itiysvapaalla tullaan reissaamaan<\/em><\/p>\n<p style=\"text-align: justify;\">Nyt alkavaa yhdeks\u00e4tt\u00e4toista vuottamme Kanadassa tuleekin siis v\u00e4ritt\u00e4m\u00e4\u00e4n ainakin <a title=\"Perhematkailun supervuosi\" href=\"https:\/\/www.vuosiamaailmalla.fi\/blog\/2025\/perhematkailun-supervuosi\/\">liuta lomamatkoja<\/a> ja taatusti runsaasti aikaa perheen kesken. Livian kasvamista on todella hauska seurata ja Fiona alkaa olla jo iso tytt\u00f6, t\u00e4ytetty\u00e4\u00e4n elokuun alussa kolme vuotta. Meill\u00e4 onkin menossa ne kuuluisat ruuhkavuodet ja arki on kiireist\u00e4 pintaliit\u00e4mist\u00e4, mutta olemme siihen eritt\u00e4in valmiita ja nautimme kaikesta siihen liittyv\u00e4st\u00e4.<\/p>\n<p style=\"text-align: justify;\">Tulevaan vuoteen tuskin mahtuu paljon muuta kuin jo mainittua, mutta vuosi voi silti p\u00e4\u00e4st\u00e4 yll\u00e4tt\u00e4m\u00e4\u00e4n, kuten on n\u00e4hty monesti aiemminkin. Unohtaa ei my\u00f6sk\u00e4\u00e4n sovi, ett\u00e4 kahden vuoden p\u00e4\u00e4st\u00e4 tulossa on <em>todella iso<\/em> merkkip\u00e4iv\u00e4 per\u00e4ti kahdesta vuosikymmenest\u00e4 maailmalla, mutta kaikki aikanaan ja saapa n\u00e4hd\u00e4 miss\u00e4 sit\u00e4 tuolloin ollaan.<\/p>\n","protected":false},"excerpt":{"rendered":"<p>Samalla kun kes\u00e4 alkaa k\u00e4\u00e4nty\u00e4 syksyksi, tulee j\u00e4lleen kuluneeksi yksi vuosi lis\u00e4\u00e4 ulkomailla asumista. Elokuun viimeisin\u00e4 p\u00e4ivin\u00e4 tulikin \u00e4skett\u00e4in kuluneeksi jo 18 vuotta siit\u00e4, kun l\u00e4hdimme Saksaan suureen seikkailuun, jolla olemme yh\u00e4 edelleen!<\/p>\n","protected":false},"author":1,"featured_media":0,"comment_status":"open","ping_status":"closed","sticky":false,"template":"","format":"standard","meta":{"_jetpack_memberships_contains_paid_content":false,"footnotes":""},"categories":[17,3],"tags":[25,34,935],"class_list":["post-13748","post","type-post","status-publish","format-standard","hentry","category-arki-kanadassa","category-arki-ulkomailla","tag-ajankohtaista","tag-arki","tag-kanada"],"jetpack_featured_media_url":"","jetpack_sharing_enabled":true,"_links":{"self":[{"href":"https:\/\/www.vuosiamaailmalla.fi\/blog\/wp-json\/wp\/v2\/posts\/13748","targetHints":{"allow":["GET"]}}],"collection":[{"href":"https:\/\/www.vuosiamaailmalla.fi\/blog\/wp-json\/wp\/v2\/posts"}],"about":[{"href":"https:\/\/www.vuosiamaailmalla.fi\/blog\/wp-json\/wp\/v2\/types\/post"}],"author":[{"embeddable":true,"href":"https:\/\/www.vuosiamaailmalla.fi\/blog\/wp-json\/wp\/v2\/users\/1"}],"replies":[{"embeddable":true,"href":"https:\/\/www.vuosiamaailmalla.fi\/blog\/wp-json\/wp\/v2\/comments?post=13748"}],"version-history":[{"count":7,"href":"https:\/\/www.vuosiamaailmalla.fi\/blog\/wp-json\/wp\/v2\/posts\/13748\/revisions"}],"predecessor-version":[{"id":14220,"href":"https:\/\/www.vuosiamaailmalla.fi\/blog\/wp-json\/wp\/v2\/posts\/13748\/revisions\/14220"}],"wp:attachment":[{"href":"https:\/\/www.vuosiamaailmalla.fi\/blog\/wp-json\/wp\/v2\/media?parent=13748"}],"wp:term":[{"taxonomy":"category","embeddable":true,"href":"https:\/\/www.vuosiamaailmalla.fi\/blog\/wp-json\/wp\/v2\/categories?post=13748"},{"taxonomy":"post_tag","embeddable":true,"href":"https:\/\/www.vuosiamaailmalla.fi\/blog\/wp-json\/wp\/v2\/tags?post=13748"}],"curies":[{"name":"wp","href":"https:\/\/api.w.org\/{rel}","templated":true}]}}