{"id":13759,"date":"2024-09-15T14:22:17","date_gmt":"2024-09-15T21:22:17","guid":{"rendered":"https:\/\/www.vuosiamaailmalla.fi\/blog\/?p=13759"},"modified":"2025-03-17T23:14:24","modified_gmt":"2025-03-18T06:14:24","slug":"kanadan-fidel-castro","status":"publish","type":"post","link":"https:\/\/www.vuosiamaailmalla.fi\/blog\/2024\/kanadan-fidel-castro\/","title":{"rendered":"Kanadan Fidel Castro"},"content":{"rendered":"<p style=\"text-align: justify;\">Historia on t\u00e4ynn\u00e4 esimerkkej\u00e4 erilaisista julkisista salaisuuksista, joita viralliset tahot ovat monesti pyrkineet diskreditoimaan per\u00e4tt\u00f6min\u00e4 huhuina tai salaliittoteorioina. Kekkosen terveydentila, Tiitisen listan nimet, Bidenin seniiliys sek\u00e4 mysteeri Kanadan <a title=\"Justin Trudeaun valtakauden p\u00e4\u00e4t\u00f6s\" href=\"https:\/\/www.vuosiamaailmalla.fi\/blog\/2025\/justin-trudeaun-valtakauden-paatos\/\">p\u00e4\u00e4ministeri Justin Trudeaun<\/a> oikeasta is\u00e4st\u00e4 ovat aiheita, joissa kansan keskuudessa vallitseva uskomus ei vastaa virallisena esitetty\u00e4 totuutta.<\/p>\n<p><!--more--><\/p>\n<p style=\"text-align: justify;\">Huhuja Justin Trudeaun is\u00e4n suhteen on ollut olemassa vuosikymmenien ajan, mutta pinnalle aihe on noussut erityisesti <a title=\"Kanada on rikki\" href=\"https:\/\/www.vuosiamaailmalla.fi\/blog\/2024\/kanada-on-rikki\/\">Justin Trudeaun hallituskaudella<\/a>. Aihe on ollut Kanadan hallitukselle yll\u00e4tt\u00e4v\u00e4n arka ja se onkin pyrkinyt lytt\u00e4\u00e4m\u00e4\u00e4n huhuja poikkeuksellisen voimakkain ulostuloin, mit\u00e4 ei ole yleens\u00e4 n\u00e4hty l\u00e4nsimaissa huhuksi v\u00e4itettyjen asioiden kohdalla.<\/p>\n<p style=\"text-align: center;\"><a href=\"\/blog\/wp-content\/uploads\/2024\/justin_trudeau_kuuba_kanada.jpg\"><img decoding=\"async\" src=\"\/blog\/wp-content\/uploads\/2024\/justin_trudeau_kuuba_kanada.jpg\" \/><\/a><\/p>\n<p style=\"text-align: center;\"><em>Trudeaun suvulla on l\u00e4mmin suhde Kuubaan<\/em><\/p>\n<p style=\"text-align: center;\"><a href=\"\/blog\/wp-content\/uploads\/2024\/fidel_justin6.jpg\"><img decoding=\"async\" src=\"\/blog\/wp-content\/uploads\/2024\/fidel_justin6.jpg\" \/><\/a><\/p>\n<p style=\"text-align: center;\"><em>Justin ja Fidel<\/em><\/p>\n<p style=\"text-align: justify;\">Justin Trudeau syntyi joulukuun 25. p\u00e4iv\u00e4 vuonna 1971, mink\u00e4 perusteella t\u00e4m\u00e4n on t\u00e4ytynyt saada alkunsa saman vuoden maalis-huhtikuussa. Trudeaun virallinen is\u00e4 on vuonna 2000 kuollut Pierre Trudeau, joka palveli Kanadan p\u00e4\u00e4ministerin\u00e4 kahteen otteeseen vuosina 1968 &#8211; 1979 sek\u00e4 1980 &#8211; 1984, eli Justinin syntym\u00e4n aikaan. Pierre oli syntym\u00e4n aikaan jo 52 vuoden ik\u00e4inen ja naimisissa tuolloin vasta 23-vuotiaan nuoren Margaretin kanssa.<\/p>\n<p style=\"text-align: justify;\">Sek\u00e4 Pierre ett\u00e4 Margaret tunnettiin hyvin vapaamielisin\u00e4 huikentelijoina, joilla oli l\u00e4pi el\u00e4m\u00e4n runsaasti puolijulkisia suhteita. Lehtitietojen mukaan muun muassa n\u00e4yttelij\u00e4 Margot Kidderin sek\u00e4 <em>Sinkkuel\u00e4m\u00e4\u00e4<\/em>-sarjan Kim Cattrallin tiedet\u00e4\u00e4n viett\u00e4neen aikoinaan \u00f6it\u00e4 Pierren seurassa. Pierrest\u00e4 omael\u00e4m\u00e4nkerran kirjoittanut toimittaja John English on puolestaan vahvistanut t\u00e4m\u00e4n olleen s\u00e4ngyss\u00e4 laulaja Barbara Streisandin kanssa, sek\u00e4 tapailleen useita seuralaisia viel\u00e4 avioliittonsa aikana. Kaikesta huolimatta naistenmies Pierrelle ei ollut sikiintynyt lapsia 52 vuoden aikana ja t\u00e4t\u00e4 pidettiinkin kanadalaisten keskuudessa laajasti sukukyvytt\u00f6m\u00e4n\u00e4.<\/p>\n<p style=\"text-align: center;\"><a href=\"\/blog\/wp-content\/uploads\/2024\/pierre_trudeau.jpg\"><img decoding=\"async\" src=\"\/blog\/wp-content\/uploads\/2024\/pierre_trudeau.jpg\" \/><\/a><\/p>\n<p style=\"text-align: center;\"><em>Edesmennyt Pierre Trudeau<\/em><\/p>\n<p style=\"text-align: justify;\">Vancouverissa syntynyt Margaret (omaa sukua Sinclair) oli puolestaan 60-luvun kukkavallankumouksen kasvatti ja avoimesti huikenteleva sek\u00e4 huumeita k\u00e4ytt\u00e4v\u00e4 nuori hupakko. Omael\u00e4m\u00e4nkerrassaan sek\u00e4 monissa haastatteluissa t\u00e4m\u00e4 on tunnustanut viett\u00e4neens\u00e4 nuoruudessaan \u00f6it\u00e4 monien julkimoiden, muun muassa poliitikko Ted Kennedyn sek\u00e4 <em>Rolling Stones<\/em> -yhtyeen kitaristi Ronnie Woodin kanssa.<\/p>\n<p style=\"text-align: center;\"><a href=\"\/blog\/wp-content\/uploads\/2024\/margaret_trudeau.jpg\"><img decoding=\"async\" src=\"\/blog\/wp-content\/uploads\/2024\/margaret_trudeau.jpg\" \/><\/a><\/p>\n<p style=\"text-align: center;\"><em>Nuori Margaret Trudeau<\/em><\/p>\n<p style=\"text-align: justify;\">Fidel Castro muistetaan puolestaan vire\u00e4n\u00e4 ja eritt\u00e4in sukukyps\u00e4n\u00e4 diktaattorina, jolla oli virallisesti 11 lasta ja ep\u00e4virallisesti viel\u00e4 monin kerroin t\u00e4t\u00e4 enemm\u00e4n. Aina yht\u00e4 uhmakkaana esiintynyt marxistijohtaja oli Pierren ja Margaretin julkisesti ihannoima henkil\u00f6, josta tuli n\u00e4ille poikkeuksellisen l\u00e4heinen tuttu aina siin\u00e4 m\u00e4\u00e4rin, ett\u00e4 Fidel osallistui eritt\u00e4in poikkeuksellisesti Pierren hautajaisiin Montrealissa vuonna 2000.<\/p>\n<p style=\"text-align: center;\"><a href=\"\/blog\/wp-content\/uploads\/2024\/naistenmies_castro.jpg\"><img decoding=\"async\" src=\"\/blog\/wp-content\/uploads\/2024\/naistenmies_castro.jpg\" \/><\/a><\/p>\n<p style=\"text-align: center;\"><em>Naistenmies Fidel Castro<\/em><\/p>\n<p style=\"text-align: justify;\">Castron itsens\u00e4 kuollessa vuonna 2016, Justin Trudeau puolestaan kohahdutti maailmaa julkaisemalla ainoana l\u00e4nsijohtajana Fidelist\u00e4 <a href=\"https:\/\/www.pm.gc.ca\/en\/news\/statements\/2016\/11\/26\/statement-prime-minister-canada-death-former-cuban-president-fidel\">eritt\u00e4in my\u00f6nteisen muistelun<\/a> t\u00e4m\u00e4n el\u00e4m\u00e4st\u00e4 ja ansioista. Trudeuan oli my\u00f6skin tarkoitus osallistua Castron hautajaisiin Kuubassa, mutta t\u00e4m\u00e4 joutui perumaan osallistumisensa muistelusta nousseen kohun vuoksi.<\/p>\n<p style=\"text-align: center;\"><a href=\"\/blog\/wp-content\/uploads\/2024\/pierre_trudeaun_hautajaiset1.jpg\"><img decoding=\"async\" src=\"\/blog\/wp-content\/uploads\/2024\/thumbs\/thumbs_pierre_trudeaun_hautajaiset1.jpg\" \/><\/a><a href=\"\/blog\/wp-content\/uploads\/2024\/pierre_trudeaun_hautajaiset2.jpg\"><img decoding=\"async\" src=\"\/blog\/wp-content\/uploads\/2024\/thumbs\/thumbs_pierre_trudeaun_hautajaiset2.jpg\" \/><\/a><\/p>\n<p style=\"text-align: center;\"><em>Tapaaminen Pierren hautajaisissa<\/em><\/p>\n<p style=\"text-align: justify;\">Kun Fidelin ja Trudeaun yhteydest\u00e4 etsii tietoa t\u00e4n\u00e4 p\u00e4iv\u00e4n\u00e4, tulee vastaan pitk\u00e4 liuta uutisartikkeleita, joissa asia kumotaan aina hyvin samanlaisin sanank\u00e4\u00e4ntein sek\u00e4 samaan tekij\u00e4\u00e4n pohjautuen. N\u00e4iden artikkeleiden mukaan p\u00e4\u00e4llimm\u00e4isin &#8221;todiste&#8221; huhuja vastaan on, ett\u00e4 Trudeaut tapasivat Castron ensikerran vasta virallisella valtiovierailulla vuonna 1976, kun Justin oli jo l\u00e4hes viisivuotias. Toinen perustelu tuntuu olevan, ettei l\u00f6rp\u00f6ttelev\u00e4n Margaretin olisi pystynyt pit\u00e4\u00e4 asiaa salassa.<\/p>\n<p style=\"text-align: justify;\">Kyseinen valtiovierailu on dokumentoitu hyvin, mik\u00e4 kuitenkin itsess\u00e4\u00e4n her\u00e4tt\u00e4\u00e4 paljon kysymyksi\u00e4, sill\u00e4 virallisissa valokuvissa Fidel sylittelee Justinin nuorempaan Michael-velje\u00e4 jo heti lentokent\u00e4n kiitoradalla ja Margaret puolestaan viihtyy intiimisti Fidelin k\u00e4sipuolessa heti samana iltana. Molempia voinee pit\u00e4\u00e4 v\u00e4hint\u00e4\u00e4nkin omituisina elein\u00e4 tahojen v\u00e4itetyll\u00e4 ensitapaamisella, saati virallisella valtiovierailulla tuolloin kommunistidiktatuurina pidettyyn Kuubaan.<\/p>\n<p style=\"text-align: center;\"><a href=\"\/blog\/wp-content\/uploads\/2024\/1976_valtionvierailu1.jpg\"><img decoding=\"async\" src=\"\/blog\/wp-content\/uploads\/2024\/thumbs\/thumbs_1976_valtionvierailu1.jpg\" \/><\/a><a href=\"\/blog\/wp-content\/uploads\/2024\/1976_valtionvierailu2.jpg\"><img decoding=\"async\" src=\"\/blog\/wp-content\/uploads\/2024\/thumbs\/thumbs_1976_valtionvierailu2.jpg\" \/><\/a><br \/>\n<a href=\"\/blog\/wp-content\/uploads\/2024\/1976_valtionvierailu3.jpg\"><img decoding=\"async\" src=\"\/blog\/wp-content\/uploads\/2024\/thumbs\/thumbs_1976_valtionvierailu3.jpg\" \/><\/a><a href=\"\/blog\/wp-content\/uploads\/2024\/1976_valtionvierailu4.jpg\"><img decoding=\"async\" src=\"\/blog\/wp-content\/uploads\/2024\/thumbs\/thumbs_1976_valtionvierailu4.jpg\" \/><\/a><\/p>\n<p style=\"text-align: center;\"><em>L\u00e4heinen ensitapaaminen<\/em><\/p>\n<p style=\"text-align: justify;\">T\u00e4m\u00e4 versio tapahtumista j\u00e4tt\u00e4\u00e4 kuitenkin huomiotta nuoren Trudeau-parin raportoidun &#8221;toisen h\u00e4\u00e4matkan&#8221; Karibianmerell\u00e4 juurikin huhtikuussa 1971. <a href=\"https:\/\/www.newspapers.com\/newspage\/41523862\/\">Tuon aikaiset lehtikirjoitukset<\/a> ovat listanneet matkalla vierailtuja saarivaltioita alueella, mutta sis\u00e4llytt\u00e4neet maininnan &#8221;nime\u00e4m\u00e4tt\u00f6m\u00e4st\u00e4 saaresta&#8221;, jota pari ei halunnut julkisuuteen. Kun muistetaan, ett\u00e4 Justinin on t\u00e4ytynyt saada alkunsa juuri maalis-huhtikuussa 1971, osuvat ajoitus ja maantieteellinen sijainti yhteen.<\/p>\n<p style=\"text-align: justify;\">Oman lis\u00e4ns\u00e4 huhuihin on antanut my\u00f6s Fidel Castron vanhimman pojan Fideliton itsemurha vuonna 2018, josta kuubalainen media uutisoi avoimesti. Fidelitolta j\u00e4i <em>v\u00e4itetysti<\/em> j\u00e4lkeen itsemurhaviesti, jossa t\u00e4m\u00e4n <em>v\u00e4itet\u00e4\u00e4n<\/em> maininneen Justinin olevan t\u00e4m\u00e4n velipuoli. V\u00e4itteet ovat kuitenkin pelkk\u00e4\u00e4 huhupuhetta, sill\u00e4 mahdollista viesti\u00e4 ei ole koskaan julkaistu. Kuitenkin pelk\u00e4t huhut saivat Kanadan valtion kielt\u00e4m\u00e4\u00e4n huhujen todenper\u00e4isyyden virallisesti helmikuussa 2018, mik\u00e4 sai ihmiset j\u00e4lleen kerran h\u00e4milleen, ett\u00e4 miksi hallituksen on tarpeen kommentoida pelkki\u00e4 huhuja ja salaliittoteorioita?<\/p>\n<p style=\"text-align: justify;\">Huhuille sek\u00e4 koko asialle ei olisi kuitenkaan koskaan kasvanut nykyisen kaltaisia siipi\u00e4 ilman, ett\u00e4 Justin Trudeausta olisi kasvanut kasvonpiirteilt\u00e4\u00e4n sek\u00e4 pituudeltaan eritt\u00e4in paljon juuri Fidel Castroa muistuttava ja l\u00e4hes t\u00e4ysin Pierre Trudeausta eroava aikuinen.<\/p>\n<p style=\"text-align: center;\"><a href=\"\/blog\/wp-content\/uploads\/2024\/fidel_justin1.jpg\"><img decoding=\"async\" src=\"\/blog\/wp-content\/uploads\/2024\/fidel_justin1.jpg\" \/><\/a><\/p>\n<p style=\"text-align: center;\"><em>Viralliset potretit<\/em><\/p>\n<p style=\"text-align: center;\"><a href=\"\/blog\/wp-content\/uploads\/2024\/fidel_justin3.jpg\"><img decoding=\"async\" src=\"\/blog\/wp-content\/uploads\/2024\/thumbs\/thumbs_fidel_justin3.jpg\" \/><\/a><a href=\"\/blog\/wp-content\/uploads\/2024\/fidel_justin4.jpg\"><img decoding=\"async\" src=\"\/blog\/wp-content\/uploads\/2024\/thumbs\/thumbs_fidel_justin4.jpg\" \/><\/a><a href=\"\/blog\/wp-content\/uploads\/2024\/fidel_justin2.jpg\"><img decoding=\"async\" src=\"\/blog\/wp-content\/uploads\/2024\/thumbs\/thumbs_fidel_justin2.jpg\" \/><\/a><\/p>\n<p style=\"text-align: center;\"><em>Samanlaiset kasvonpiirteet<\/em><\/p>\n<p style=\"text-align: justify;\">Emme kuitenkaan saane koskaan tiet\u00e4\u00e4 onko <a title=\"Tuloksettomat parlamenttivaalit\" href=\"https:\/\/www.vuosiamaailmalla.fi\/blog\/2021\/tuloksettomat-parlamenttivaalit\/\">Kanadan 23. p\u00e4\u00e4ministeri<\/a> tosiaankin edesmenneen marxilaisen kuubalaisdiktaattorin lapsi ja \u00e4p\u00e4r\u00e4, joten totuus j\u00e4\u00e4neekin jokaisen lukijan oman harkinnan varaan. Ja siin\u00e4 itse kunkin uskoman totuuden ratkaisee se, ett\u00e4 uskooko lukija eniten omia silmi\u00e4\u00e4n tai kriittist\u00e4 ajatteluaan, vai onko luotto kaikkein vahvinta virallisten tahojen julistamaan totuuteen.<\/p>\n","protected":false},"excerpt":{"rendered":"<p>Historia on t\u00e4ynn\u00e4 esimerkkej\u00e4 erilaisista julkisista salaisuuksista, joita viralliset tahot ovat monesti pyrkineet diskreditoimaan per\u00e4tt\u00f6min\u00e4 huhuina tai salaliittoteorioina. Kekkosen terveydentila, Tiitisen listan nimet, Bidenin seniiliys sek\u00e4 mysteeri Kanadan p\u00e4\u00e4ministeri Justin Trudeaun oikeasta is\u00e4st\u00e4 ovat aiheita, joissa kansan keskuudessa vallitseva uskomus ei vastaa virallisena esitetty\u00e4 totuutta.<\/p>\n","protected":false},"author":1,"featured_media":13762,"comment_status":"open","ping_status":"closed","sticky":false,"template":"","format":"standard","meta":{"_jetpack_memberships_contains_paid_content":false,"footnotes":""},"categories":[17,3],"tags":[1853,133,139,1230,935,155,1854],"class_list":["post-13759","post","type-post","status-publish","format-standard","has-post-thumbnail","hentry","category-arki-kanadassa","category-arki-ulkomailla","tag-fidel-castro","tag-hassua","tag-historiaa-2","tag-justin-trudeau","tag-kanada","tag-kanadalainen-juttu","tag-kuuba"],"jetpack_featured_media_url":"https:\/\/www.vuosiamaailmalla.fi\/blog\/wp-content\/uploads\/kanadan_fidel_castro_banner.jpg","jetpack_sharing_enabled":true,"_links":{"self":[{"href":"https:\/\/www.vuosiamaailmalla.fi\/blog\/wp-json\/wp\/v2\/posts\/13759","targetHints":{"allow":["GET"]}}],"collection":[{"href":"https:\/\/www.vuosiamaailmalla.fi\/blog\/wp-json\/wp\/v2\/posts"}],"about":[{"href":"https:\/\/www.vuosiamaailmalla.fi\/blog\/wp-json\/wp\/v2\/types\/post"}],"author":[{"embeddable":true,"href":"https:\/\/www.vuosiamaailmalla.fi\/blog\/wp-json\/wp\/v2\/users\/1"}],"replies":[{"embeddable":true,"href":"https:\/\/www.vuosiamaailmalla.fi\/blog\/wp-json\/wp\/v2\/comments?post=13759"}],"version-history":[{"count":9,"href":"https:\/\/www.vuosiamaailmalla.fi\/blog\/wp-json\/wp\/v2\/posts\/13759\/revisions"}],"predecessor-version":[{"id":13923,"href":"https:\/\/www.vuosiamaailmalla.fi\/blog\/wp-json\/wp\/v2\/posts\/13759\/revisions\/13923"}],"wp:featuredmedia":[{"embeddable":true,"href":"https:\/\/www.vuosiamaailmalla.fi\/blog\/wp-json\/wp\/v2\/media\/13762"}],"wp:attachment":[{"href":"https:\/\/www.vuosiamaailmalla.fi\/blog\/wp-json\/wp\/v2\/media?parent=13759"}],"wp:term":[{"taxonomy":"category","embeddable":true,"href":"https:\/\/www.vuosiamaailmalla.fi\/blog\/wp-json\/wp\/v2\/categories?post=13759"},{"taxonomy":"post_tag","embeddable":true,"href":"https:\/\/www.vuosiamaailmalla.fi\/blog\/wp-json\/wp\/v2\/tags?post=13759"}],"curies":[{"name":"wp","href":"https:\/\/api.w.org\/{rel}","templated":true}]}}