{"id":13781,"date":"2024-10-20T13:05:06","date_gmt":"2024-10-20T20:05:06","guid":{"rendered":"https:\/\/www.vuosiamaailmalla.fi\/blog\/?p=13781"},"modified":"2024-11-17T14:50:12","modified_gmt":"2024-11-17T22:50:12","slug":"vaalitaistelu-rankkasateen-keskella","status":"publish","type":"post","link":"https:\/\/www.vuosiamaailmalla.fi\/blog\/2024\/vaalitaistelu-rankkasateen-keskella\/","title":{"rendered":"Vaalitaistelu rankkasateen keskell\u00e4"},"content":{"rendered":"<p style=\"text-align: justify;\">British Columbiassa \u00e4\u00e4nestettiin t\u00e4n\u00e4 viikonloppuna provinssivaaleissa poikkeuksellisen <a title=\"Maanvy\u00f6ryjen erist\u00e4m\u00e4 Vancouver\" href=\"https:\/\/www.vuosiamaailmalla.fi\/blog\/2021\/maanvyoryjen-eristama-vancouver\/\">voimakkaan syysmyrskyn<\/a> keskell\u00e4. Huonon s\u00e4\u00e4n on arvioitu vaikuttaneen alhaiseksi j\u00e4\u00e4neeseen 57,4% \u00e4\u00e4nestysprosenttiin, sill\u00e4 muuten vaalit ovat saaneet runsaasti huomiota, galluppien povatessa eritt\u00e4in tasaista vaalitulosta.<\/p>\n<p><!--more--><\/p>\n<p style=\"text-align: center;\"><a href=\"\/blog\/wp-content\/uploads\/2024\/aanestys_kaatosateessa.jpg\"><img decoding=\"async\" src=\"\/blog\/wp-content\/uploads\/2024\/aanestys_kaatosateessa.jpg\" \/><\/a><\/p>\n<p style=\"text-align: center;\"><em>Vaalit k\u00e4ytiin rankkasateen keskell\u00e4<\/em><\/p>\n<p style=\"text-align: center;\"><a href=\"\/blog\/wp-content\/uploads\/2024\/aanestyspaiva.jpg\"><img decoding=\"async\" src=\"\/blog\/wp-content\/uploads\/2024\/thumbs\/thumbs_aanestyspaiva.jpg\" \/><\/a><a href=\"\/blog\/wp-content\/uploads\/2024\/aanestyspaiva2.jpg\"><img decoding=\"async\" src=\"\/blog\/wp-content\/uploads\/2024\/thumbs\/thumbs_aanestyspaiva2.jpg\" \/><\/a><\/p>\n<p style=\"text-align: center;\"><em>S\u00e4\u00e4 vaikutti \u00e4\u00e4nestysvilkkauteen<\/em><\/p>\n<p style=\"text-align: justify;\">Vaaleihin k\u00e4ytiin erikoisessa asemassa, sill\u00e4 aiempi valtapuolue ja British Columbiaa yht\u00e4mittaisesti vuosina 1993 &#8211; 2017 hallinnut liberaaripuolue <em>BC Liberals<\/em> puuttui \u00e4\u00e4nestyslistoilta kokonaan. Pitk\u00e4\u00e4n valtaa pit\u00e4nyt puolue kaatui <a title=\"Vancouver luopuu tietulleista\" href=\"https:\/\/www.vuosiamaailmalla.fi\/blog\/2017\/vancouver-luopuu-tietulleista\/\">vuoden 2017 vaaleihin<\/a>, jotka puolue voitti nipin napin muodostaen v\u00e4hemmist\u00f6hallituksen. Se kuitenkin kaatui l\u00e4hes v\u00e4litt\u00f6m\u00e4sti sosiaalidemokraattien (NDP) ja vihreiden muodostamaan vaaliliittoon, jonka turvin NDP:n Jon Horganista tuli provinssin uusi p\u00e4\u00e4ministeri.<\/p>\n<p style=\"text-align: justify;\">NDP joutui kuitenkin hallitsemaan ensimm\u00e4iset vuodet v\u00e4hemmist\u00f6hallituksen avulla, kunnes puolue sai vuoden 2020 vaaleissa onnistuneina pidettyjen koronatoimiensa vanavedess\u00e4 <a title=\"Provinssivaaleissa enemmist\u00f6hallitus\" href=\"https:\/\/www.vuosiamaailmalla.fi\/blog\/2020\/provinssivaaleissa-syntyi-enemmistohallitus\/\">merkitt\u00e4v\u00e4n enemmist\u00f6n<\/a>. Horganin terveydentila ja uusiutunut kurkkusy\u00f6p\u00e4 pakottivat t\u00e4m\u00e4n kuitenkin luopumaan vallasta kes\u00e4kuussa 2022, jolloin puolueen johtoon ja British Columbian p\u00e4\u00e4ministeriksi nousi vasta 46-vuotias David Eby.<\/p>\n<p style=\"text-align: center;\"><a href=\"\/blog\/wp-content\/uploads\/2024\/david_eby.jpg\"><img decoding=\"async\" src=\"\/blog\/wp-content\/uploads\/2024\/david_eby.jpg\" \/><\/a><\/p>\n<p style=\"text-align: center;\"><em>David Eby uusinee t\u00e4p\u00e4r\u00e4sti virkansa<\/em><\/p>\n<p style=\"text-align: justify;\">Ebyn nousu valtaan aiheutti aluksi kulmakarvojen kohoamista, sill\u00e4 ennen politiikkaan siirtymist\u00e4\u00e4n t\u00e4m\u00e4 ty\u00f6skenteli 2000-luvun alussa kyseenalaisen maineen omaavassa <em>Pivot Legal Societyss\u00e4<\/em>, joka tunnetaan l\u00e4hinn\u00e4 poliisin vastaisuudestaan sek\u00e4 rikollisten suojelusta. Huolena oli, ett\u00e4 British Columbian lains\u00e4\u00e4d\u00e4nt\u00f6 muuttuisi entist\u00e4kin sallivammaksi huumeidenk\u00e4ytt\u00f6\u00e4 kohtaan, mik\u00e4 on my\u00f6s tapahtunut ja osoittautunut sittemmin <a title=\"T\u00e4ydellisen ep\u00e4onnistunut huumepolitiikka\" href=\"https:\/\/www.vuosiamaailmalla.fi\/blog\/2024\/taydellisen-epaonnistunut-huumepolitiikka\/\">t\u00e4ydelliseksi fiaskoksi<\/a>.<\/p>\n<p style=\"text-align: justify;\">Eby itse on kuitenkin osoittautunut poliitikoksi, joka pystyy muuttamaan mielt\u00e4\u00e4n, mik\u00e4 on n\u00e4hty my\u00f6s huumepolitiikan kohdalla, joskin vasta aivan viime aikoina. Samaan aikaan NDP on ajanut huomattavia parannuksia muun muassa lastenhoitoon ja rahoittanut sairaaloiden laajennuksia sek\u00e4 investointeja terveydenhuoltoon. Vaikka suunta onkin ollut oikea, ovat tulokset j\u00e4\u00e4neet ohuiksi, sill\u00e4 investoinnit tapahtuvat vuosia liian my\u00f6h\u00e4\u00e4n ja Kanadan t\u00e4m\u00e4nhetkisen <a title=\"Kanadan v\u00e4est\u00f6r\u00e4j\u00e4hdys\" href=\"https:\/\/www.vuosiamaailmalla.fi\/blog\/2023\/kanadan-vaestorajahdys\/\">massamaahanmuuton keskell\u00e4<\/a>. Eby onkin kritisoinut maahanmuuton tasoa, joka on liittovaltion m\u00e4\u00e4rittelem\u00e4 aihe, luonnehtien sit\u00e4 t\u00e4ysin kest\u00e4m\u00e4tt\u00f6m\u00e4ksi.<\/p>\n<p style=\"text-align: center;\"><a href=\"\/blog\/wp-content\/uploads\/2024\/konservatiivien_nousu.jpg\"><img decoding=\"async\" src=\"\/blog\/wp-content\/uploads\/2024\/konservatiivien_nousu.jpg\" \/><\/a><\/p>\n<p style=\"text-align: center;\"><em>Konservatiivien nousu on ollut kiitomaista<\/em><\/p>\n<p style=\"text-align: justify;\">Sosiaalidemokraatit ovat paistatelleet kuluvalla hallituskaudella gallupeissa, mutta vaaleista ennakoitiin silti eritt\u00e4in tasaisia, sill\u00e4 liberaalipuolueen t\u00e4ydellinen romahdus on tarjonnut konservatiiveille mahdollisuuden vallankahvaan ensimm\u00e4ist\u00e4 kertaa sitten vuoden 1952.<\/p>\n<p style=\"text-align: justify;\">Liberaalipuolueen romahdus on t\u00e4ysin puolueen omaa tekoa, sill\u00e4 vuonna 2022 se erotti useita j\u00e4seni\u00e4\u00e4n twiittausten sek\u00e4 poliittisen eripuran vuoksi. Yksi erotetuista oli John Rustad, joka liittyi konservatiivipuolueeseen ja on johtanut ryhmittym\u00e4n kahdessa vuodessa tyhj\u00e4st\u00e4 l\u00e4hes vallankahvaan. Puolue on saanut my\u00f6s vetoapua kansallisen konservatiivipuolueen viime vuosien suuresta suosiosta siit\u00e4kin huolimatta, ett\u00e4 Kanadan puolueet ovat samanlaisista nimist\u00e4\u00e4n huolimatta poliittisesti erilaisia liittovaltio ja provinssitasolla.<\/p>\n<p style=\"text-align: justify;\">Liberaaleja on puolestaan rasittanut Kanadan p\u00e4\u00e4ministeri <a title=\"Kanadan Fidel Castro\" href=\"https:\/\/www.vuosiamaailmalla.fi\/blog\/2024\/kanadan-fidel-castro\/\">Justin Trudeaun<\/a> valtaisa ep\u00e4suosio, mink\u00e4 vuoksi puolue vaihtoi huhtikuussa 2023 nimens\u00e4 <em>BC Unitediksi<\/em>. Nimenvaihdos kuitenkin vain lis\u00e4si puolueen sy\u00f6ksykierrett\u00e4 ja liberaaleja johtanut Kevin Falcon joutui elokuussa tekem\u00e4\u00e4n poikkeuksellisen ilmoituksen puolueen vet\u00e4ytymisest\u00e4 t\u00e4m\u00e4nvuotisista vaaleista, jotta konservatiivien olisi mahdollista voittaa vaalit. N\u00e4in vaaleista tulikin kahden poliittisen laidan kauppa, vihreiden ollessa j\u00e4lleen vaa&#8217;ankieliasemassa.<\/p>\n<p style=\"text-align: center;\"><a href=\"\/blog\/wp-content\/uploads\/2024\/john_rustad.jpg\"><img decoding=\"async\" src=\"\/blog\/wp-content\/uploads\/2024\/john_rustad.jpg\" \/><\/a><\/p>\n<p style=\"text-align: center;\"><em>Mahdottoman nousun tehnyt John Rustad<\/em><\/p>\n<p style=\"text-align: justify;\">Vaalikampanjan aikana lupauksia on riitt\u00e4nyt, David Ebyn luvatessa nykyisen politiikan jatkumoa ja John Rustadin lupaillessa suuria muutoksia. Eby\u00e4 ja NDP:t\u00e4 on rasittanut kaikkein eniten n\u00e4iden l\u00f6per\u00f6 asenne v\u00e4kivaltarikollisuutta kohtaan, mik\u00e4 on <a title=\"Vaarallinen Vancouver\" href=\"https:\/\/www.vuosiamaailmalla.fi\/blog\/2022\/vaarallinen-vancouver\/\">merkitt\u00e4v\u00e4 ongelma<\/a> ja yhteydess\u00e4 puolueen ep\u00e4onnistuneeseen huumepolitiikkaan. Samaan aikaan Rustad on lupaillut rangaistusten merkitt\u00e4v\u00e4\u00e4 koventamista sek\u00e4 toistuvasti rikoksia tehtailevien vangitsemista, mik\u00e4 on pakottanut Ebynkin koventamaan kantaansa asiaan.<\/p>\n<p style=\"text-align: justify;\">Rustadin vaalilupaukset sis\u00e4lsiv\u00e4t my\u00f6s huomattavia investointeja pahasti alimittaiseen infrastruktuuriin, mik\u00e4 on ollut NDP:n heikkoja kohtia. Harva on antanut anteeksi NDP:n p\u00e4\u00e4t\u00f6ksen perua jo l\u00e4ht\u00f6kuopissa ollut 10-kaistainen <a title=\"Uusi George Massey Bridge\" href=\"https:\/\/www.vuosiamaailmalla.fi\/blog\/2015\/uusi-george-masseyn-silta-tulee\/\"><em>George Massey Bridge<\/em><\/a>, joka olisi <strong>valmistunut<\/strong> viime vuonna. P\u00e4\u00e4t\u00f6s oli puhtaasti <a title=\"Poliitikkojen vesitt\u00e4m\u00e4 suurhanke\" href=\"https:\/\/www.vuosiamaailmalla.fi\/blog\/2022\/poliitikkojen-pilaama-suurhanke\/\">poliittinen n\u00e4p\u00e4ytys<\/a> hanketta pitk\u00e4\u00e4n ajaneille liberaaleille, mutta samaan aikaan vaihtoehtoisen tunnelihankkeen kanssa ei ole saatu seitsem\u00e4ss\u00e4 vuodessa mit\u00e4\u00e4n aikaiseksi.<\/p>\n<p style=\"text-align: justify;\">Konservatiivit olisivat ajaneet hanketta nopeasti eteenp\u00e4in sek\u00e4 levent\u00e4neet ensi vuonna valmistuvan <a title=\"Pattullo Bridgen rakennusty\u00f6maalla\" href=\"https:\/\/www.vuosiamaailmalla.fi\/blog\/2024\/pattullo-bridgen-rakennustyomaalla\/\">uuden <em>Pattullo Bridgen<\/em><\/a> v\u00e4litt\u00f6m\u00e4sti kuusikaiseksi, mik\u00e4 on toinen NDP:n ep\u00e4onninen p\u00e4\u00e4t\u00f6s. Rahaa oltaisiin my\u00f6s investoimassa pikavauhtia uuteen ja paljon leve\u00e4mp\u00e4\u00e4n <em>Ironworkers Memoria Bridgeen <\/em>sek\u00e4 elint\u00e4rke\u00e4n\u00a0<a title=\"Port Mann Bridge valmistui\" href=\"https:\/\/www.vuosiamaailmalla.fi\/blog\/2015\/port-mann-bridgen-projekti-valmis\/\"><em>Highway 1<\/em><\/a> levent\u00e4miseen kuusikaistaiseksi aina Chilliwackiin saakka. Vaaliohjelmaan sis\u00e4ltyi my\u00f6skin toisen sillan rakentamiseksi Lake Okanagan ylitse <a title=\"Sapattivieraat k\u00e4ym\u00e4ss\u00e4\" href=\"https:\/\/www.vuosiamaailmalla.fi\/blog\/2015\/sapattivieraat-kaymassa\/\">Kelownassa<\/a> sek\u00e4 uusi silta Peace Riverin ylitse. Rahaa olisi osoitettu my\u00f6s Skytrainin laajentamiseen sek\u00e4 kiintoisa ehdotus British Columbian toisen <a title=\"Kriittiset ensip\u00e4iv\u00e4t teho-osastolla\" href=\"https:\/\/www.vuosiamaailmalla.fi\/blog\/2021\/kriittiset-ensipaivat-teho-osastolla\/\">lastensairaalan<\/a> rakentamisesta Surreyhin.<\/p>\n<p style=\"text-align: justify;\">Kaikki mainitut hankkeet olisivat todella merkitt\u00e4vi\u00e4 ja loisivat valtavan m\u00e4\u00e4r\u00e4n ty\u00f6paikkoja sek\u00e4 antaisivat infrastruktuurille j\u00e4ttiharppauksen t\u00e4m\u00e4n p\u00e4iv\u00e4n tarpeeseen. T\u00e4m\u00e4 viesti resonoikin \u00e4\u00e4nest\u00e4jien keskuudessa ja ei ollutkaan ihme, ett\u00e4 puolueen kannatus nousi vaalien alla raketin lailla, puolueen j\u00e4\u00e4dess\u00e4 ainoastaan hiuskarvan p\u00e4\u00e4h\u00e4n hallitusvastuusta.<\/p>\n<p style=\"text-align: justify;\">T\u00e4t\u00e4 kirjoittaessa vaalitulosta ei ole viel\u00e4 vahvistettu, sill\u00e4 NDP:n johto on ainoastaan <strong>yksi<\/strong> paikka konservatiiveihin verrattuna. Kahdella vaalialueella tulos on ainoastaan muutaman kymmenen \u00e4\u00e4nen sis\u00e4ll\u00e4 NDP:n eduksi, joten lopullinen tulos tullaan saamaan vasta ensi viikon \u00e4\u00e4nten uudelleenlaskennan j\u00e4lkeen, sill\u00e4 k\u00e4\u00e4ntyess\u00e4\u00e4n konservatiiveille n\u00e4m\u00e4 kaksi paikkaa siivitt\u00e4isiv\u00e4t n\u00e4m\u00e4 enemmist\u00f6hallituksen muodostukseen.<\/p>\n<p style=\"text-align: center;\"><a href=\"\/blog\/wp-content\/uploads\/2024\/kutkuttava_vaalitulos.jpg\"><img decoding=\"async\" src=\"\/blog\/wp-content\/uploads\/2024\/kutkuttava_vaalitulos.jpg\" \/><\/a><\/p>\n<p style=\"text-align: center;\"><em>Tiukkaakin tiukempi vahvistamaton vaalitulos<\/em><\/p>\n<p style=\"text-align: justify;\">Jos tulos kuitenkin s\u00e4ilyy nykyisell\u00e4\u00e4n, silloin NDP joutuu muodostamaan v\u00e4hemmist\u00f6hallituksen pienimm\u00e4ll\u00e4 mahdollisella erotuksella. Koska puolueen pit\u00e4\u00e4 nimitt\u00e4\u00e4 joukostaan parlamentin puhemies, voitaisiin \u00e4\u00e4nestyksiss\u00e4 n\u00e4hd\u00e4 helposti tasapelej\u00e4. T\u00e4m\u00e4n vuoksi ainoastaan kaksi paikkaa saaneet vihre\u00e4t saattavat olla kuninkaantekij\u00f6it\u00e4, joilla olisi kokoaan merkitt\u00e4v\u00e4mpi vaikutus uuden hallituksen toiminnassa ja mahdollisuus solmia NDP:n kanssa uusi vaaliliitto. Mukana t\u00e4ss\u00e4 ei kuitenkaan tule olemaan puolueen johtaja Sonia Furstenau, joka menetti paikkansa eilisiss\u00e4 vaaleissa.<\/p>\n<p style=\"text-align: center;\"><a href=\"\/blog\/wp-content\/uploads\/2024\/puheenjohtajat.jpg\"><img decoding=\"async\" src=\"\/blog\/wp-content\/uploads\/2024\/puheenjohtajat.jpg\" \/><\/a><\/p>\n<p style=\"text-align: center;\"><em>Vihreiden johtaja menetti paikkansa<\/em><\/p>\n<p style=\"text-align: justify;\">Miten lauantainen vaalitulos vaikuttaa British Columbian suuntaan jatkossa j\u00e4\u00e4 n\u00e4ht\u00e4v\u00e4ksi. Tiukka vaalikamppailu pakotti sosiaalidemokraatit tiukentamaan kantojaan huomattavasti ja n\u00e4ht\u00e4v\u00e4ksi j\u00e4\u00e4 josko David Eby aikoo toimia lupaustensa mukaisesti. T\u00e4st\u00e4 on Ebyn kohdalla aiempaa n\u00e4ytt\u00f6\u00e4, joten vaalituloksesta huolimatta l\u00e4nsirannikolla hyp\u00e4ttiin nyt voimakkaasti oikeistolaisempaan suuntaan, mik\u00e4 tapahtunee my\u00f6s ensi vuoden liittovaltiotason parlamenttivaaleissa, Kanadan yritt\u00e4ess\u00e4 <a title=\"Kanada on rikki\" href=\"https:\/\/www.vuosiamaailmalla.fi\/blog\/2024\/kanada-on-rikki\/\">korjata itse\u00e4\u00e4n<\/a>.<\/p>\n<p><strong>P\u00e4ivitys &#8211; 17. marraskuuta 2024<\/strong><\/p>\n<p style=\"text-align: justify;\">Vaalien lopullista tulosta saatiin lopulta j\u00e4nnitt\u00e4\u00e4 reilun viikon ajan ja tarkastuslaskennassa tulos k\u00e4\u00e4ntyi NDP:n yhden paikan <strong>enemmist\u00f6ksi<\/strong> ainoastaan 22 \u00e4\u00e4nen voimin Surrey-Guildfordin \u00e4\u00e4nestysalueen k\u00e4\u00e4nnytty\u00e4. N\u00e4in ollen David Ebyn ei tarvitse ruveta yhteisty\u00f6h\u00f6n Vihreiden kanssa, mik\u00e4 helpottaa politiikan tekemist\u00e4. Onkin kiintoisa n\u00e4hd\u00e4 mit\u00e4 uutta NDP pystyy tuomaan seuraavien nelj\u00e4n vuoden aikana British Columbian politiikkaan.<\/p>\n","protected":false},"excerpt":{"rendered":"<p>British Columbiassa \u00e4\u00e4nestettiin t\u00e4n\u00e4 viikonloppuna provinssivaaleissa poikkeuksellisen voimakkaan syysmyrskyn keskell\u00e4. Huonon s\u00e4\u00e4n on arvioitu vaikuttaneen alhaiseksi j\u00e4\u00e4neeseen 57,4% \u00e4\u00e4nestysprosenttiin, sill\u00e4 muuten vaalit ovat saaneet runsaasti huomiota, galluppien povatessa eritt\u00e4in tasaista vaalitulosta.<\/p>\n","protected":false},"author":1,"featured_media":13785,"comment_status":"open","ping_status":"closed","sticky":false,"template":"","format":"standard","meta":{"_jetpack_memberships_contains_paid_content":false,"footnotes":""},"categories":[17,3],"tags":[25,935,297],"class_list":["post-13781","post","type-post","status-publish","format-standard","has-post-thumbnail","hentry","category-arki-kanadassa","category-arki-ulkomailla","tag-ajankohtaista","tag-kanada","tag-vaalit"],"jetpack_featured_media_url":"https:\/\/www.vuosiamaailmalla.fi\/blog\/wp-content\/uploads\/aanestyspaiva_banner.jpg","jetpack_sharing_enabled":true,"_links":{"self":[{"href":"https:\/\/www.vuosiamaailmalla.fi\/blog\/wp-json\/wp\/v2\/posts\/13781","targetHints":{"allow":["GET"]}}],"collection":[{"href":"https:\/\/www.vuosiamaailmalla.fi\/blog\/wp-json\/wp\/v2\/posts"}],"about":[{"href":"https:\/\/www.vuosiamaailmalla.fi\/blog\/wp-json\/wp\/v2\/types\/post"}],"author":[{"embeddable":true,"href":"https:\/\/www.vuosiamaailmalla.fi\/blog\/wp-json\/wp\/v2\/users\/1"}],"replies":[{"embeddable":true,"href":"https:\/\/www.vuosiamaailmalla.fi\/blog\/wp-json\/wp\/v2\/comments?post=13781"}],"version-history":[{"count":5,"href":"https:\/\/www.vuosiamaailmalla.fi\/blog\/wp-json\/wp\/v2\/posts\/13781\/revisions"}],"predecessor-version":[{"id":13824,"href":"https:\/\/www.vuosiamaailmalla.fi\/blog\/wp-json\/wp\/v2\/posts\/13781\/revisions\/13824"}],"wp:featuredmedia":[{"embeddable":true,"href":"https:\/\/www.vuosiamaailmalla.fi\/blog\/wp-json\/wp\/v2\/media\/13785"}],"wp:attachment":[{"href":"https:\/\/www.vuosiamaailmalla.fi\/blog\/wp-json\/wp\/v2\/media?parent=13781"}],"wp:term":[{"taxonomy":"category","embeddable":true,"href":"https:\/\/www.vuosiamaailmalla.fi\/blog\/wp-json\/wp\/v2\/categories?post=13781"},{"taxonomy":"post_tag","embeddable":true,"href":"https:\/\/www.vuosiamaailmalla.fi\/blog\/wp-json\/wp\/v2\/tags?post=13781"}],"curies":[{"name":"wp","href":"https:\/\/api.w.org\/{rel}","templated":true}]}}