{"id":1379,"date":"2010-11-22T19:05:36","date_gmt":"2010-11-23T03:05:36","guid":{"rendered":"http:\/\/13.53.127.146\/?p=1379"},"modified":"2021-02-10T20:30:35","modified_gmt":"2021-02-11T04:30:35","slug":"jouluvalmisteluja-lansi-berliinissa","status":"publish","type":"post","link":"https:\/\/www.vuosiamaailmalla.fi\/blog\/2010\/jouluvalmisteluja-lansi-berliinissa\/","title":{"rendered":"Jouluvalmisteluja L\u00e4nsi-Berliiniss\u00e4"},"content":{"rendered":"<p style=\"text-align: justify;\">Elet\u00e4\u00e4n viel\u00e4 marraskuun puolta, mutta jouluvalmistelut ovat jo kovassa vauhdissa niin kaupungilla kuin kodeissakin. Kaupungilla <a title=\"Joulumarkkinoiden pystytys alkoi\" href=\"https:\/\/www.vuosiamaailmalla.fi\/?p=1248\">valmistaudutaan<\/a> tietenkin ensi viikon <a title=\"Opas Berliinin joulumarkkinoille\" href=\"https:\/\/www.vuosiamaailmalla.fi\/?p=1385\">joulumarkkinoiden<\/a> avajaisiin ja kodeissa tehtaillaan joulukortteja. Tai ainakin meid\u00e4n kodissa tehtaillaan. Niina on jo monena edellisvuotena intoutunut tekem\u00e4\u00e4n itse kaikki l\u00e4hett\u00e4m\u00e4mme joulukortit ja prototyyppej\u00e4 onkin laadittu jo pari viikkoa. Lopullinen malli on my\u00f6s lopultakin p\u00e4\u00e4tetty, tosin viel\u00e4 huippusalainen, ja niinp\u00e4 lauantaina piti l\u00e4hte\u00e4 L\u00e4nsi-Berliiniin saakka noutamaan tarpeita massatuotannon aloitukseen. Itse\u00e4ni korttien tekeminen ei niin kiinnosta, mutta l\u00e4hdinp\u00e4 mukaan katsastaakseni <em>Zoofensterin<\/em> tilanteen, sek\u00e4 josko KaDeWe:ll\u00e4 olisi jo esill\u00e4 joulukoristelut.<\/p>\n<p><!--more--><\/p>\n<p style=\"text-align: justify;\">L\u00e4nsi-Keskustassa Zoofenster oli edennyt hyvin ja ulkoseinien pintoja oli saatu viimeistelty\u00e4 jo monen kerroksen korkeudelta. Kaksi nostokurkea oli jo purettu rakennuksen ymp\u00e4rilt\u00e4, mutta p\u00e4\u00e4tornin vierell\u00e4 kohoava kaikkein korkein nosturi oli viel\u00e4 paikallaan, todenn\u00e4k\u00f6isesti auttaakseen yl\u00e4kerrosten ikkunaelementtien nostossa. Yl\u00e4kerrosten muoto ja mitat alkavat olla nyt n\u00e4ht\u00e4viss\u00e4, kun ylim\u00e4\u00e4r\u00e4iset rakennustelineet rakennuksen ymp\u00e4rilt\u00e4 on purettu. Kaiken kaikkiaan rakennuksesta tulee mielest\u00e4ni edelleen oivallinen ja se sopii paikalleen kuin nakutettu. Viel\u00e4 kun tuoreet huhut Zoofensterin viereen suunnitellun <em>Atlas Tower<\/em> -pilvenpiirt\u00e4j\u00e4n henkiinher\u00e4\u00e4misest\u00e4 pit\u00e4v\u00e4t paikkansa, on L\u00e4nsi-Berliinin keskustasta tulossa loistava.<\/p>\n<p style=\"text-align: center;\"><a href=\"\/blog\/wp-content\/uploads\/2010\/massiivinen_zoofenster1.jpg\" target=\"_blank\" rel=\"noopener\"><img decoding=\"async\" style=\"border: 0px none; margin: 5px;\" src=\"\/blog\/wp-content\/uploads\/2010\/thumbs\/thumbs_massiivinen_zoofenster1.jpg\" alt=\"\" \/><\/a><a href=\"\/blog\/wp-content\/uploads\/2010\/massiivinen_zoofenster2.jpg\" target=\"_blank\" rel=\"noopener\"><img decoding=\"async\" style=\"border: 0px none; margin: 5px;\" src=\"\/blog\/wp-content\/uploads\/2010\/thumbs\/thumbs_massiivinen_zoofenster2.jpg\" alt=\"\" \/><\/a><a href=\"\/blog\/wp-content\/uploads\/2010\/ylakerrokset.jpg\" target=\"_blank\" rel=\"noopener\"><img decoding=\"async\" style=\"border: 0px none; margin: 5px;\" src=\"\/blog\/wp-content\/uploads\/2010\/thumbs\/thumbs_ylakerrokset.jpg\" alt=\"\" \/><\/a><\/p>\n<p style=\"text-align: center;\"><em>Massiivinen Zoofenster<\/em><\/p>\n<p style=\"text-align: justify;\"><a title=\"Berliinin korkein rakennusty\u00f6maa\" href=\"https:\/\/www.vuosiamaailmalla.fi\/?p=1416\">Zoofensteriin<\/a> liittyen on pakko mainita siihen liittyv\u00e4st\u00e4 tapauksesta viime kuun puolelta. Siin\u00e4 32-vuotias merijalkav\u00e4en sotilas onnistui y\u00f6aikaan tunkeutumaan rakennusty\u00f6maan huipulle ja suoritti sielt\u00e4 base-hypyn. Kaikki ei kuitenkaan mennyt suunnitellusti ja varjon avauduttua kaveri m\u00e4j\u00e4hti p\u00e4in vastap\u00e4isen rakennuksen sein\u00e4\u00e4 noin kuudennen kerroksen kohdalla. Osuma ja sit\u00e4 seurannut pudotus kadulle on ollut raju, sill\u00e4 kaveri makaa edelleen sairaalassa vakavasti loukkaantuneena. Motivaationa t\u00e4ss\u00e4 laittomassa tempussa lienee ollut halu olla ensimm\u00e4inen rakennuksesta hypp\u00e4\u00e4j\u00e4 ja laittaa hypyst\u00e4 video nettiin. T\u00e4m\u00e4n puolesta puhuu muun muassa se, ett\u00e4 kaverilla oli p\u00e4\u00e4ss\u00e4\u00e4n kyp\u00e4r\u00e4kamera.<\/p>\n<p style=\"text-align: justify;\">Lauantai keskip\u00e4iv\u00e4n aikaan L\u00e4nsi-Keskustassa oli liikkeell\u00e4 valtavasti ihmisi\u00e4. Itse <em>Breitscheidplatzin<\/em> aukio oli kuitenkin rauhaisa, sill\u00e4 rakenteilla olevalle joulumarkkina-alueelle ei ihan viel\u00e4 ole p\u00e4\u00e4sy\u00e4. Aukion keskell\u00e4 <em>Kaiser-Wilhelm-Ged\u00e4chtnis-Kirche<\/em>\u00e4 oltiin aloitettu paketoimaan tulevaa saneerausta varten. T\u00e4m\u00e4 kuuluisa toisessa maailmansodassa raunioitunut kirkko joutuu per\u00e4ti kahdeksi vuodeksi t\u00e4ydelliseen saneeraukseen, jonka vuoksi se joudutaan peitt\u00e4m\u00e4\u00e4n n\u00e4kyvist\u00e4. Kirkon pieneen musoon pit\u00e4isi silti olla turisteilla p\u00e4\u00e4sy saneerauksen aikanakin.<\/p>\n<p style=\"text-align: center;\"><a href=\"\/blog\/wp-content\/uploads\/2010\/kirkko_menossa_pakettiin.jpg\" target=\"_blank\" rel=\"noopener\"><img decoding=\"async\" style=\"border: 0px none; margin: 5px;\" src=\"\/blog\/wp-content\/uploads\/2010\/thumbs\/thumbs_kirkko_menossa_pakettiin.jpg\" alt=\"\" \/><\/a><\/p>\n<p style=\"text-align: center;\"><em>Kirkko menossa pakettiin<\/em><\/p>\n<p style=\"text-align: justify;\">Niinan k\u00e4ydess\u00e4 askartelutarvikkeita, keskityin itse kuvaamaan kadunvarsilla n\u00e4kyvi\u00e4 urheilu- ja luksusautoja. Yleens\u00e4 L\u00e4nsi-Keskustassa voi olla melkein varma, ett\u00e4 n\u00e4kee ainakin jonkun hieman r\u00e4yhe\u00e4mm\u00e4n auton, mutta t\u00e4ll\u00e4 kertaa tarjonta oli poikkeuksellisen hyv\u00e4.<\/p>\n<p style=\"text-align: center;\"><a href=\"\/blog\/wp-content\/uploads\/2010\/maserati.jpg\" target=\"_blank\" rel=\"noopener\"><img decoding=\"async\" style=\"border: 0px none; margin: 5px;\" src=\"\/blog\/wp-content\/uploads\/2010\/thumbs\/thumbs_maserati.jpg\" alt=\"\" \/><\/a><a href=\"\/blog\/wp-content\/uploads\/2010\/audi_r8.jpg\" target=\"_blank\" rel=\"noopener\"><img decoding=\"async\" style=\"border: 0px none; margin: 5px;\" src=\"\/blog\/wp-content\/uploads\/2010\/thumbs\/thumbs_audi_r8.jpg\" alt=\"\" \/><\/a><br \/>\n<a href=\"\/blog\/wp-content\/uploads\/2010\/audi_r8_lahelta.jpg\" target=\"_blank\" rel=\"noopener\"><img decoding=\"async\" style=\"border: 0px none; margin: 5px;\" src=\"\/blog\/wp-content\/uploads\/2010\/thumbs\/thumbs_audi_r8_lahelta.jpg\" alt=\"\" \/><\/a><a href=\"\/blog\/wp-content\/uploads\/2010\/bentley.jpg\" target=\"_blank\" rel=\"noopener\"><img decoding=\"async\" style=\"border: 0px none; margin: 5px;\" src=\"\/blog\/wp-content\/uploads\/2010\/thumbs\/thumbs_bentley.jpg\" alt=\"\" \/><\/a><\/p>\n<p style=\"text-align: center;\"><em>Maserati, Audi R8 ja kaksi Bentley Continentalia samalla kadulla<\/em><\/p>\n<p style=\"text-align: justify;\">Autojen kuvaamisen j\u00e4lkeen poikkesin KaDeWella katsastamassa joulukoristelut, jotka olivatkin jo esill\u00e4 n\u00e4yteikkunoissa sek\u00e4 tavaratalon p\u00e4\u00e4aulassa. Sis\u00e4ll\u00e4 ihmisvilin\u00e4 oli melkoista ja vilin\u00e4 muuttuu j\u00e4lleen tungokseksi joulukuun viikonloppuina. Silloin joukkoon ei itse edes halua, joten nyt oli loistava hetki k\u00e4yd\u00e4 katsastamassa koristelut, kun joukkoon viel\u00e4 sopi.<\/p>\n<p style=\"text-align: center;\"><a href=\"\/blog\/wp-content\/uploads\/2010\/kadewen_joulupuu.jpg\" target=\"_blank\" rel=\"noopener\"><img decoding=\"async\" style=\"border: 0px none; margin: 5px;\" src=\"\/blog\/wp-content\/uploads\/2010\/thumbs\/thumbs_kadewen_joulupuu.jpg\" alt=\"\" \/><\/a><a href=\"\/blog\/wp-content\/uploads\/2010\/joulupuun_yksityiskohtia.jpg\" target=\"_blank\" rel=\"noopener\"><img decoding=\"async\" style=\"border: 0px none; margin: 5px;\" src=\"\/blog\/wp-content\/uploads\/2010\/thumbs\/thumbs_joulupuun_yksityiskohtia.jpg\" alt=\"\" \/><\/a><\/p>\n<p style=\"text-align: center;\"><em>KaDeWe:n korea joulukuusi<\/em><\/p>\n<p style=\"text-align: justify;\">Kotona ilta meni sitten Niinalla joulukorttien massatuotantoa aloitellessa. Itse puolestani <a title=\"P\u00e4ivityst\u00e4 ajolaitteisiin\" href=\"https:\/\/www.vuosiamaailmalla.fi\/?p=1026\">ajelin<\/a> yhden GP-viikonlopun, mink\u00e4 lis\u00e4ksi katsoimme elokuvan. Kaiken kaikkiaan lauantai oli kaikessa arkisuudessaankin oikein onnistunut. Kyseess\u00e4 oli my\u00f6s viimeinen &#8221;vapaa&#8221; viikonloppu, sill\u00e4 ensi viikolla \u00e4itini saapuu <a title=\"Ostoksilla jouluvieraan kanssa\" href=\"https:\/\/www.vuosiamaailmalla.fi\/?p=1372\">vieraaksemme<\/a>. T\u00e4t\u00e4 seuraavat Niinan vanhemmat viikkoa my\u00f6hemmin. Vierailujen varalta onkin jo kehitetty pient\u00e4 erikoistoimintaa, josta tulee varmaan <a title=\"Jouluinen vierailu Gestapo- ja SS-museoilla sek\u00e4 loistokas show\" href=\"https:\/\/www.vuosiamaailmalla.fi\/?p=1110\">kerrottua<\/a> ensi kuussa.<\/p>\n","protected":false},"excerpt":{"rendered":"<p>Elet\u00e4\u00e4n viel\u00e4 marraskuun puolta, mutta jouluvalmistelut ovat jo kovassa vauhdissa niin kaupungilla kuin kodeissakin. Kaupungilla valmistaudutaan tietenkin ensi viikon joulumarkkinoiden avajaisiin ja kodeissa tehtaillaan joulukortteja. Tai ainakin meid\u00e4n kodissa tehtaillaan. Niina on jo monena edellisvuotena intoutunut tekem\u00e4\u00e4n itse kaikki l\u00e4hett\u00e4m\u00e4mme joulukortit ja prototyyppej\u00e4 onkin laadittu jo pari viikkoa. Lopullinen malli on my\u00f6s lopultakin p\u00e4\u00e4tetty, tosin &hellip; <a href=\"https:\/\/www.vuosiamaailmalla.fi\/blog\/2010\/jouluvalmisteluja-lansi-berliinissa\/\" class=\"more-link\">Jatka lukemista<span class=\"screen-reader-text\"> &#8221;Jouluvalmisteluja L\u00e4nsi-Berliiniss\u00e4&#8221;<\/span><\/a><\/p>\n","protected":false},"author":1,"featured_media":11813,"comment_status":"open","ping_status":"open","sticky":false,"template":"","format":"standard","meta":{"_jetpack_memberships_contains_paid_content":false,"footnotes":""},"categories":[18,3],"tags":[25,34,39,49,264,152,434,172,301,190,352],"class_list":["post-1379","post","type-post","status-publish","format-standard","has-post-thumbnail","hentry","category-arki-saksassa","category-arki-ulkomailla","tag-ajankohtaista","tag-arki","tag-autot","tag-berliini","tag-joulu","tag-kadewe","tag-kaiser-wilhelm-gedachtnis-kirche","tag-lansi-berliini","tag-rakennustyomaa","tag-saksa","tag-zoofenster"],"jetpack_featured_media_url":"https:\/\/www.vuosiamaailmalla.fi\/blog\/wp-content\/uploads\/joulupuun_yksityiskohtia_banner-1.jpg","jetpack_sharing_enabled":true,"_links":{"self":[{"href":"https:\/\/www.vuosiamaailmalla.fi\/blog\/wp-json\/wp\/v2\/posts\/1379","targetHints":{"allow":["GET"]}}],"collection":[{"href":"https:\/\/www.vuosiamaailmalla.fi\/blog\/wp-json\/wp\/v2\/posts"}],"about":[{"href":"https:\/\/www.vuosiamaailmalla.fi\/blog\/wp-json\/wp\/v2\/types\/post"}],"author":[{"embeddable":true,"href":"https:\/\/www.vuosiamaailmalla.fi\/blog\/wp-json\/wp\/v2\/users\/1"}],"replies":[{"embeddable":true,"href":"https:\/\/www.vuosiamaailmalla.fi\/blog\/wp-json\/wp\/v2\/comments?post=1379"}],"version-history":[{"count":2,"href":"https:\/\/www.vuosiamaailmalla.fi\/blog\/wp-json\/wp\/v2\/posts\/1379\/revisions"}],"predecessor-version":[{"id":11814,"href":"https:\/\/www.vuosiamaailmalla.fi\/blog\/wp-json\/wp\/v2\/posts\/1379\/revisions\/11814"}],"wp:featuredmedia":[{"embeddable":true,"href":"https:\/\/www.vuosiamaailmalla.fi\/blog\/wp-json\/wp\/v2\/media\/11813"}],"wp:attachment":[{"href":"https:\/\/www.vuosiamaailmalla.fi\/blog\/wp-json\/wp\/v2\/media?parent=1379"}],"wp:term":[{"taxonomy":"category","embeddable":true,"href":"https:\/\/www.vuosiamaailmalla.fi\/blog\/wp-json\/wp\/v2\/categories?post=1379"},{"taxonomy":"post_tag","embeddable":true,"href":"https:\/\/www.vuosiamaailmalla.fi\/blog\/wp-json\/wp\/v2\/tags?post=1379"}],"curies":[{"name":"wp","href":"https:\/\/api.w.org\/{rel}","templated":true}]}}