{"id":13881,"date":"2025-02-07T23:20:48","date_gmt":"2025-02-08T07:20:48","guid":{"rendered":"https:\/\/www.vuosiamaailmalla.fi\/blog\/?p=13881"},"modified":"2025-02-07T23:20:48","modified_gmt":"2025-02-08T07:20:48","slug":"kolmen-miljoonan-asukkaan-vancouver","status":"publish","type":"post","link":"https:\/\/www.vuosiamaailmalla.fi\/blog\/2025\/kolmen-miljoonan-asukkaan-vancouver\/","title":{"rendered":"Kolmen miljoonan asukkaan Vancouver"},"content":{"rendered":"<p style=\"text-align: justify;\">Kanadan v\u00e4kiluku on ollut viime vuodet voimakkaassa kasvussa, joka on rikkonut monia aiempia enn\u00e4tyksi\u00e4. Maa ylitti kes\u00e4kuussa 2023 merkitt\u00e4v\u00e4n <a title=\"Kanadan v\u00e4est\u00f6r\u00e4j\u00e4hdys\" href=\"https:\/\/www.vuosiamaailmalla.fi\/blog\/2023\/kanadan-vaestorajahdys\/\">40 miljoonan asukkaan<\/a> rajan, mist\u00e4 v\u00e4kiluvun arvioidaan sittemmin kasvaneen jo 41,6 miljoonaan. Hallitsemattomalla kasvulla onkin ollut merkitt\u00e4v\u00e4 vaikutus kanadalaisten ajatuksiin ja tuntoihin, ja enemmist\u00f6 kokeekin nykyisin <a title=\"Kanada on rikki\" href=\"https:\/\/www.vuosiamaailmalla.fi\/blog\/2024\/kanada-on-rikki\/\">Kanadan olevan rikki<\/a>.<\/p>\n<p><!--more--><\/p>\n<p style=\"text-align: justify;\">Kotiprovinssimme British Columbia ja erityisesti Vancouverin metropolialue ovat olleet erityisen kovan kasvun keskuksia. Muuttaessamme t\u00e4nne vuonna 2012, Vancouverin alueen v\u00e4kiluvuksi laskettiin tuolloin 2,31 miljoonaa. Kanadassa suoritetaan <a title=\"Kanada laski v\u00e4est\u00f6ns\u00e4\" href=\"https:\/\/www.vuosiamaailmalla.fi\/blog\/2017\/kanada-laski-vaestonsa\/\">virallinen v\u00e4est\u00f6nlaskenta<\/a> ainoastaan joka viides vuosi ja tuorein laskenta suoritettiin vuonna 2021, jolloin Vancouverin v\u00e4kiluku oli noussut 2,64 miljoonaan. Sen j\u00e4lkeen kasvu on kuitenkin r\u00e4j\u00e4ht\u00e4nyt ja Kanadan tilastokeskus <em>StatCanin<\/em> viimeisimpien arvioiden mukaan metropolialueen v\u00e4kiluku oli vuodenvaihteessa per\u00e4ti <strong>3,11 miljoonaa<\/strong>!<\/p>\n<p style=\"text-align: center;\"><a href=\"\/blog\/wp-content\/uploads\/2025\/metro_vancouver_3_miljoonaa.jpg\"><img decoding=\"async\" src=\"\/blog\/wp-content\/uploads\/2025\/metro_vancouver_3_miljoonaa.jpg\" \/><\/a><\/p>\n<p style=\"text-align: center;\"><em>J\u00e4ttiharppaus kolmeen miljoonaan<\/em><\/p>\n<p style=\"text-align: justify;\">T\u00e4m\u00e4 tarkoittaa, ett\u00e4 nelj\u00e4ss\u00e4 vuodessa Vancouverin alueelle on muuttanut l\u00e4hes puoli miljoonaa ihmist\u00e4, miss\u00e4 on hyv\u00e4 muistaa, ett\u00e4 vuoden ajan kasvua ruokkiva maahanmuutto oli l\u00e4hes nollassa <a title=\"Paluu koronahuippuihin\" href=\"https:\/\/www.vuosiamaailmalla.fi\/blog\/2020\/paluu-koronahuippuihin\/\">koronaepidemian jyll\u00e4tess\u00e4<\/a> voimakkaimmillaan.<\/p>\n<p style=\"text-align: justify;\">Kasvu, <a title=\"Siet\u00e4m\u00e4tt\u00f6m\u00e4n ruuhkainen metropoli\" href=\"https:\/\/www.vuosiamaailmalla.fi\/blog\/2015\/sietamattoman-ruuhkainen-metropoli\/\">ruuhkaisuus<\/a> ja katukuvan yksinkertainen muuttuminen ovatkin arjessa n\u00e4kyvi\u00e4 asioita. Sairaanhoito on ruuhkautunut todella pahoin ja koulut ovat ihmeiss\u00e4\u00e4n oppilasm\u00e4\u00e4rien kanssa samalla, kun liittovaltion budjetti on <a title=\"Kanadan ty\u00f6llisyystilanne (2024)\" href=\"https:\/\/www.vuosiamaailmalla.fi\/blog\/2024\/kanadan-tyollisyystilanne-2024\/\">kymmeni\u00e4 miljardeja pakkasella<\/a>. Asetelman muutosta kuvaa, ett\u00e4 jopa British Columbian \u00e4skett\u00e4iset <a title=\"Vaalitaistelu rankkasateen keskell\u00e4\" href=\"https:\/\/www.vuosiamaailmalla.fi\/blog\/2024\/vaalitaistelu-rankkasateen-keskella\/\">vaalit voittanut<\/a> p\u00e4\u00e4ministeri David Eby on my\u00f6nt\u00e4nyt kasvun olevan ylivoimainen haaste. Ainoa henkil\u00f6 joka tuntuu olleen tiet\u00e4m\u00e4t\u00f6n haasteista, on Kanadan p\u00e4\u00e4ministerin\u00e4 viel\u00e4 kuukauden p\u00e4iv\u00e4t toimiva <a title=\"Kanadan Fidel Castro\" href=\"https:\/\/www.vuosiamaailmalla.fi\/blog\/2024\/kanadan-fidel-castro\/\">Justin Trudeau<\/a>, jonka johtaman liberaalihallituksen ajaman politiikan tulosta kasvukivut ovat.<\/p>\n<p style=\"text-align: center;\"><a href=\"\/blog\/wp-content\/uploads\/2015\/aamuruuhkaa_ykkostiella7.jpg\"><img decoding=\"async\" src=\"\/blog\/wp-content\/uploads\/2015\/aamuruuhkaa_ykkostiella7.jpg\" \/><\/a><\/p>\n<p style=\"text-align: center;\"><em>Kaikkialla on nykyisin ruuhkaista<\/em><\/p>\n<p style=\"text-align: justify;\">Kasvun per\u00e4ss\u00e4 pysymisen vaikeutta kuvaa laskelma, jonka mukaan jokainen uusi asunto vaatii kaupungeilta sek\u00e4 provinssilta yhteens\u00e4 noin sadantuhannen dollarin edest\u00e4 investointeja infrastruktuuriin, kuten terveydenhuoltoon, liikenteeseen, vesi- ja j\u00e4tehuoltoon, kouluihin&#8230; Lista on pitk\u00e4 ja Kanadan provinssien velkaisuusaste onkin kohonnut viimeiset kymmenen vuotta kest\u00e4neen <a title=\"Kilpailu korkeimmasta pilvenpiirt\u00e4j\u00e4st\u00e4\" href=\"https:\/\/www.vuosiamaailmalla.fi\/blog\/2020\/kilpailu-korkeimmasta-pilvenpiirtajasta\/\">rakennusbuumin<\/a> aikana biljoonaluokkaan.<\/p>\n<p style=\"text-align: justify;\">Uuden miljoonan rikkoutuminen vahvistuu vasta vuoden 2026 v\u00e4est\u00f6nlaskennassa, miss\u00e4 tultaneen kertomaan my\u00f6s, ett\u00e4 British Columbian v\u00e4kiluku h\u00e4tyyttelee 5,8 miljoonaa. Provinssi ohitti merkitt\u00e4v\u00e4n <a title=\"British Columbia ylitti 5 miljoonaa asukasta\" href=\"https:\/\/www.vuosiamaailmalla.fi\/blog\/2019\/british-columbia-ylitti-5-miljoonaa-asukasta\/\">viiden miljoonan rajan<\/a> ainoastaan viisi vuotta sitten ja on kuronut pitk\u00e4st\u00e4 aikaa etumatkaa naapuriprovinssi Albertaan, jonka ennakoitiin viel\u00e4 jokin vuosi sitten ohittavan British Columbian 2030-luvulla.<\/p>\n<p style=\"text-align: center;\"><a href=\"\/blog\/wp-content\/uploads\/2025\/kasvua_kaikkialla.jpg\"><img decoding=\"async\" src=\"\/blog\/wp-content\/uploads\/2025\/kasvua_kaikkialla.jpg\" \/><\/a><\/p>\n<p style=\"text-align: center;\"><em>Kovaa kasvua kaikkialla<\/em><\/p>\n<p style=\"text-align: justify;\">Vaikka Metro Vancouverin v\u00e4kiluvuksi arvioidaankin nyt 3,1 miljoonaa, on itse keskuskaupunki Vancouverin v\u00e4kiluku ainoastaan 756 000. Vancouver menetti koronan keskell\u00e4 hetkellisesti jopa tuhansia asukkaita, mutta on palannut sittemmin voimakkaalle kasvu-uralle. T\u00e4st\u00e4 huolimatta kaupunki j\u00e4\u00e4nee esikaupunki Surreyn jalkoihin muutamassa vuodessa, sill\u00e4 huimasti kasvavan Surreyn arvioidaan rikkoneen nyt 700 000 asukkaan rajan. Vuonna 2027 Vancouver saattaakin olla en\u00e4\u00e4 provinssin toiseksi suurin kaupunki. Oma kotikaupunkimme Burnaby on puolestaan ohittanut t\u00e4ss\u00e4 kuussa 300 000 asukkaan tasaluvun, ollen provinssin kolmanneksi v\u00e4kirikkain kaupunki.<\/p>\n<p style=\"text-align: center;\"><a href=\"\/blog\/wp-content\/uploads\/2022\/burnaby_skyline_ilmasta_panoraama.jpg\"><img decoding=\"async\" src=\"\/blog\/wp-content\/uploads\/2022\/burnaby_skyline_ilmasta_panoraama_pieni.jpg\" \/><\/a><\/p>\n<p style=\"text-align: center;\"><em>Kasvu on kovinta esikaupungeissa<\/em><\/p>\n<p style=\"text-align: center;\"><a href=\"\/blog\/wp-content\/uploads\/2025\/surrey_saavuttaa_vancouveria.jpg\"><img decoding=\"async\" src=\"\/blog\/wp-content\/uploads\/2025\/surrey_saavuttaa_vancouveria.jpg\" \/><\/a><\/p>\n<p style=\"text-align: center;\"><em>Surrey tulee ohittamaan Vancouverin<\/em><\/p>\n<p style=\"text-align: justify;\">Kest\u00e4m\u00e4t\u00f6n kasvu on vaatinut v\u00e4est\u00f6mallien uudelleenlaskentaa, sill\u00e4 aiemmin Vancouverin ennustettiin ylitt\u00e4v\u00e4n kolme miljoonaa vasta 2030-luvun alussa. Nyt viime kes\u00e4n tuoreimmat laskelmat povaavat v\u00e4kiluvun ylitt\u00e4v\u00e4n seuraavan nelj\u00e4n miljoonan rajapyykin vuoteen 2050 menness\u00e4. Tuolloin sek\u00e4 Vancouver ett\u00e4 Surrey olisivat my\u00f6s virallisia miljoonakaupunkeja.<\/p>\n<p style=\"text-align: justify;\">Lukemat perustuvat kohtuullisen kasvun ennusteeseen ja kovan kasvun laskelmissa v\u00e4kiluku voisi olla vuonna 2050 jopa 4,4 miljoonaa, mill\u00e4 Vancouver h\u00e4tyyttelisi jo <a title=\"Hiihtolomalla Seattlessa\" href=\"https:\/\/www.vuosiamaailmalla.fi\/blog\/2019\/hiihtolomalla-seattlessa\/\">Seattlen<\/a> titteli\u00e4 Pacific North Westin suurimpana v\u00e4est\u00f6keskuksena. Surullista on, ett\u00e4 hitaan kasvun mallissakin lukema tulee j\u00e4\u00e4m\u00e4\u00e4n vain hieman nelj\u00e4n miljoonan alle, joten v\u00e4est\u00f6paine jatkunee voimakkaana hamaan tulevaisuuteen saakka.<\/p>\n","protected":false},"excerpt":{"rendered":"<p>Kanadan v\u00e4kiluku on ollut viime vuodet voimakkaassa kasvussa, joka on rikkonut monia aiempia enn\u00e4tyksi\u00e4. Maa ylitti kes\u00e4kuussa 2023 merkitt\u00e4v\u00e4n 40 miljoonan asukkaan rajan, mist\u00e4 v\u00e4kiluvun arvioidaan sittemmin kasvaneen jo 41,6 miljoonaan. Hallitsemattomalla kasvulla onkin ollut merkitt\u00e4v\u00e4 vaikutus kanadalaisten ajatuksiin ja tuntoihin, ja enemmist\u00f6 kokeekin nykyisin Kanadan olevan rikki.<\/p>\n","protected":false},"author":1,"featured_media":13882,"comment_status":"open","ping_status":"closed","sticky":false,"template":"","format":"standard","meta":{"_jetpack_memberships_contains_paid_content":false,"footnotes":""},"categories":[17,3,4],"tags":[25,935,201,939,1249],"class_list":["post-13881","post","type-post","status-publish","format-standard","has-post-thumbnail","hentry","category-arki-kanadassa","category-arki-ulkomailla","category-asuminen-kanadassa","tag-ajankohtaista","tag-kanada","tag-surrey","tag-vancouver","tag-vaesto"],"jetpack_featured_media_url":"https:\/\/www.vuosiamaailmalla.fi\/blog\/wp-content\/uploads\/deer_lake_panoraama_banner.jpg","jetpack_sharing_enabled":true,"_links":{"self":[{"href":"https:\/\/www.vuosiamaailmalla.fi\/blog\/wp-json\/wp\/v2\/posts\/13881","targetHints":{"allow":["GET"]}}],"collection":[{"href":"https:\/\/www.vuosiamaailmalla.fi\/blog\/wp-json\/wp\/v2\/posts"}],"about":[{"href":"https:\/\/www.vuosiamaailmalla.fi\/blog\/wp-json\/wp\/v2\/types\/post"}],"author":[{"embeddable":true,"href":"https:\/\/www.vuosiamaailmalla.fi\/blog\/wp-json\/wp\/v2\/users\/1"}],"replies":[{"embeddable":true,"href":"https:\/\/www.vuosiamaailmalla.fi\/blog\/wp-json\/wp\/v2\/comments?post=13881"}],"version-history":[{"count":2,"href":"https:\/\/www.vuosiamaailmalla.fi\/blog\/wp-json\/wp\/v2\/posts\/13881\/revisions"}],"predecessor-version":[{"id":13884,"href":"https:\/\/www.vuosiamaailmalla.fi\/blog\/wp-json\/wp\/v2\/posts\/13881\/revisions\/13884"}],"wp:featuredmedia":[{"embeddable":true,"href":"https:\/\/www.vuosiamaailmalla.fi\/blog\/wp-json\/wp\/v2\/media\/13882"}],"wp:attachment":[{"href":"https:\/\/www.vuosiamaailmalla.fi\/blog\/wp-json\/wp\/v2\/media?parent=13881"}],"wp:term":[{"taxonomy":"category","embeddable":true,"href":"https:\/\/www.vuosiamaailmalla.fi\/blog\/wp-json\/wp\/v2\/categories?post=13881"},{"taxonomy":"post_tag","embeddable":true,"href":"https:\/\/www.vuosiamaailmalla.fi\/blog\/wp-json\/wp\/v2\/tags?post=13881"}],"curies":[{"name":"wp","href":"https:\/\/api.w.org\/{rel}","templated":true}]}}