{"id":13986,"date":"2025-04-29T23:26:26","date_gmt":"2025-04-30T06:26:26","guid":{"rendered":"https:\/\/www.vuosiamaailmalla.fi\/blog\/?p=13986"},"modified":"2025-04-29T23:26:26","modified_gmt":"2025-04-30T06:26:26","slug":"yllatysten-parlamenttivaalit","status":"publish","type":"post","link":"https:\/\/www.vuosiamaailmalla.fi\/blog\/2025\/yllatysten-parlamenttivaalit\/","title":{"rendered":"Yll\u00e4tysten parlamenttivaalit"},"content":{"rendered":"<p style=\"text-align: justify;\">Kanadassa k\u00e4ytiin eilen maanantaina parlamenttivaalit tilanteessa, jossa maa on heikossa jamassa. Vaaleissa todellisen viime hetken yll\u00e4tysnousun tehneet liberaalit ponnistivat nelj\u00e4nnen kerran hallitusvastuuseen, joskin tulokseksi j\u00e4i j\u00e4rjestyksess\u00e4\u00e4n jo kolmas v\u00e4hemmist\u00f6hallitus putkeen. Kaikki yll\u00e4tt\u00e4neeseen vaalitulokseen vaikutti erityisesti kaksi asiaa: strateginen \u00e4\u00e4nest\u00e4minen sek\u00e4 Donald Trumpin pelko.<\/p>\n<p><!--more--><\/p>\n<p style=\"text-align: justify;\">Viel\u00e4 vuoden alussa viime\u00f6inen vaalitulos olisi ollut mahdoton ajatus, sill\u00e4 konservatiivit johtivat gallupeja viimeisen vuoden parhaimmillaan jopa 24 prosenttiyksik\u00f6n marginaalilla. Ainoat kysymykset tuntuivatkin olevan milloin vaalit viimein j\u00e4rjestett\u00e4isiin ja kuinka suuren enemmist\u00f6n vaalivy\u00f6ry\u00e4 odottaneet konservatiivit niiss\u00e4 saisivat. Alkuvuosi k\u00e4\u00e4nsi kuitenkin kaiken p\u00e4\u00e4laelleen.<\/p>\n<p style=\"text-align: center;\"><a href=\"\/blog\/wp-content\/uploads\/2025\/liberaalien_surkea_kannatus.jpg\"><img decoding=\"async\" src=\"\/blog\/wp-content\/uploads\/2025\/liberaalien_surkea_kannatus.jpg\" \/><\/a><\/p>\n<p style=\"text-align: center;\"><em>Tammikuussa gallupit n\u00e4yttiv\u00e4t aivan muuta<\/em><\/p>\n<p style=\"text-align: justify;\">Tammikuun alussa <a title=\"Justin Trudeaun valtakauden p\u00e4\u00e4t\u00f6s\" href=\"https:\/\/www.vuosiamaailmalla.fi\/blog\/2025\/justin-trudeaun-valtakauden-paatos\/\">erop\u00e4\u00e4t\u00f6ksest\u00e4\u00e4n ilmoitti<\/a> kanadalaisten suuresti halveksima <a title=\"Kanadan Fidel Castro\" href=\"https:\/\/www.vuosiamaailmalla.fi\/blog\/2024\/kanadan-fidel-castro\/\">Justin Trudeau<\/a>, joka viimeisen\u00e4 toimenaan lukitsi parlamentin kahdeksi\u00a0 ja puoleksi kuukaudeksi samalla, kun etel\u00e4naapurin uusi hallinto alkoi ajamaan kovaa kauppa- ja ulkopolitiikkaa. P\u00e4\u00e4t\u00f6st\u00e4 seurannut sis\u00e4poliittinen sekaannus maksoi Kanadalle jo ensineuvotteluissa, mutta osti liberaaleille tarpeeksi aikaa siirt\u00e4\u00e4 vaalikeskustelu pois n\u00e4iden <a title=\"Kanada on rikki\" href=\"https:\/\/www.vuosiamaailmalla.fi\/blog\/2024\/kanada-on-rikki\/\">katastrofaalisesta hallitusajasta<\/a> ja keskitt\u00e4\u00e4 kaikki huomio Trumpiin. Liberaaleille tulikin oikeana onnenpotkuna Trumpin vitsailut Kanadan haltuunotosta, mik\u00e4 median voimistaman uutisoinnin vanavedess\u00e4 sai monet s\u00e4ikkym\u00e4\u00e4n t\u00e4t\u00e4 absurdia mahdollisuutta. Trumpin puheet onnistuivat silti nostamaan kanadalaisten aiemmin alhaista kansallistunnetta, mik\u00e4 sai monet kokemaan, ett\u00e4 kymmenen vuotta maata hallinneet liberaalit ovat kenties paras vaihtoehto Amerikkaa vastaan.<\/p>\n<p style=\"text-align: center;\"><a href=\"\/blog\/wp-content\/uploads\/2025\/parlamenttivaalit_2025_tulos.jpg\"><img decoding=\"async\" src=\"\/blog\/wp-content\/uploads\/2025\/parlamenttivaalit_2025_tulos.jpg\" \/><\/a><\/p>\n<p style=\"text-align: center;\"><em>Liberaalien ihmetemppu ei riitt\u00e4nyt enemmist\u00f6\u00f6n<\/em><\/p>\n<p style=\"text-align: justify;\">T\u00e4m\u00e4 on kiintoisa johtop\u00e4\u00e4t\u00f6s, sill\u00e4 todellisuudessa Trudeau sek\u00e4 t\u00e4m\u00e4n ministerit olivat sangen tuloksettomia Trumpin hallinnon kanssa k\u00e4ydyiss\u00e4 keskusteluissa ja itse Trudeau oli pelk\u00e4st\u00e4\u00e4n pilkan kohteena. P\u00e4\u00e4ministeri siirrettiinkin nopeasti keskusteluista syrj\u00e4\u00e4n ja <a title=\"L\u00e4ht\u00f6laukaus kauppasotaan Yhdysvaltojen kanssa\" href=\"https:\/\/www.vuosiamaailmalla.fi\/blog\/2025\/lahtolaukaus-kauppasotaan-yhdysvaltojen-kanssa\/\">vetovastuun kauppaneuvotteluissa<\/a> ottivat provinssien p\u00e4\u00e4ministerit. Maaliskuussa Kanadan p\u00e4\u00e4ministeriksi nousi politiikan ulkopuolinen, elitistisen\u00e4 pidetty entinen keskuspankkiiri Mark Carney, joka n\u00e4ytt\u00e4\u00e4 nopeasti vakuuttaneen kanadalaiset kyvyst\u00e4\u00e4n neuvotella Amerikan kanssa.<\/p>\n<p style=\"text-align: center;\"><a href=\"\/blog\/wp-content\/uploads\/2025\/puoluejohtajia_putosi.jpg\"><img decoding=\"async\" src=\"\/blog\/wp-content\/uploads\/2025\/puoluejohtajia_putosi.jpg\" \/><\/a><\/p>\n<p style=\"text-align: center;\"><em>Per\u00e4ti nelj\u00e4 puoluejohtajaa putosi<\/em><\/p>\n<p style=\"text-align: justify;\">Viel\u00e4 Trumpiakin suurempi peikko Kanadan vasemmistolle on kuitenkin ollut ajatus konservatiivien vaalivoitosta siit\u00e4kin huolimatta, ett\u00e4 Kanadan konservatiivipuolue on maltillinen moniin l\u00e4nsimaihin verrattuna ja hallinnut maata useaan otteeseen. T\u00e4st\u00e4 huolimatta vasemmiston kannattajat \u00e4\u00e4nestiv\u00e4t eilisiss\u00e4 vaaleissa suurin joukoin liberaalien puolesta, mink\u00e4 vuoksi aiempi kuninkaantekij\u00e4n roolissa ollut uusidemokraattinen NDP puolue romahti vaaleissa t\u00e4ysin, menett\u00e4en kolme nelj\u00e4nnest\u00e4 paikoistaan ja statuksensa virallisena puolueena. Jopa puolueen pitk\u00e4aikaisen puoluejohtaja Jagmeet Singh menetti oman paikkansa omalla \u00e4\u00e4nestysalueellamme. My\u00f6s pienpuolue vihre\u00e4t menetti toisen kahdesta paikastaan, pysyen jatkossakin l\u00e4hinn\u00e4 kuriositeetin asemassa. NDP:n romahduksen my\u00f6t\u00e4 Kanadan kolmanneksi suurimmaksi puolueeksi nousikin quebecil\u00e4inen <em>Block Quebecois<\/em>, joka sekin menetti silti l\u00e4hes kolmanneksen paikoistaan.<\/p>\n<p style=\"text-align: justify;\">Kitker\u00e4st\u00e4 vaalitappiosta huolimatta konservatiivit nostivat vaaleissa paikkam\u00e4\u00e4r\u00e4\u00e4ns\u00e4 puolueista kaikkein eniten, yhteens\u00e4 24:ll\u00e4. My\u00f6s 41,3% \u00e4\u00e4niosuus on puolueen paras tulos vuosikausiin ja vaalitappioksi koituikin vasemmiston strategisesta \u00e4\u00e4nest\u00e4misest\u00e4 liberaalien eduksi. Konservatiivien menestyst\u00e4 kalvaa kuitenkin puolueen puheenjohtaja Pierre Poilievren itsens\u00e4 menett\u00e4m\u00e4 paikka Etel\u00e4-Ottawan \u00e4\u00e4nestysalueella, mink\u00e4 vuoksi puolue joutuukin nyt miettim\u00e4\u00e4n seuraavaa liikett\u00e4\u00e4n suositun ja karismaattisen oppositiojohtajansa pit\u00e4miseksi keh\u00e4ss\u00e4 mahdollisia uusia vaaleja silm\u00e4ll\u00e4 pit\u00e4en.<\/p>\n<p style=\"text-align: center;\"><a href=\"\/blog\/wp-content\/uploads\/2025\/kevaan_suunnanmuutos.jpg\"><img decoding=\"async\" src=\"\/blog\/wp-content\/uploads\/2025\/thumbs\/thumbs_kevaan_suunnanmuutos.jpg\" \/><\/a><a href=\"\/blog\/wp-content\/uploads\/2025\/konservatiivit_kokivat_tappion.jpg\"><img decoding=\"async\" src=\"\/blog\/wp-content\/uploads\/2025\/thumbs\/thumbs_konservatiivit_kokivat_tappion.jpg\" \/><\/a><\/p>\n<p style=\"text-align: center;\"><em>Konservatiivit voittivat mutta h\u00e4visiv\u00e4t<\/em><\/p>\n<p style=\"text-align: justify;\">Singh ja NDP voivat syytt\u00e4\u00e4 katastrofaalisesta romahduksesta ainoastaan itse\u00e4\u00e4n, sill\u00e4 puolueella oli vuosien ajan mahdollisuus kaataa Trudeaun hallitus, mutta kielt\u00e4ytyi tekem\u00e4st\u00e4 n\u00e4in. Joidenkin mukaan t\u00e4h\u00e4n vaikutti Singhin henkil\u00f6kohtainen tavoite kansanedustajanel\u00e4kkeest\u00e4, mihin vaadittiin vaalien venytt\u00e4minen t\u00e4m\u00e4n vuoden maaliskuuhun saakka. Singh saakin el\u00e4kkeens\u00e4, mutta t\u00e4m\u00e4n puolueesta on j\u00e4ljell\u00e4 savuavat rauniot.<\/p>\n<p style=\"text-align: justify;\">Vaalien voi siis sanoa olleen yll\u00e4tykselliset, mutta tulos ei tarjoa Kanadalle helppoja ratkaisuja maan sunnasta. Maan neuvotteluvaltit kauppasodassa Yhdysvaltoja vastaan ovat edelleen pienet, eiv\u00e4tk\u00e4 maata vuosikymmenen ajan kurjistaneet politiikat muuttune mihink\u00e4\u00e4n. <a title=\"T\u00e4ydellisen ep\u00e4onnistunut huumepolitiikka\" href=\"https:\/\/www.vuosiamaailmalla.fi\/blog\/2024\/taydellisen-epaonnistunut-huumepolitiikka\/\">Katastrofaalinen huumepolitiikka<\/a>, talouden pitk\u00e4\u00e4n jatkunut alakulo sek\u00e4 <a title=\"Karannut kanadalainen unelma\" href=\"https:\/\/www.vuosiamaailmalla.fi\/blog\/2015\/karannut-kanadalainen-unelma\/\">kallistunut el\u00e4m\u00e4<\/a> ovat ennallaan ja saattavat ainoastaan pahentua, sill\u00e4 liberaalit eiv\u00e4t ole luvanneet suunnanmuutosta toimissaan.<\/p>\n<p style=\"text-align: center;\"><a href=\"\/blog\/wp-content\/uploads\/2025\/aanestysaktiivisuus.jpg\"><img decoding=\"async\" src=\"\/blog\/wp-content\/uploads\/2025\/aanestysaktiivisuus.jpg\" \/><\/a><\/p>\n<p style=\"text-align: center;\"><em>\u00c4\u00e4nestysaktiivisyys oli viime vuosien korkein<\/em><\/p>\n<p style=\"text-align: justify;\">Liberaalien hallitusohjelman ytimess\u00e4 onkin per\u00e4ti <strong>225 miljardin<\/strong> dollarin lis\u00e4\u00e4minen jo ennest\u00e4\u00e4n massiiviseen triljoonan dollarin valtiovelkaan tukien ja elvytyksen nimiss\u00e4. T\u00e4m\u00e4 on sangen lyhytn\u00e4k\u00f6ist\u00e4, mutta mahdollisesti ainoa vaihtoehto est\u00e4\u00e4 talouden romahdus, sill\u00e4 <a title=\"Kanadan ty\u00f6llisyystilanne (2024)\" href=\"https:\/\/www.vuosiamaailmalla.fi\/blog\/2024\/kanadan-tyollisyystilanne-2024\/\">ty\u00f6llisyyskehitys maassa<\/a> on nojannut jo vuosia julkisen puolen roimaan kasvattamiseen ja vakavaan velkaantumiseen. Avuksi on my\u00f6skin esitetty <a title=\"Kanadan v\u00e4est\u00f6r\u00e4j\u00e4hdys\" href=\"https:\/\/www.vuosiamaailmalla.fi\/blog\/2023\/kanadan-vaestorajahdys\/\">maahanmuuttohanojen avaamista<\/a> eli sama vanha pelikirja kuin aiempinakin vuosina. Tuttu ja turvallinen n\u00e4ytt\u00e4\u00e4 silti tehonneen \u00e4\u00e4nest\u00e4jiin, mutta tekee Kanadan tulevaisuudesta ep\u00e4varman.<\/p>\n<p style=\"text-align: center;\"><a href=\"\/blog\/wp-content\/uploads\/2025\/voittoisa_mark_carney1.jpg\"><img decoding=\"async\" src=\"\/blog\/wp-content\/uploads\/2025\/thumbs\/thumbs_voittoisa_mark_carney1.jpg\" \/><\/a><a href=\"\/blog\/wp-content\/uploads\/2025\/voittoisa_mark_carney2.jpg\"><img decoding=\"async\" src=\"\/blog\/wp-content\/uploads\/2025\/thumbs\/thumbs_voittoisa_mark_carney2.jpg\" \/><\/a><\/p>\n<p style=\"text-align: center;\"><em>Kanadan suunta on ep\u00e4varma<\/em><\/p>\n<p style=\"text-align: justify;\">Maan tulevaisuuden saattaakin kiteytt\u00e4\u00e4 vaalien alla julkisuuteen tullut hallituksen oma tulevaisuustutkimus. Siin\u00e4 todetaan, ett\u00e4 vaikka viel\u00e4 t\u00e4n\u00e4 p\u00e4iv\u00e4n\u00e4 suurin osa kanadalaisista uskoo tasavertaiseen mahdollisuuteen menesty\u00e4 el\u00e4m\u00e4ss\u00e4, k\u00e4\u00e4ntyy t\u00e4m\u00e4 vuoteen 2040 menness\u00e4 p\u00e4\u00e4laelleen. Tuolloin edes korkeakoulututkinnolla ei pystyne en\u00e4\u00e4 saavuttamaan taloudellista vakautta ja ainoa keino parantaa el\u00e4m\u00e4\u00e4ns\u00e4 on joko perint\u00f6 tai lottokuponki. Kanadalaiset ovat tuolloin my\u00f6s erist\u00e4ytyneet voimakkaasti erillisiin sosiaalisiin ja etnisiin siiloihinsa, jotka ovat vain harvoin yhteydess\u00e4 toisiinsa, pirstoen nykyisen Kanada-kuvan. Kyseess\u00e4 onkin sangen synkk\u00e4 tulevaisuudenkuva, johon on silti vaikea n\u00e4hd\u00e4 muutosta.<\/p>\n","protected":false},"excerpt":{"rendered":"<p>Kanadassa k\u00e4ytiin eilen maanantaina parlamenttivaalit tilanteessa, jossa maa on heikossa jamassa. Vaaleissa todellisen viime hetken yll\u00e4tysnousun tehneet liberaalit ponnistivat nelj\u00e4nnen kerran hallitusvastuuseen, joskin tulokseksi j\u00e4i j\u00e4rjestyksess\u00e4\u00e4n jo kolmas v\u00e4hemmist\u00f6hallitus putkeen. Kaikki yll\u00e4tt\u00e4neeseen vaalitulokseen vaikutti erityisesti kaksi asiaa: strateginen \u00e4\u00e4nest\u00e4minen sek\u00e4 Donald Trumpin pelko.<\/p>\n","protected":false},"author":1,"featured_media":13991,"comment_status":"open","ping_status":"closed","sticky":false,"template":"","format":"standard","meta":{"_jetpack_memberships_contains_paid_content":false,"footnotes":""},"categories":[17,3],"tags":[25,569,935,1913,297],"class_list":["post-13986","post","type-post","status-publish","format-standard","has-post-thumbnail","hentry","category-arki-kanadassa","category-arki-ulkomailla","tag-ajankohtaista","tag-donald-trump","tag-kanada","tag-mark-carney","tag-vaalit"],"jetpack_featured_media_url":"https:\/\/www.vuosiamaailmalla.fi\/blog\/wp-content\/uploads\/voittoisa_mark_carney_banner.jpg","jetpack_sharing_enabled":true,"_links":{"self":[{"href":"https:\/\/www.vuosiamaailmalla.fi\/blog\/wp-json\/wp\/v2\/posts\/13986","targetHints":{"allow":["GET"]}}],"collection":[{"href":"https:\/\/www.vuosiamaailmalla.fi\/blog\/wp-json\/wp\/v2\/posts"}],"about":[{"href":"https:\/\/www.vuosiamaailmalla.fi\/blog\/wp-json\/wp\/v2\/types\/post"}],"author":[{"embeddable":true,"href":"https:\/\/www.vuosiamaailmalla.fi\/blog\/wp-json\/wp\/v2\/users\/1"}],"replies":[{"embeddable":true,"href":"https:\/\/www.vuosiamaailmalla.fi\/blog\/wp-json\/wp\/v2\/comments?post=13986"}],"version-history":[{"count":6,"href":"https:\/\/www.vuosiamaailmalla.fi\/blog\/wp-json\/wp\/v2\/posts\/13986\/revisions"}],"predecessor-version":[{"id":13993,"href":"https:\/\/www.vuosiamaailmalla.fi\/blog\/wp-json\/wp\/v2\/posts\/13986\/revisions\/13993"}],"wp:featuredmedia":[{"embeddable":true,"href":"https:\/\/www.vuosiamaailmalla.fi\/blog\/wp-json\/wp\/v2\/media\/13991"}],"wp:attachment":[{"href":"https:\/\/www.vuosiamaailmalla.fi\/blog\/wp-json\/wp\/v2\/media?parent=13986"}],"wp:term":[{"taxonomy":"category","embeddable":true,"href":"https:\/\/www.vuosiamaailmalla.fi\/blog\/wp-json\/wp\/v2\/categories?post=13986"},{"taxonomy":"post_tag","embeddable":true,"href":"https:\/\/www.vuosiamaailmalla.fi\/blog\/wp-json\/wp\/v2\/tags?post=13986"}],"curies":[{"name":"wp","href":"https:\/\/api.w.org\/{rel}","templated":true}]}}