{"id":140,"date":"2012-05-24T19:34:09","date_gmt":"2012-05-25T02:34:09","guid":{"rendered":"http:\/\/127.0.0.1:4001\/wordpress\/?p=140"},"modified":"2023-02-11T19:37:53","modified_gmt":"2023-02-12T03:37:53","slug":"yliluonnollinen-maanantai","status":"publish","type":"post","link":"https:\/\/www.vuosiamaailmalla.fi\/blog\/2012\/yliluonnollinen-maanantai\/","title":{"rendered":"Yliluonnollinen maanantai"},"content":{"rendered":"<p style=\"text-align: justify;\">Normaalisti maanantai on se p\u00e4ivist\u00e4 masentavin, mutta joskus joukkoon mahtuu poikkeuksiakin. T\u00e4llainen oli huhtikuun 16. p\u00e4iv\u00e4, jolloin ty\u00f6p\u00e4iv\u00e4 oli kaikkea muuta kuin normaali. Voisikin sanoa, ett\u00e4 p\u00e4iv\u00e4 oli per\u00e4ti <em>yliluonnollinen<\/em>. Toimistomme oli nimitt\u00e4in muuttanut y\u00f6n aikana rajan etel\u00e4puolelle ja lipputangoissa liehuivat vaahteralehden sijasta t\u00e4htiliput. Pihalle ajoi aamusta mystinen saattue mustia autoja, joista nousi joukko hyvin pukeutuneita uuden ty\u00f6nantajamme <em>Sucrocorpin<\/em> edustajia.<\/p>\n<p><!--more--><\/p>\n<p style=\"text-align: center;\"><a href=\"\/blog\/wp-content\/uploads\/2012\/toimisto_amerikassa.jpg\" target=\"_blank\" rel=\"noopener\"><img decoding=\"async\" style=\"border: 0px none; margin: 5px;\" src=\"\/blog\/wp-content\/uploads\/2012\/toimisto_amerikassa.jpg\" alt=\"\" \/><\/a><\/p>\n<p style=\"text-align: center;\"><em>Aamup\u00e4iv\u00e4 Amerikassa<\/em><\/p>\n<p style=\"text-align: justify;\">Noin tunnin my\u00f6hemmin ulkoa alkoi kuulua voimistuvaa renkaiden vinguntaa. Rynt\u00e4simme ikkunoiden luokse ja n\u00e4imme miten musta vuoden 1967 <em>Chevrolet Impala<\/em> kaahasi l\u00e4pi toimiston p\u00e4\u00e4portin. Portilla p\u00e4ivyst\u00e4nyt vartija ehti juuri ja juuri heitt\u00e4yty\u00e4 sivuun hurjaa vauhtia kulkeneen auton tielt\u00e4, joka jatkoi matkaansa kohti toimiston p\u00e4\u00e4sis\u00e4\u00e4nk\u00e4ynti\u00e4. Sen edess\u00e4, aivan silmiemme edess\u00e4, auto rys\u00e4hti pihalla seisovaan suureen kylttiin!<\/p>\n<p><iframe loading=\"lazy\" src=\"https:\/\/www.youtube-nocookie.com\/embed\/Lr4c9EOK2_Q\" width=\"560\" height=\"315\" frameborder=\"0\"><\/iframe><\/p>\n<p style=\"text-align: center;\"><em>\u00c4ks\u00f6ni\u00e4 toimiston pihalla!<\/em><\/p>\n<p style=\"text-align: justify;\">Toimiston turvamiehet kiirehtiv\u00e4t kolaripaikalle. Autosta nousi p\u00e4\u00e4llisin puolin vahingoittumattomalta vaikuttava nuori tytt\u00f6, k\u00e4dess\u00e4\u00e4n miekka sek\u00e4 valkoinen kanisteri. Turvamiehet eiv\u00e4t empineet k\u00e4ytt\u00e4\u00e4 ep\u00e4tavallisessa tilanteessa aseitaan, vaan ampuivat tytt\u00f6\u00e4 yl\u00e4vartaloon. Tytt\u00f6 nytk\u00e4hti hieman taaksep\u00e4in, mutta vain hymyili. Miekka viuhahti ja kahden turvamiehen p\u00e4\u00e4t putosivat kivetykseen. Kolmannen turvamiehen tytt\u00f6 sokaisi hiett\u00e4m\u00e4ll\u00e4 t\u00e4m\u00e4n kasvoille kanisterissa ollutta happoa. Turvamiehen huutaessa tuskaansa, sivalsi tytt\u00f6 t\u00e4lt\u00e4kin p\u00e4\u00e4n irti.<\/p>\n<p style=\"text-align: center;\"><a href=\"\/blog\/wp-content\/uploads\/2012\/happoa_kasvoille.jpg\" target=\"_blank\" rel=\"noopener\"><img decoding=\"async\" style=\"border: 0px none; margin: 5px;\" src=\"\/blog\/wp-content\/uploads\/2012\/happoa_kasvoille.jpg\" alt=\"\" \/><\/a><\/p>\n<p style=\"text-align: center;\"><em>Happoa kasvoille<\/em><\/p>\n<p style=\"text-align: justify;\"><em>Aaaaaannnd CUT !<\/em><em>!<\/em> Ohjaaja keskeytti kohtauksen ja n\u00e4yttelij\u00e4t k\u00e4\u00e4nsiv\u00e4t katseensa h\u00e4neen. Ymp\u00e4rill\u00e4 suuri m\u00e4\u00e4r\u00e4 avustajia alkoi valmistautua <em>&#8221;Supernatural&#8221;<\/em> tv-sarjan kohtauksen uudelleen kuvaamiseen. Me palasimme t\u00f6iden pariin, sill\u00e4 valmisteluissa menisi aikansa. Toimistomme nimitt\u00e4in toimi kahden p\u00e4iv\u00e4n ajan taustana sarjan seitsem\u00e4nnen tuotantokauden huipentuman kuvauksille ja sit\u00e4 varten paikat oli naamioitu fiktiivisen j\u00e4ttim\u00e4isen ruokayhti\u00f6 Sucrocorpin p\u00e4\u00e4konttoriksi. Yhti\u00f6n, jota johtavat ihmisen hahmon ottaneet olennot, joiden salaisena juonena on amerikkalaisten lihottaminen olentojen ruoaksi. Onneksi autoa ajanut demonitytt\u00f6 Meg oli kuitenkin p\u00e4\u00e4tt\u00e4nyt est\u00e4\u00e4 t\u00e4m\u00e4n hirvitt\u00e4v\u00e4n suunnitelman toteutumisen.<\/p>\n<p style=\"text-align: center;\"><a href=\"\/blog\/wp-content\/uploads\/2012\/ennen_kolaria.jpg\" target=\"_blank\" rel=\"noopener\"><img decoding=\"async\" style=\"border: 0px none; margin: 5px;\" src=\"\/blog\/wp-content\/uploads\/2012\/thumbs\/thumbs_ennen_kolaria.jpg\" alt=\"\" \/><\/a> <a href=\"\/blog\/wp-content\/uploads\/2012\/kolarin_jalkeen.jpg\" target=\"_blank\" rel=\"noopener\"><img decoding=\"async\" style=\"border: 0px none; margin: 5px;\" src=\"\/blog\/wp-content\/uploads\/2012\/thumbs\/thumbs_kolarin_jalkeen.jpg\" alt=\"\" \/><\/a><\/p>\n<p style=\"text-align: center;\"><em>Ennen ja j\u00e4lkeen kolarin<\/em><\/p>\n<p style=\"text-align: justify;\">En ole aiemmin seurannut kyseist\u00e4 televisiosarjaa, mutta juoni kuulostaa sangen korkealentoiselta. Sarjalla on kuitenkin <a href=\"http:\/\/www.imdb.com\/title\/tt0460681\/\">IMDb:ss\u00e4<\/a> arvosanana 8.6, joten ei se aivan kehno liene. Oli miten oli, oli mielenkiintoista n\u00e4hd\u00e4 kahden p\u00e4iv\u00e4n ajan miten filmiryhm\u00e4t toimivat. Kohtauksia valmisteltiin jopa toista tuntia ja kaikki kuvattiin pieniss\u00e4 osissa ja moneen kertaan. Kaikki ymp\u00e4r\u00f6iv\u00e4 oli lavastettu n\u00e4ytt\u00e4m\u00e4\u00e4n joltain muulta ja kaikki kuvakulmat oli valittu huolella. Toiminta oli hitaan oloista, mutta lopulta materiaalia kertyi sarjaan kuitenkin nelj\u00e4 ja puoli minuuttia. Toimistomme n\u00e4ytt\u00e4ytyy kyseisen jakson kohdissa 19:55 &#8211; 20:15, 22:30 &#8211; 22:35, 24:20 &#8211; 26:15 sek\u00e4 33:45 &#8211; 35:45.<\/p>\n<p style=\"text-align: justify;\">Vancouverissa kuvataan monia tv-sarjoja sek\u00e4 elokuvia, joten kuvausryhmi\u00e4 n\u00e4kee usein ty\u00f6paikkamme l\u00e4hist\u00f6ll\u00e4. Ne ovat mukava piriste p\u00e4iv\u00e4\u00e4n, mutta tapahtumien seuraaminen n\u00e4in l\u00e4hiet\u00e4isyydelt\u00e4 oli hauska tapahtuma. Valitettavasti aiheesta ei voinut laittaa nettiin kuvia taikka videota &#8221;tekij\u00e4noikeudellisista syist\u00e4&#8221; ennen kuin kuvattu jakso oli n\u00e4hty telkkarissa, mik\u00e4 tapahtui viime perjantaina.<\/p>\n<p style=\"text-align: justify;\">Vaikka t\u00e4m\u00e4 yksitt\u00e4inen jakso olikin kiintoisa katsoa, vaikuttaa sarjan juoni sen verran erikoiselta, ett\u00e4 taidan jatkossa tyyty\u00e4 seuraamaan kohta alkavaa <em><a title=\"Continuum\" href=\"https:\/\/www.vuosiamaailmalla.fi\/?p=146\">Continuumia<\/a><\/em>&#8230;<\/p>\n","protected":false},"excerpt":{"rendered":"<p>Normaalisti maanantai on se p\u00e4ivist\u00e4 masentavin, mutta joskus joukkoon mahtuu poikkeuksiakin. T\u00e4llainen oli huhtikuun 16. p\u00e4iv\u00e4, jolloin ty\u00f6p\u00e4iv\u00e4 oli kaikkea muuta kuin normaali. Voisikin sanoa, ett\u00e4 p\u00e4iv\u00e4 oli per\u00e4ti yliluonnollinen. Toimistomme oli nimitt\u00e4in muuttanut y\u00f6n aikana rajan etel\u00e4puolelle ja lipputangoissa liehuivat vaahteralehden sijasta t\u00e4htiliput. Pihalle ajoi aamusta mystinen saattue mustia autoja, joista nousi joukko hyvin &hellip; <a href=\"https:\/\/www.vuosiamaailmalla.fi\/blog\/2012\/yliluonnollinen-maanantai\/\" class=\"more-link\">Jatka lukemista<span class=\"screen-reader-text\"> &#8221;Yliluonnollinen maanantai&#8221;<\/span><\/a><\/p>\n","protected":false},"author":1,"featured_media":11605,"comment_status":"open","ping_status":"open","sticky":false,"template":"","format":"standard","meta":{"_jetpack_memberships_contains_paid_content":false,"footnotes":""},"categories":[17,3,13],"tags":[34,77,935,200,206,207,939],"class_list":["post-140","post","type-post","status-publish","format-standard","has-post-thumbnail","hentry","category-arki-kanadassa","category-arki-ulkomailla","category-tyoskentely-kanadassa","tag-arki","tag-burnaby","tag-kanada","tag-supernatural","tag-tv-sarjat","tag-tyo","tag-vancouver"],"jetpack_featured_media_url":"https:\/\/www.vuosiamaailmalla.fi\/blog\/wp-content\/uploads\/kolarin_jalkeen_banner-1.jpg","jetpack_sharing_enabled":true,"_links":{"self":[{"href":"https:\/\/www.vuosiamaailmalla.fi\/blog\/wp-json\/wp\/v2\/posts\/140","targetHints":{"allow":["GET"]}}],"collection":[{"href":"https:\/\/www.vuosiamaailmalla.fi\/blog\/wp-json\/wp\/v2\/posts"}],"about":[{"href":"https:\/\/www.vuosiamaailmalla.fi\/blog\/wp-json\/wp\/v2\/types\/post"}],"author":[{"embeddable":true,"href":"https:\/\/www.vuosiamaailmalla.fi\/blog\/wp-json\/wp\/v2\/users\/1"}],"replies":[{"embeddable":true,"href":"https:\/\/www.vuosiamaailmalla.fi\/blog\/wp-json\/wp\/v2\/comments?post=140"}],"version-history":[{"count":3,"href":"https:\/\/www.vuosiamaailmalla.fi\/blog\/wp-json\/wp\/v2\/posts\/140\/revisions"}],"predecessor-version":[{"id":13024,"href":"https:\/\/www.vuosiamaailmalla.fi\/blog\/wp-json\/wp\/v2\/posts\/140\/revisions\/13024"}],"wp:featuredmedia":[{"embeddable":true,"href":"https:\/\/www.vuosiamaailmalla.fi\/blog\/wp-json\/wp\/v2\/media\/11605"}],"wp:attachment":[{"href":"https:\/\/www.vuosiamaailmalla.fi\/blog\/wp-json\/wp\/v2\/media?parent=140"}],"wp:term":[{"taxonomy":"category","embeddable":true,"href":"https:\/\/www.vuosiamaailmalla.fi\/blog\/wp-json\/wp\/v2\/categories?post=140"},{"taxonomy":"post_tag","embeddable":true,"href":"https:\/\/www.vuosiamaailmalla.fi\/blog\/wp-json\/wp\/v2\/tags?post=140"}],"curies":[{"name":"wp","href":"https:\/\/api.w.org\/{rel}","templated":true}]}}