{"id":14042,"date":"2025-09-03T22:01:14","date_gmt":"2025-09-04T05:01:14","guid":{"rendered":"https:\/\/www.vuosiamaailmalla.fi\/blog\/?p=14042"},"modified":"2025-10-04T15:05:22","modified_gmt":"2025-10-04T22:05:22","slug":"kesan-lopettajaiset-kelownassa","status":"publish","type":"post","link":"https:\/\/www.vuosiamaailmalla.fi\/blog\/2025\/kesan-lopettajaiset-kelownassa\/","title":{"rendered":"Kes\u00e4n lopettajaiset Kelownassa"},"content":{"rendered":"<p style=\"text-align: justify;\">Yksi meneill\u00e4\u00e4n olevan <a title=\"Perhematkailun supervuosi\" href=\"https:\/\/www.vuosiamaailmalla.fi\/blog\/2025\/perhematkailun-supervuosi\/\">matkailun supervuotemme<\/a> lyhimmist\u00e4 matkoista oli viime viikonlopun kahden y\u00f6n pikavisiitti sis\u00e4maassa sijaitsevaan Kelownaan. Kuuluisassa Okanagan Valleyss\u00e4 sijaitseva suosittu kes\u00e4kohde on tuttu <a title=\"Sapattivieraat k\u00e4ym\u00e4ss\u00e4\" href=\"https:\/\/www.vuosiamaailmalla.fi\/blog\/2015\/sapattivieraat-kaymassa\/\">aiemmilta reissuiltamme<\/a>, mutta yll\u00e4tykseksemme edellisest\u00e4 vierailusta oli ehtinyt vier\u00e4ht\u00e4\u00e4 per\u00e4ti yhdeks\u00e4n vuotta!<\/p>\n<p><!--more--><\/p>\n<p style=\"text-align: justify;\">Matka osui <em>Labour Dayn<\/em> pitk\u00e4\u00e4n viikonloppuun, jota pidet\u00e4\u00e4n yleisesti kes\u00e4lomakauden p\u00e4\u00e4t\u00f6ksen\u00e4. T\u00e4st\u00e4 syyst\u00e4 menomatkan liikenne olikin eritt\u00e4in takkuilevaa ja jouduimme puikkelehtimaan pieni\u00e4 sivuteit\u00e4 moottoritien ruuhkat ohittaaksemme.<\/p>\n<p style=\"text-align: justify;\">Lasten kanssa matkustaessa ajomatkaan pit\u00e4\u00e4 sis\u00e4llytt\u00e4\u00e4 runsaasti taukoja ja t\u00e4ll\u00e4 kertaa sellainen osui Hopen kyl\u00e4\u00e4n aivan Fraser Valleyn it\u00e4p\u00e4\u00e4ss\u00e4. Jylhien vuorten ymp\u00e4r\u00f6im\u00e4 Hope on meille tuttu <a title=\"Kes\u00e4vieraat Suomesta\" href=\"https:\/\/www.vuosiamaailmalla.fi\/blog\/2017\/kesavieraat-suomesta\/\">aiemmilta pys\u00e4hdyksilt\u00e4<\/a>, mutta t\u00e4ll\u00e4 kertaa vierailimme ensimm\u00e4ist\u00e4 kertaa keskustan <em>Memorial Parkissa<\/em>, jossa sijaitsee suuri lasten leikkikentt\u00e4.<\/p>\n<p style=\"text-align: center;\"><a href=\"\/blog\/wp-content\/uploads\/2025\/hopen_keskusta3.jpg\"><img decoding=\"async\" src=\"\/blog\/wp-content\/uploads\/2025\/thumbs\/thumbs_hopen_keskusta3.jpg\" \/><\/a><a href=\"\/blog\/wp-content\/uploads\/2025\/hopen_keskusta1.jpg\"><img decoding=\"async\" src=\"\/blog\/wp-content\/uploads\/2025\/thumbs\/thumbs_hopen_keskusta1.jpg\" \/><\/a><a href=\"\/blog\/wp-content\/uploads\/2025\/hopen_keskusta2.jpg\"><img decoding=\"async\" src=\"\/blog\/wp-content\/uploads\/2025\/thumbs\/thumbs_hopen_keskusta2.jpg\" \/><\/a><\/p>\n<p style=\"text-align: center;\"><em>Pikkuinen Hopen kyl\u00e4<\/em><\/p>\n<p style=\"text-align: center;\"><a href=\"\/blog\/wp-content\/uploads\/2025\/hope_memorial_park1.jpg\"><img decoding=\"async\" src=\"\/blog\/wp-content\/uploads\/2025\/thumbs\/thumbs_hope_memorial_park1.jpg\" \/><\/a><a href=\"\/blog\/wp-content\/uploads\/2025\/hope_memorial_park2.jpg\"><img decoding=\"async\" src=\"\/blog\/wp-content\/uploads\/2025\/thumbs\/thumbs_hope_memorial_park2.jpg\" \/><\/a><\/p>\n<p style=\"text-align: center;\"><em>Lapsille hauska Memorial Park<\/em><\/p>\n<p style=\"text-align: justify;\">Reilun 6600 asukkaan pikkuinen Hope on kehitt\u00e4nyt viime vuosina matkailuvaltikseen kaupungissa allekirjoittaneen syntym\u00e4vuonna kuvatun <em>Rambo: First Blood<\/em> -elokuvan, joka on toimintaelokuvien klassikoita. Olemme n\u00e4hneet elokuvan kuvauspaikkoja aiemmin esimerkiksi upeiden <a title=\"Othello Tunnels\" href=\"https:\/\/www.vuosiamaailmalla.fi\/blog\/2014\/othello-tunnels\/\"><em>Othello Tunnelsien<\/em><\/a> luona, mutta viime vuosina Hopeen on ilmestynyt useita Rambo-aiheisia turistikauppoja, patsaita sek\u00e4 jopa sein\u00e4maalauksia. N\u00e4ytt\u00e4\u00e4kin silt\u00e4, ett\u00e4 Sylvester Stallonen t\u00e4hditt\u00e4m\u00e4st\u00e4 elokuvasta on tehty Hopen tunnus, joka hauskana kuriositeettina voi toimiakin.<\/p>\n<p style=\"text-align: center;\"><a href=\"\/blog\/wp-content\/uploads\/2025\/rambo_sheriffi.jpg\"><img decoding=\"async\" src=\"\/blog\/wp-content\/uploads\/2025\/thumbs\/thumbs_rambo_sheriffi.jpg\" \/><\/a><a href=\"\/blog\/wp-content\/uploads\/2025\/rambo.jpg\"><img decoding=\"async\" src=\"\/blog\/wp-content\/uploads\/2025\/thumbs\/thumbs_rambo.jpg\" \/><\/a><\/p>\n<p style=\"text-align: center;\"><em>Rambosta matkailuvaltti<\/em><\/p>\n<p style=\"text-align: justify;\">Loppumatka Kelownaan taittui upeassa kes\u00e4s\u00e4\u00e4ss\u00e4 vikkel\u00e4\u00e4n pari vuotta sitten t\u00e4ysin korjattua <em>Coquihalla Highwayta<\/em> pitkin. Vuoden 2021 <a title=\"Edess\u00e4 kuukausien korjausrakentaminen\" href=\"https:\/\/www.vuosiamaailmalla.fi\/blog\/2021\/edessa-kuukausien-korjausrakentaminen\/\">maanteit\u00e4 huuhtoneista j\u00e4ttitulvista<\/a> ei ollut n\u00e4ht\u00e4viss\u00e4 j\u00e4lke\u00e4k\u00e4\u00e4n ja tie oli erinomaisessa ajokunnossa, mik\u00e4 hyvin erilaista <a title=\"Jumissa Coquihalla Highwaylla\" href=\"https:\/\/www.vuosiamaailmalla.fi\/blog\/2017\/8940\/\">talveen verrattuna<\/a>.<\/p>\n<p style=\"text-align: justify;\">Perill\u00e4 Kelownassa meit\u00e4 odotti kuuma helles\u00e4\u00e4 ja hotellille majoituttuamme l\u00e4hdimmekin vilvoittelemaan\u00a0 l\u00e4heiseen <em>Ben Lee Parkiin<\/em>, jossa sijaitsee kenties laajin julkinen vesipuisto (eng. <em>spray park<\/em> \/ <em>water park<\/em>) <a title=\"Hauskan l\u00e4mpim\u00e4t kes\u00e4p\u00e4iv\u00e4t\" href=\"https:\/\/www.vuosiamaailmalla.fi\/blog\/2025\/hauskan-lampimat-kesapaivat\/\">jonka olemme n\u00e4hneet<\/a>. Puistosta l\u00f6ytyi niin pieni vesiliukum\u00e4ki, kuin toistakymment\u00e4 erilaista vett\u00e4 ruiskuttavaa kukkaa ja el\u00e4int\u00e4, ja lapsilla olikin siell\u00e4 ratkiriemukasta. Kolmenkymmenen asteen helteen keskell\u00e4 virkist\u00e4v\u00e4 vesi oli my\u00f6s aikuisten mieleen.<\/p>\n<p style=\"text-align: center;\"><a href=\"\/blog\/wp-content\/uploads\/2025\/ben_lee_water_park2.jpg\"><img decoding=\"async\" src=\"\/blog\/wp-content\/uploads\/2025\/thumbs\/thumbs_ben_lee_water_park2.jpg\" \/><\/a><a href=\"\/blog\/wp-content\/uploads\/2025\/ben_lee_water_park1.jpg\"><img decoding=\"async\" src=\"\/blog\/wp-content\/uploads\/2025\/thumbs\/thumbs_ben_lee_water_park1.jpg\" \/><\/a><a href=\"\/blog\/wp-content\/uploads\/2025\/ben_lee_water_park5.jpg\"><img decoding=\"async\" src=\"\/blog\/wp-content\/uploads\/2025\/thumbs\/thumbs_ben_lee_water_park5.jpg\" \/><\/a><br \/>\n<a href=\"\/blog\/wp-content\/uploads\/2025\/ben_lee_water_park6.jpg\"><img decoding=\"async\" src=\"\/blog\/wp-content\/uploads\/2025\/thumbs\/thumbs_ben_lee_water_park6.jpg\" \/><\/a><a href=\"\/blog\/wp-content\/uploads\/2025\/ben_lee_water_park7.jpg\"><img decoding=\"async\" src=\"\/blog\/wp-content\/uploads\/2025\/thumbs\/thumbs_ben_lee_water_park7.jpg\" \/><\/a><a href=\"\/blog\/wp-content\/uploads\/2025\/ben_lee_water_park3.jpg\"><img decoding=\"async\" src=\"\/blog\/wp-content\/uploads\/2025\/thumbs\/thumbs_ben_lee_water_park3.jpg\" \/><\/a><\/p>\n<p style=\"text-align: center;\"><em>Erinomainen Ben Lee Park<\/em><\/p>\n<p style=\"text-align: center;\"><a href=\"\/blog\/wp-content\/uploads\/2025\/ben_lee_water_park4.jpg\"><img decoding=\"async\" src=\"\/blog\/wp-content\/uploads\/2025\/ben_lee_water_park4.jpg\" \/><\/a><\/p>\n<p style=\"text-align: center;\"><em>Vett\u00e4 sy\u00f6ksev\u00e4 lohik\u00e4\u00e4rme<\/em><\/p>\n<p style=\"text-align: justify;\">Emme ole todellakaan k\u00e4yneet Kelownassa <a title=\"Viikonloppu Okanagan rinteiss\u00e4\" href=\"https:\/\/www.vuosiamaailmalla.fi\/blog\/2016\/viikonloppu-okanagan-rinteissa\/\">sitten vuoden 2016<\/a>, joten kaupunki on muuttunut rutkasti. Se on yksi Kanadan <a title=\"Voimakkaasti kasvava v\u00e4est\u00f6\" href=\"https:\/\/www.vuosiamaailmalla.fi\/blog\/2022\/voimakkaasti-kasvava-vaesto\/\">nopeimmin kasvavia alueita<\/a>, mik\u00e4 n\u00e4kyy kaikkialle ulottuvana rakentamisena. Kaupungin keskustaan on viime vuosina noussut jopa muutama korkea yli 40-kerroksinen tornitalo, vancouverilaisten ostaessa kaupungista lomaosakkeita. Moni on my\u00f6s p\u00e4\u00e4tynyt pakkaamaan kimpsunsa ja kampsunsa, ja muuttamaan kaupunkiin pysyv\u00e4sti.<\/p>\n<p style=\"text-align: center;\"><a href=\"\/blog\/wp-content\/uploads\/2025\/kelownan_uusi_siluetti1.jpg\"><img decoding=\"async\" src=\"\/blog\/wp-content\/uploads\/2025\/thumbs\/thumbs_kelownan_uusi_siluetti1.jpg\" \/><\/a><a href=\"\/blog\/wp-content\/uploads\/2025\/kelownan_uusi_siluetti2.jpg\"><img decoding=\"async\" src=\"\/blog\/wp-content\/uploads\/2025\/thumbs\/thumbs_kelownan_uusi_siluetti2.jpg\" \/><\/a><\/p>\n<p style=\"text-align: center;\"><em>Nopeasti kasvava Kelowna<\/em><\/p>\n<p style=\"text-align: center;\"><a href=\"\/blog\/wp-content\/uploads\/2025\/kelownan_uusi_siluetti3.jpg\"><img decoding=\"async\" src=\"\/blog\/wp-content\/uploads\/2025\/kelownan_uusi_siluetti3.jpg\" \/><\/a><\/p>\n<p style=\"text-align: center;\"><em>Kohoava keskusta<\/em><\/p>\n<p style=\"text-align: justify;\">Juuri n\u00e4in teki t\u00e4n\u00e4 kev\u00e4\u00e4n\u00e4 my\u00f6s Vancouverissa aiemmin asunut yst\u00e4v\u00e4pariskuntamme, joka muutti helmikuussa Kelownaan. Matkamme p\u00e4\u00e4asiallinen syy olikin vierailla n\u00e4iden luona katsastamassa sik\u00e4l\u00e4iset tilukset ja n\u00e4kem\u00e4\u00e4n n\u00e4iden asuinalueelta aukeavat hienot maisemat.<\/p>\n<p style=\"text-align: center;\"><a href=\"\/blog\/wp-content\/uploads\/2025\/kelownan_uusi_siluetti_panoraama.jpg\"><img decoding=\"async\" src=\"\/blog\/wp-content\/uploads\/2025\/kelownan_uusi_siluetti_panoraama_pieni.jpg\" \/><\/a><\/p>\n<p style=\"text-align: center;\"><em>Helteinen Okanagan Valley<\/em><\/p>\n<p style=\"text-align: justify;\">Okanagan Valleyn luonto poikkeaa Vancouverista t\u00e4ysin, ollen eritt\u00e4in kuivaa ja paikalliset kes\u00e4t ovat my\u00f6s hyvin kuumia. Sis\u00e4maassa k\u00e4rsit\u00e4\u00e4nkin kes\u00e4isin laajoista mets\u00e4paloista, joista vakavin koettiin <a title=\"Kaikki enn\u00e4tykset rikkonut mets\u00e4palokausi\" href=\"https:\/\/www.vuosiamaailmalla.fi\/blog\/2023\/kaikki-ennatykset-rikkonut-metsapalokausi\/\">kaksi vuotta sitten<\/a>, kun nopeasti edennyt j\u00e4ttipalo tuhosi toistasataa kotia West Kelownan puolella. Tuli hypp\u00e4si my\u00f6s suuren Okanagan Laken ylitse Kelownan pohjoispuolelle, mutta saatiin onneksi nopeasti hallintaan satojen palomiesten voimin.<\/p>\n<p style=\"text-align: center;\"><a href=\"\/blog\/wp-content\/uploads\/2025\/kelownan_maisemia1.jpg\"><img decoding=\"async\" src=\"\/blog\/wp-content\/uploads\/2025\/thumbs\/thumbs_kelownan_maisemia1.jpg\" \/><\/a><a href=\"\/blog\/wp-content\/uploads\/2025\/kelownan_maisemia2.jpg\"><img decoding=\"async\" src=\"\/blog\/wp-content\/uploads\/2025\/thumbs\/thumbs_kelownan_maisemia2.jpg\" \/><\/a><\/p>\n<p style=\"text-align: center;\"><em>Kuiva maasto<\/em><\/p>\n<p style=\"text-align: justify;\">L\u00e4nsipuolen rinteiden palaneet mets\u00e4t n\u00e4kyv\u00e4t selv\u00e4sti kaupunkiin saapuessa, mutta emme kerenneet ajamaan tuhoutuneilla asuinalueilla katsomassa, josko ihmiset ovat alkaneet rakentamaan el\u00e4m\u00e4ns\u00e4 uudelleen.<\/p>\n<p style=\"text-align: center;\"><a href=\"\/blog\/wp-content\/uploads\/2025\/illallisella.jpg\"><img decoding=\"async\" src=\"\/blog\/wp-content\/uploads\/2025\/illallisella.jpg\" \/><\/a><\/p>\n<p style=\"text-align: center;\"><em>Illallisella<\/em><\/p>\n<p style=\"text-align: justify;\">Reissumme typistyi lopulta ainoastaan yhden y\u00f6n mittaiseksi, sill\u00e4 sunnuntaina Fiona antoi viitteit\u00e4 kipe\u00e4ksi tulosta, joten p\u00e4\u00e4dyimme ajamaan illaksi kotiin. Paluumatkalla saimme ihailla upeaa auringonlaskua sek\u00e4 vuorilla jyrisev\u00e4\u00e4 ukkosta, joka heitti p\u00e4\u00e4llemme my\u00f6s hetkellisen kaatosateen. Mik\u00e4 hurjinta, n\u00e4imme paluumatkalla vuoren rinteell\u00e4 yksitt\u00e4isen palavan puun, jonka salama oli sytytt\u00e4nyt ainoastaan hetke\u00e4 aiemmin. Pienest\u00e4 palosta on kehittynyt kolmessa p\u00e4iv\u00e4ss\u00e4 monen sadan hehtaarin laajuinen mets\u00e4palo, joka on sulkenut Coquihalla Highwayn liikenteelt\u00e4.<\/p>\n<p style=\"text-align: center;\"><a href=\"\/blog\/wp-content\/uploads\/2025\/auringonlasku_connectorilla.jpg\"><img decoding=\"async\" src=\"\/blog\/wp-content\/uploads\/2025\/auringonlasku_connectorilla.jpg\" \/><\/a><\/p>\n<p style=\"text-align: center;\"><em>Upea auringonlasku<\/em><\/p>\n<p style=\"text-align: justify;\">Onneksi oma matkamme meni hyvin ja s\u00e4\u00e4 suosi viikonlopun aikana. Reissu j\u00e4i toki lyhyeksi ja ajettavaa oli runsaasti, Kelownan sijaitessa kuitenkin 400 kilometri\u00e4 Vancouverista. Sinne kuitenkin tulee varmaan palattua j\u00e4lleen uudemman kerran nyt, kun siell\u00e4 asustaa my\u00f6s tuttuja.<\/p>\n","protected":false},"excerpt":{"rendered":"<p>Yksi meneill\u00e4\u00e4n olevan matkailun supervuotemme lyhimmist\u00e4 matkoista oli viime viikonlopun kahden y\u00f6n pikavisiitti sis\u00e4maassa sijaitsevaan Kelownaan. Kuuluisassa Okanagan Valleyss\u00e4 sijaitseva suosittu kes\u00e4kohde on tuttu aiemmilta reissuiltamme, mutta yll\u00e4tykseksemme edellisest\u00e4 vierailusta oli ehtinyt vier\u00e4ht\u00e4\u00e4 per\u00e4ti yhdeks\u00e4n vuotta!<\/p>\n","protected":false},"author":1,"featured_media":14043,"comment_status":"open","ping_status":"closed","sticky":false,"template":"","format":"standard","meta":{"_jetpack_memberships_contains_paid_content":false,"footnotes":""},"categories":[9,7],"tags":[770,935,584,159,875,699],"class_list":["post-14042","post","type-post","status-publish","format-standard","has-post-thumbnail","hentry","category-kanada","category-matkakertomukset","tag-hope","tag-kanada","tag-kelowna","tag-kesa","tag-metsapalo","tag-okanagan-valley"],"jetpack_featured_media_url":"https:\/\/www.vuosiamaailmalla.fi\/blog\/wp-content\/uploads\/kelownan_uusi_siluetti_banner.jpg","jetpack_sharing_enabled":true,"_links":{"self":[{"href":"https:\/\/www.vuosiamaailmalla.fi\/blog\/wp-json\/wp\/v2\/posts\/14042","targetHints":{"allow":["GET"]}}],"collection":[{"href":"https:\/\/www.vuosiamaailmalla.fi\/blog\/wp-json\/wp\/v2\/posts"}],"about":[{"href":"https:\/\/www.vuosiamaailmalla.fi\/blog\/wp-json\/wp\/v2\/types\/post"}],"author":[{"embeddable":true,"href":"https:\/\/www.vuosiamaailmalla.fi\/blog\/wp-json\/wp\/v2\/users\/1"}],"replies":[{"embeddable":true,"href":"https:\/\/www.vuosiamaailmalla.fi\/blog\/wp-json\/wp\/v2\/comments?post=14042"}],"version-history":[{"count":4,"href":"https:\/\/www.vuosiamaailmalla.fi\/blog\/wp-json\/wp\/v2\/posts\/14042\/revisions"}],"predecessor-version":[{"id":14079,"href":"https:\/\/www.vuosiamaailmalla.fi\/blog\/wp-json\/wp\/v2\/posts\/14042\/revisions\/14079"}],"wp:featuredmedia":[{"embeddable":true,"href":"https:\/\/www.vuosiamaailmalla.fi\/blog\/wp-json\/wp\/v2\/media\/14043"}],"wp:attachment":[{"href":"https:\/\/www.vuosiamaailmalla.fi\/blog\/wp-json\/wp\/v2\/media?parent=14042"}],"wp:term":[{"taxonomy":"category","embeddable":true,"href":"https:\/\/www.vuosiamaailmalla.fi\/blog\/wp-json\/wp\/v2\/categories?post=14042"},{"taxonomy":"post_tag","embeddable":true,"href":"https:\/\/www.vuosiamaailmalla.fi\/blog\/wp-json\/wp\/v2\/tags?post=14042"}],"curies":[{"name":"wp","href":"https:\/\/api.w.org\/{rel}","templated":true}]}}