{"id":1410,"date":"2010-10-02T11:27:42","date_gmt":"2010-10-02T18:27:42","guid":{"rendered":"http:\/\/13.53.127.146\/?p=1410"},"modified":"2021-02-24T21:37:56","modified_gmt":"2021-02-25T05:37:56","slug":"uutta-tyylia-kotiin-ikean-ostoshelvetista","status":"publish","type":"post","link":"https:\/\/www.vuosiamaailmalla.fi\/blog\/2010\/uutta-tyylia-kotiin-ikean-ostoshelvetista\/","title":{"rendered":"Uutta tyyli\u00e4 kotiin IKEA:n ostoshelvetist\u00e4"},"content":{"rendered":"<p style=\"text-align: justify;\">IKEA ei ole lempikauppojani. My\u00f6nn\u00e4n, ett\u00e4 ketjun idea on loistava ja monesti pelkistettyyn designiin nojaavat huonekalut ovat ajattomia ja kohtuullisen tyylikk\u00e4it\u00e4. My\u00f6nn\u00e4n my\u00f6skin, ett\u00e4 IKEA:n liikkeet ovat t\u00e4ynn\u00e4 n\u00e4pp\u00e4ri\u00e4 oivalluksia siit\u00e4, miten tuotteet ovat esill\u00e4, miten niiden ostaminen on j\u00e4rjestelty ja paljon muuta pient\u00e4. Mutta <em>let&#8217;s face it<\/em>, onhan IKEA:n laatu tasan hintansa mukaista. Omakohtaista kokemusta onkin jo monesta tuotteesta, jotka ovat kauniita katsoa, mutta toimivuuden ja kest\u00e4vyyden kanssa on v\u00e4h\u00e4n niin ja n\u00e4in. Ja mik\u00e4 kaikkein pahinta, IKEA:n ollessa niin suosittu kaikkialla, ovat ostosreissut sinne niin uskomattoman rasittavia. Varsinkin lauantaip\u00e4iv\u00e4 on pahin ja juuri silloinhan sit\u00e4 sinne taas mentiin&#8230;<\/p>\n<p><!--more--><\/p>\n<p style=\"text-align: justify;\">Lauantaisin IKEA:t ovat melkoisia helvettej\u00e4, sill\u00e4 silloin lapsiperheet ottavat auton allensa ja hurauttavat IKEA:an. Koko liike onkin t\u00e4ynn\u00e4 ihmisi\u00e4 ja ymp\u00e4riins\u00e4 juoksentelevia lapsia. Ja ne pienemm\u00e4t jotka eiv\u00e4t viel\u00e4 juokset, huutavat vaunuissaan. On ahdasta ja meluisaa &#8211; todella mukava tunnelma ostosten tekoon! Berliiniss\u00e4 on kolme IKEA:a. Ne sijaitsevat Spandaussa, Tempelhofissa ja Walterdorfissa (joka teknisesti on pienesti kaupungin rajojen ulkopuolella). Nelj\u00e4s on <a title=\"Maailman toiseksi suurin IKEA\" href=\"http:\/\/www.vuosiamaailmalla.fi\/blog\/2011\/maailman-toiseksi-suurin-ikea\/\">paraikaa rakenteilla<\/a> Lichtenbergiin ja se avautuu joulukuussa. N\u00e4ist\u00e4 Tempelhofin IKEA on meit\u00e4 l\u00e4hin ollessaan keskustan liepeill\u00e4 ja sinne p\u00e4\u00e4see kohtuullisen hyvin julkisilla <em>S\u00fcdkreuzin<\/em> asemalle. Autolla perille vie Berliinin sis\u00e4kaupungin autobahn A100.<\/p>\n<p style=\"text-align: center;\"><a href=\"\/blog\/wp-content\/uploads\/2010\/tempelhofin_ikea.jpg\" target=\"_blank\" rel=\"noopener\"><img decoding=\"async\" style=\"border: 0px none; margin: 5px;\" src=\"\/blog\/wp-content\/uploads\/2010\/tempelhofin_ikea.jpg\" alt=\"\" \/><\/a><\/p>\n<p style=\"text-align: center;\"><em>Tempelhofin IKEA<\/em><\/p>\n<p style=\"text-align: justify;\">Emme ole mit\u00e4\u00e4n IKEA:n nimeen vannovia ihmisi\u00e4, mutta joskus ostoslistalle tulee jotain, mit\u00e4 saa vain sielt\u00e4. Koska Berliiniin muuttaessamme ostimme sohvamme IKEA:sta, on siihen p\u00e4ivityst\u00e4 halutessaan suunnattava juuri IKEA:an. Sohvamme on sellaista mallia, ett\u00e4 siihen on erikseen ostettavissa eri v\u00e4risi\u00e4 p\u00e4\u00e4llysteit\u00e4. Koska asuntomme on eritt\u00e4in valoisa ja valkea, ostimme sohvamme alunperin valkoisella p\u00e4\u00e4llysteell\u00e4. Valkoisen sohvan ostaminen pelotti tuolloin jonkin verran, mutta uskomattoman hyvin se on kest\u00e4nyt viimeiset kolme vuotta. Varovainen sen kanssa on kyll\u00e4 saanut olla, sill\u00e4 kaikki pienikin n\u00e4kyy helposti. Kuitenkin pieni piristys on aina silloin t\u00e4ll\u00f6in paikallaan ja niinp\u00e4 l\u00e4hdimme kotiin tulleen uuden IKEA:n kuvaston (paholaisen tuotos) innostamana katsastamaan uusia v\u00e4rej\u00e4.<\/p>\n<p style=\"text-align: justify;\">Kuten sanoin, asuntomme on eritt\u00e4in vaalea v\u00e4reilt\u00e4\u00e4n, joten emme viel\u00e4k\u00e4\u00e4n halunneet vaihtaa sohvan ja keitti\u00f6n tuolien v\u00e4rej\u00e4 liian radikaalisti. Valinta osui beigeen v\u00e4riin, joka on ehk\u00e4 hieman trendikk\u00e4\u00e4mpi (ihan kuin n\u00e4ist\u00e4 tiet\u00e4isin) s\u00e4vy. Lis\u00e4ksi se ei ole ihan niin arka v\u00e4ri kulumiselle saatikka lialle, joten ehk\u00e4 se on hieman huolettomampi k\u00e4yt\u00f6ss\u00e4.<\/p>\n<p style=\"text-align: justify;\">Kuten arvasimme, oli IKEA:ssa valtavasti v\u00e4ke\u00e4, mutta saimme ostoksemme tehty\u00e4. Lounaalla paikkasimme koti-ik\u00e4v\u00e4\u00e4 ulkosuomalaisten hyvin tuntemalla jutulla, eli IKEA:n lihapullilla, jotka ovat tummalla kastikkeella kuin oman mummon tekemi\u00e4. Lihapullat ovatkin t\u00e4rke\u00e4 juttu aina IKEA:lla k\u00e4ydess\u00e4. Niist\u00e4 nauttimista ei edes haittaa se, ett\u00e4 ovat perhana ruotsalaisia.<\/p>\n<p style=\"text-align: center;\"><a href=\"\/blog\/wp-content\/uploads\/2010\/ikean_lihapullat.jpg\" target=\"_blank\" rel=\"noopener\"><img decoding=\"async\" style=\"border: 0px none; margin: 5px;\" src=\"\/blog\/wp-content\/uploads\/2010\/ikean_lihapullat.jpg\" alt=\"\" \/><\/a><\/p>\n<p style=\"text-align: center;\"><em>Lihapullia koti-ik\u00e4v\u00e4\u00e4n<\/em><\/p>\n<p style=\"text-align: justify;\">Kotiin p\u00e4\u00e4sty\u00e4mme, totesimme heti ensimm\u00e4iseksi, ett\u00e4 IKEA:n markkinoimat vaihdettavat p\u00e4\u00e4llysteet eiv\u00e4t olekaan ihan niin helposti vaihdettavissa. Tuolien kohdalla niiden vaihtaminen on viel\u00e4 helppoa, mutta sohvan saa purkaa melkein palasiksi. Eli muutama tunti siin\u00e4 meni eilen illalla vaihtaa p\u00e4\u00e4llysteet keitti\u00f6n tuoleihin sek\u00e4 sohvaan. Lopputuloksesta tuli mielest\u00e4mme oikein hyv\u00e4, vaikkakin uuteen kest\u00e4\u00e4 aina hieman aikaa tottua. Eik\u00f6h\u00e4n nyt n\u00e4ill\u00e4 muutoksilla tullut taas hieman raikkautta kotiin ja n\u00e4ill\u00e4 voida menn\u00e4 taas jokunen vuosi.<\/p>\n<p style=\"text-align: center;\"><a href=\"\/blog\/wp-content\/uploads\/2010\/keittionpoyta_ennen.jpg\" target=\"_blank\" rel=\"noopener\"><img decoding=\"async\" style=\"border: 0px none; margin: 5px;\" src=\"\/blog\/wp-content\/uploads\/2010\/thumbs\/thumbs_keittionpoyta_ennen.jpg\" alt=\"\" \/><\/a><a href=\"\/blog\/wp-content\/uploads\/2010\/keittionpoyta_jalkeen.jpg\" target=\"_blank\" rel=\"noopener\"><img decoding=\"async\" style=\"border: 0px none; margin: 5px;\" src=\"\/blog\/wp-content\/uploads\/2010\/thumbs\/thumbs_keittionpoyta_jalkeen.jpg\" alt=\"\" \/><\/a><\/p>\n<p style=\"text-align: center;\"><em>Keitti\u00f6n tuolit ennen ja j\u00e4lkeen<\/em><\/p>\n<p style=\"text-align: center;\"><a href=\"\/blog\/wp-content\/uploads\/2010\/sohva_ennen.jpg\" target=\"_blank\" rel=\"noopener\"><img decoding=\"async\" style=\"border: 0px none; margin: 5px;\" src=\"\/blog\/wp-content\/uploads\/2010\/thumbs\/thumbs_sohva_ennen.jpg\" alt=\"\" \/><\/a><a href=\"\/blog\/wp-content\/uploads\/2010\/sohva_jalkeen.jpg\" target=\"_blank\" rel=\"noopener\"><img decoding=\"async\" style=\"border: 0px none; margin: 5px;\" src=\"\/blog\/wp-content\/uploads\/2010\/thumbs\/thumbs_sohva_jalkeen.jpg\" alt=\"\" \/><\/a><\/p>\n<p style=\"text-align: center;\"><em>Sohva ennen ja j\u00e4lkeen<\/em><\/p>\n","protected":false},"excerpt":{"rendered":"<p>IKEA ei ole lempikauppojani. My\u00f6nn\u00e4n, ett\u00e4 ketjun idea on loistava ja monesti pelkistettyyn designiin nojaavat huonekalut ovat ajattomia ja kohtuullisen tyylikk\u00e4it\u00e4. My\u00f6nn\u00e4n my\u00f6skin, ett\u00e4 IKEA:n liikkeet ovat t\u00e4ynn\u00e4 n\u00e4pp\u00e4ri\u00e4 oivalluksia siit\u00e4, miten tuotteet ovat esill\u00e4, miten niiden ostaminen on j\u00e4rjestelty ja paljon muuta pient\u00e4. Mutta let&#8217;s face it, onhan IKEA:n laatu tasan hintansa mukaista. Omakohtaista &hellip; <a href=\"https:\/\/www.vuosiamaailmalla.fi\/blog\/2010\/uutta-tyylia-kotiin-ikean-ostoshelvetista\/\" class=\"more-link\">Jatka lukemista<span class=\"screen-reader-text\"> &#8221;Uutta tyyli\u00e4 kotiin IKEA:n ostoshelvetist\u00e4&#8221;<\/span><\/a><\/p>\n","protected":false},"author":1,"featured_media":11925,"comment_status":"open","ping_status":"open","sticky":false,"template":"","format":"standard","meta":{"_jetpack_memberships_contains_paid_content":false,"footnotes":""},"categories":[18,3,5],"tags":[34,932,49,64,140],"class_list":["post-1410","post","type-post","status-publish","format-standard","has-post-thumbnail","hentry","category-arki-saksassa","category-arki-ulkomailla","category-asuminen-saksassa","tag-arki","tag-asunto","tag-berliini","tag-berlin-tempelhof","tag-ikea"],"jetpack_featured_media_url":"https:\/\/www.vuosiamaailmalla.fi\/blog\/wp-content\/uploads\/sohva_jalkeen_banner-1.jpg","jetpack_sharing_enabled":true,"_links":{"self":[{"href":"https:\/\/www.vuosiamaailmalla.fi\/blog\/wp-json\/wp\/v2\/posts\/1410","targetHints":{"allow":["GET"]}}],"collection":[{"href":"https:\/\/www.vuosiamaailmalla.fi\/blog\/wp-json\/wp\/v2\/posts"}],"about":[{"href":"https:\/\/www.vuosiamaailmalla.fi\/blog\/wp-json\/wp\/v2\/types\/post"}],"author":[{"embeddable":true,"href":"https:\/\/www.vuosiamaailmalla.fi\/blog\/wp-json\/wp\/v2\/users\/1"}],"replies":[{"embeddable":true,"href":"https:\/\/www.vuosiamaailmalla.fi\/blog\/wp-json\/wp\/v2\/comments?post=1410"}],"version-history":[{"count":2,"href":"https:\/\/www.vuosiamaailmalla.fi\/blog\/wp-json\/wp\/v2\/posts\/1410\/revisions"}],"predecessor-version":[{"id":11926,"href":"https:\/\/www.vuosiamaailmalla.fi\/blog\/wp-json\/wp\/v2\/posts\/1410\/revisions\/11926"}],"wp:featuredmedia":[{"embeddable":true,"href":"https:\/\/www.vuosiamaailmalla.fi\/blog\/wp-json\/wp\/v2\/media\/11925"}],"wp:attachment":[{"href":"https:\/\/www.vuosiamaailmalla.fi\/blog\/wp-json\/wp\/v2\/media?parent=1410"}],"wp:term":[{"taxonomy":"category","embeddable":true,"href":"https:\/\/www.vuosiamaailmalla.fi\/blog\/wp-json\/wp\/v2\/categories?post=1410"},{"taxonomy":"post_tag","embeddable":true,"href":"https:\/\/www.vuosiamaailmalla.fi\/blog\/wp-json\/wp\/v2\/tags?post=1410"}],"curies":[{"name":"wp","href":"https:\/\/api.w.org\/{rel}","templated":true}]}}