{"id":14101,"date":"2025-11-23T15:22:14","date_gmt":"2025-11-23T23:22:14","guid":{"rendered":"https:\/\/www.vuosiamaailmalla.fi\/blog\/?p=14101"},"modified":"2025-11-29T21:36:56","modified_gmt":"2025-11-30T05:36:56","slug":"koko-perheen-paratiisiloma","status":"publish","type":"post","link":"https:\/\/www.vuosiamaailmalla.fi\/blog\/2025\/koko-perheen-paratiisiloma\/","title":{"rendered":"Koko perheen paratiisiloma"},"content":{"rendered":"<p style=\"text-align: justify;\">Syksyisin mielt\u00e4 masentaa ehk\u00e4 kaikkein eniten alati lis\u00e4\u00e4ntyv\u00e4 pimeys sek\u00e4 koleaksi muuttuva s\u00e4\u00e4. Siksi t\u00e4n\u00e4 syksyn\u00e4 mielt\u00e4 onkin l\u00e4mmitt\u00e4nyt tieto lokakuun alussa olevasta viikon lomamatkasta l\u00e4mpim\u00e4\u00e4n. Normaalisti t\u00e4m\u00e4 tarkoittaisi t\u00e4\u00e4ll\u00e4 l\u00e4nsirannikolla lomaa joko Meksikossa tai Havaijilla, mutta meid\u00e4n tapauksessa suuntasimme paljon merta edemm\u00e4s, aina etel\u00e4iselle pallonpuoliskolle saakka.<\/p>\n<p><!--more--><\/p>\n<p style=\"text-align: justify;\"><a title=\"Vancouverin lentokentt\u00e4 uusille miljoonaluvuille\" href=\"https:\/\/www.vuosiamaailmalla.fi\/blog\/2016\/vancouverin-lentokentta-uusille-miljoonaluvuille\/\">Vancouverin lentokent\u00e4ll\u00e4<\/a> on n\u00e4kynyt viime vuosina enenev\u00e4 m\u00e4\u00e4r\u00e4 eksoottisia lentoyhti\u00f6it\u00e4. Australialainen <em>Qantas<\/em> sek\u00e4 <em>Air New Zealand<\/em> ovat tuttu n\u00e4ky, mutta\u00a0 koronan aikana kaupungista lensi hetken aikaa esimerkiksi <em>Air Tahiti Nui<\/em>. Toinen eksoottinen ja sittemmin pysyv\u00e4n liikenn\u00f6innin aloittanut lentoyhti\u00f6 on pari vuotta sitten suorat lennot aloittanut <em>Fiji Airways<\/em>, joka yritt\u00e4\u00e4 iske\u00e4 rahakkaaseen Vancouverin ja Australian sek\u00e4 Uuden-Seelannin v\u00e4liseen matkustajavirtaan.<\/p>\n<p style=\"text-align: justify;\">Lentoyhti\u00f6n kotimaa Fidzi on etel\u00e4isell\u00e4 pallonpuoliskolla sijaitseva entinen Iso-Britannian alusmaa, joka saavutti itsen\u00e4isyytens\u00e4 vasta vuonna 1970. Maa on sittemmin k\u00e4ynyt l\u00e4pi useita vallankaappauksia, joista viimeisin vuonna 2006. Siit\u00e4 kesti aina vuoteen 2014 saakka, ett\u00e4 maassa j\u00e4rjestettiin ensimm\u00e4iset vapaat vaalit. Kaiken t\u00e4m\u00e4n keskell\u00e4 saarivaltiolla on kuitenkin maine ylellisen\u00e4 lomaparatiisina, jonka hiekkarannat ovat maailman parhaimmistoa.<\/p>\n<p style=\"text-align: center;\"><a href=\"\/blog\/wp-content\/uploads\/2025\/fiji_dollareita1.jpg\"><img decoding=\"async\" src=\"\/blog\/wp-content\/uploads\/2025\/thumbs\/thumbs_fiji_dollareita1.jpg\" \/><\/a><a href=\"\/blog\/wp-content\/uploads\/2025\/fiji_dollareita2.jpg\"><img decoding=\"async\" src=\"\/blog\/wp-content\/uploads\/2025\/thumbs\/thumbs_fiji_dollareita2.jpg\" \/><\/a><\/p>\n<p style=\"text-align: center;\"><em>Fidzin kauniita seteleit\u00e4<\/em><\/p>\n<p style=\"text-align: justify;\"><a title=\"Perhematkailun supervuosi\" href=\"https:\/\/www.vuosiamaailmalla.fi\/blog\/2025\/perhematkailun-supervuosi\/\">Suuren lomavuotemme<\/a> huipennukseksi meit\u00e4 kiinnostikin l\u00e4hte\u00e4 katsomaan milt\u00e4 Fidzi n\u00e4ytt\u00e4\u00e4 t\u00e4n\u00e4 p\u00e4iv\u00e4n\u00e4 siit\u00e4kin huolimatta, ett\u00e4 jopa suora lentomatka sinne on 11,5 tuntia. Matkalla h\u00e4vi\u00e4\u00e4 my\u00f6skin vuorokauden p\u00e4iv\u00e4m\u00e4\u00e4r\u00e4rajan ylityksess\u00e4, joten lauantai-iltana l\u00e4htenyt lentomme saapui Fidziin vasta maanantaiaamuna.<\/p>\n<p style=\"text-align: center;\"><iframe loading=\"lazy\" style=\"border: 0;\" src=\"https:\/\/www.google.com\/maps\/embed?pb=!1m28!1m12!1m3!1d43880037.659071304!2d-170.15299322431605!3d12.228467165889562!2m3!1f0!2f0!3f0!3m2!1i1024!2i768!4f13.1!4m13!3e4!4m5!1s0x548673f143a94fb3%3A0xbb9196ea9b81f38b!2sVancouver%2C%20Brittil%C3%A4inen%20Kolumbia!3m2!1d49.2827291!2d-123.12073749999999!4m5!1s0x6e175a8b51140851%3A0x1d87a953b2a5d328!2sNadi%2C%20Fidzi!3m2!1d-17.780625699999998!2d177.42989609999998!5e1!3m2!1sfi!2sca!4v1763949728661!5m2!1sfi!2sca\" width=\"600\" height=\"450\" allowfullscreen=\"allowfullscreen\"><\/iframe><\/p>\n<p style=\"text-align: center;\"><em>Pitk\u00e4 lento Fidzille<\/em><\/p>\n<p style=\"text-align: justify;\">Alun perin huolenamme oli miten k\u00e4ytt\u00e4\u00e4 aamup\u00e4iv\u00e4, sill\u00e4 Pohjois-Amerikan lennot saapuvat Nadin kansainv\u00e4liselle lentokent\u00e4lle jo ennen aamukuutta, joten hotellihuoneeseen ei ole p\u00e4\u00e4sy\u00e4 ennen kuin vasta iltap\u00e4iv\u00e4ll\u00e4. Meid\u00e4n kohdallamme asia ratkesi hieman harmillisella tavalla, sill\u00e4 lentomme olisi alun pit\u00e4en pit\u00e4nyt l\u00e4hte\u00e4 jo perjantaina ja saapua sunnuntaina, mutta Fiji Airwaysin yksipuolisella p\u00e4\u00e4t\u00f6ksell\u00e4 lento siirtyikin l\u00e4hes vuorokaudella eteenp\u00e4in. N\u00e4in ollen meit\u00e4 odotti perill\u00e4 hotellihuone edelliselt\u00e4 illalta, josta olimme kuitenkin maksaneet hieman turhaan.<\/p>\n<p style=\"text-align: justify;\">Suorasta yhteydest\u00e4 huolimatta lento Vancouverista on pitk\u00e4 ja reitill\u00e4 k\u00e4ytett\u00e4v\u00e4 <em>Airbus A330<\/em> on vanha lentokone. Koko lentomatkan kest\u00e4v\u00e4 y\u00f6 nukutti kuitenkin siedett\u00e4v\u00e4sti ja pian laskeuduimmekin jo Nadiin.<\/p>\n<p style=\"text-align: center;\"><a href=\"\/blog\/wp-content\/uploads\/2025\/perilla_nadissa1.jpg\"><img decoding=\"async\" src=\"\/blog\/wp-content\/uploads\/2025\/perilla_nadissa1.jpg\" \/><\/a><\/p>\n<p style=\"text-align: center;\"><em>Pitk\u00e4 lentomatka Nadiin<\/em><\/p>\n<p style=\"text-align: justify;\">Nadi on noin 926,000 asukkaan Fidzin kolmanneksi suurin kaupunki, joka sijaitsee p\u00e4\u00e4saari Viti Levun l\u00e4nsipuolella. Lentokentt\u00e4 on perustettu aikoinaan toisen maailmansodassa Yhdysvaltain armeijan tarpeisiin ja sen ymp\u00e4rille on kasvanut sittemmin r\u00f6nsyilev\u00e4 kaupunki.<\/p>\n<p style=\"text-align: justify;\">Maahantulomuodollisuudet olivat selke\u00e4t ja laukkujen saannin j\u00e4lkeen astuimme ulos trooppiseen aamuun. Siell\u00e4 meit\u00e4 odotti paikallinen mies, jonka kautta vuokrasimme itsellemme viikoksi auton. Vinkkin\u00e4 autonvuokraus kannattaa Fidzill\u00e4 tehd\u00e4 paikallisilta pikkufirmoilta, sill\u00e4 nettiarvioiden mukaan kaikki saarella toimivat kansainv\u00e4liset vuokrausfirmat huijaavat j\u00e4rjestelm\u00e4llisesti asiakkaitaan ja n\u00e4iden autot ovat my\u00f6skin uskomattoman kolhittuja tai jopa t\u00e4ysin risoja.<\/p>\n<p style=\"text-align: center;\"><a href=\"\/blog\/wp-content\/uploads\/2025\/perilla_nadissa2.jpg\"><img decoding=\"async\" src=\"\/blog\/wp-content\/uploads\/2025\/perilla_nadissa2.jpg\" \/><\/a><\/p>\n<p style=\"text-align: center;\"><em>Aamu tropiikissa<\/em><\/p>\n<p style=\"text-align: justify;\">Kolhittu ja runsaasti el\u00e4m\u00e4\u00e4 n\u00e4hnyt oli meid\u00e4nkin Kiamme, mutta se hoiti silti hommansa, eik\u00e4 vuokrauksen kanssa ollut mit\u00e4\u00e4n ongelmia ja hinta huokea. Autot ovat Fidzin teill\u00e4 ja ilmastossa kovilla, sill\u00e4 maantiet ovat eritt\u00e4in kuoppaiset sek\u00e4 ep\u00e4tasaiset. Kertoo paljon, ett\u00e4 vuokraamot kertovat yleens\u00e4 ensimm\u00e4iseksi vararenkaan sijainnin, tosin onneksi emme tarvinneet sit\u00e4 t\u00e4ll\u00e4 kertaa.<\/p>\n<p style=\"text-align: justify;\">Fidzi vaikutti my\u00f6skin olevan ensimm\u00e4isen sukupolven <em>Toyota Prius<\/em> -hybridien loppusijoituspaikka, sill\u00e4 automalli oli ehdottomasti suosituin n\u00e4kem\u00e4mme. Paikalliseen tyyliin kuuluu asentaa autoon kuin autoon suuremmat renkaat, erikoisvanteet sek\u00e4 korotussarja, sek\u00e4 kiinnitt\u00e4\u00e4 spoilereita ett\u00e4 tehd\u00e4 konepellille maalauksia. Autot ja etenkin taksit olivatkin melkoisia n\u00e4kyj\u00e4 kaikkialla, mik\u00e4 on sangen tyypillist\u00e4 tyynenmeren pienill\u00e4 saarilla.<\/p>\n<p style=\"text-align: center;\"><a href=\"\/blog\/wp-content\/uploads\/2025\/ajoneuvoja_fijilla2.jpg\"><img decoding=\"async\" src=\"\/blog\/wp-content\/uploads\/2025\/thumbs\/thumbs_ajoneuvoja_fijilla2.jpg\" \/><\/a><a href=\"\/blog\/wp-content\/uploads\/2025\/ajoneuvoja_fijilla1.jpg\"><img decoding=\"async\" src=\"\/blog\/wp-content\/uploads\/2025\/thumbs\/thumbs_ajoneuvoja_fijilla1.jpg\" \/><\/a><\/p>\n<p style=\"text-align: center;\"><em>Monenlaisia autoja<\/em><\/p>\n<p style=\"text-align: justify;\">Auton kanssa siirryimme mukavasti l\u00e4heiselle Denarau Islandin alueelle, joka on yksityisalue t\u00e4ynn\u00e4 huippuhotelleja. Alueen kehitys sai alkunsa vuonna 1969 amerikkalaisen kiinteist\u00f6sijoittajan toimesta, mutta huomattavasti sit\u00e4 laajensi japanilainen sijoitusyhti\u00f6 80-luvun huumassa. Alue on kuin eri todellisuudesta, sill\u00e4 Denarau Islandilla kaikki on viimeisen p\u00e4\u00e4lle huoliteltua, luoden t\u00e4ydelliset puitteet paratiisilomalle.<\/p>\n<p style=\"text-align: justify;\">Hieman yll\u00e4tt\u00e4en Denaraulla meit\u00e4 vastassa olivat ruskeat golfkent\u00e4t mik\u00e4 johtuu siit\u00e4, ett\u00e4 lokakuu on Fidzill\u00e4 kuivan kes\u00e4kauden viimeinen kuukausi, jonka aikana sade on etenkin l\u00e4nsirannikolla olematonta. Meill\u00e4 k\u00e4vikin tuuri, sill\u00e4 koko lomaviikkomme oli t\u00e4ydellisen aurinkoinen ja rankka sadekuuro alkoi vasta samalla hetkell\u00e4, kun kirjauduimme hotellistamme ulos viikkoa my\u00f6hemmin &#8211; mik\u00e4 sattuma!<\/p>\n<p style=\"text-align: center;\"><a href=\"\/blog\/wp-content\/uploads\/2025\/sofitel_fiji1.jpg\"><img decoding=\"async\" src=\"\/blog\/wp-content\/uploads\/2025\/sofitel_fiji1.jpg\" \/><\/a><\/p>\n<p style=\"text-align: center;\"><em>Moderni Sofitel Fiji Resort &amp; Spa<\/em><\/p>\n<p style=\"text-align: justify;\">Hotellinamme toimi viiden t\u00e4hden <em>Sofitel Fiji Resort &amp; Spa<\/em>, joka on tutkimuksemme mukaan Denarau Islandin paras hotelli. Hotelli on uusittu t\u00e4ysin koronaepidemian aikana ja sit\u00e4 laajennetaan paraikaa huomattavasti. Rakennust\u00f6ist\u00e4 ei kuitenkaan muodostunut meille haittaa ja saimmekin viett\u00e4\u00e4 seuraavan viikon huikeissa paratiisitunnelmissa.<\/p>\n<p style=\"text-align: center;\"><a href=\"\/blog\/wp-content\/uploads\/2025\/sofitel_fiji2.jpg\"><img decoding=\"async\" src=\"\/blog\/wp-content\/uploads\/2025\/thumbs\/thumbs_sofitel_fiji2.jpg\" \/><\/a><a href=\"\/blog\/wp-content\/uploads\/2025\/sofitel_fiji3.jpg\"><img decoding=\"async\" src=\"\/blog\/wp-content\/uploads\/2025\/thumbs\/thumbs_sofitel_fiji3.jpg\" \/><\/a><br \/>\n<a href=\"\/blog\/wp-content\/uploads\/2025\/sofitel_fiji4.jpg\"><img decoding=\"async\" src=\"\/blog\/wp-content\/uploads\/2025\/thumbs\/thumbs_sofitel_fiji4.jpg\" \/><\/a><a href=\"\/blog\/wp-content\/uploads\/2025\/sofitel_fiji5.jpg\"><img decoding=\"async\" src=\"\/blog\/wp-content\/uploads\/2025\/thumbs\/thumbs_sofitel_fiji5.jpg\" \/><\/a><\/p>\n<p style=\"text-align: center;\"><em>Tervetuloa paratiisiin!<\/em><\/p>\n<p style=\"text-align: justify;\">Ensimm\u00e4inen asia hotellille p\u00e4\u00e4sty\u00e4mme oli k\u00e4yd\u00e4 kokeilemassa sen kehuttu noutop\u00f6yt\u00e4aamiainen, joka oli laajin mit\u00e4 olemme koskaan nauttineet. Tarjolla oli kymmeni\u00e4 ja taas kymmeni\u00e4 eri kulttuurien ruokia ja viikon aikana kokeilimmekin yht\u00e4 jos toista herkkua. Samaisen ravintolan tiloissa on my\u00f6s ilta-aikaan vaihtuva teemainen noutop\u00f6yt\u00e4, jonka herkuista ja erityisesti kakuista ja leivoksista nautimme koko viikon.<\/p>\n<p style=\"text-align: center;\"><a href=\"\/blog\/wp-content\/uploads\/2025\/sofitelin_aamiaisbuffet2.jpg\"><img decoding=\"async\" src=\"\/blog\/wp-content\/uploads\/2025\/thumbs\/thumbs_sofitelin_aamiaisbuffet2.jpg\" \/><\/a><a href=\"\/blog\/wp-content\/uploads\/2025\/sofitelin_aamiaisbuffet3.jpg\"><img decoding=\"async\" src=\"\/blog\/wp-content\/uploads\/2025\/thumbs\/thumbs_sofitelin_aamiaisbuffet3.jpg\" \/><\/a><a href=\"\/blog\/wp-content\/uploads\/2025\/sofitelin_aamiaisbuffet4.jpg\"><img decoding=\"async\" src=\"\/blog\/wp-content\/uploads\/2025\/thumbs\/thumbs_sofitelin_aamiaisbuffet4.jpg\" \/><\/a><br \/>\n<a href=\"\/blog\/wp-content\/uploads\/2025\/sofitelin_aamiaisbuffet1.jpg\"><img decoding=\"async\" src=\"\/blog\/wp-content\/uploads\/2025\/thumbs\/thumbs_sofitelin_aamiaisbuffet1.jpg\" \/><\/a><a href=\"\/blog\/wp-content\/uploads\/2025\/sofitelin_aamiaisbuffet5.jpg\"><img decoding=\"async\" src=\"\/blog\/wp-content\/uploads\/2025\/thumbs\/thumbs_sofitelin_aamiaisbuffet5.jpg\" \/><\/a><\/p>\n<p style=\"text-align: center;\"><em>Uskomaton aamiainen<\/em><\/p>\n<p style=\"text-align: center;\"><a href=\"\/blog\/wp-content\/uploads\/2025\/solis_ruoka1.jpg\"><img decoding=\"async\" src=\"\/blog\/wp-content\/uploads\/2025\/thumbs\/thumbs_solis_ruoka1.jpg\" \/><\/a><a href=\"\/blog\/wp-content\/uploads\/2025\/solis_ruoka2.jpg\"><img decoding=\"async\" src=\"\/blog\/wp-content\/uploads\/2025\/thumbs\/thumbs_solis_ruoka2.jpg\" \/><\/a><br \/>\n<a href=\"\/blog\/wp-content\/uploads\/2025\/solis_ruoka3.jpg\"><img decoding=\"async\" src=\"\/blog\/wp-content\/uploads\/2025\/thumbs\/thumbs_solis_ruoka3.jpg\" \/><\/a><a href=\"\/blog\/wp-content\/uploads\/2025\/solis_ruoka4.jpg\"><img decoding=\"async\" src=\"\/blog\/wp-content\/uploads\/2025\/thumbs\/thumbs_solis_ruoka4.jpg\" \/><\/a><\/p>\n<p style=\"text-align: center;\"><em>Viikon mittaan nautittuja herkkuja<\/em><\/p>\n<p style=\"text-align: justify;\">Miss\u00e4 hotelli ansaitsee t\u00e4ydet viisi t\u00e4hte\u00e4 tai enemm\u00e4nkin on kuitenkin sen upeat tilukset sek\u00e4 poikkeuksellisen hulppea allasalue. Sininen taivas, huojuvat kookospalmut sek\u00e4 virkist\u00e4v\u00e4 vesi houkuttelivatkin meit\u00e4 puoleensa koko viikon ajan. Hotellissa on my\u00f6skin ajateltu lapsiperheit\u00e4, sill\u00e4 lapsille soveltuva allasalue on suuri ja tarjolla on kaksi upouutta vesiliukum\u00e4ke\u00e4, joista laskimme viikon aikana varmaankin sata kertaa.<\/p>\n<p style=\"text-align: center;\"><a href=\"\/blog\/wp-content\/uploads\/2025\/sofitel_fiji_altaat1.jpg\"><img decoding=\"async\" src=\"\/blog\/wp-content\/uploads\/2025\/thumbs\/thumbs_sofitel_fiji_altaat1.jpg\" \/><\/a><a href=\"\/blog\/wp-content\/uploads\/2025\/sofitel_fiji_altaat2.jpg\"><img decoding=\"async\" src=\"\/blog\/wp-content\/uploads\/2025\/thumbs\/thumbs_sofitel_fiji_altaat2.jpg\" \/><\/a><a href=\"\/blog\/wp-content\/uploads\/2025\/sofitel_fiji_altaat3.jpg\"><img decoding=\"async\" src=\"\/blog\/wp-content\/uploads\/2025\/thumbs\/thumbs_sofitel_fiji_altaat3.jpg\" \/><\/a><\/p>\n<p style=\"text-align: center;\"><em>Mielet\u00f6n allasalue<\/em><\/p>\n<p style=\"text-align: justify;\">Lapsille on tarjolla my\u00f6s kolmesti p\u00e4iv\u00e4ss\u00e4 hintaan sis\u00e4ltyv\u00e4 puuhakerho, jossa Fiona k\u00e4vi muutamaan otteeseen. Ilta-aikaan saatavilla on my\u00f6s lapsenvahtipalvelua jopa vauvoille, joten vanhempien on mahdollista tehd\u00e4 pieni irtiotto arjesta. Fidzil\u00e4iset ovat eritt\u00e4in lapsirakasta v\u00e4ke\u00e4, mik\u00e4 k\u00e4y vierailijalle nopeasti selv\u00e4ksi. Lapset huomioidaan ja n\u00e4ille tullaan puhumaan sek\u00e4 jopa koskettelemaan herk\u00e4sti, mik\u00e4 tuntuu aluksi v\u00e4h\u00e4n oudolta. Eritt\u00e4in hauska on my\u00f6s fidzil\u00e4inen tervehdys &#8221;Bula!&#8221;, jonka lapsemme oppivat heti ensimm\u00e4isin\u00e4 p\u00e4ivin\u00e4 henkil\u00f6kuntaa n\u00e4hdess\u00e4\u00e4n.<\/p>\n<p style=\"text-align: center;\"><a href=\"\/blog\/wp-content\/uploads\/2025\/sofitel_fiji_altaat6.jpg\"><img decoding=\"async\" src=\"\/blog\/wp-content\/uploads\/2025\/thumbs\/thumbs_sofitel_fiji_altaat6.jpg\" \/><\/a><a href=\"\/blog\/wp-content\/uploads\/2025\/sofitel_fiji_altaat5.jpg\"><img decoding=\"async\" src=\"\/blog\/wp-content\/uploads\/2025\/thumbs\/thumbs_sofitel_fiji_altaat5.jpg\" \/><\/a><a href=\"\/blog\/wp-content\/uploads\/2025\/sofitel_fiji_altaat4.jpg\"><img decoding=\"async\" src=\"\/blog\/wp-content\/uploads\/2025\/thumbs\/thumbs_sofitel_fiji_altaat4.jpg\" \/><\/a><\/p>\n<p style=\"text-align: center;\"><em>Lapset oli huomioitu erinomaisesti<\/em><\/p>\n<p style=\"text-align: justify;\">Fidzin sijaitessa l\u00e4hes 15,000 kilometri\u00e4 ja noin 25 tunnin lentomatkan p\u00e4\u00e4ss\u00e4 Suomesta, emme tavanneet viikkomme aikana yht\u00e4\u00e4n suomalaista. Jopa kanadalaiset olivat harvinainen n\u00e4ky suorasta lentoyhteydest\u00e4 huolimatta ja Fidzin suurimmat turistivirrat tulevatkin muutaman tunnin lentomatkan p\u00e4\u00e4st\u00e4 Australiasta ja Uudesta-Seelannista, jonka asukkaille Fidzi on tyynenmeren l\u00e4himpi\u00e4 ja kehittyneimpi\u00e4 saaria.<\/p>\n<p style=\"text-align: center;\"><a href=\"\/blog\/wp-content\/uploads\/2025\/riippumatossa.jpg\"><img decoding=\"async\" src=\"\/blog\/wp-content\/uploads\/2025\/riippumatossa.jpg\" \/><\/a><\/p>\n<p style=\"text-align: center;\"><em>Kaukana kotoa<\/em><\/p>\n<p style=\"text-align: justify;\">My\u00f6s iso osa muista vieraista oli paikalla lasten kanssa, mutta Sofitelin ja muiden luksushotellien tiloista l\u00f6ytyy my\u00f6s pelk\u00e4st\u00e4\u00e4n aikuisille varattuja alueita. Yksi t\u00e4llainen on <em>Waitui Club<\/em>, joka on erillismaksuinen alue omine altaineen ja baareineen. Samaisella alueella sijaitsee my\u00f6s <em>Waitui Bar &amp; Grill<\/em>, joka on rankattu koko Fidzin parhaaksi ravintolaksi. Itseasiassa ravintola tituleeraa itse\u00e4\u00e4n <em>Trip Advisorin<\/em> arvioihin nojaten &#8221;maailman parhaaksi treffiravintolaksi&#8221;, mik\u00e4 on kova v\u00e4ite ja jonka k\u00e4vimme er\u00e4\u00e4n\u00e4 iltana kokeilemassa.<\/p>\n<p style=\"text-align: center;\"><a href=\"\/blog\/wp-content\/uploads\/2025\/waitui_club1.jpg\"><img decoding=\"async\" src=\"\/blog\/wp-content\/uploads\/2025\/thumbs\/thumbs_waitui_club1.jpg\" \/><\/a><a href=\"\/blog\/wp-content\/uploads\/2025\/waitui_club2.jpg\"><img decoding=\"async\" src=\"\/blog\/wp-content\/uploads\/2025\/thumbs\/thumbs_waitui_club2.jpg\" \/><\/a><a href=\"\/blog\/wp-content\/uploads\/2025\/waitui_club3.jpg\"><img decoding=\"async\" src=\"\/blog\/wp-content\/uploads\/2025\/thumbs\/thumbs_waitui_club3.jpg\" \/><\/a><\/p>\n<p style=\"text-align: center;\"><em>Vain aikuisten Waitui Club<\/em><\/p>\n<p style=\"text-align: justify;\">Odotukset olivat eritt\u00e4in korkealla, sill\u00e4 ravintolalla on k\u00e4yt\u00e4nn\u00f6ss\u00e4 t\u00e4ydellinen arvio Trip Advisorissa ja listalla on eritt\u00e4in makoisalta kuulostavia kalliita pihvej\u00e4 sek\u00e4 muita annoksia. Ravintolan sijainti on my\u00f6s erinomainen hienoilla auringonlaskumaisemilla, mutta siit\u00e4 huolimatta ruokani oli suuri pettymys ja kallis Wagyu-pihvi sitke\u00e4. Harvoin onkaan tullut petytty\u00e4 samalla tavalla ja asia harmittaa viel\u00e4 nyttenkin.<\/p>\n<p style=\"text-align: center;\"><a href=\"\/blog\/wp-content\/uploads\/2025\/waitui_bar_and_grill1.jpg\"><img decoding=\"async\" src=\"\/blog\/wp-content\/uploads\/2025\/thumbs\/thumbs_waitui_bar_and_grill1.jpg\" \/><\/a><a href=\"\/blog\/wp-content\/uploads\/2025\/waitui_bar_and_grill2.jpg\"><img decoding=\"async\" src=\"\/blog\/wp-content\/uploads\/2025\/thumbs\/thumbs_waitui_bar_and_grill2.jpg\" \/><\/a><a href=\"\/blog\/wp-content\/uploads\/2025\/waitui_bar_and_grill3.jpg\"><img decoding=\"async\" src=\"\/blog\/wp-content\/uploads\/2025\/thumbs\/thumbs_waitui_bar_and_grill3.jpg\" \/><\/a><\/p>\n<p style=\"text-align: center;\"><em>Ruoka petti odotukset<\/em><\/p>\n<p style=\"text-align: justify;\">Lohdutusta tarjosi kuitenkin illan v\u00e4rik\u00e4s auringonlasku siit\u00e4kin huolimatta, ett\u00e4 Sofitelilta ei aivan n\u00e4e auringon laskemista mereen. Auringonlaskut Fidzill\u00e4 olivat muutenkin kohtuu hienoja, joskin olemme n\u00e4hneet s\u00e4vykk\u00e4\u00e4mpi\u00e4 esimerkiksi Mauilla sek\u00e4 <a title=\"Kiehtovan historian Saipan\" href=\"https:\/\/www.vuosiamaailmalla.fi\/blog\/2018\/kiehtovan-historian-saipan\/\">Saipanilla<\/a>.<\/p>\n<p style=\"text-align: center;\"><a href=\"\/blog\/wp-content\/uploads\/2025\/fiji_auringonlasku1.jpg\"><img decoding=\"async\" src=\"\/blog\/wp-content\/uploads\/2025\/thumbs\/thumbs_fiji_auringonlasku1.jpg\" \/><\/a><a href=\"\/blog\/wp-content\/uploads\/2025\/fiji_auringonlasku2.jpg\"><img decoding=\"async\" src=\"\/blog\/wp-content\/uploads\/2025\/thumbs\/thumbs_fiji_auringonlasku2.jpg\" \/><\/a><\/p>\n<p style=\"text-align: center;\"><em>Auringonlaskut olivat n\u00e4ttej\u00e4<\/em><\/p>\n<p style=\"text-align: justify;\">Erityismaininnan ansaitsee kuitenkin Sofitelilla joka p\u00e4iv\u00e4 j\u00e4rjestett\u00e4v\u00e4 iltaohjelma, johon kuuluu rentoa livemusiikkia rantabaarin edustalla, jota k\u00e4vin kuuntelemassa useana iltana kauniin t\u00e4htitaivaan alla. Huikea oli my\u00f6skin er\u00e4\u00e4n\u00e4 iltana j\u00e4rjestetty tuli-show, jollaisia olemme n\u00e4hneet Niinan kanssa aiemminkin, mutta joka vangitsi lastemme mielikuvituksen pitk\u00e4ksi aikaa ja mit\u00e4 n\u00e4m\u00e4 muistelivat viel\u00e4 seuraavina p\u00e4ivin\u00e4kin.<\/p>\n<p style=\"text-align: center;\"><a href=\"\/blog\/wp-content\/uploads\/2025\/sofitel_iltatunnelmaa1.jpg\"><img decoding=\"async\" src=\"\/blog\/wp-content\/uploads\/2025\/thumbs\/thumbs_sofitel_iltatunnelmaa1.jpg\" \/><\/a><a href=\"\/blog\/wp-content\/uploads\/2025\/sofitel_iltatunnelmaa2.jpg\"><img decoding=\"async\" src=\"\/blog\/wp-content\/uploads\/2025\/thumbs\/thumbs_sofitel_iltatunnelmaa2.jpg\" \/><\/a><br \/>\n<a href=\"\/blog\/wp-content\/uploads\/2025\/sofitel_iltatunnelmaa4.jpg\"><img decoding=\"async\" src=\"\/blog\/wp-content\/uploads\/2025\/thumbs\/thumbs_sofitel_iltatunnelmaa4.jpg\" \/><\/a><a href=\"\/blog\/wp-content\/uploads\/2025\/sofitel_iltatunnelmaa5.jpg\"><img decoding=\"async\" src=\"\/blog\/wp-content\/uploads\/2025\/thumbs\/thumbs_sofitel_iltatunnelmaa5.jpg\" \/><\/a><br \/>\n<a href=\"\/blog\/wp-content\/uploads\/2025\/sofitel_iltatunnelmaa3.jpg\"><img decoding=\"async\" src=\"\/blog\/wp-content\/uploads\/2025\/thumbs\/thumbs_sofitel_iltatunnelmaa3.jpg\" \/><\/a><a href=\"\/blog\/wp-content\/uploads\/2025\/yosammakko.jpg\"><img decoding=\"async\" src=\"\/blog\/wp-content\/uploads\/2025\/thumbs\/thumbs_yosammakko.jpg\" \/><\/a><\/p>\n<p style=\"text-align: center;\"><em>Iltojen tunnelma oli rento<\/em><\/p>\n<p style=\"text-align: center;\"><iframe loading=\"lazy\" title=\"YouTube video player\" src=\"https:\/\/www.youtube-nocookie.com\/embed\/kXbUT7Ml-pQ?si=V16-ezGix6q7643h\" width=\"560\" height=\"315\" frameborder=\"0\" allowfullscreen=\"allowfullscreen\"><\/iframe><\/p>\n<p style=\"text-align: center;\"><a href=\"\/blog\/wp-content\/uploads\/2025\/tuli_show1.jpg\"><img decoding=\"async\" src=\"\/blog\/wp-content\/uploads\/2025\/thumbs\/thumbs_tuli_show1.jpg\" \/><\/a><a href=\"\/blog\/wp-content\/uploads\/2025\/tuli_show2.jpg\"><img decoding=\"async\" src=\"\/blog\/wp-content\/uploads\/2025\/thumbs\/thumbs_tuli_show2.jpg\" \/><\/a><a href=\"\/blog\/wp-content\/uploads\/2025\/tuli_show3.jpg\"><img decoding=\"async\" src=\"\/blog\/wp-content\/uploads\/2025\/thumbs\/thumbs_tuli_show3.jpg\" \/><\/a><br \/>\n<a href=\"\/blog\/wp-content\/uploads\/2025\/tuli_show4.jpg\"><img decoding=\"async\" src=\"\/blog\/wp-content\/uploads\/2025\/thumbs\/thumbs_tuli_show4.jpg\" \/><\/a><a href=\"\/blog\/wp-content\/uploads\/2025\/tuli_show6.jpg\"><img decoding=\"async\" src=\"\/blog\/wp-content\/uploads\/2025\/thumbs\/thumbs_tuli_show6.jpg\" \/><\/a><a href=\"\/blog\/wp-content\/uploads\/2025\/tuli_show5.jpg\"><img decoding=\"async\" src=\"\/blog\/wp-content\/uploads\/2025\/thumbs\/thumbs_tuli_show5.jpg\" \/><\/a><\/p>\n<p style=\"text-align: center;\"><em>Tuli-show j\u00e4i lasten mieleen\u00a0<\/em><\/p>\n<p style=\"text-align: justify;\">Vaikka vietimmekin suurimman osan viikostamme luksushotellimme tiloissa l\u00f6h\u00f6loman merkeiss\u00e4, teimme viikon aikana my\u00f6s useita retki\u00e4 l\u00e4hialueille sek\u00e4 er\u00e4\u00e4lle yksityissaarelle, joista enemm\u00e4n Fidzin luksuslomamme seuraavassa osassa!<\/p>\n<p style=\"text-align: right;\"><em>Seuraavaan osaan <a title=\"P\u00e4iv\u00e4retki\u00e4 Fidzin l\u00e4mm\u00f6ss\u00e4\" href=\"https:\/\/www.vuosiamaailmalla.fi\/blog\/2025\/paivaretkia-fidzin-lammossa\/\">t\u00e4st\u00e4<\/a>. Matkakertomuksen muut osat l\u00f6ytyv\u00e4t <a href=\"https:\/\/www.vuosiamaailmalla.fi\/blog\/tag\/matkakertomus-fidzi\/\">t\u00e4\u00e4lt\u00e4<\/a>.<\/em><\/p>\n","protected":false},"excerpt":{"rendered":"<p>Syksyisin mielt\u00e4 masentaa ehk\u00e4 kaikkein eniten alati lis\u00e4\u00e4ntyv\u00e4 pimeys sek\u00e4 koleaksi muuttuva s\u00e4\u00e4. Siksi t\u00e4n\u00e4 syksyn\u00e4 mielt\u00e4 onkin l\u00e4mmitt\u00e4nyt tieto lokakuun alussa olevasta viikon lomamatkasta l\u00e4mpim\u00e4\u00e4n. Normaalisti t\u00e4m\u00e4 tarkoittaisi t\u00e4\u00e4ll\u00e4 l\u00e4nsirannikolla lomaa joko Meksikossa tai Havaijilla, mutta meid\u00e4n tapauksessa suuntasimme paljon merta edemm\u00e4s, aina etel\u00e4iselle pallonpuoliskolle saakka.<\/p>\n","protected":false},"author":1,"featured_media":14103,"comment_status":"open","ping_status":"closed","sticky":false,"template":"","format":"standard","meta":{"_jetpack_memberships_contains_paid_content":false,"footnotes":""},"categories":[1914,7],"tags":[1936,1915,1935,1937],"class_list":["post-14101","post","type-post","status-publish","format-standard","has-post-thumbnail","hentry","category-fidzi","category-matkakertomukset","tag-denarau-island","tag-fidzi","tag-matkakertomus-fidzi","tag-nadi"],"jetpack_featured_media_url":"https:\/\/www.vuosiamaailmalla.fi\/blog\/wp-content\/uploads\/sofitel_fiji_altaat_banner.jpg","jetpack_sharing_enabled":true,"_links":{"self":[{"href":"https:\/\/www.vuosiamaailmalla.fi\/blog\/wp-json\/wp\/v2\/posts\/14101","targetHints":{"allow":["GET"]}}],"collection":[{"href":"https:\/\/www.vuosiamaailmalla.fi\/blog\/wp-json\/wp\/v2\/posts"}],"about":[{"href":"https:\/\/www.vuosiamaailmalla.fi\/blog\/wp-json\/wp\/v2\/types\/post"}],"author":[{"embeddable":true,"href":"https:\/\/www.vuosiamaailmalla.fi\/blog\/wp-json\/wp\/v2\/users\/1"}],"replies":[{"embeddable":true,"href":"https:\/\/www.vuosiamaailmalla.fi\/blog\/wp-json\/wp\/v2\/comments?post=14101"}],"version-history":[{"count":6,"href":"https:\/\/www.vuosiamaailmalla.fi\/blog\/wp-json\/wp\/v2\/posts\/14101\/revisions"}],"predecessor-version":[{"id":14118,"href":"https:\/\/www.vuosiamaailmalla.fi\/blog\/wp-json\/wp\/v2\/posts\/14101\/revisions\/14118"}],"wp:featuredmedia":[{"embeddable":true,"href":"https:\/\/www.vuosiamaailmalla.fi\/blog\/wp-json\/wp\/v2\/media\/14103"}],"wp:attachment":[{"href":"https:\/\/www.vuosiamaailmalla.fi\/blog\/wp-json\/wp\/v2\/media?parent=14101"}],"wp:term":[{"taxonomy":"category","embeddable":true,"href":"https:\/\/www.vuosiamaailmalla.fi\/blog\/wp-json\/wp\/v2\/categories?post=14101"},{"taxonomy":"post_tag","embeddable":true,"href":"https:\/\/www.vuosiamaailmalla.fi\/blog\/wp-json\/wp\/v2\/tags?post=14101"}],"curies":[{"name":"wp","href":"https:\/\/api.w.org\/{rel}","templated":true}]}}