{"id":14108,"date":"2025-11-29T16:00:03","date_gmt":"2025-11-30T00:00:03","guid":{"rendered":"https:\/\/www.vuosiamaailmalla.fi\/blog\/?p=14108"},"modified":"2025-11-29T21:37:27","modified_gmt":"2025-11-30T05:37:27","slug":"paivaretkia-fidzin-lammossa","status":"publish","type":"post","link":"https:\/\/www.vuosiamaailmalla.fi\/blog\/2025\/paivaretkia-fidzin-lammossa\/","title":{"rendered":"P\u00e4iv\u00e4retki\u00e4 Fidzin l\u00e4mm\u00f6ss\u00e4"},"content":{"rendered":"<p style=\"text-align: justify;\">Vaikka Fidzin lomamme olikin ennen kaikkea viikon mittainen <a title=\"Koko perheen paratiisiloma\" href=\"https:\/\/www.vuosiamaailmalla.fi\/blog\/2025\/koko-perheen-paratiisiloma\/\">l\u00f6h\u00f6loma ylellisiss\u00e4 puitteissa<\/a>, emme toki malttaneet viett\u00e4\u00e4 aikaamme ainoastaan hotellimme tiloissa. Koska k\u00e4yt\u00f6ss\u00e4mme oli koko viikon ajan my\u00f6s vuokra-auto, oli meill\u00e4 vapaa p\u00e4\u00e4sy eri puolille Fidzin p\u00e4\u00e4saari Viti Levua ja sen lukuisia n\u00e4ht\u00e4vyyksi\u00e4.<\/p>\n<p><!--more--><\/p>\n<p style=\"text-align: justify;\">Ensimm\u00e4isen retki suuntautui l\u00e4heiseen Nadin kaupunkiin ja tein sen itsekseni, muiden j\u00e4\u00e4dess\u00e4 hotellille lep\u00e4\u00e4m\u00e4\u00e4n. Noin 60,000 asukkaan Nadi on Fidzin kolmanneksi suurin kaupunki, mutta hajalleen rakennettuna kaupunki tuntuu pienelt\u00e4 ja sekavalta.<\/p>\n<p style=\"text-align: justify;\">Kaupungilla on pieni varsinainen keskusta noin viisi kilometri\u00e4 Denarau Islandilta, jossa sijaitsee erilaisia kauppoja sek\u00e4 kehuttu ruokatori, jonne saapuu p\u00e4ivitt\u00e4in satoja paikallisia myym\u00e4\u00e4n mit\u00e4 erilaisimpia luonnonantimia. Koska jopa 40% fidzil\u00e4isist\u00e4 el\u00e4\u00e4 omavaraistaloudessa viljellen, ker\u00e4ten tai kalastaen ravintonsa sek\u00e4 elantonsa, on paikallisilla l\u00e4heinen kosketus luonnossa kasvaviin ruokakasveihin, joita tuodaan p\u00e4ivitt\u00e4in torille myyt\u00e4v\u00e4ksi.<\/p>\n<p style=\"text-align: center;\"><a href=\"\/blog\/wp-content\/uploads\/2025\/nadi_public_market14.jpg\"><img decoding=\"async\" src=\"\/blog\/wp-content\/uploads\/2025\/thumbs\/thumbs_nadi_public_market14.jpg\" \/><\/a><a href=\"\/blog\/wp-content\/uploads\/2025\/nadi_public_market11.jpg\"><img decoding=\"async\" src=\"\/blog\/wp-content\/uploads\/2025\/thumbs\/thumbs_nadi_public_market11.jpg\" \/><\/a><a href=\"\/blog\/wp-content\/uploads\/2025\/nadi_public_market13.jpg\"><img decoding=\"async\" src=\"\/blog\/wp-content\/uploads\/2025\/thumbs\/thumbs_nadi_public_market13.jpg\" \/><\/a><br \/>\n<a href=\"\/blog\/wp-content\/uploads\/2025\/nadi_public_market8.jpg\"><img decoding=\"async\" src=\"\/blog\/wp-content\/uploads\/2025\/thumbs\/thumbs_nadi_public_market8.jpg\" \/><\/a><a href=\"\/blog\/wp-content\/uploads\/2025\/nadi_public_market12.jpg\"><img decoding=\"async\" src=\"\/blog\/wp-content\/uploads\/2025\/thumbs\/thumbs_nadi_public_market12.jpg\" \/><\/a><a href=\"\/blog\/wp-content\/uploads\/2025\/nadi_public_market10.jpg\"><img decoding=\"async\" src=\"\/blog\/wp-content\/uploads\/2025\/thumbs\/thumbs_nadi_public_market10.jpg\" \/><\/a><\/p>\n<p style=\"text-align: center;\"><em>Nadin vilkas ruokatori<\/em><\/p>\n<p style=\"text-align: center;\"><a href=\"\/blog\/wp-content\/uploads\/2025\/nadi_public_market6.jpg\"><img decoding=\"async\" src=\"\/blog\/wp-content\/uploads\/2025\/thumbs\/thumbs_nadi_public_market6.jpg\" \/><\/a><a href=\"\/blog\/wp-content\/uploads\/2025\/nadi_public_market7.jpg\"><img decoding=\"async\" src=\"\/blog\/wp-content\/uploads\/2025\/thumbs\/thumbs_nadi_public_market7.jpg\" \/><\/a><a href=\"\/blog\/wp-content\/uploads\/2025\/nadi_public_market9.jpg\"><img decoding=\"async\" src=\"\/blog\/wp-content\/uploads\/2025\/thumbs\/thumbs_nadi_public_market9.jpg\" \/><\/a><\/p>\n<p style=\"text-align: center;\"><em>Myyj\u00e4t ovat paikallisia<\/em><\/p>\n<p style=\"text-align: justify;\">N\u00e4ht\u00e4viss\u00e4 ja ostettavissa onkin jos jonkinlaista hedelm\u00e4\u00e4 ja kasvista, joiden kauppa tuntui my\u00f6s k\u00e4yv\u00e4n paikallisten tehdess\u00e4 ostoksia. Torilta voi ostaa esimerkiksi tuoretta ananasta, paprikaa, chili\u00e4 ja niin edelleen. Korkeat vihannes- ja hedelm\u00e4keot ovatkin v\u00e4rik\u00e4s ja valokuvauksellinen n\u00e4ky ja tori oli mielest\u00e4ni kiehtova vierailla.<\/p>\n<p style=\"text-align: center;\"><a href=\"\/blog\/wp-content\/uploads\/2025\/nadi_public_market4.jpg\"><img decoding=\"async\" src=\"\/blog\/wp-content\/uploads\/2025\/thumbs\/thumbs_nadi_public_market4.jpg\" \/><\/a><a href=\"\/blog\/wp-content\/uploads\/2025\/nadi_public_market3.jpg\"><img decoding=\"async\" src=\"\/blog\/wp-content\/uploads\/2025\/thumbs\/thumbs_nadi_public_market3.jpg\" \/><\/a><a href=\"\/blog\/wp-content\/uploads\/2025\/nadi_public_market2.jpg\"><img decoding=\"async\" src=\"\/blog\/wp-content\/uploads\/2025\/thumbs\/thumbs_nadi_public_market2.jpg\" \/><\/a><br \/>\n<a href=\"\/blog\/wp-content\/uploads\/2025\/nadi_public_market1.jpg\"><img decoding=\"async\" src=\"\/blog\/wp-content\/uploads\/2025\/thumbs\/thumbs_nadi_public_market1.jpg\" \/><\/a><a href=\"\/blog\/wp-content\/uploads\/2025\/nadi_public_market5.jpg\"><img decoding=\"async\" src=\"\/blog\/wp-content\/uploads\/2025\/thumbs\/thumbs_nadi_public_market5.jpg\" \/><\/a><\/p>\n<p style=\"text-align: center;\"><em>Torilta l\u00f6ytyy kaikki mahdollinen<\/em><\/p>\n<p style=\"text-align: justify;\">Vaikka Nadi onkin sangen pieni kaupunki, vilisee se kuitenkin ihmisi\u00e4 ja etenkin autoja. Vierailijan yll\u00e4tt\u00e4\u00e4 intialaisten suuri m\u00e4\u00e4r\u00e4, mik\u00e4 juontaa juurensa brittil\u00e4iseen hallintoon 1800-luvulla. Tuolloin Fidzille saapui kymmeni\u00e4tuhansia intialaisia ty\u00f6skentelem\u00e4\u00e4n saaren laajoilla sokeriruokopelloilla ja monet asettautuivat saarelle pysyv\u00e4sti asumaan.<\/p>\n<p style=\"text-align: center;\"><a href=\"\/blog\/wp-content\/uploads\/2025\/nadi_paakatu2.jpg\"><img decoding=\"async\" src=\"\/blog\/wp-content\/uploads\/2025\/thumbs\/thumbs_nadi_paakatu2.jpg\" \/><\/a><a href=\"\/blog\/wp-content\/uploads\/2025\/nadi_paakatu3.jpg\"><img decoding=\"async\" src=\"\/blog\/wp-content\/uploads\/2025\/thumbs\/thumbs_nadi_paakatu3.jpg\" \/><\/a><a href=\"\/blog\/wp-content\/uploads\/2025\/nadi_paakatu1.jpg\"><img decoding=\"async\" src=\"\/blog\/wp-content\/uploads\/2025\/thumbs\/thumbs_nadi_paakatu1.jpg\" \/><\/a><\/p>\n<p style=\"text-align: center;\"><em>Sekava pikkukaupunki<\/em><\/p>\n<p style=\"text-align: justify;\">Per\u00e4ti 38% Fidzin asukkaista omaakin intialaiset juuret, mill\u00e4 on ollut suuri vaikutus paikalliseen kulttuuriin. Vaikka en olekaan k\u00e4ynyt Intiassa, vastaa katukuvan sekavuus ja meteli mielikuvaani maasta, mink\u00e4 lis\u00e4ksi lokakuun suurin tapahtuma Fidzill\u00e4 on <em>Diwali<\/em>, mik\u00e4 n\u00e4kyi kaikkialla.<\/p>\n<p style=\"text-align: justify;\">Nadin toinen n\u00e4ht\u00e4vyys on hieman keskustan ulkopuolella sijaitseva <em>Sri Siva Subramaniya Temple<\/em>, joka on tyynenmeren suurin hindutemppeli. Paikalla on seissyt temppeli jo vuodesta 1926, mutta nykyinen v\u00e4rik\u00e4s rakennuskokonaisuus on valmistunut 1980-luvulla. Temppeli\u00e4 on kunnostettu aivan viime aikoina, mink\u00e4 vuoksi sen kattomaalaukset olivat upeassa kunnossa.<\/p>\n<p style=\"text-align: center;\"><a href=\"\/blog\/wp-content\/uploads\/2025\/sri_siva_subramaniya_swami_temple1.jpg\"><img decoding=\"async\" src=\"\/blog\/wp-content\/uploads\/2025\/thumbs\/thumbs_sri_siva_subramaniya_swami_temple1.jpg\" \/><\/a><a href=\"\/blog\/wp-content\/uploads\/2025\/sri_siva_subramaniya_swami_temple2.jpg\"><img decoding=\"async\" src=\"\/blog\/wp-content\/uploads\/2025\/thumbs\/thumbs_sri_siva_subramaniya_swami_temple2.jpg\" \/><\/a><\/p>\n<p style=\"text-align: center;\"><em>Sri Siva Subramaniya Temple<\/em><\/p>\n<p style=\"text-align: justify;\">Temppelill\u00e4 vierailu on turisteille maksullista ja alueella pit\u00e4\u00e4 ottaa keng\u00e4t jalasta. T\u00e4m\u00e4 on hieman kivuliasta, sill\u00e4 betoninen piha saattaa olla keskip\u00e4iv\u00e4ll\u00e4 tulikuuma k\u00e4vell\u00e4 ja vinkki onkin astella ainoastaan valkoisella maalilla maalatuille kohdille.<\/p>\n<p style=\"text-align: center;\"><a href=\"\/blog\/wp-content\/uploads\/2025\/sri_siva_subramaniya_swami_temple3.jpg\"><img decoding=\"async\" src=\"\/blog\/wp-content\/uploads\/2025\/thumbs\/thumbs_sri_siva_subramaniya_swami_temple3.jpg\" \/><\/a><a href=\"\/blog\/wp-content\/uploads\/2025\/sri_siva_subramaniya_swami_temple5.jpg\"><img decoding=\"async\" src=\"\/blog\/wp-content\/uploads\/2025\/thumbs\/thumbs_sri_siva_subramaniya_swami_temple5.jpg\" \/><\/a><a href=\"\/blog\/wp-content\/uploads\/2025\/sri_siva_subramaniya_swami_temple4.jpg\"><img decoding=\"async\" src=\"\/blog\/wp-content\/uploads\/2025\/thumbs\/thumbs_sri_siva_subramaniya_swami_temple4.jpg\" \/><\/a><br \/>\n<a href=\"\/blog\/wp-content\/uploads\/2025\/sri_siva_subramaniya_swami_temple6.jpg\"><img decoding=\"async\" src=\"\/blog\/wp-content\/uploads\/2025\/thumbs\/thumbs_sri_siva_subramaniya_swami_temple6.jpg\" \/><\/a><a href=\"\/blog\/wp-content\/uploads\/2025\/sri_siva_subramaniya_swami_temple8.jpg\"><img decoding=\"async\" src=\"\/blog\/wp-content\/uploads\/2025\/thumbs\/thumbs_sri_siva_subramaniya_swami_temple8.jpg\" \/><\/a><a href=\"\/blog\/wp-content\/uploads\/2025\/sri_siva_subramaniya_swami_temple7.jpg\"><img decoding=\"async\" src=\"\/blog\/wp-content\/uploads\/2025\/thumbs\/thumbs_sri_siva_subramaniya_swami_temple7.jpg\" \/><\/a><\/p>\n<p style=\"text-align: center;\"><em>V\u00e4rik\u00e4s temppeli<\/em><\/p>\n<p style=\"text-align: justify;\">V\u00e4rik\u00e4s temppeli on sangen valokuvauksellinen ja vierailun arvoinen, mutta sill\u00e4 kuluu aikaa vain noin vartin verran. Parin tunnin Nadin vierailun j\u00e4lkeen olikin aika hakea l\u00e4heiselt\u00e4 <em>McDonaldsilta<\/em> lounasta. Fidzilt\u00e4 l\u00f6ytyy yhteens\u00e4 viisi m\u00e4kk\u00e4ri\u00e4 ja ravintolan sis\u00e4ll\u00e4 ei arvaisi olevansa tropiikissa, mik\u00e4 kertoo samanlaisia n\u00e4m\u00e4 suuret ruokaketjut ovat kaikkialla. Ravintolan lista oli tosin totuttua pienempi, mik\u00e4 kertoo markkinan pienest\u00e4 koosta. Toinen kansainv\u00e4linen ravintolaketju Fidzill\u00e4 on <em>Burger King<\/em> kuudella ravintolalla, mutta muita tunnettuja ketjuja saarelta ei l\u00f6ydy, Denaraulla sijainneen <em>Hard Rock Cafen<\/em> suljettua <a title=\"Ulos pandemiasta\" href=\"https:\/\/www.vuosiamaailmalla.fi\/blog\/2022\/ulos-pandemiasta\/\">koronapandemian<\/a> j\u00e4ljilt\u00e4.<\/p>\n<p style=\"text-align: center;\"><a href=\"\/blog\/wp-content\/uploads\/2025\/makkari_fijilla.jpg\"><img decoding=\"async\" src=\"\/blog\/wp-content\/uploads\/2025\/makkari_fijilla.jpg\" \/><\/a><\/p>\n<p style=\"text-align: center;\"><em>M\u00e4kk\u00e4ri on sama Fidzill\u00e4kin<\/em><\/p>\n<p style=\"text-align: justify;\">Toinen yksikseni tekem\u00e4ni p\u00e4iv\u00e4retki oli vierailu lentokent\u00e4n l\u00e4hist\u00f6ll\u00e4 sijaitsevassa <em>Garden of the Sleeping Giantin<\/em> puutarhassa. Kyseess\u00e4 on viidakon keskell\u00e4 sijaitseva osin hoidettu puutarha, joka on suosittu vierailukohde. Paikalle on kuitenkin hankala p\u00e4\u00e4st\u00e4, sill\u00e4 perille johtava muutaman kilometrin mittainen hiekkatie on uskomattoman kuoppainen ja vuokra-auton kanssa saakin olla tarkkana, ettei puhkaise rengasta.<\/p>\n<p style=\"text-align: center;\"><a href=\"\/blog\/wp-content\/uploads\/2025\/garden_of_the_sleeping_giant7.jpg\"><img decoding=\"async\" src=\"\/blog\/wp-content\/uploads\/2025\/thumbs\/thumbs_garden_of_the_sleeping_giant7.jpg\" \/><\/a><a href=\"\/blog\/wp-content\/uploads\/2025\/viidakkokasveja4.jpg\"><img decoding=\"async\" src=\"\/blog\/wp-content\/uploads\/2025\/thumbs\/thumbs_viidakkokasveja4.jpg\" \/><\/a><\/p>\n<p style=\"text-align: center;\"><em>Garden of the Sleeping Giant<\/em><\/p>\n<p style=\"text-align: justify;\">Perill\u00e4 odottaa kuitenkin vuoren rinteess\u00e4 olevassa notkossa sijaitseva eritt\u00e4in vehre\u00e4 puutarha, joka ei ollut vieraillessani kovin vilkas. N\u00e4ht\u00e4vill\u00e4 on v\u00e4rikk\u00e4it\u00e4 kasveja, etenkin satoja eri orkideoita, sek\u00e4 erilaisia hedelm\u00e4puita. My\u00f6s itse tiuha viidakko on suomalaiselle n\u00e4ky itsess\u00e4\u00e4n.<\/p>\n<p style=\"text-align: center;\"><a href=\"\/blog\/wp-content\/uploads\/2025\/viidakkokasveja1.jpg\"><img decoding=\"async\" src=\"\/blog\/wp-content\/uploads\/2025\/thumbs\/thumbs_viidakkokasveja1.jpg\" \/><\/a><a href=\"\/blog\/wp-content\/uploads\/2025\/viidakkokasveja2.jpg\"><img decoding=\"async\" src=\"\/blog\/wp-content\/uploads\/2025\/thumbs\/thumbs_viidakkokasveja2.jpg\" \/><\/a><a href=\"\/blog\/wp-content\/uploads\/2025\/viidakkokasveja3.jpg\"><img decoding=\"async\" src=\"\/blog\/wp-content\/uploads\/2025\/thumbs\/thumbs_viidakkokasveja3.jpg\" \/><\/a><br \/>\n<a href=\"\/blog\/wp-content\/uploads\/2025\/eksoottisia_hedelmia1.jpg\"><img decoding=\"async\" src=\"\/blog\/wp-content\/uploads\/2025\/thumbs\/thumbs_eksoottisia_hedelmia1.jpg\" \/><\/a><a href=\"\/blog\/wp-content\/uploads\/2025\/eksoottisia_hedelmia2.jpg\"><img decoding=\"async\" src=\"\/blog\/wp-content\/uploads\/2025\/thumbs\/thumbs_eksoottisia_hedelmia2.jpg\" \/><\/a><\/p>\n<p style=\"text-align: center;\"><em>Monenlaisia kasveja ja hedelmi\u00e4<\/em><\/p>\n<p style=\"text-align: justify;\">Viidakossa oli eritt\u00e4in kuuma ja pient\u00e4 huolta aiheutti siell\u00e4 mahdollisesti lentelev\u00e4t hyttyset. Fidzill\u00e4 on paraikaa laaja denguekuume-epidemia, johon on sairastunut tuhansia ihmisi\u00e4, tosin l\u00e4hinn\u00e4 paikallisia. Vaikka korkean kuumeen aiheuttava dengue onkin normaali tauti Fidzin kaltaisilla saarilla, huoletti se meit\u00e4 etuk\u00e4teen, etenkin lasten kohdalla. Niinp\u00e4 suuntasinkin puutarhaan pitkiss\u00e4 lahkeissa ja pitk\u00e4hihaisella paidalla sek\u00e4 hy\u00f6nteissuihkeella varustettuna, mik\u00e4 oli kuumana p\u00e4iv\u00e4n\u00e4 sangen l\u00e4k\u00e4hdytt\u00e4v\u00e4 kombinaatio.<\/p>\n<p style=\"text-align: center;\"><a href=\"\/blog\/wp-content\/uploads\/2025\/garden_of_the_sleeping_giant4.jpg\"><img decoding=\"async\" src=\"\/blog\/wp-content\/uploads\/2025\/thumbs\/thumbs_garden_of_the_sleeping_giant4.jpg\" \/><\/a><a href=\"\/blog\/wp-content\/uploads\/2025\/garden_of_the_sleeping_giant5.jpg\"><img decoding=\"async\" src=\"\/blog\/wp-content\/uploads\/2025\/thumbs\/thumbs_garden_of_the_sleeping_giant5.jpg\" \/><\/a><a href=\"\/blog\/wp-content\/uploads\/2025\/garden_of_the_sleeping_giant6.jpg\"><img decoding=\"async\" src=\"\/blog\/wp-content\/uploads\/2025\/thumbs\/thumbs_garden_of_the_sleeping_giant6.jpg\" \/><\/a><\/p>\n<p style=\"text-align: center;\"><em>Hyttysi\u00e4 ei n\u00e4kynyt<\/em><\/p>\n<p style=\"text-align: justify;\">Onneksi hyttysi\u00e4 ei n\u00e4kynyt puutarhassa laisinkaan, mutta asia on silti syyt\u00e4 ottaa tosissaan, sill\u00e4 sadekauden aikana niit\u00e4 on varmasti. My\u00f6s nyt kuivan kauden lopulla hyttysi\u00e4 eksyi satunnaisesti jopa hotellihuoneeseemme ja lentokent\u00e4ll\u00e4 niit\u00e4 lenteli terminaalin tiloissa n\u00e4kyv\u00e4 m\u00e4\u00e4r\u00e4, joten huonolla tuurilla voi joutua dengue-hyttysen pist\u00e4m\u00e4ksi. Onneksi me kuitenkin v\u00e4ltimme t\u00e4m\u00e4n t\u00e4ll\u00e4 matkallamme.<\/p>\n<p style=\"text-align: center;\"><a href=\"\/blog\/wp-content\/uploads\/2025\/garden_of_the_sleeping_giant1.jpg\"><img decoding=\"async\" src=\"\/blog\/wp-content\/uploads\/2025\/thumbs\/thumbs_garden_of_the_sleeping_giant1.jpg\" \/><\/a><a href=\"\/blog\/wp-content\/uploads\/2025\/garden_of_the_sleeping_giant2.jpg\"><img decoding=\"async\" src=\"\/blog\/wp-content\/uploads\/2025\/thumbs\/thumbs_garden_of_the_sleeping_giant2.jpg\" \/><\/a><br \/>\n<a href=\"\/blog\/wp-content\/uploads\/2025\/garden_of_the_sleeping_giant3.jpg\"><img decoding=\"async\" src=\"\/blog\/wp-content\/uploads\/2025\/thumbs\/thumbs_garden_of_the_sleeping_giant3.jpg\" \/><\/a><a href=\"\/blog\/wp-content\/uploads\/2025\/garden_of_the_sleeping_giant8.jpg\"><img decoding=\"async\" src=\"\/blog\/wp-content\/uploads\/2025\/thumbs\/thumbs_garden_of_the_sleeping_giant8.jpg\" \/><\/a><\/p>\n<p style=\"text-align: center;\"><em>Sakea viidakko on synkk\u00e4<\/em><\/p>\n<p style=\"text-align: justify;\">Puutarhan alueella sijaitsee pieni kukkula, jolta aukeaa hienot maisemat Nadin seudun ylitse. Horisontissa siinsi my\u00f6s savua, mik\u00e4 johtuu paikallisten tavasta kasketa mets\u00e4\u00e4 sek\u00e4 erityisesti sokeriruokopeltoja. Valitettavasti my\u00f6s roskien ja j\u00e4tteen polttaminen on Fidziss\u00e4 yleist\u00e4, usein ihan kotien ikkunoiden alla, mik\u00e4 johtaa kuivan kauden aikana toisinaan pieniin maastopaloihin.<\/p>\n<p style=\"text-align: center;\"><a href=\"\/blog\/wp-content\/uploads\/2025\/garden_of_the_sleeping_giant_kukkula1.jpg\"><img decoding=\"async\" src=\"\/blog\/wp-content\/uploads\/2025\/garden_of_the_sleeping_giant_kukkula1.jpg\" \/><\/a><\/p>\n<p style=\"text-align: center;\"><em>N\u00e4k\u00f6alapaikka<\/em><\/p>\n<p style=\"text-align: center;\"><a href=\"\/blog\/wp-content\/uploads\/2025\/garden_of_the_sleeping_giant_kukkula_panoraama.jpg\"><img decoding=\"async\" src=\"\/blog\/wp-content\/uploads\/2025\/garden_of_the_sleeping_giant_kukkula_panoraama_pieni.jpg\" \/><\/a><\/p>\n<p style=\"text-align: justify;\">Lomamme kenties upein p\u00e4iv\u00e4retki oli matka Fidzin edustan Mamanuca Islandseille, joka on kymmenien saarten muodostama saaristo p\u00e4\u00e4saari Viti Levun l\u00e4nsipuolella. Saarilla sijaitsee hulppeita viiden t\u00e4hden resortteja joihin matkataan helikopterilla, mutta joissa y\u00f6pymisen hinta lasketaan tuhansissa dollareissa per y\u00f6. Osa saarista toimii puolestaan p\u00e4iv\u00e4retkel\u00e4isille laadittuina paratiisisaarina, joista kuuluisin lienee noin 40 minuutin pikalauttamatkan p\u00e4\u00e4ss\u00e4 sijaitseva Malamala Island.<\/p>\n<p style=\"text-align: justify;\">T\u00e4m\u00e4 pieni saari t\u00e4ytt\u00e4\u00e4 kaikki paratiisisaaren mittarit, ollen pieni vehre\u00e4 l\u00e4ntti keskell\u00e4 aavaa merta. Saaren valkoisia hiekkarantoja huuhtoo kaikista suunnista l\u00e4mmin turkoosi meri ja se keskell\u00e4 havisevat tuulessa kauniin korkeat kookospalmut.<\/p>\n<p style=\"text-align: center;\"><a href=\"\/blog\/wp-content\/uploads\/2025\/malamala_island1.jpg\"><img decoding=\"async\" src=\"\/blog\/wp-content\/uploads\/2025\/thumbs\/thumbs_malamala_island1.jpg\" \/><\/a><a href=\"\/blog\/wp-content\/uploads\/2025\/malamala_island3.jpg\"><img decoding=\"async\" src=\"\/blog\/wp-content\/uploads\/2025\/thumbs\/thumbs_malamala_island3.jpg\" \/><\/a><a href=\"\/blog\/wp-content\/uploads\/2025\/malamala_island2.jpg\"><img decoding=\"async\" src=\"\/blog\/wp-content\/uploads\/2025\/thumbs\/thumbs_malamala_island2.jpg\" \/><\/a><\/p>\n<p style=\"text-align: center;\"><em>Todellisella paratiisisaarella<\/em><\/p>\n<p style=\"text-align: justify;\">Saarella sijaitseva <em>Malamala Beach Club<\/em> tituleeraa itse\u00e4\u00e4n maailman ensimm\u00e4isen\u00e4 yksityisen\u00e4 rantaclubina ja huh huh, mitk\u00e4 tilat sille on rakennettu. Saarella voi suunnata vapaasti mihin tahansa viett\u00e4m\u00e4\u00e4n p\u00e4iv\u00e4\u00e4ns\u00e4, mutta paras tapa on varata itselleen maksullinen kansituoli p\u00e4\u00e4rakennuksen uima-altaan luota. Siell\u00e4 tarjoutuu mahdollisuus uida suuressa altaassa ja nauttia erinomaisesta ruokatarjoilusta sek\u00e4 ny\u00f6kytell\u00e4 kaiuttimista tulvivan klubimusiikin tahtiin.<\/p>\n<p style=\"text-align: center;\"><a href=\"\/blog\/wp-content\/uploads\/2025\/malamala_beach_club2.jpg\"><img decoding=\"async\" src=\"\/blog\/wp-content\/uploads\/2025\/thumbs\/thumbs_malamala_beach_club2.jpg\" \/><\/a><a href=\"\/blog\/wp-content\/uploads\/2025\/malamala_beach_club3.jpg\"><img decoding=\"async\" src=\"\/blog\/wp-content\/uploads\/2025\/thumbs\/thumbs_malamala_beach_club3.jpg\" \/><\/a><a href=\"\/blog\/wp-content\/uploads\/2025\/malamala_beach_club1.jpg\"><img decoding=\"async\" src=\"\/blog\/wp-content\/uploads\/2025\/thumbs\/thumbs_malamala_beach_club1.jpg\" \/><\/a><\/p>\n<p style=\"text-align: center;\"><em>Malamala Beach Club<\/em><\/p>\n<p style=\"text-align: center;\"><a href=\"\/blog\/wp-content\/uploads\/2025\/malamala_beach_club4.jpg\"><img decoding=\"async\" src=\"\/blog\/wp-content\/uploads\/2025\/thumbs\/thumbs_malamala_beach_club4.jpg\" \/><\/a><a href=\"\/blog\/wp-content\/uploads\/2025\/malamala_beach_club5.jpg\"><img decoding=\"async\" src=\"\/blog\/wp-content\/uploads\/2025\/thumbs\/thumbs_malamala_beach_club5.jpg\" \/><\/a><\/p>\n<p style=\"text-align: center;\"><em>Uintia ja herkuttelua<\/em><\/p>\n<p style=\"text-align: justify;\">Koko saari on kuin postikortista ja niin viimeisen p\u00e4\u00e4lle huoliteltu, ettei sit\u00e4 tahdo uskoa todeksi. Ainoa miinus on hieman turhan kovalla oleva musiikki, joka k\u00e4y muutaman tunnin j\u00e4lkeen hieman raskaaksi. Onneksi m\u00f6k\u00e4\u00e4 p\u00e4\u00e4see karkuun rantaan tai saaren toiselle puolelle. Saarta ymp\u00e4r\u00f6iv\u00e4t kaikkialta upeat ja snorklaamiseen erinomaiset koralliriutat, mutta niiden vuoksi hiekkarannan hiekassa on runsaasti pistelevi\u00e4 korallin hippusia. Meill\u00e4 oli mukanamme snorklausv\u00e4lineet, mutta lapset vaativat sen verran paljon jatkuvaa huomiota, ettemme valitettavasti p\u00e4\u00e4tyneet tutkimaan pinnan alapuolista maailmaa laisinkaan.<\/p>\n<p style=\"text-align: center;\"><a href=\"\/blog\/wp-content\/uploads\/2025\/malamala_island7.jpg\"><img decoding=\"async\" src=\"\/blog\/wp-content\/uploads\/2025\/thumbs\/thumbs_malamala_island7.jpg\" \/><\/a><a href=\"\/blog\/wp-content\/uploads\/2025\/malamala_island9.jpg\"><img decoding=\"async\" src=\"\/blog\/wp-content\/uploads\/2025\/thumbs\/thumbs_malamala_island9.jpg\" \/><\/a><a href=\"\/blog\/wp-content\/uploads\/2025\/malamala_island4.jpg\"><img decoding=\"async\" src=\"\/blog\/wp-content\/uploads\/2025\/thumbs\/thumbs_malamala_island4.jpg\" \/><\/a><br \/>\n<a href=\"\/blog\/wp-content\/uploads\/2025\/malamala_island6.jpg\"><img decoding=\"async\" src=\"\/blog\/wp-content\/uploads\/2025\/thumbs\/thumbs_malamala_island6.jpg\" \/><\/a><a href=\"\/blog\/wp-content\/uploads\/2025\/malamala_island5.jpg\"><img decoding=\"async\" src=\"\/blog\/wp-content\/uploads\/2025\/thumbs\/thumbs_malamala_island5.jpg\" \/><\/a><\/p>\n<p style=\"text-align: center;\"><em>Paratiisisaarta tutkimassa\u00a0<\/em><\/p>\n<p style=\"text-align: justify;\">Malamala Island oli meist\u00e4 upea ja ehdottomasti koko matkamme parhaita p\u00e4ivi\u00e4. Visiitti saarella on sangen tyyris, mutta siell\u00e4 oleva tunnelma sek\u00e4 sielt\u00e4 saatavat muistot ja valokuvat ovat ehdottomasti sen arvoisia. Saari muistutti meit\u00e4 hieman Saipanilla sijaitsevasta <a title=\"Kiehtovan historian Saipan\" href=\"https:\/\/www.vuosiamaailmalla.fi\/blog\/2018\/kiehtovan-historian-saipan\/\">Managahan saaresta<\/a>, mutta Malamala on viimeisen p\u00e4\u00e4lle mietitty retkikohde.<\/p>\n<p style=\"text-align: center;\"><a href=\"\/blog\/wp-content\/uploads\/2025\/malamala_island11.jpg\"><img decoding=\"async\" src=\"\/blog\/wp-content\/uploads\/2025\/thumbs\/thumbs_malamala_island11.jpg\" \/><\/a><a href=\"\/blog\/wp-content\/uploads\/2025\/malamala_island12.jpg\"><img decoding=\"async\" src=\"\/blog\/wp-content\/uploads\/2025\/thumbs\/thumbs_malamala_island12.jpg\" \/><\/a><\/p>\n<p style=\"text-align: center;\"><em>Unohtumaton p\u00e4iv\u00e4retki<\/em><\/p>\n<p style=\"text-align: center;\"><a href=\"\/blog\/wp-content\/uploads\/2025\/malamala_island10.jpg\"><img decoding=\"async\" src=\"\/blog\/wp-content\/uploads\/2025\/thumbs\/thumbs_malamala_island10.jpg\" \/><\/a><\/p>\n<p style=\"text-align: center;\"><em>Palmun juurella<\/em><\/p>\n<p style=\"text-align: justify;\">Maininnan arvoista on my\u00f6skin, ett\u00e4 Mamanuca Islandit sek\u00e4 hieman et\u00e4\u00e4mm\u00e4ll\u00e4 sijaitsevat Yasawa Islandin saaret ovat toimineet kuvauspaikkoina lukuisille elokuville, kuten Tom Hanksin t\u00e4hditt\u00e4m\u00e4 elokuva <em>Cast Away<\/em>. My\u00f6s pitk\u00e4\u00e4n jatkunutta <em>The Survivor<\/em> -televisiosarjaa kuvataan vuodesta toiseen alueen eri saarilla.<\/p>\n<p style=\"text-align: center;\"><a href=\"\/blog\/wp-content\/uploads\/2025\/mamanuca_yasawa_saaret.jpg\"><img decoding=\"async\" src=\"\/blog\/wp-content\/uploads\/2025\/mamanuca_yasawa_saaret.jpg\" \/><\/a><\/p>\n<p style=\"text-align: center;\"><em>Saariston monet saaret<\/em><\/p>\n<p style=\"text-align: justify;\">Matkamme viimeinen retki osui reissumme viimeiseen kokonaiseen p\u00e4iv\u00e4\u00e4n, lauantaihin. Suuntasimme aamusta 55 kilometri\u00e4 etel\u00e4\u00e4n Coral Coastina tunnetulle Viti Levun etel\u00e4rannikolle, jossa sijaitsee Fidzin kenties erikoisin, mutta my\u00f6s parhaiten rankattu aktiviteetti. <em>Ecotrax<\/em> on paikallinen matkailuyritys, jolla on ollut mielenkiintoinen ajatus hy\u00f6dynt\u00e4\u00e4 vanhaa sokeriruokojunarataa turismiin. Yritys on rakentanut liudan erikoisia resiinan ja s\u00e4hk\u00f6py\u00f6r\u00e4n yhdistelmi\u00e4, joiden kyydiss\u00e4 matkailijat voivat n\u00e4hd\u00e4 noin kymmenen kilometrin matkan Coral Coastin upeaa rannikkoa.<\/p>\n<p style=\"text-align: center;\"><iframe loading=\"lazy\" title=\"YouTube video player\" src=\"https:\/\/www.youtube-nocookie.com\/embed\/9MMV5g2yB0c?si=zIEaSTkalvoP_qwx\" width=\"560\" height=\"315\" frameborder=\"0\" allowfullscreen=\"allowfullscreen\"><\/iframe><\/p>\n<p style=\"text-align: center;\"><em>Fijin paras aktiviteetti<\/em><\/p>\n<p style=\"text-align: justify;\">Retki on eritt\u00e4in suosittu ja varattu normaalisti t\u00e4yteen jopa puoli vuotta etuk\u00e4teen. Onneksemme n\u00e4m\u00e4 ottavat kuitenkin vastaan varauksia jonotuslistalle ja meill\u00e4 k\u00e4vikin tuuri p\u00e4\u00e4st\u00e4 lauantaiaamun retkelle!<\/p>\n<p style=\"text-align: center;\"><a href=\"\/blog\/wp-content\/uploads\/2025\/ecotrax1.jpg\"><img decoding=\"async\" src=\"\/blog\/wp-content\/uploads\/2025\/thumbs\/thumbs_ecotrax1.jpg\" \/><\/a><a href=\"\/blog\/wp-content\/uploads\/2025\/ecotrax3.jpg\"><img decoding=\"async\" src=\"\/blog\/wp-content\/uploads\/2025\/thumbs\/thumbs_ecotrax3.jpg\" \/><\/a><\/p>\n<p style=\"text-align: center;\"><em>Erikoinen kulkupeli<\/em><\/p>\n<p style=\"text-align: justify;\">Kyyti on erikoista, sill\u00e4 s\u00e4hk\u00f6avusteisena resiinaa ei ole raskasta liikuttaa, mutta meno on junamaista kilkuttamista ulkoilmassa. Ilahduttavasti yritys on huomioinut my\u00f6s perheet ja yksi resiinoista sis\u00e4lt\u00e4\u00e4 per\u00e4vaunun, jonka kyytiin mahtuu kaksi lasta valjaissa. Lapsillamme olikin hauskaa nauttia &#8221;junakyydist\u00e4&#8221; ja ihmetell\u00e4 kaikkea reitin varrella n\u00e4hty\u00e4.<\/p>\n<p style=\"text-align: center;\"><a href=\"\/blog\/wp-content\/uploads\/2025\/ecotrax_reitti2.jpg\"><img decoding=\"async\" src=\"\/blog\/wp-content\/uploads\/2025\/thumbs\/thumbs_ecotrax_reitti2.jpg\" \/><\/a><a href=\"\/blog\/wp-content\/uploads\/2025\/ecotrax_reitti3.jpg\"><img decoding=\"async\" src=\"\/blog\/wp-content\/uploads\/2025\/thumbs\/thumbs_ecotrax_reitti3.jpg\" \/><\/a><br \/>\n<a href=\"\/blog\/wp-content\/uploads\/2025\/ecotrax_reitti4.jpg\"><img decoding=\"async\" src=\"\/blog\/wp-content\/uploads\/2025\/thumbs\/thumbs_ecotrax_reitti4.jpg\" \/><\/a><a href=\"\/blog\/wp-content\/uploads\/2025\/ecotrax_reitti5.jpg\"><img decoding=\"async\" src=\"\/blog\/wp-content\/uploads\/2025\/thumbs\/thumbs_ecotrax_reitti5.jpg\" \/><\/a><\/p>\n<p style=\"text-align: center;\"><em>Junaradan varren maisemia<\/em><\/p>\n<p style=\"text-align: justify;\">Noin kymmenen kilometrin reitti kuljetaan kumpaankin suuntaan ja sen varrella on mahdollista n\u00e4hd\u00e4 luontoa sek\u00e4 tavallisten fidzil\u00e4isten el\u00e4m\u00e4\u00e4. Upeiden hotellien vastakohtana suurin osa paikallisista asuu viidakon keskell\u00e4 rakennuksissa, joita voi kuvata ainoastaan h\u00f6kkeleiksi. Monissa h\u00f6kkeleiss\u00e4 ei ole ikkunoita ja tuskin edes s\u00e4hk\u00f6\u00e4, mik\u00e4 kertoo paikallisten alkeellisesta el\u00e4m\u00e4st\u00e4. Rakennusten ja kylien alueella on my\u00f6skin runsaasti el\u00e4imi\u00e4 kuten vuohia, possuja sek\u00e4 hevosia, joita ihmiset hy\u00f6dynt\u00e4v\u00e4t omavaraisessa arjessaan.<\/p>\n<p style=\"text-align: center;\"><a href=\"\/blog\/wp-content\/uploads\/2025\/ecotrax_reitti1.jpg\"><img decoding=\"async\" src=\"\/blog\/wp-content\/uploads\/2025\/thumbs\/thumbs_ecotrax_reitti1.jpg\" \/><\/a><a href=\"\/blog\/wp-content\/uploads\/2025\/asuntoja_fijilla2.jpg\"><img decoding=\"async\" src=\"\/blog\/wp-content\/uploads\/2025\/thumbs\/thumbs_asuntoja_fijilla2.jpg\" \/><\/a><a href=\"\/blog\/wp-content\/uploads\/2025\/asuntoja_fijilla1.jpg\"><img decoding=\"async\" src=\"\/blog\/wp-content\/uploads\/2025\/thumbs\/thumbs_asuntoja_fijilla1.jpg\" \/><\/a><\/p>\n<p style=\"text-align: center;\"><em>Tyypillinen fidzil\u00e4inen kyl\u00e4<\/em><\/p>\n<p style=\"text-align: justify;\">Retkell\u00e4 pys\u00e4hdyt\u00e4\u00e4n yhdess\u00e4 reitinvarren kylist\u00e4, jossa vierailijoita rynt\u00e4\u00e4 tapaamaan lauma lapsia. On mahdollista, joskaan ei mitenk\u00e4\u00e4n odotettua, antaa lapsille pieni\u00e4 lahjoja esimerkiksi lelujen muodossa, mik\u00e4 ilahdutti monia ja tarjosi turisteille tilaisuuden iloisiin valokuviin kotiin viet\u00e4v\u00e4ksi.<\/p>\n<p style=\"text-align: center;\"><a href=\"\/blog\/wp-content\/uploads\/2025\/ecotrax_reitti6.jpg\"><img decoding=\"async\" src=\"\/blog\/wp-content\/uploads\/2025\/thumbs\/thumbs_ecotrax_reitti6.jpg\" \/><\/a><a href=\"\/blog\/wp-content\/uploads\/2025\/ecotrax_reitti7.jpg\"><img decoding=\"async\" src=\"\/blog\/wp-content\/uploads\/2025\/thumbs\/thumbs_ecotrax_reitti7.jpg\" \/><\/a><a href=\"\/blog\/wp-content\/uploads\/2025\/ecotrax_reitti8.jpg\"><img decoding=\"async\" src=\"\/blog\/wp-content\/uploads\/2025\/thumbs\/thumbs_ecotrax_reitti8.jpg\" \/><\/a><\/p>\n<p style=\"text-align: center;\"><em>Kyl\u00e4n asukkaita<\/em><\/p>\n<p style=\"text-align: justify;\">Retki on todella ainutlaatuinen ja erinomaisesti toteutettu. My\u00f6s retken puoliv\u00e4lin ev\u00e4shetki autiolla hiekkarannalla on erinomainen tilaisuus nauttia Coral Coastin kauniista maisemista ja siksi Ecotraxia voikin suositella l\u00e4mpim\u00e4sti Fijill\u00e4 vieraileville &#8211; jos vain varaus onnistuu.<\/p>\n<p style=\"text-align: center;\"><a href=\"\/blog\/wp-content\/uploads\/2025\/ecotrax2.jpg\"><img decoding=\"async\" src=\"\/blog\/wp-content\/uploads\/2025\/ecotrax2.jpg\" \/><\/a><\/p>\n<p style=\"text-align: center;\"><em>Ev\u00e4shetki autiolla hiekkarannalla<\/em><\/p>\n<p style=\"text-align: justify;\">Kolmituntisen retken j\u00e4lkeen jatkoimme autolla viel\u00e4 edemm\u00e4s Coral Coastia, aina Sigatokan kyl\u00e4\u00e4n saakka. Kyl\u00e4ss\u00e4 sijaitsee eritt\u00e4in tuulisella rantat\u00f6rm\u00e4ll\u00e4 kehuttu <em>Crab Shack<\/em> -ravintola, jossa s\u00f6imme herkullisen lounaan ennen paluuta hotellille.<\/p>\n<p style=\"text-align: center;\"><a href=\"\/blog\/wp-content\/uploads\/2025\/tuulinen_crab_shack.jpg\"><img decoding=\"async\" src=\"\/blog\/wp-content\/uploads\/2025\/tuulinen_crab_shack.jpg\" \/><\/a><\/p>\n<p style=\"text-align: center;\"><em>Tuulinen Crab Shack<\/em><\/p>\n<p style=\"text-align: justify;\">Vaikka olimmekin ainoastaan 75 kilometri\u00e4 hotellilta, kului paluumatkaan yli puolitoista tuntia, sill\u00e4 ajonopeudet Fidzill\u00e4 ovat matalat ja teiden kunto vaihtelee rajusti. Kuoppia ja ter\u00e4vi\u00e4 hidasteita saa varoa jatkuvasti, mink\u00e4 lis\u00e4ksi teit\u00e4 vartioi suuri m\u00e4\u00e4r\u00e4 muutama vuosi sitten asennettuja liikennekameroita. Ehk\u00e4 juuri niiden ansiosta liikenne on sangen s\u00e4\u00e4nt\u00f6j\u00e4 noudattavaa, eik\u00e4 meill\u00e4 ollut mink\u00e4\u00e4nlaisia vaikeuksia ajaa Fidzill\u00e4. Ei edes, vaikka maassa ajetaan &#8221;v\u00e4\u00e4r\u00e4ll\u00e4 puolella&#8221; tiet\u00e4, mihin onneksi tottuu nopeasti.<\/p>\n<p style=\"text-align: justify;\">Sunnuntaina koitti paluup\u00e4iv\u00e4, mik\u00e4 oli masentavaa, sill\u00e4 n\u00e4iss\u00e4 puitteissa olisi viihtynyt helposti pidemp\u00e4\u00e4nkin. Mielt\u00e4 painoi my\u00f6s ajatus paluumatkan pituudesta, sill\u00e4 jouduimme j\u00e4tt\u00e4m\u00e4\u00e4n hotellimme jo puoliltap\u00e4ivin, mutta paluulentomme l\u00e4hti Nadista vasta iltamy\u00f6h\u00e4ll\u00e4. Meill\u00e4 olikin runsaasti aikaa tapettavana ja ajoimme huviksemme Nadin pohjoispuolella sijaitsevaan Lautokan satamakaupunkiin.<\/p>\n<p style=\"text-align: center;\"><a href=\"\/blog\/wp-content\/uploads\/2025\/paluumatka_lautokasta.jpg\"><img decoding=\"async\" src=\"\/blog\/wp-content\/uploads\/2025\/paluumatka_lautokasta.jpg\" \/><\/a><\/p>\n<p style=\"text-align: center;\"><em>Tie Lautokaan<\/em><\/p>\n<p style=\"text-align: justify;\">Valitettavasti ajomatkan aikana Fiona alkoi osoittamaan sairastumisen oireita ja t\u00e4lle nousi tyhj\u00e4st\u00e4 korkea kuume. T\u00e4m\u00e4 stressasi meit\u00e4 huomattavasti, koska emme tienneet mist\u00e4 oli kyse ja edess\u00e4 oli yli kymmenen tunnin lento meren yll\u00e4. Onneksi kuumel\u00e4\u00e4ke teki teht\u00e4v\u00e4ns\u00e4 ja nousimme illalla lentokoneen kyytiin.<\/p>\n<p style=\"text-align: justify;\">Paluulentomme oli <em>Fiji Airwaysin<\/em> upouudella <em>Airbus A350<\/em> -koneella ja lentoreittimme oli Fidzilt\u00e4 Los Angelesin kautta Vancouveriin. T\u00e4m\u00e4 tarkoitti yli 17 tunnin matkaa sairaan lapsen kanssa, joka my\u00f6s oksensi lentokoneen kyydiss\u00e4. Jollain ihmeell\u00e4 selvisimme kuitenkin perille Los Angelesiin, josta olleen jatkolennon aikana puolestaan minulle nousi kuume. Olimmekin aivan loppu ja poikki p\u00e4\u00e4stess\u00e4mme lopulta kotiin.<\/p>\n<p style=\"text-align: center;\"><a href=\"\/blog\/wp-content\/uploads\/2025\/fiji_airways.jpg\"><img decoding=\"async\" src=\"\/blog\/wp-content\/uploads\/2025\/thumbs\/thumbs_fiji_airways.jpg\" \/><\/a><a href=\"\/blog\/wp-content\/uploads\/2025\/pitka_matka_kotiin.jpg\"><img decoding=\"async\" src=\"\/blog\/wp-content\/uploads\/2025\/thumbs\/thumbs_pitka_matka_kotiin.jpg\" \/><\/a><a href=\"\/blog\/wp-content\/uploads\/2025\/lax_lentokentta.jpg\"><img decoding=\"async\" src=\"\/blog\/wp-content\/uploads\/2025\/thumbs\/thumbs_lax_lentokentta.jpg\" \/><\/a><\/p>\n<p style=\"text-align: center;\"><em>Pitk\u00e4 paluumatka kotiin<\/em><\/p>\n<p style=\"text-align: justify;\">Seuraavina p\u00e4ivin\u00e4 alun vatsataudiksi ep\u00e4ilty, mutta my\u00f6s dengueksi pel\u00e4tty, sairaus osoittautui kaiketi enterorokoksi, jonka Fiona sai mahdollisesti hotellimme lastenkerhosta. Seuraavan viikon sairastaminen oli hyvin harmillista, mutta tapahtui onneksi lomamme loputtua, eik\u00e4 t\u00e4ten pilannut itse upeaa matkaa.<\/p>\n<p style=\"text-align: justify;\">Fidzi j\u00e4ttikin meille eritt\u00e4in l\u00e4mpim\u00e4t muistot ja saarivaltio t\u00e4ytti kyll\u00e4 meill\u00e4 olleet odotukset. On kuitenkin my\u00f6nnett\u00e4v\u00e4, ett\u00e4 Fidzi on todella kaukana Vancouverista suorasta lentoyhteydest\u00e4kin huolimatta, mutta silti saavutettavissa upeaa lomaa varten. Voikin hyvin olla, ett\u00e4 l\u00f6yd\u00e4mme itsemme uudelleen etel\u00e4isen tyynenmeren vesilt\u00e4 jo ensi vuonna!<\/p>\n<p style=\"text-align: right;\"><em>Edelliseen osaan <a title=\"Koko perheen paratiisiloma\" href=\"https:\/\/www.vuosiamaailmalla.fi\/blog\/2025\/koko-perheen-paratiisiloma\/\">t\u00e4st\u00e4<\/a>. Matkakertomuksen muut osat l\u00f6ytyv\u00e4t <a href=\"https:\/\/www.vuosiamaailmalla.fi\/blog\/tag\/matkakertomus-fidzi\/\">t\u00e4\u00e4lt\u00e4<\/a>.<\/em><\/p>\n","protected":false},"excerpt":{"rendered":"<p>Vaikka Fidzin lomamme olikin ennen kaikkea viikon mittainen l\u00f6h\u00f6loma ylellisiss\u00e4 puitteissa, emme toki malttaneet viett\u00e4\u00e4 aikaamme ainoastaan hotellimme tiloissa. Koska k\u00e4yt\u00f6ss\u00e4mme oli koko viikon ajan my\u00f6s vuokra-auto, oli meill\u00e4 vapaa p\u00e4\u00e4sy eri puolille Fidzin p\u00e4\u00e4saari Viti Levua ja sen lukuisia n\u00e4ht\u00e4vyyksi\u00e4.<\/p>\n","protected":false},"author":1,"featured_media":14110,"comment_status":"open","ping_status":"closed","sticky":false,"template":"","format":"standard","meta":{"_jetpack_memberships_contains_paid_content":false,"footnotes":""},"categories":[1914,7],"tags":[1940,1939,1915,1942,1941,1935,1937,1938],"class_list":["post-14108","post","type-post","status-publish","format-standard","has-post-thumbnail","hentry","category-fidzi","category-matkakertomukset","tag-coral-coast","tag-ecotrax","tag-fidzi","tag-garden-of-the-sleeping-giant","tag-malamala-beach-club","tag-matkakertomus-fidzi","tag-nadi","tag-sri-siva-subramaniya-temple"],"jetpack_featured_media_url":"https:\/\/www.vuosiamaailmalla.fi\/blog\/wp-content\/uploads\/malamala_island_banner.jpg","jetpack_sharing_enabled":true,"_links":{"self":[{"href":"https:\/\/www.vuosiamaailmalla.fi\/blog\/wp-json\/wp\/v2\/posts\/14108","targetHints":{"allow":["GET"]}}],"collection":[{"href":"https:\/\/www.vuosiamaailmalla.fi\/blog\/wp-json\/wp\/v2\/posts"}],"about":[{"href":"https:\/\/www.vuosiamaailmalla.fi\/blog\/wp-json\/wp\/v2\/types\/post"}],"author":[{"embeddable":true,"href":"https:\/\/www.vuosiamaailmalla.fi\/blog\/wp-json\/wp\/v2\/users\/1"}],"replies":[{"embeddable":true,"href":"https:\/\/www.vuosiamaailmalla.fi\/blog\/wp-json\/wp\/v2\/comments?post=14108"}],"version-history":[{"count":6,"href":"https:\/\/www.vuosiamaailmalla.fi\/blog\/wp-json\/wp\/v2\/posts\/14108\/revisions"}],"predecessor-version":[{"id":14120,"href":"https:\/\/www.vuosiamaailmalla.fi\/blog\/wp-json\/wp\/v2\/posts\/14108\/revisions\/14120"}],"wp:featuredmedia":[{"embeddable":true,"href":"https:\/\/www.vuosiamaailmalla.fi\/blog\/wp-json\/wp\/v2\/media\/14110"}],"wp:attachment":[{"href":"https:\/\/www.vuosiamaailmalla.fi\/blog\/wp-json\/wp\/v2\/media?parent=14108"}],"wp:term":[{"taxonomy":"category","embeddable":true,"href":"https:\/\/www.vuosiamaailmalla.fi\/blog\/wp-json\/wp\/v2\/categories?post=14108"},{"taxonomy":"post_tag","embeddable":true,"href":"https:\/\/www.vuosiamaailmalla.fi\/blog\/wp-json\/wp\/v2\/tags?post=14108"}],"curies":[{"name":"wp","href":"https:\/\/api.w.org\/{rel}","templated":true}]}}