{"id":1413,"date":"2010-10-03T19:10:08","date_gmt":"2010-10-04T02:10:08","guid":{"rendered":"http:\/\/13.53.127.146\/?p=1413"},"modified":"2021-02-24T21:41:17","modified_gmt":"2021-02-25T05:41:17","slug":"saksan-jalleenyhdistymisesta-20-vuotta","status":"publish","type":"post","link":"https:\/\/www.vuosiamaailmalla.fi\/blog\/2010\/saksan-jalleenyhdistymisesta-20-vuotta\/","title":{"rendered":"Saksan j\u00e4lleenyhdistymisest\u00e4 20 vuotta"},"content":{"rendered":"<p style=\"text-align: justify;\">T\u00e4n\u00e4\u00e4n on vietetty Saksan j\u00e4lleenyhdistymisen 20-vuotisjuhlap\u00e4iv\u00e4\u00e4 ymp\u00e4ri Saksaa. 20 vuotta sitten It\u00e4-Saksa lakkasi olemasta yhdistym\u00e4ll\u00e4 l\u00e4ntiseen Saksan liittotasavaltaan. Tapahtuneesta k\u00e4ytet\u00e4\u00e4n nimityst\u00e4 j\u00e4lleenyhdistyminen erotuksena vuonna 1871 tapahtuneesta Saksan yhdist\u00e4misest\u00e4 Saksan keisarikunnaksi.<\/p>\n<p style=\"text-align: justify;\">It\u00e4-Saksan hajoaminenhan sai alkunsa syksyn 1989 mielenosoituksista pitkin It\u00e4-Saksaa. Lopullinen niitti oli onnekas G\u00fcnter Schabowskin kuuluisa v\u00e4\u00e4rin tulkittu <a href=\"https:\/\/www.youtube.com\/watch?v=TQiriTompdY\">lausunto<\/a> Saksojen v\u00e4listen matkustusrajoitusten poistamisesta, joka johti samana iltana <a title=\"20 vuotta Berliinin muurin murtumisesta\" href=\"https:\/\/www.vuosiamaailmalla.fi\/?p=3383\">Berliinin muurin murtuminen<\/a>. Tuo historiallinen p\u00e4iv\u00e4 oli 9. marraskuuta 1989. Kun It\u00e4-Saksan jatkuminen muuttui tapahtuneen seurauksena poliittisesti mahdottomaksi, alettiin poliittisissa piireiss\u00e4 neuvoteltiin kuumeisesti l\u00e4nsi- ja it\u00e4-puolen, sek\u00e4 toisen maailmansodan voittajavaltioiden kesken yhdistymisen ehdoista. Uuden yhten\u00e4isen valtion perustamisen sijaan p\u00e4\u00e4tettiin yhdist\u00e4\u00e4 It\u00e4-Saksan viisi osavaltiota Saksan liittotasavaltaan (L\u00e4nsi-Saksa), jolloin ei muun muassa tarvinnut esimerkiksi s\u00e4\u00e4t\u00e4\u00e4 uutta perustuslakia. J\u00e4lleenyhdistymisen p\u00e4iv\u00e4m\u00e4\u00e4r\u00e4ksi sovittiin 3. lokakuuta 1990. Nykyisin t\u00e4m\u00e4 <em>Tag der Deutschen Einheit<\/em> (Saksan yhten\u00e4isyyden p\u00e4iv\u00e4) on Saksan ainoa kansallinen vapaap\u00e4iv\u00e4.<\/p>\n<p><!--more--><\/p>\n<p style=\"text-align: justify;\">Vaikka aikaa Saksan j\u00e4lleenyhdistymisest\u00e4 onkin kulunut 20 vuotta on ero id\u00e4n ja l\u00e4nnen v\u00e4lill\u00e4 edelleen havaittavissa monessa mieless\u00e4. <em>Ossies<\/em> ja <em>wessies<\/em> ovat edelleen k\u00e4ytettyj\u00e4 nimityksi\u00e4 it\u00e4- ja l\u00e4nsisaksalaisista. Meid\u00e4n, kuten kaikkien saksalaisten, palkasta l\u00e4htee nimikkeell\u00e4 <em>Solidarit\u00e4tszuschalg<\/em> v\u00e4h\u00e4n alle 3%. Se on osa noin 80 miljardin arvoista vuotuista avustusta, jota liittovaltio edelleen pumppaa entisen It\u00e4-Saksan osavaltioiden kehitt\u00e4miseen. Silti erot elintasossa ovat edelleen merkitt\u00e4v\u00e4 ja it\u00e4saksalaisten palkkataso on t\u00e4n\u00e4p\u00e4iv\u00e4n\u00e4kin vain 83% l\u00e4nsisaksalaisista. Vuonna 1991 lukea oli 57%. Bruttokansantuote on Saksan it\u00e4osissa kaksinkertaistunut 20 vuodessa. Vuoden 1991 lukema 9 751 euroa on vaihtunut 19 500 euroon vuonna 2009. L\u00e4ntisess\u00e4 Saksassa bkt nousi samassa ajassa vain 12 prosenttia.Ty\u00f6tt\u00f6myys it\u00e4isess\u00e4 Saksassa on silti roimasti suurimpi ollen 11,5%. Samaan l\u00e4ntisess\u00e4 Saksassa ollaan lukemassa 6,6%. N\u00e4idenkin lukemien sis\u00e4ll\u00e4 alueelliset erot ovat suuria ja syrj\u00e4isill\u00e4 entisen It\u00e4-Saksan alueilla lukemat ovat yli 20%.<\/p>\n<p style=\"text-align: center;\"><a href=\"\/blog\/wp-content\/uploads\/2010\/syysmarkkinat_alexanderplatzilla1.jpg\" target=\"_blank\" rel=\"noopener\"><img decoding=\"async\" style=\"border: 0px none; margin: 5px;\" src=\"\/blog\/wp-content\/uploads\/2010\/thumbs\/thumbs_syysmarkkinat_alexanderplatzilla1.jpg\" alt=\"\" \/><\/a><a href=\"\/blog\/wp-content\/uploads\/2010\/syysmarkkinat_alexanderplatzilla4.jpg\" target=\"_blank\" rel=\"noopener\"><img decoding=\"async\" style=\"border: 0px none; margin: 5px;\" src=\"\/blog\/wp-content\/uploads\/2010\/thumbs\/thumbs_syysmarkkinat_alexanderplatzilla4.jpg\" alt=\"\" \/><\/a><\/p>\n<p style=\"text-align: center;\"><em>V\u00e4ke\u00e4 Alexanderplatzin syysmarkkinoilla<\/em><\/p>\n<p style=\"text-align: justify;\">Meille ulkomaalaisille aiheen t\u00e4ydellinen ymm\u00e4rt\u00e4minen on luonnollisesti hieman vaikeaa, mutta jotkin erot ovat silti meist\u00e4kin huomattavissa. Kun olemme asuneet sek\u00e4 l\u00e4nness\u00e4 ett\u00e4 id\u00e4ss\u00e4, voimme ainakin allekirjoittaa palkkatason eron. Toki samaan aikaan el\u00e4misen kalleuskin on eri luokkaa id\u00e4n eduksi, mik\u00e4 osin tasoittaa kuilua, mutta ei kuitenkaan t\u00e4ysin peit\u00e4 sit\u00e4. Alempi elintaso on my\u00f6s n\u00e4ht\u00e4viss\u00e4 kaupunkikuvassa, sill\u00e4 Berliinin autokanta on silminn\u00e4hden Dortmundia vanhempaa.<\/p>\n<p style=\"text-align: center;\"><a href=\"\/blog\/wp-content\/uploads\/2010\/syysmarkkinat_alexanderplatzilla2.jpg\" target=\"_blank\" rel=\"noopener\"><img decoding=\"async\" style=\"border: 0px none; margin: 5px;\" src=\"\/blog\/wp-content\/uploads\/2010\/thumbs\/thumbs_syysmarkkinat_alexanderplatzilla2.jpg\" alt=\"\" \/><\/a><a href=\"\/blog\/wp-content\/uploads\/2010\/syysmarkkinat_alexanderplatzilla3.jpg\" target=\"_blank\" rel=\"noopener\"><img decoding=\"async\" style=\"border: 0px none; margin: 5px;\" src=\"\/blog\/wp-content\/uploads\/2010\/thumbs\/thumbs_syysmarkkinat_alexanderplatzilla3.jpg\" alt=\"\" \/><\/a><\/p>\n<p style=\"text-align: center;\"><em>Olutm\u00f6kki ja sen terassi syysmarkkinoilla<\/em><\/p>\n<p style=\"text-align: justify;\">Kaikesta kiistanalaisuudestaan huolimatta kyseess\u00e4 on kuitenkin suuri juhlap\u00e4iv\u00e4. <a title=\"Ikoninen Brandenburger Tor\" href=\"https:\/\/www.vuosiamaailmalla.fi\/?p=8080\">Brandenburgin portin<\/a> alueella onkin ollut koko viikonlopun suuri juhlatapahtuma johon on ottanut osaa paljon ihmisi\u00e4. Mukavasti viikonlopuksi sattui kaunis ja l\u00e4mmin (+18 astetta) keli, joten juhlintaa on harjoitettu muuallakin kaupungissa kauniin kelin vallitessa.<\/p>\n<p style=\"text-align: center;\"><a href=\"\/blog\/wp-content\/uploads\/2010\/pelimanneja_alexanderplatzilla.jpg\" target=\"_blank\" rel=\"noopener\"><img decoding=\"async\" style=\"border: 0px none; margin: 5px;\" src=\"\/blog\/wp-content\/uploads\/2010\/pelimanneja_alexanderplatzilla.jpg\" alt=\"\" \/><\/a><\/p>\n<p style=\"text-align: center;\"><em>Pelimanneja Alexanderplatzilla<\/em><\/p>\n<p style=\"text-align: justify;\">Me k\u00e4vimme tuossa hieman aiemmin Alexanderplatzilla k\u00e4velem\u00e4ss\u00e4, jossa ihmisi\u00e4 istui runsain m\u00e4\u00e4rin olusella. Alexanderplatzille on pystytetty kuun lopussa l\u00e4hestyv\u00e4\u00e4 <em><a title=\"Sateinen halloween\" href=\"https:\/\/www.vuosiamaailmalla.fi\/?p=1145\">halloweenia<\/a><\/em>, sek\u00e4 M\u00fcncheniss\u00e4 paraikaa meneill\u00e4\u00e4n olevia <em><a title=\"O\u2019zapft is!\" href=\"https:\/\/www.vuosiamaailmalla.fi\/?p=651\">Oktoberfestej\u00e4<\/a><\/em>, juhlistaen juhla- ja markkina-alue. Tunnelma alueella oli letke\u00e4 ja tarjolla oli monia paikallisia markkinaherkkuja, jotka maistuivat varmasti niin ossieille kuin wessieillekin.<\/p>\n","protected":false},"excerpt":{"rendered":"<p>T\u00e4n\u00e4\u00e4n on vietetty Saksan j\u00e4lleenyhdistymisen 20-vuotisjuhlap\u00e4iv\u00e4\u00e4 ymp\u00e4ri Saksaa. 20 vuotta sitten It\u00e4-Saksa lakkasi olemasta yhdistym\u00e4ll\u00e4 l\u00e4ntiseen Saksan liittotasavaltaan. Tapahtuneesta k\u00e4ytet\u00e4\u00e4n nimityst\u00e4 j\u00e4lleenyhdistyminen erotuksena vuonna 1871 tapahtuneesta Saksan yhdist\u00e4misest\u00e4 Saksan keisarikunnaksi. It\u00e4-Saksan hajoaminenhan sai alkunsa syksyn 1989 mielenosoituksista pitkin It\u00e4-Saksaa. Lopullinen niitti oli onnekas G\u00fcnter Schabowskin kuuluisa v\u00e4\u00e4rin tulkittu lausunto Saksojen v\u00e4listen matkustusrajoitusten poistamisesta, joka johti &hellip; <a href=\"https:\/\/www.vuosiamaailmalla.fi\/blog\/2010\/saksan-jalleenyhdistymisesta-20-vuotta\/\" class=\"more-link\">Jatka lukemista<span class=\"screen-reader-text\"> &#8221;Saksan j\u00e4lleenyhdistymisest\u00e4 20 vuotta&#8221;<\/span><\/a><\/p>\n","protected":false},"author":1,"featured_media":11928,"comment_status":"open","ping_status":"open","sticky":false,"template":"","format":"standard","meta":{"_jetpack_memberships_contains_paid_content":false,"footnotes":""},"categories":[18,3,5,14],"tags":[25,28,34,56,90,139,190,436],"class_list":["post-1413","post","type-post","status-publish","format-standard","has-post-thumbnail","hentry","category-arki-saksassa","category-arki-ulkomailla","category-asuminen-saksassa","category-tyoskentely-saksassa","tag-ajankohtaista","tag-alexanderplatz","tag-arki","tag-berlin-mitte","tag-ddr","tag-historiaa-2","tag-saksa","tag-saksojen-jako"],"jetpack_featured_media_url":"https:\/\/www.vuosiamaailmalla.fi\/blog\/wp-content\/uploads\/syysmarkkinat_alexanderplatzilla_banner-1.jpg","jetpack_sharing_enabled":true,"_links":{"self":[{"href":"https:\/\/www.vuosiamaailmalla.fi\/blog\/wp-json\/wp\/v2\/posts\/1413","targetHints":{"allow":["GET"]}}],"collection":[{"href":"https:\/\/www.vuosiamaailmalla.fi\/blog\/wp-json\/wp\/v2\/posts"}],"about":[{"href":"https:\/\/www.vuosiamaailmalla.fi\/blog\/wp-json\/wp\/v2\/types\/post"}],"author":[{"embeddable":true,"href":"https:\/\/www.vuosiamaailmalla.fi\/blog\/wp-json\/wp\/v2\/users\/1"}],"replies":[{"embeddable":true,"href":"https:\/\/www.vuosiamaailmalla.fi\/blog\/wp-json\/wp\/v2\/comments?post=1413"}],"version-history":[{"count":2,"href":"https:\/\/www.vuosiamaailmalla.fi\/blog\/wp-json\/wp\/v2\/posts\/1413\/revisions"}],"predecessor-version":[{"id":11929,"href":"https:\/\/www.vuosiamaailmalla.fi\/blog\/wp-json\/wp\/v2\/posts\/1413\/revisions\/11929"}],"wp:featuredmedia":[{"embeddable":true,"href":"https:\/\/www.vuosiamaailmalla.fi\/blog\/wp-json\/wp\/v2\/media\/11928"}],"wp:attachment":[{"href":"https:\/\/www.vuosiamaailmalla.fi\/blog\/wp-json\/wp\/v2\/media?parent=1413"}],"wp:term":[{"taxonomy":"category","embeddable":true,"href":"https:\/\/www.vuosiamaailmalla.fi\/blog\/wp-json\/wp\/v2\/categories?post=1413"},{"taxonomy":"post_tag","embeddable":true,"href":"https:\/\/www.vuosiamaailmalla.fi\/blog\/wp-json\/wp\/v2\/tags?post=1413"}],"curies":[{"name":"wp","href":"https:\/\/api.w.org\/{rel}","templated":true}]}}