{"id":1416,"date":"2010-08-22T14:10:39","date_gmt":"2010-08-22T21:10:39","guid":{"rendered":"http:\/\/13.53.127.146\/?p=1416"},"modified":"2021-02-25T20:36:16","modified_gmt":"2021-02-26T04:36:16","slug":"berliinin-korkein-rakennustyomaa","status":"publish","type":"post","link":"https:\/\/www.vuosiamaailmalla.fi\/blog\/2010\/berliinin-korkein-rakennustyomaa\/","title":{"rendered":"Berliinin korkein rakennusty\u00f6maa"},"content":{"rendered":"<p style=\"text-align: justify;\">Uskoakseni blogiani edes satunnaisesti lukenevat tiet\u00e4nev\u00e4t, ett\u00e4 minua kiehtoo urbaani arkkitehtuuri sek\u00e4 korkeat rakennukset ja talot. Valitettavasti j\u00e4lkimm\u00e4isi\u00e4 ei Berliinist\u00e4 l\u00f6ydy kovinkaan monia ja varsinkin uusia rakennetaan sangen harvoin. Silti kiintoisia rakennusprojekteja on t\u00e4m\u00e4n kokoisessa kaupungissa menossa runsaasti ja aina sinne joukkoon joku korkeampikin mahtuu. T\u00e4ll\u00e4 hetkell\u00e4 Berliinin korkeimman projektin nimi on <em>Zoofenster<\/em> eli &#8221;el\u00e4intarha(n)ikkuna&#8221;.<\/p>\n<p><!--more--><\/p>\n<p style=\"text-align: center;\"><a href=\"\/blog\/wp-content\/uploads\/2010\/zoofensterin_tyomaa_aukiolta.jpg\" target=\"_blank\" rel=\"noopener\"><img decoding=\"async\" style=\"border: 0px none; margin: 5px;\" src=\"\/blog\/wp-content\/uploads\/2010\/thumbs\/thumbs_zoofensterin_tyomaa_aukiolta.jpg\" alt=\"\" \/><\/a><a href=\"\/blog\/wp-content\/uploads\/2010\/zoofensterin_tyomaan_kudamilta.jpg\" target=\"_blank\" rel=\"noopener\"><img decoding=\"async\" style=\"border: 0px none; margin: 5px;\" src=\"\/blog\/wp-content\/uploads\/2010\/thumbs\/thumbs_zoofensterin_tyomaan_kudamilta.jpg\" alt=\"\" \/><\/a><a href=\"\/blog\/wp-content\/uploads\/2010\/zoofensterin_tyomaan_karstadilta.jpg\" target=\"_blank\" rel=\"noopener\"><img decoding=\"async\" style=\"border: 0px none; margin: 5px;\" src=\"\/blog\/wp-content\/uploads\/2010\/thumbs\/thumbs_zoofensterin_tyomaan_karstadilta.jpg\" alt=\"\" \/><\/a><\/p>\n<p style=\"text-align: justify;\">Kyseess\u00e4 on 118 metriin kohoava 32-kerroksinen hotellin, toimistoja ja luksusasuntoja yhdist\u00e4v\u00e4 pilvenpiirt\u00e4j\u00e4, joka nousee L\u00e4nsi-Berliinin ytimeen, aivan <em>Zoologischer Gartenin<\/em> -rautatieaseman viereen. Eli eritt\u00e4in keskeiselle ja n\u00e4kyv\u00e4lle paikalle.<\/p>\n<p style=\"text-align: center;\"><a href=\"\/blog\/wp-content\/uploads\/2010\/zoofenster_tauenzienstrasselta.jpg\" target=\"_blank\" rel=\"noopener\"><img decoding=\"async\" style=\"border: 0px none; margin: 5px;\" src=\"\/blog\/wp-content\/uploads\/2010\/thumbs\/thumbs_zoofenster_tauenzienstrasselta.jpg\" alt=\"\" \/><\/a><a href=\"\/blog\/wp-content\/uploads\/2010\/zoofensterin_tyomaan_juurella3.jpg\" target=\"_blank\" rel=\"noopener\"><img decoding=\"async\" style=\"border: 0px none; margin: 5px;\" src=\"\/blog\/wp-content\/uploads\/2010\/thumbs\/thumbs_zoofensterin_tyomaan_juurella3.jpg\" alt=\"\" \/><\/a><\/p>\n<p style=\"text-align: justify;\">Projekti on ollut suunnitelmissa jo pitk\u00e4\u00e4n, mutta viimein vuosi sitten ty\u00f6 alkoivat kellaritilojen kaivamisella. Sen j\u00e4lkeen on p\u00e4\u00e4sty itse rungon pystytysvaiheeseen, joka on edennyt niin ripe\u00e4sti, ett\u00e4 nyt ty\u00f6skennell\u00e4\u00e4n jo 27. kerroksen parissa. Paljon ei siis en\u00e4\u00e4 puutu lopullisesta korkeudesta ja niinp\u00e4 k\u00e4vin eilen pitk\u00e4st\u00e4 aikaa paikan p\u00e4\u00e4ll\u00e4 toteamassa projektin tilanteen.<\/p>\n<p style=\"text-align: center;\"><a href=\"\/blog\/wp-content\/uploads\/2010\/zoofensterin_tyomaan_juurella2.jpg\" target=\"_blank\" rel=\"noopener\"><img decoding=\"async\" style=\"border: 0px none; margin: 5px;\" src=\"\/blog\/wp-content\/uploads\/2010\/thumbs\/thumbs_zoofensterin_tyomaan_juurella2.jpg\" alt=\"\" \/><\/a><a href=\"\/blog\/wp-content\/uploads\/2010\/zoofensterin_tyomaan_juurella1.jpg\" target=\"_blank\" rel=\"noopener\"><img decoding=\"async\" style=\"border: 0px none; margin: 5px;\" src=\"\/blog\/wp-content\/uploads\/2010\/thumbs\/thumbs_zoofensterin_tyomaan_juurella1.jpg\" alt=\"\" \/><\/a><\/p>\n<p style=\"text-align: justify;\">Upealtahan tuo n\u00e4yttikin ja k\u00e4ytin pari tuntia rakennuksen kuvaamiseen eri suunnista. Valmistuttuaan rakennuksen vuokralaiseksi tulee luksushotelli <em>Waldorf Astoria<\/em>. Asunnot rakennuksen huipulla tulevat arvatenkin maksamaan maltaita.<\/p>\n","protected":false},"excerpt":{"rendered":"<p>Uskoakseni blogiani edes satunnaisesti lukenevat tiet\u00e4nev\u00e4t, ett\u00e4 minua kiehtoo urbaani arkkitehtuuri sek\u00e4 korkeat rakennukset ja talot. Valitettavasti j\u00e4lkimm\u00e4isi\u00e4 ei Berliinist\u00e4 l\u00f6ydy kovinkaan monia ja varsinkin uusia rakennetaan sangen harvoin. Silti kiintoisia rakennusprojekteja on t\u00e4m\u00e4n kokoisessa kaupungissa menossa runsaasti ja aina sinne joukkoon joku korkeampikin mahtuu. T\u00e4ll\u00e4 hetkell\u00e4 Berliinin korkeimman projektin nimi on Zoofenster eli &#8221;el\u00e4intarha(n)ikkuna&#8221;.<\/p>\n","protected":false},"author":1,"featured_media":11954,"comment_status":"open","ping_status":"open","sticky":false,"template":"","format":"standard","meta":{"_jetpack_memberships_contains_paid_content":false,"footnotes":""},"categories":[18,3],"tags":[229,49,172,301,190,352],"class_list":["post-1416","post","type-post","status-publish","format-standard","has-post-thumbnail","hentry","category-arki-saksassa","category-arki-ulkomailla","tag-arkkitehtuuri","tag-berliini","tag-lansi-berliini","tag-rakennustyomaa","tag-saksa","tag-zoofenster"],"jetpack_featured_media_url":"https:\/\/www.vuosiamaailmalla.fi\/blog\/wp-content\/uploads\/zoofenster_tauenzienstrasselta_banner-1.jpg","jetpack_sharing_enabled":true,"_links":{"self":[{"href":"https:\/\/www.vuosiamaailmalla.fi\/blog\/wp-json\/wp\/v2\/posts\/1416","targetHints":{"allow":["GET"]}}],"collection":[{"href":"https:\/\/www.vuosiamaailmalla.fi\/blog\/wp-json\/wp\/v2\/posts"}],"about":[{"href":"https:\/\/www.vuosiamaailmalla.fi\/blog\/wp-json\/wp\/v2\/types\/post"}],"author":[{"embeddable":true,"href":"https:\/\/www.vuosiamaailmalla.fi\/blog\/wp-json\/wp\/v2\/users\/1"}],"replies":[{"embeddable":true,"href":"https:\/\/www.vuosiamaailmalla.fi\/blog\/wp-json\/wp\/v2\/comments?post=1416"}],"version-history":[{"count":3,"href":"https:\/\/www.vuosiamaailmalla.fi\/blog\/wp-json\/wp\/v2\/posts\/1416\/revisions"}],"predecessor-version":[{"id":11956,"href":"https:\/\/www.vuosiamaailmalla.fi\/blog\/wp-json\/wp\/v2\/posts\/1416\/revisions\/11956"}],"wp:featuredmedia":[{"embeddable":true,"href":"https:\/\/www.vuosiamaailmalla.fi\/blog\/wp-json\/wp\/v2\/media\/11954"}],"wp:attachment":[{"href":"https:\/\/www.vuosiamaailmalla.fi\/blog\/wp-json\/wp\/v2\/media?parent=1416"}],"wp:term":[{"taxonomy":"category","embeddable":true,"href":"https:\/\/www.vuosiamaailmalla.fi\/blog\/wp-json\/wp\/v2\/categories?post=1416"},{"taxonomy":"post_tag","embeddable":true,"href":"https:\/\/www.vuosiamaailmalla.fi\/blog\/wp-json\/wp\/v2\/tags?post=1416"}],"curies":[{"name":"wp","href":"https:\/\/api.w.org\/{rel}","templated":true}]}}