{"id":14201,"date":"2026-01-22T21:51:42","date_gmt":"2026-01-23T05:51:42","guid":{"rendered":"https:\/\/www.vuosiamaailmalla.fi\/blog\/?p=14201"},"modified":"2026-01-19T23:10:37","modified_gmt":"2026-01-20T07:10:37","slug":"14-vuotta-kanadassa","status":"publish","type":"post","link":"https:\/\/www.vuosiamaailmalla.fi\/blog\/2026\/14-vuotta-kanadassa\/","title":{"rendered":"14 vuotta Kanadassa"},"content":{"rendered":"<p style=\"text-align: justify;\">Vuosittainen tilinp\u00e4\u00e4t\u00f6s el\u00e4m\u00e4st\u00e4mme Kanadassa on ehtinyt jo nelj\u00e4nteentoista osaansa ja takana on <a title=\"Perhematkailun supervuosi\" href=\"https:\/\/www.vuosiamaailmalla.fi\/blog\/2025\/perhematkailun-supervuosi\/\">matkailun t\u00e4ytt\u00e4m\u00e4 vuosi<\/a>. Mennyt vuosi oli kokonaisuudessaan pitk\u00e4lti <a title=\"13 vuotta Kanadassa\" href=\"https:\/\/www.vuosiamaailmalla.fi\/blog\/2025\/13-vuotta-kanadassa\/\">odotetun kaltainen<\/a> ja iloisen perhearjen t\u00e4ytt\u00e4m\u00e4, mutta k\u00e4yd\u00e4\u00e4np\u00e4 l\u00e4pi vuoden suurimmat tapahtumat ja kiintoisimmat matkat.<\/p>\n<p><!--more--><\/p>\n<p style=\"text-align: justify;\">Taakse j\u00e4\u00e4nyt vuosi oli maailmanpoliittisesti mullistava, mik\u00e4 tuntui <a title=\"L\u00e4ht\u00f6laukaus kauppasotaan Yhdysvaltojen kanssa\" href=\"https:\/\/www.vuosiamaailmalla.fi\/blog\/2025\/lahtolaukaus-kauppasotaan-yhdysvaltojen-kanssa\/\">perinpohjaisesti<\/a> my\u00f6s t\u00e4\u00e4ll\u00e4 Kanadassa saakka, jossa <a title=\"Justin Trudeaun valtakauden p\u00e4\u00e4t\u00f6s\" href=\"https:\/\/www.vuosiamaailmalla.fi\/blog\/2025\/justin-trudeaun-valtakauden-paatos\/\">vaihtui valta<\/a> ainakin n\u00e4enn\u00e4isesti <a title=\"Yll\u00e4tysten parlamenttivaalit\" href=\"https:\/\/www.vuosiamaailmalla.fi\/blog\/2025\/yllatysten-parlamenttivaalit\/\">kev\u00e4\u00e4n parlamenttivaaleissa<\/a>. Matkailun t\u00e4ytt\u00e4m\u00e4 vuotemme py\u00f6r\u00e4hti puolestaan k\u00e4yntiin huhtikuussa tehdyll\u00e4 ty\u00f6- ja lomamatkan yhdistelm\u00e4ll\u00e4 Kalifornian <a title=\"Konferenssimatka Anaheimiin\" href=\"https:\/\/www.vuosiamaailmalla.fi\/blog\/2025\/konferenssimatka-anaheimiin\/\">Anaheimiin<\/a>, jossa vietimme koko perheen kesken hauskan viikonlopun <a title=\"Maaginen p\u00e4iv\u00e4 Disneylandissa\" href=\"https:\/\/www.vuosiamaailmalla.fi\/blog\/2025\/maaginen-paiva-disneylandissa\/\">legendaarisessa <em>Disneylandissa<\/em><\/a>.<\/p>\n<p style=\"text-align: center;\"><a href=\"\/blog\/wp-content\/uploads\/2025\/prinsessa_ruususen_linna3.jpg\"><img decoding=\"async\" src=\"\/blog\/wp-content\/uploads\/2025\/thumbs\/thumbs_prinsessa_ruususen_linna3.jpg\" \/><\/a><a href=\"\/blog\/wp-content\/uploads\/2025\/aku_ankka1.jpg\"><img decoding=\"async\" src=\"\/blog\/wp-content\/uploads\/2025\/thumbs\/thumbs_aku_ankka1.jpg\" \/><\/a><a href=\"\/blog\/wp-content\/uploads\/2025\/hauskaa_disneylandissa2.jpg\"><img decoding=\"async\" src=\"\/blog\/wp-content\/uploads\/2025\/thumbs\/thumbs_hauskaa_disneylandissa2.jpg\" \/><\/a><\/p>\n<p style=\"text-align: center;\"><em>Disneyland oli taikaa t\u00e4ynn\u00e4<\/em><\/p>\n<p style=\"text-align: justify;\">Ainoastaan kuukautta my\u00f6hemmin edess\u00e4 oli puolestaan kovasti odotettu <a title=\"Kev\u00e4isen kaunis Anchorage\" href=\"https:\/\/www.vuosiamaailmalla.fi\/blog\/2025\/kevaisen-kaunis-anchorage\/\">Alaskan risteily<\/a>, jonka aikana meille valkeni, ett\u00e4 olemme kuin olemmekin risteilyperhe. Meill\u00e4 oli laivalla ja Alaskan lukuisissa satamissa niin hauskaa, ett\u00e4 olemme sittemmin varanneet per\u00e4ti kaksi seuraavaa risteily\u00e4mme, mist\u00e4 toinen on t\u00e4n\u00e4 kes\u00e4n\u00e4.<\/p>\n<p style=\"text-align: center;\"><a href=\"\/blog\/wp-content\/uploads\/2025\/terveiset_alaskasta.jpg\"><img decoding=\"async\" src=\"\/blog\/wp-content\/uploads\/2025\/terveiset_alaskasta.jpg\" \/><\/a><\/p>\n<p style=\"text-align: center;\"><em>Alaskassa ihastuimme risteilemiseen<\/em><\/p>\n<p style=\"text-align: justify;\">Risteilyn j\u00e4lkeen ei kest\u00e4nyt kuin ainoastaan kolme viikkoa, kunnes lensimme kaikkien <a title=\"19 vuotta maailmalla\" href=\"https:\/\/www.vuosiamaailmalla.fi\/blog\/2025\/19-vuotta-maailmalla\/\">ulkomailla asuttujen vuosiemme<\/a> pisimm\u00e4lle lomamatkalle Suomeen. Kotimaassa vier\u00e4hti koko kes\u00e4 ja yli kahdeksan viikkoa, mink\u00e4 aikana vierailimme perheen kesken muun muassa Tallinnassa sek\u00e4 teimme appivanhempien kanssa hauskan asuntoautomatkan L\u00e4nsi-Suomeen.<\/p>\n<p style=\"text-align: justify;\">Noihin viikkoihin mahtui lapsuuden kes\u00e4lomiin vertautuvia huolettomia aikoja ja paluu kotiin yli kahden kuukauden j\u00e4lkeen oli sangen rankka koettelemus. Syyskuun alussa meill\u00e4 oli kuitenkin tilaisuus vierailla yst\u00e4v\u00e4perheemme luona sis\u00e4maan <a title=\"Kes\u00e4n lopettajaiset Kelownassa\" href=\"https:\/\/www.vuosiamaailmalla.fi\/blog\/2025\/kesan-lopettajaiset-kelownassa\/\">Kelownassa<\/a>.<\/p>\n<p style=\"text-align: center;\"><a href=\"\/blog\/wp-content\/uploads\/2025\/kelownan_uusi_siluetti3.jpg\"><img decoding=\"async\" src=\"\/blog\/wp-content\/uploads\/2025\/kelownan_uusi_siluetti3.jpg\" \/><\/a><\/p>\n<p style=\"text-align: center;\"><em>Kes\u00e4 p\u00e4\u00e4ttyi Kelownassa<\/em><\/p>\n<p style=\"text-align: justify;\">Syyskuuhun mahtui my\u00f6s per\u00e4ti <a title=\"Kolme helteist\u00e4 ty\u00f6p\u00e4iv\u00e4\u00e4 Utahissa\" href=\"https:\/\/www.vuosiamaailmalla.fi\/blog\/2025\/kolme-helteista-tyopaivaa-utahissa\/\">kaksi ty\u00f6matkaa<\/a> <a title=\"Syksyisen kaunis ty\u00f6matka\" href=\"https:\/\/www.vuosiamaailmalla.fi\/blog\/2025\/syksyisen-kaunis-tyomatka\/\">kauniiseen Utahiin<\/a>, jossa ehdin n\u00e4hd\u00e4 ty\u00f6n lomassa j\u00e4lleen monenlaista uutta. T\u00e4ysin uusi ja pitk\u00e4\u00e4n odotettu kokemus oli pian n\u00e4iden j\u00e4lkeen ollut viikon lomamatka <a title=\"Koko perheen paratiisiloma\" href=\"https:\/\/www.vuosiamaailmalla.fi\/blog\/2025\/koko-perheen-paratiisiloma\/\">eksoottiseen Fidziin<\/a>, joka meni hyvin pitkist\u00e4 lennoista huolimatta. Onneksi lapsemme ovat tottuneet hyvin lentokoneessa matkustamiseen, joten matkailuvuotemme pystyi toteutumaan suunnitellun kaltaisena.<\/p>\n<p style=\"text-align: center;\"><a href=\"\/blog\/wp-content\/uploads\/2025\/mount_nebo3.jpg\"><img decoding=\"async\" src=\"\/blog\/wp-content\/uploads\/2025\/thumbs\/thumbs_mount_nebo3.jpg\" \/><\/a><a href=\"\/blog\/wp-content\/uploads\/2025\/sundance3.jpg\"><img decoding=\"async\" src=\"\/blog\/wp-content\/uploads\/2025\/thumbs\/thumbs_sundance3.jpg\" \/><\/a><a href=\"\/blog\/wp-content\/uploads\/2025\/devils_kitchen.jpg\"><img decoding=\"async\" src=\"\/blog\/wp-content\/uploads\/2025\/thumbs\/thumbs_devils_kitchen.jpg\" \/><\/a><\/p>\n<p style=\"text-align: center;\"><em>Utah on tullut ty\u00f6matkoilla tutuksi<\/em><\/p>\n<p style=\"text-align: center;\"><a href=\"\/blog\/wp-content\/uploads\/2025\/malamala_island1.jpg\"><img decoding=\"async\" src=\"\/blog\/wp-content\/uploads\/2025\/thumbs\/thumbs_malamala_island1.jpg\" \/><\/a><a href=\"\/blog\/wp-content\/uploads\/2025\/sofitel_fiji_altaat4.jpg\"><img decoding=\"async\" src=\"\/blog\/wp-content\/uploads\/2025\/thumbs\/thumbs_sofitel_fiji_altaat4.jpg\" \/><\/a><a href=\"\/blog\/wp-content\/uploads\/2025\/sofitel_fiji_altaat2.jpg\"><img decoding=\"async\" src=\"\/blog\/wp-content\/uploads\/2025\/thumbs\/thumbs_sofitel_fiji_altaat2.jpg\" \/><\/a><\/p>\n<p style=\"text-align: center;\"><em>Fidzill\u00e4 riitti l\u00e4mp\u00f6\u00e4<\/em><\/p>\n<p style=\"text-align: justify;\">Vuoden viimeinen lomamatkamme oli marraskuussa tehty viisip\u00e4iv\u00e4inen visiitti Etel\u00e4-Kalifornian San Diegon kaupunkiin, jossa vierailimme useassa lapsille suunnatussa n\u00e4ht\u00e4vyydess\u00e4, esimerkiksi <em>Legolandissa<\/em>.<\/p>\n<p style=\"text-align: justify;\">Vuoden viimeinen loma oli puolestaan pari viikkoa sitten p\u00e4\u00e4ttynyt <a title=\"Mahtava joululoma\" href=\"https:\/\/www.vuosiamaailmalla.fi\/blog\/2026\/mahtava-joululoma\/\">perinteinen joululoma<\/a>, jolloin saimme ilahduttavasti vieraaksemme jo kolmatta kertaa Niinan vanhemmat.<\/p>\n<p style=\"text-align: center;\"><a href=\"\/blog\/wp-content\/uploads\/2025\/joulujuhlassa2.jpg\"><img decoding=\"async\" src=\"\/blog\/wp-content\/uploads\/2025\/joulujuhlassa2.jpg\" \/><\/a><\/p>\n<p style=\"text-align: center;\"><em>Joululoma p\u00e4\u00e4tti vuotemme<\/em><\/p>\n<p style=\"text-align: justify;\">Kaikkea tekemist\u00e4 on leimannut voimakkaasti <a title=\"Hauskan l\u00e4mpim\u00e4t kes\u00e4p\u00e4iv\u00e4t\" href=\"https:\/\/www.vuosiamaailmalla.fi\/blog\/2025\/hauskan-lampimat-kesapaivat\/\">yhdess\u00e4 perheen\u00e4 tekeminen<\/a> ja lastemme pienest\u00e4 i\u00e4st\u00e4 huolimatta olemme pystyneet kokemaan monenlaisia seikkailuja. Valitettavasti lapsemme eiv\u00e4t kuitenkaan muistane matkoja my\u00f6hemm\u00e4ll\u00e4 i\u00e4ll\u00e4, joskin t\u00e4ss\u00e4 tulee avustamaan kaikki n\u00e4m\u00e4 blogikirjoitukseni, joissa muistelen matkoilla tapahtunutta.<\/p>\n<p style=\"text-align: justify;\">Lapsemme ovat kasvaneet vuoden aikana valtavasti ja Fiona on nyt nelj\u00e4 ja puoli ja Livia puolitoista vuotta. Vauvavaihe j\u00e4i taakse jo alkukev\u00e4\u00e4st\u00e4 ja Livia oppi k\u00e4velem\u00e4\u00e4n ollessamme Alaskassa, mink\u00e4 j\u00e4lkeen menolle ei ole tullut loppua. Nyt t\u00e4m\u00e4 tapailee my\u00f6skin jo sanoja, joten kuka tiet\u00e4\u00e4 millainen pulinakerho meilt\u00e4 l\u00f6ytyyk\u00e4\u00e4n kotoa vuoden p\u00e4\u00e4st\u00e4?<\/p>\n<p style=\"text-align: center;\"><a href=\"\/blog\/wp-content\/uploads\/2025\/virkistavia_vesipuistoja6.jpg\"><img decoding=\"async\" src=\"\/blog\/wp-content\/uploads\/2025\/virkistavia_vesipuistoja6.jpg\" \/><\/a><\/p>\n<p style=\"text-align: center;\"><em>Vuoden aikana oli hauskaa<\/em><\/p>\n<p>Toinen merkitt\u00e4v\u00e4 virstanpylv\u00e4s oli Livian aloitus p\u00e4iv\u00e4hoidossa joulukuussa ja suuri mullistus on edess\u00e4 syyskuussa, kun Fionan siirtyy\u00a0 p\u00e4iv\u00e4hoidosta <em>Kindergarteniin<\/em> eli esikouluun.<\/p>\n<p style=\"text-align: justify;\">Mutta mit\u00e4 muuta n\u00e4kyy kristallipallossa tulevalle vuodelle ja millaisista aiheista mahdankaan kirjoittaa taas vuoden p\u00e4\u00e4st\u00e4? Tiedossa on ainakin muutama lomamatka, joskin Niinan paluu t\u00f6ihin nyt tammikuussa rajoittaa vapaa-ajan m\u00e4\u00e4r\u00e4\u00e4, joskin se avustaa suuresti matkojen rahoituksessa.<\/p>\n<p style=\"text-align: justify;\">Lomamatkoja on tiedossa n\u00e4ill\u00e4 n\u00e4kymin kolme, joista ensimm\u00e4inen on p\u00e4\u00e4si\u00e4isen tienoilla oleva reilun viikon mittainen oma soolomatkani <strong>Australiaan<\/strong> ja <strong>Uuteen-Seelantiin<\/strong>! Kaukomatka oli itse asiassa Niinan kannustama, sill\u00e4 minulla on vuosilomaa viikko h\u00e4nt\u00e4 enemm\u00e4n ja t\u00e4st\u00e4 seikkailusta tuleekin riitt\u00e4m\u00e4\u00e4n kirjoitettavaa.<\/p>\n<p style=\"text-align: justify;\">Viel\u00e4 t\u00e4t\u00e4kin huikeampi on kuitenkin kes\u00e4kuussa koko perheen voimin teht\u00e4v\u00e4 kahden viikon risteily maailman syrj\u00e4isimm\u00e4ll\u00e4 kolkalla, etel\u00e4isell\u00e4 tyynell\u00e4merell\u00e4. Risteilyreittimme kulkee unelmien paratiisisaari <strong>Tahitilta<\/strong> lukuisten trooppisten pikkusaarien kautta aina Fidzille saakka, jossa tulee siis <a title=\"P\u00e4iv\u00e4retki\u00e4 Fidzin l\u00e4mm\u00f6ss\u00e4\" href=\"https:\/\/www.vuosiamaailmalla.fi\/blog\/2025\/paivaretkia-fidzin-lammossa\/\">vierailua uudestaan<\/a> alle vuotta my\u00f6hemmin!<\/p>\n<p style=\"text-align: justify;\">Kolmas matkamme on t\u00e4ss\u00e4 vaiheessa viel\u00e4 varaamatta, mutta tulee mit\u00e4 todenn\u00e4k\u00f6isimmin olemaan viikon mittainen automatka Yhdysvaltojen puolelle, josta siit\u00e4kin riitt\u00e4\u00e4 varmasti kirjoitettavaa.<\/p>\n<p style=\"text-align: justify;\">Matkustelun lis\u00e4ksi tiedossa tulossa on er\u00e4\u00e4nlainen v\u00e4livuosi ilman sen suurempia el\u00e4m\u00e4nmuutoksia, joskin pienten lasten kanssa el\u00e4m\u00e4 muuttuu joka p\u00e4iv\u00e4 ja Fionan siirtyminen esikouluun tulee olemaan merkitt\u00e4v\u00e4\u00e4. Vuodesta tuleekin olemaan hauska kertoa j\u00e4lleen ensi tammikuussa!<\/p>\n","protected":false},"excerpt":{"rendered":"<p>Vuosittainen tilinp\u00e4\u00e4t\u00f6s el\u00e4m\u00e4st\u00e4mme Kanadassa on ehtinyt jo nelj\u00e4nteentoista osaansa ja takana on matkailun t\u00e4ytt\u00e4m\u00e4 vuosi. Mennyt vuosi oli kokonaisuudessaan pitk\u00e4lti odotetun kaltainen ja iloisen perhearjen t\u00e4ytt\u00e4m\u00e4, mutta k\u00e4yd\u00e4\u00e4np\u00e4 l\u00e4pi vuoden suurimmat tapahtumat ja kiintoisimmat matkat.<\/p>\n","protected":false},"author":1,"featured_media":11909,"comment_status":"open","ping_status":"closed","sticky":false,"template":"","format":"standard","meta":{"_jetpack_memberships_contains_paid_content":false,"footnotes":""},"categories":[17,3,4,1621,13],"tags":[25,935],"class_list":["post-14201","post","type-post","status-publish","format-standard","has-post-thumbnail","hentry","category-arki-kanadassa","category-arki-ulkomailla","category-asuminen-kanadassa","category-perhe-kanadassa","category-tyoskentely-kanadassa","tag-ajankohtaista","tag-kanada"],"jetpack_featured_media_url":"https:\/\/www.vuosiamaailmalla.fi\/blog\/wp-content\/uploads\/kanadan_lippu_banner-1.jpg","jetpack_sharing_enabled":true,"_links":{"self":[{"href":"https:\/\/www.vuosiamaailmalla.fi\/blog\/wp-json\/wp\/v2\/posts\/14201","targetHints":{"allow":["GET"]}}],"collection":[{"href":"https:\/\/www.vuosiamaailmalla.fi\/blog\/wp-json\/wp\/v2\/posts"}],"about":[{"href":"https:\/\/www.vuosiamaailmalla.fi\/blog\/wp-json\/wp\/v2\/types\/post"}],"author":[{"embeddable":true,"href":"https:\/\/www.vuosiamaailmalla.fi\/blog\/wp-json\/wp\/v2\/users\/1"}],"replies":[{"embeddable":true,"href":"https:\/\/www.vuosiamaailmalla.fi\/blog\/wp-json\/wp\/v2\/comments?post=14201"}],"version-history":[{"count":3,"href":"https:\/\/www.vuosiamaailmalla.fi\/blog\/wp-json\/wp\/v2\/posts\/14201\/revisions"}],"predecessor-version":[{"id":14204,"href":"https:\/\/www.vuosiamaailmalla.fi\/blog\/wp-json\/wp\/v2\/posts\/14201\/revisions\/14204"}],"wp:featuredmedia":[{"embeddable":true,"href":"https:\/\/www.vuosiamaailmalla.fi\/blog\/wp-json\/wp\/v2\/media\/11909"}],"wp:attachment":[{"href":"https:\/\/www.vuosiamaailmalla.fi\/blog\/wp-json\/wp\/v2\/media?parent=14201"}],"wp:term":[{"taxonomy":"category","embeddable":true,"href":"https:\/\/www.vuosiamaailmalla.fi\/blog\/wp-json\/wp\/v2\/categories?post=14201"},{"taxonomy":"post_tag","embeddable":true,"href":"https:\/\/www.vuosiamaailmalla.fi\/blog\/wp-json\/wp\/v2\/tags?post=14201"}],"curies":[{"name":"wp","href":"https:\/\/api.w.org\/{rel}","templated":true}]}}