{"id":14232,"date":"2025-07-06T21:55:38","date_gmt":"2025-07-07T04:55:38","guid":{"rendered":"https:\/\/www.vuosiamaailmalla.fi\/blog\/?p=14232"},"modified":"2026-02-01T22:35:33","modified_gmt":"2026-02-02T06:35:33","slug":"hupaisa-kesapaiva-muumilaaksossa","status":"publish","type":"post","link":"https:\/\/www.vuosiamaailmalla.fi\/blog\/2025\/hupaisa-kesapaiva-muumilaaksossa\/","title":{"rendered":"Hupaisa kes\u00e4p\u00e4iv\u00e4 Muumilaaksossa"},"content":{"rendered":"<p style=\"text-align: left;\"><em>Jatkoa\u00a0<a title=\"Koko kes\u00e4 Suomessa\" href=\"https:\/\/www.vuosiamaailmalla.fi\/blog\/2025\/koko-kesa-suomessa\/\">t\u00e4\u00e4lt\u00e4<\/a>. Matkakertomuksen muut osat l\u00f6ytyv\u00e4t\u00a0<a href=\"https:\/\/www.vuosiamaailmalla.fi\/blog\/tag\/matkakertomus-kesa-suomessa\/\">t\u00e4\u00e4lt\u00e4<\/a>.<\/em><\/p>\n<p style=\"text-align: justify;\"><a title=\"Koko kes\u00e4 Suomessa\" href=\"https:\/\/www.vuosiamaailmalla.fi\/blog\/2025\/koko-kesa-suomessa\/\">Pitk\u00e4n Suomen-lomamme<\/a> yksi odotettuja kohokohtia oli p\u00e4iv\u00e4retki Naantaliin, jossa sijaitsee vuonna 1993 avautunut <em>Muumimaailma<\/em>. Tove Janssonin rakastettuihin muumi-hahmoihin perustuva teemapuisto on kuuluisa ulkomaita my\u00f6ten, mutta vierailu siell\u00e4 ei ole kuulunut minun eik\u00e4 Niinankaan lapsuuteen siksi, ett\u00e4 olimme jo hieman varttuneempia puiston avautuessa 90-luvulla.<\/p>\n<p><!--more--><\/p>\n<p style=\"text-align: justify;\">Muumit ovat kuitenkin aikaa kest\u00e4v\u00e4 ikisuosikki suomalaisissa perheiss\u00e4 ja meill\u00e4kin on katsottu muumeja sek\u00e4 juotu muumimukeista etenkin <a title=\"Ikimuistoinen perheenlis\u00e4ys\" href=\"https:\/\/www.vuosiamaailmalla.fi\/blog\/2024\/ikimuistoinen-perheenlisays\/\">lastemme syntym\u00e4n<\/a> j\u00e4lkeen. Niinp\u00e4 kun meill\u00e4 oli kerrankin kunnolla aikaa lomailla Suomessa,\u00a0 l\u00e4hdimmekin koko perheen voimin p\u00e4iv\u00e4matkalle Naantaliin.<\/p>\n<p style=\"text-align: center;\"><a href=\"\/blog\/wp-content\/uploads\/2025\/naantalin_ranta1.jpg\"><img decoding=\"async\" src=\"\/blog\/wp-content\/uploads\/2025\/thumbs\/thumbs_naantalin_ranta1.jpg\" \/><\/a><a href=\"\/blog\/wp-content\/uploads\/2025\/naantalin_ranta2.jpg\"><img decoding=\"async\" src=\"\/blog\/wp-content\/uploads\/2025\/thumbs\/thumbs_naantalin_ranta2.jpg\" \/><\/a><a href=\"\/blog\/wp-content\/uploads\/2025\/naantalin_ranta3.jpg\"><img decoding=\"async\" src=\"\/blog\/wp-content\/uploads\/2025\/thumbs\/thumbs_naantalin_ranta3.jpg\" \/><\/a><\/p>\n<p style=\"text-align: center;\"><em>Kes\u00e4kaupunki Naantali<\/em><\/p>\n<p style=\"text-align: justify;\">Naantali sijaitsee vain reilun tunnin p\u00e4\u00e4ss\u00e4 kotopuolestani, mutta olen vieraillut kaupungissa ainoastaan kerran aiemmin. Mielikuvani Naantalista olikin sangen olematon, mutta perille p\u00e4\u00e4sty\u00e4 20 000 asukkaan pikkukaupunki osoittautui sangen vieh\u00e4tt\u00e4v\u00e4ksi kes\u00e4kaupungiksi. Etenkin vanhakaupunki sek\u00e4 sen viereinen ranta-alue olivat kauniina kes\u00e4p\u00e4iv\u00e4n\u00e4 vilkkaita ja 1480-luvulla rakennettu kirkko kohoaa koko alueen maamerkkin\u00e4.<\/p>\n<p style=\"text-align: center;\"><a href=\"\/blog\/wp-content\/uploads\/2025\/naantalin_kirkko1.jpg\"><img decoding=\"async\" src=\"\/blog\/wp-content\/uploads\/2025\/thumbs\/thumbs_naantalin_kirkko1.jpg\" \/><\/a><a href=\"\/blog\/wp-content\/uploads\/2025\/naantalin_kirkko2.jpg\"><img decoding=\"async\" src=\"\/blog\/wp-content\/uploads\/2025\/thumbs\/thumbs_naantalin_kirkko2.jpg\" \/><\/a><a href=\"\/blog\/wp-content\/uploads\/2025\/muumimaailma1.jpg\"><img decoding=\"async\" src=\"\/blog\/wp-content\/uploads\/2025\/thumbs\/thumbs_muumimaailma1.jpg\" \/><\/a><\/p>\n<p style=\"text-align: center;\"><em>Lyhyt k\u00e4vely Muumimaailmaan<\/em><\/p>\n<p style=\"text-align: justify;\">Muumimaailma sijaitsee Naantalin edustalla pienell\u00e4 Kailon saarella, jonne johtaa 250-metrinen ponttonisilta. Paikalla oli jo aamutuimaan runsaasti kes\u00e4lomalla olevia lapsiperheit\u00e4, mutta alueella oli silti tilavaa liikuskella, emmek\u00e4 joutuneet p\u00e4iv\u00e4n aikana jonottamaan mihink\u00e4\u00e4n.<\/p>\n<p style=\"text-align: center;\"><a href=\"\/blog\/wp-content\/uploads\/2025\/muumimaailma2.jpg\"><img decoding=\"async\" src=\"\/blog\/wp-content\/uploads\/2025\/thumbs\/thumbs_muumimaailma2.jpg\" \/><\/a><a href=\"\/blog\/wp-content\/uploads\/2025\/muumimaailma3.jpg\"><img decoding=\"async\" src=\"\/blog\/wp-content\/uploads\/2025\/thumbs\/thumbs_muumimaailma3.jpg\" \/><\/a><br \/>\n<a href=\"\/blog\/wp-content\/uploads\/2025\/muumimaailma4.jpg\"><img decoding=\"async\" src=\"\/blog\/wp-content\/uploads\/2025\/thumbs\/thumbs_muumimaailma4.jpg\" \/><\/a><a href=\"\/blog\/wp-content\/uploads\/2025\/muumimaailma5.jpg\"><img decoding=\"async\" src=\"\/blog\/wp-content\/uploads\/2025\/thumbs\/thumbs_muumimaailma5.jpg\" \/><\/a><\/p>\n<p style=\"text-align: center;\"><em>Rauhallinen k\u00e4ynti Muumilaaksoon<\/em><\/p>\n<p style=\"text-align: justify;\">Huomionarvoista on, ettei Muumimaailmassa ole laisinkaan huvipuistolaitteita, mik\u00e4 oli muumit luoneen Tove Janssonin ehto teemapuiston rakentamiselle. Laitteiden sijaan p\u00e4iv\u00e4n t\u00e4ytt\u00e4\u00e4kin leppoisa k\u00e4vely saaren alueelle rakennettujen lukuisten rakennelmien v\u00e4lill\u00e4, jotka henkiv\u00e4t animaatiosarjan henke\u00e4.<\/p>\n<p style=\"text-align: center;\"><a href=\"\/blog\/wp-content\/uploads\/2025\/muumimaailma6.jpg\"><img decoding=\"async\" src=\"\/blog\/wp-content\/uploads\/2025\/thumbs\/thumbs_muumimaailma6.jpg\" \/><\/a><a href=\"\/blog\/wp-content\/uploads\/2025\/muumimaailma7.jpg\"><img decoding=\"async\" src=\"\/blog\/wp-content\/uploads\/2025\/thumbs\/thumbs_muumimaailma7.jpg\" \/><\/a><br \/>\n<a href=\"\/blog\/wp-content\/uploads\/2025\/muumimaailma8.jpg\"><img decoding=\"async\" src=\"\/blog\/wp-content\/uploads\/2025\/thumbs\/thumbs_muumimaailma8.jpg\" \/><\/a><a href=\"\/blog\/wp-content\/uploads\/2025\/muumimaailma9.jpg\"><img decoding=\"async\" src=\"\/blog\/wp-content\/uploads\/2025\/thumbs\/thumbs_muumimaailma9.jpg\" \/><\/a><\/p>\n<p style=\"text-align: center;\"><em>Telkkarista tuttuja paikkoja<\/em><\/p>\n<p style=\"text-align: justify;\">Muumilaakson keskus on tietenkin sininen Muumitalo, mutta n\u00e4ht\u00e4vill\u00e4 on my\u00f6s Hemulin koti, Niiskun keksint\u00f6paja, pelottava m\u00f6r\u00f6n luola jossa hattivatit asuvat, sek\u00e4 muun muassa ikoninen uimahuone. Kaikkiin rakennuksiin on p\u00e4\u00e4sy ja vaikka laulussa sanotaankin <em>&#8221;ettei muumitaloa lukita y\u00f6ksi&#8221;<\/em>, on muumitalon etuovessa silti lukko. Ehk\u00e4p\u00e4 Muumipappa on pelannut varman p\u00e4\u00e4lle sarjan monista tapahtumista viisastuneena?<\/p>\n<p style=\"text-align: center;\"><a href=\"\/blog\/wp-content\/uploads\/2025\/muumitalo.jpg\"><img decoding=\"async\" src=\"\/blog\/wp-content\/uploads\/2025\/thumbs\/thumbs_muumitalo.jpg\" \/><\/a><\/p>\n<p style=\"text-align: center;\"><em>Ikoninen Muumitalo<\/em><\/p>\n<p style=\"text-align: center;\"><a href=\"\/blog\/wp-content\/uploads\/2025\/muumitalon_sisalla1.jpg\"><img decoding=\"async\" src=\"\/blog\/wp-content\/uploads\/2025\/thumbs\/thumbs_muumitalon_sisalla1.jpg\" \/><\/a><a href=\"\/blog\/wp-content\/uploads\/2025\/muumitalon_sisalla2.jpg\"><img decoding=\"async\" src=\"\/blog\/wp-content\/uploads\/2025\/thumbs\/thumbs_muumitalon_sisalla2.jpg\" \/><\/a><br \/>\n<a href=\"\/blog\/wp-content\/uploads\/2025\/muumitalon_sisalla3.jpg\"><img decoding=\"async\" src=\"\/blog\/wp-content\/uploads\/2025\/thumbs\/thumbs_muumitalon_sisalla3.jpg\" \/><\/a><a href=\"\/blog\/wp-content\/uploads\/2025\/muumitalon_sisalla4.jpg\"><img decoding=\"async\" src=\"\/blog\/wp-content\/uploads\/2025\/thumbs\/thumbs_muumitalon_sisalla4.jpg\" \/><\/a><\/p>\n<p style=\"text-align: center;\"><em>Muumitalon sis\u00e4ll\u00e4<\/em><\/p>\n<p style=\"text-align: justify;\">Itse muumihahmot esiintyv\u00e4t p\u00e4iv\u00e4n aikana kahden eri teatterin lavoilla, mink\u00e4 lis\u00e4ksi sarjan hahmoihin voi t\u00f6rm\u00e4t\u00e4 siell\u00e4 t\u00e4\u00e4ll\u00e4 teemapuiston alueella. Ihmishahmojen kuten Pikku Myyn ja Nuuskamuikkusen kanssa lapset voivat jutella, mutta itse muumit eiv\u00e4t tuntuneet puhuvan, mik\u00e4 ei kuitenkaan haittaa perheen pienimpi\u00e4.<\/p>\n<p style=\"text-align: center;\"><a href=\"\/blog\/wp-content\/uploads\/2025\/muumimaailma11.jpg\"><img decoding=\"async\" src=\"\/blog\/wp-content\/uploads\/2025\/thumbs\/thumbs_muumimaailma11.jpg\" \/><\/a><a href=\"\/blog\/wp-content\/uploads\/2025\/muumimaailma10.jpg\"><img decoding=\"async\" src=\"\/blog\/wp-content\/uploads\/2025\/thumbs\/thumbs_muumimaailma10.jpg\" \/><\/a><a href=\"\/blog\/wp-content\/uploads\/2025\/hattivatit.jpg\"><img decoding=\"async\" src=\"\/blog\/wp-content\/uploads\/2025\/thumbs\/thumbs_hattivatit.jpg\" \/><\/a><\/p>\n<p style=\"text-align: center;\"><em>Tuttuja hahmoja<\/em><\/p>\n<p style=\"text-align: center;\"><a href=\"\/blog\/wp-content\/uploads\/2025\/nipsu.jpg\"><img decoding=\"async\" src=\"\/blog\/wp-content\/uploads\/2025\/thumbs\/thumbs_nipsu.jpg\" \/><\/a><a href=\"\/blog\/wp-content\/uploads\/2025\/niiskuneiti.jpg\"><img decoding=\"async\" src=\"\/blog\/wp-content\/uploads\/2025\/thumbs\/thumbs_niiskuneiti.jpg\" \/><\/a><\/p>\n<p style=\"text-align: center;\"><em>Hahmoja p\u00e4\u00e4see halaamaan<\/em><\/p>\n<p style=\"text-align: justify;\">Puiston ohjelma on sangen kevytt\u00e4 ja muodostuu amat\u00f6\u00f6riteatterista sek\u00e4 musiikkiesityksist\u00e4, mik\u00e4 on nuorelle kohderyhm\u00e4lle soveltuvaa. Vain kaksi kuukautta <a title=\"Maaginen p\u00e4iv\u00e4 Disneylandissa\" href=\"https:\/\/www.vuosiamaailmalla.fi\/blog\/2025\/maaginen-paiva-disneylandissa\/\"><em>Disneylandin<\/em><\/a> j\u00e4lkeen koettuna Muumimaailman tarjontaa voisi ehk\u00e4 pit\u00e4\u00e4 hieman aneemisena, mutta kyseess\u00e4 on kaksi t\u00e4ysin erilaista (ja eri hintaluokan) kohdetta ja lapsemme rakastivat molempia.<\/p>\n<p style=\"text-align: center;\"><a href=\"\/blog\/wp-content\/uploads\/2025\/pikkuestradi1.jpg\"><img decoding=\"async\" src=\"\/blog\/wp-content\/uploads\/2025\/thumbs\/thumbs_pikkuestradi1.jpg\" \/><\/a><a href=\"\/blog\/wp-content\/uploads\/2025\/pikkuestradi2.jpg\"><img decoding=\"async\" src=\"\/blog\/wp-content\/uploads\/2025\/thumbs\/thumbs_pikkuestradi2.jpg\" \/><\/a><\/p>\n<p style=\"text-align: center;\"><em>Muumihumppa soi<\/em><\/p>\n<p style=\"text-align: center;\"><a href=\"\/blog\/wp-content\/uploads\/2025\/muumiteatteri1.jpg\"><img decoding=\"async\" src=\"\/blog\/wp-content\/uploads\/2025\/thumbs\/thumbs_muumiteatteri1.jpg\" \/><\/a><a href=\"\/blog\/wp-content\/uploads\/2025\/muumiteatteri2.jpg\"><img decoding=\"async\" src=\"\/blog\/wp-content\/uploads\/2025\/thumbs\/thumbs_muumiteatteri2.jpg\" \/><\/a><a href=\"\/blog\/wp-content\/uploads\/2025\/muumiteatteri3.jpg\"><img decoding=\"async\" src=\"\/blog\/wp-content\/uploads\/2025\/thumbs\/thumbs_muumiteatteri3.jpg\" \/><\/a><\/p>\n<p style=\"text-align: center;\"><em>Teatteriesitys<\/em><\/p>\n<p style=\"text-align: justify;\">Alueella sijaitsee lukuisia kauppoja sek\u00e4 ruokapaikkoja, joiden hintataso tuntui turistikohteeksi kohtuulliselta ja mielest\u00e4mme saimmekin Muumimaailmassa sangen hyv\u00e4\u00e4 vastinetta rahoillemme.<\/p>\n<p style=\"text-align: center;\"><a href=\"\/blog\/wp-content\/uploads\/2025\/muumimaailma_liikkeita1.jpg\"><img decoding=\"async\" src=\"\/blog\/wp-content\/uploads\/2025\/thumbs\/thumbs_muumimaailma_liikkeita1.jpg\" \/><\/a><a href=\"\/blog\/wp-content\/uploads\/2025\/muumimaailma_liikkeita2.jpg\"><img decoding=\"async\" src=\"\/blog\/wp-content\/uploads\/2025\/thumbs\/thumbs_muumimaailma_liikkeita2.jpg\" \/><\/a><br \/>\n<a href=\"\/blog\/wp-content\/uploads\/2025\/muumimaailma_liikkeita3.jpg\"><img decoding=\"async\" src=\"\/blog\/wp-content\/uploads\/2025\/thumbs\/thumbs_muumimaailma_liikkeita3.jpg\" \/><\/a><a href=\"\/blog\/wp-content\/uploads\/2025\/muumimaailma_liikkeita4.jpg\"><img decoding=\"async\" src=\"\/blog\/wp-content\/uploads\/2025\/thumbs\/thumbs_muumimaailma_liikkeita4.jpg\" \/><\/a><\/p>\n<p style=\"text-align: center;\"><em>Liikkeit\u00e4 ja ruokapaikkoja<\/em><\/p>\n<p style=\"text-align: justify;\">Kenties parasta Muumimaailmassa on miten hyvin se integroituu pieneen saareen jolla se sijaitsee ja joka on itsess\u00e4\u00e4n kaunis paikka viett\u00e4\u00e4 aurinkoinen kes\u00e4p\u00e4iv\u00e4. Saarelta on my\u00f6s suora n\u00e4k\u00f6yhteys vastarannalla sijaitsevaan tasavallan presidentin kes\u00e4asunto <em>Kultarantaan<\/em>, jonka kivitorni kohoaa n\u00e4ytt\u00e4v\u00e4sti m\u00e4ntymetsik\u00f6n keskell\u00e4.<\/p>\n<p style=\"text-align: center;\"><a href=\"\/blog\/wp-content\/uploads\/2025\/kultaranta.jpg\"><img decoding=\"async\" src=\"\/blog\/wp-content\/uploads\/2025\/kultaranta.jpg\" \/><\/a><\/p>\n<p style=\"text-align: center;\"><em>Presidentin kes\u00e4asunto<\/em><\/p>\n<p style=\"text-align: justify;\">Vietimme Muumimaailmassa kaiken kaikkiaan reilut nelj\u00e4 tuntia. Kotimatkalla pys\u00e4hdyimme hetkiseksi Turun Pernon telakan edustalla, jota on mahdotonta olla n\u00e4kem\u00e4tt\u00e4 matkalla Naantaliin. Vuonna 1974 perustettu laivanrakennustelakka kuuluu nyky\u00e4\u00e4n saksalaisen Meyer-yhti\u00f6n omistukseen ja on merkitt\u00e4v\u00e4 ty\u00f6llist\u00e4j\u00e4 Turun alueella.<\/p>\n<p><a href=\"\/blog\/wp-content\/uploads\/2025\/pernon_telakka_panoraama.jpg\"><img decoding=\"async\" src=\"\/blog\/wp-content\/uploads\/2025\/pernon_telakka_panoraama_pieni.jpg\" \/><\/a><\/p>\n<p style=\"text-align: center;\"><em>Pernon telakka<\/em><\/p>\n<p style=\"text-align: justify;\">Telakka on kuuluisa etenkin siell\u00e4 rakennetuista <strong>maailman suurimmista<\/strong> risteilyaluksista ja telakalla suoritettiinkin paraikaa <em>Royal Caribbean<\/em> -varustamolle ensi kuussa toimitettavan j\u00e4ttim\u00e4isen <em>Star of the Seas<\/em> -risteilyaluksen lopputarkastusta. Kyseinen mega-alus on 365 metri\u00e4 pitk\u00e4 sek\u00e4 48,5 metri\u00e4 korkea ja sill\u00e4 on yhteens\u00e4 20 kantta, joille mahtuu majoittumaan jopa 7600 henke\u00e4, joista 5610 matkustajia.<\/p>\n<p style=\"text-align: center;\"><a href=\"\/blog\/wp-content\/uploads\/2025\/star_of_the_seas2.jpg\"><img decoding=\"async\" src=\"\/blog\/wp-content\/uploads\/2025\/thumbs\/thumbs_star_of_the_seas2.jpg\" \/><\/a><a href=\"\/blog\/wp-content\/uploads\/2025\/star_of_the_seas3.jpg\"><img decoding=\"async\" src=\"\/blog\/wp-content\/uploads\/2025\/thumbs\/thumbs_star_of_the_seas3.jpg\" \/><\/a><a href=\"\/blog\/wp-content\/uploads\/2025\/star_of_the_seas1.jpg\"><img decoding=\"async\" src=\"\/blog\/wp-content\/uploads\/2025\/thumbs\/thumbs_star_of_the_seas1.jpg\" \/><\/a><\/p>\n<p style=\"text-align: center;\"><em>Maailman suurin risteilyalus<\/em><\/p>\n<p style=\"text-align: justify;\">Juuri \u00e4skett\u00e4in <a title=\"Kev\u00e4isen kaunis Anchorage\" href=\"https:\/\/www.vuosiamaailmalla.fi\/blog\/2025\/kevaisen-kaunis-anchorage\/\">Alaskan risteilyll\u00e4<\/a> olleina meit\u00e4 kiinnosti kovasti maailman suurimman risteilyaluksen n\u00e4keminen ja n\u00e4ky olikin mahtava. Et\u00e4isyyden vuoksi aluksen kokoa oli kuitenkin hitusen vaikea hahmottaa siit\u00e4kin huolimatta, ett\u00e4 laivan vieress\u00e4 rakennettiin toista, ensi vuonna luovutettavaa saman kokoista sisarlaivaa.<\/p>\n<p style=\"text-align: center;\"><a href=\"\/blog\/wp-content\/uploads\/2025\/pernon_telakka1.jpg\"><img decoding=\"async\" src=\"\/blog\/wp-content\/uploads\/2025\/thumbs\/thumbs_pernon_telakka1.jpg\" \/><\/a><a href=\"\/blog\/wp-content\/uploads\/2025\/pernon_telakka2.jpg\"><img decoding=\"async\" src=\"\/blog\/wp-content\/uploads\/2025\/thumbs\/thumbs_pernon_telakka2.jpg\" \/><\/a><\/p>\n<p style=\"text-align: center;\"><em>Seuraava mega-alus rakenteilla<\/em><\/p>\n<p style=\"text-align: justify;\">J\u00e4ttim\u00e4isten risteilyalusten lis\u00e4ksi telakan n\u00e4kyvi\u00e4 osia ovat sen kaksi valtavaa pukkinosturia, jotka ovat 105 ja 120 metri\u00e4 korkeita. Niiden nostokyky on per\u00e4ti 600 ja 1200 tonnia, jonka voimin laivojen valtavan kokoiset osat saadaan nostettu paikoilleen.<\/p>\n<p style=\"text-align: justify;\">Puuhakkaan retkip\u00e4iv\u00e4n j\u00e4lkeen olimme takaisin kotona iltasella, jatkaen seuraavana p\u00e4iv\u00e4n\u00e4 rentoa kes\u00e4lomailua sek\u00e4 my\u00f6skin l\u00e4hestyv\u00e4\u00e4n Tallinnan matkaamme valmistautumista, mist\u00e4 lis\u00e4\u00e4 matkakertomuksen seuraavassa osassa.<\/p>\n","protected":false},"excerpt":{"rendered":"<p>Jatkoa\u00a0t\u00e4\u00e4lt\u00e4. Matkakertomuksen muut osat l\u00f6ytyv\u00e4t\u00a0t\u00e4\u00e4lt\u00e4. Pitk\u00e4n Suomen-lomamme yksi odotettuja kohokohtia oli p\u00e4iv\u00e4retki Naantaliin, jossa sijaitsee vuonna 1993 avautunut Muumimaailma. Tove Janssonin rakastettuihin muumi-hahmoihin perustuva teemapuisto on kuuluisa ulkomaita my\u00f6ten, mutta vierailu siell\u00e4 ei ole kuulunut minun eik\u00e4 Niinankaan lapsuuteen siksi, ett\u00e4 olimme jo hieman varttuneempia puiston avautuessa 90-luvulla.<\/p>\n","protected":false},"author":1,"featured_media":14243,"comment_status":"open","ping_status":"closed","sticky":false,"template":"","format":"standard","meta":{"_jetpack_memberships_contains_paid_content":false,"footnotes":""},"categories":[7,885],"tags":[1960,159,1920,1958,1957,1959,198],"class_list":["post-14232","post","type-post","status-publish","format-standard","has-post-thumbnail","hentry","category-matkakertomukset","category-suomi","tag-huvipuisto","tag-kesa","tag-matkakertomus-kesa-suomessa","tag-muumimaailma","tag-naantali","tag-star-of-the-seas","tag-suomi"],"jetpack_featured_media_url":"https:\/\/www.vuosiamaailmalla.fi\/blog\/wp-content\/uploads\/muumimaailma_banner.jpg","jetpack_sharing_enabled":true,"_links":{"self":[{"href":"https:\/\/www.vuosiamaailmalla.fi\/blog\/wp-json\/wp\/v2\/posts\/14232","targetHints":{"allow":["GET"]}}],"collection":[{"href":"https:\/\/www.vuosiamaailmalla.fi\/blog\/wp-json\/wp\/v2\/posts"}],"about":[{"href":"https:\/\/www.vuosiamaailmalla.fi\/blog\/wp-json\/wp\/v2\/types\/post"}],"author":[{"embeddable":true,"href":"https:\/\/www.vuosiamaailmalla.fi\/blog\/wp-json\/wp\/v2\/users\/1"}],"replies":[{"embeddable":true,"href":"https:\/\/www.vuosiamaailmalla.fi\/blog\/wp-json\/wp\/v2\/comments?post=14232"}],"version-history":[{"count":6,"href":"https:\/\/www.vuosiamaailmalla.fi\/blog\/wp-json\/wp\/v2\/posts\/14232\/revisions"}],"predecessor-version":[{"id":14245,"href":"https:\/\/www.vuosiamaailmalla.fi\/blog\/wp-json\/wp\/v2\/posts\/14232\/revisions\/14245"}],"wp:featuredmedia":[{"embeddable":true,"href":"https:\/\/www.vuosiamaailmalla.fi\/blog\/wp-json\/wp\/v2\/media\/14243"}],"wp:attachment":[{"href":"https:\/\/www.vuosiamaailmalla.fi\/blog\/wp-json\/wp\/v2\/media?parent=14232"}],"wp:term":[{"taxonomy":"category","embeddable":true,"href":"https:\/\/www.vuosiamaailmalla.fi\/blog\/wp-json\/wp\/v2\/categories?post=14232"},{"taxonomy":"post_tag","embeddable":true,"href":"https:\/\/www.vuosiamaailmalla.fi\/blog\/wp-json\/wp\/v2\/tags?post=14232"}],"curies":[{"name":"wp","href":"https:\/\/api.w.org\/{rel}","templated":true}]}}